{"id":9542,"date":"2019-01-25T10:30:48","date_gmt":"2019-01-25T09:30:48","guid":{"rendered":"https:\/\/graphiste.com\/blog\/?p=9542"},"modified":"2025-08-20T17:17:19","modified_gmt":"2025-08-20T15:17:19","slug":"affiches-publicitaires-3d","status":"publish","type":"post","link":"https:\/\/graphiste.com\/blog\/affiches-publicitaires-3d\/","title":{"rendered":"15 affiches publicitaires en perspective gr\u00e2ce \u00e0 la 3D"},"content":{"rendered":"<p>Pour attirer l&#8217;attention les <a href=\"https:\/\/graphiste.com\/blog\/objet-pub-promouvoir-entreprise\">publicitaires<\/a> doivent faire preuve de cr\u00e9ativit\u00e9. Et pour se d\u00e9marquer, rien de tel que des \u00e9l\u00e9ments en 3 dimensions pour apporter du relief et de la profondeur \u00e0 leur cr\u00e9ation.<\/p>\n<p><a href=\"https:\/\/graphiste.com\/#open-fast\" target=\"_blank\" rel=\"noopener noreferrer\"><img decoding=\"async\" class=\"aligncenter wp-image-13098 size-full\" src=\"https:\/\/graphiste.com\/blog\/wp-content\/uploads\/sites\/4\/2017\/06\/Affiche-test-court-Graphiste.jpg\" alt=\"\" width=\"900\" height=\"511\" \/><\/a><\/p>\n<p>Osez la perspective et inspirez-vous des <a href=\"https:\/\/graphiste.com\/blog\/creer-affiches-electorales\">affiches<\/a> publicitaires suivantes qui utilisent savamment la 3D.<\/p>\n<h3>Paris Climat<\/h3>\n<p><img decoding=\"async\" class=\"aligncenter wp-image-9548 size-full\" src=\"https:\/\/graphiste.com\/blog\/wp-content\/uploads\/sites\/4\/2019\/01\/paris-climat-affiche-3D.jpg\" alt=\"Paris climat affiche 3d\" width=\"400\" height=\"600\" \/><\/p>\n<p>Le fond noir et le titre de l&#8217;\u00e9v\u00e9nement contrastent avec le reste de l&#8217;affiche, et le\u00a0trou dans la feuille est si bien r\u00e9alis\u00e9 qu&#8217;il semble presque r\u00e9el.<\/p>\n<h3>See Fashion 15<\/h3>\n<figure id=\"attachment_9546\" aria-describedby=\"caption-attachment-9546\" style=\"width: 400px\" class=\"wp-caption aligncenter\"><img decoding=\"async\" class=\"wp-image-9546 size-full\" src=\"https:\/\/graphiste.com\/blog\/wp-content\/uploads\/sites\/4\/2019\/01\/affiche-fashion-3D.jpg\" alt=\"See Fashion 15 affiche 3d\" width=\"400\" height=\"566\" \/><figcaption id=\"caption-attachment-9546\" class=\"wp-caption-text\">Affiche r\u00e9alis\u00e9e par <a href=\"https:\/\/www.behance.net\/gallery\/30567233\/SEE-FASHION-15\" target=\"_blank\" rel=\"noopener noreferrer\">Josh Schaub<\/a><\/figcaption><\/figure>\n<p>L&#8217;utilisation d&#8217;un tissu en 3D est en total accord avec le th\u00e8me de l&#8217;\u00e9v\u00e9nement.<\/p>\n<p><a href=\"https:\/\/graphiste.com\/#open-fast\" target=\"_blank\" rel=\"noopener noreferrer\"><img decoding=\"async\" class=\"aligncenter wp-image-13117 size-full\" src=\"https:\/\/graphiste.com\/blog\/wp-content\/uploads\/sites\/4\/2017\/06\/Publicit\u00e9-banni\u00e8re-mini-graphiste.jpg\" alt=\"\" width=\"900\" height=\"361\" \/><\/a><\/p>\n<p>La fa\u00e7on dont il s&#8217;enroule autour des lettres apporte du r\u00e9alisme et de la profondeur.<\/p>\n<h3>Tenderstem<\/h3>\n<p><img decoding=\"async\" class=\"aligncenter wp-image-9553 size-full\" src=\"https:\/\/graphiste.com\/blog\/wp-content\/uploads\/sites\/4\/2019\/01\/food-affiche-3d.jpg\" alt=\"Tenderstem affiche 3d\" width=\"400\" height=\"566\" \/><\/p>\n<p>Toute la perspective de cette affiche r\u00e9side dans les diff\u00e9rents plans mis en \u00e9vidence par la taille et la nettet\u00e9 des \u00e9l\u00e9ments qui r\u00e9tr\u00e9cissent au loin. Le travail est si r\u00e9ussi que l&#8217;univers semble \u00eatre \u00e0 notre port\u00e9e.<\/p>\n<h3>Zoo de Salzburg<\/h3>\n<p><img decoding=\"async\" class=\"aligncenter wp-image-9558 size-full\" src=\"https:\/\/graphiste.com\/blog\/wp-content\/uploads\/sites\/4\/2019\/01\/zoo-salzburg-affiche-3d.jpg\" alt=\"Zoo Salzburg affiche 3d\" width=\"400\" height=\"591\" \/><\/p>\n<p>L\u00e0 encore les diff\u00e9rents plans de l&#8217;affiche sont travaill\u00e9s pour ajouter de la dimension. Tout d&#8217;abord le flamant rose et derri\u00e8re des feuilles cach\u00e9es dans l&#8217;ombre.<\/p>\n<h3>Secondo Theatrefestival<\/h3>\n<p><img decoding=\"async\" class=\"aligncenter wp-image-9545 size-full\" src=\"https:\/\/graphiste.com\/blog\/wp-content\/uploads\/sites\/4\/2019\/01\/theatre-fesival-3d.jpg\" alt=\"Secondo theaterfestival affiche 3d\" width=\"400\" height=\"563\" \/><\/p>\n<p>Voici une affiche artistique se basant sur l&#8217;illusion d&#8217;optique pour afficher le chiffre &#8220;2&#8221; en trois dimensions. Tout se joue dans la disposition et la longueur des traits.<\/p>\n<blockquote><p>\u00c0 lire aussi&nbsp;:\u00a0<a href=\"https:\/\/graphiste.com\/blog\/utiliser-illusions-optique-dans-creations\">3 mani\u00e8res d\u2019utiliser les illusions d\u2019optique dans vos cr\u00e9ations<\/a><\/p><\/blockquote>\n<h3>L&#8217;atelier de Jo\u00ebl Rebuchon<\/h3>\n<p><img decoding=\"async\" class=\"aligncenter wp-image-9550 size-full\" src=\"https:\/\/graphiste.com\/blog\/wp-content\/uploads\/sites\/4\/2019\/01\/atelier-restaurant-affiche-3d.jpg\" alt=\"Atelier restaurant Affiche 3D\" width=\"400\" height=\"587\" \/><\/p>\n<p>Un jeu de lumi\u00e8re bien pens\u00e9 permet de rendre cette explosion gastronomique r\u00e9elle. Notez qu&#8217;il ne s&#8217;agit pas d&#8217;une illustration mais d&#8217;un <a href=\"https:\/\/graphiste.com\/blog\/inspiration-collages-photomontages\" target=\"_blank\" rel=\"noopener noreferrer\">collage<\/a> papier.<\/p>\n<h3>La folie des plantes<\/h3>\n<p><img decoding=\"async\" class=\"aligncenter wp-image-9549 size-full\" src=\"https:\/\/graphiste.com\/blog\/wp-content\/uploads\/sites\/4\/2019\/01\/folie-plante-affiche-3d.jpg\" alt=\"La folie des plantes affiche 3d\" width=\"400\" height=\"591\" \/><\/p>\n<p><a href=\"https:\/\/graphiste.com\/blog\/impression-3d-regles-design-respecter\" target=\"_blank\" rel=\"noopener noreferrer\">La 3D de cette affiche<\/a> provient de la superposition d&#8217;\u00e9l\u00e9ments r\u00e9alistes sur la <a href=\"https:\/\/graphiste.com\/blog\/reussir-affiche-typographique\">typographie<\/a>, comme si la nature retrouvait une place au milieu des lettres.<\/p>\n<h3>Cefaclor<\/h3>\n<p><img decoding=\"async\" class=\"aligncenter wp-image-9555 size-full\" src=\"https:\/\/graphiste.com\/blog\/wp-content\/uploads\/sites\/4\/2019\/01\/cefaclor-affiche-3d.jpg\" alt=\"Cefaclor affiche 3d\" width=\"400\" height=\"566\" \/><\/p>\n<p>Le papier froiss\u00e9 et la rose en 3 dimensions apportent du relief \u00e0 cette affiche publicitaire. Mais toute la profondeur r\u00e9side dans le trou par la pr\u00e9sence de l&#8217;ombre de la feuille.<\/p>\n<h3>Calles de Asuncion<\/h3>\n<p><img decoding=\"async\" class=\"aligncenter wp-image-9556 size-full\" src=\"https:\/\/graphiste.com\/blog\/wp-content\/uploads\/sites\/4\/2019\/01\/biere-affiche-3d.jpg\" alt=\"Calles de Asuncion\" width=\"400\" height=\"566\" \/><\/p>\n<p>La p\u00e2te \u00e0 modeler, voil\u00e0 une mati\u00e8re \u00e0 exp\u00e9rimenter pour cr\u00e9er un d\u00e9cor en 3 dimensions. Remarquez d&#8217;ailleurs la fa\u00e7on dont le produit est int\u00e9gr\u00e9 \u00e0 l&#8217;univers&nbsp;: des sortes de lianes viennent entourer la bouteille.<\/p>\n<h3>McDonald&#8217;s<\/h3>\n<p><img decoding=\"async\" class=\"aligncenter wp-image-9557 size-full\" src=\"https:\/\/graphiste.com\/blog\/wp-content\/uploads\/sites\/4\/2019\/01\/mcdo-affiche-3d.jpg\" alt=\"McDo Affiche 3D\" width=\"400\" height=\"591\" \/><\/p>\n<p>La taille des figurines et leur emplacement sont\u00a0tout \u00e0 fait coh\u00e9rents et contribuent \u00e0 la profondeur de l&#8217;affiche. Encore une fois, un jeu d&#8217;ombre et de lumi\u00e8re accentue l&#8217;effet 3D.<\/p>\n<h3>Cristal<\/h3>\n<p><img decoding=\"async\" class=\"aligncenter wp-image-9559 size-full\" src=\"https:\/\/graphiste.com\/blog\/wp-content\/uploads\/sites\/4\/2019\/01\/cristal-affiche-3d.jpg\" alt=\"Cristal affiche 3d\" width=\"400\" height=\"560\" \/><\/p>\n<p>Des \u00e9l\u00e9ments qui sortent du d\u00e9cor, il n&#8217;y a rien de mieux pour ajouter de la perspective. Cette affiche publicitaire nous embarque dans le match.<\/p>\n<h3>Volkswagen<\/h3>\n<p><img decoding=\"async\" class=\"aligncenter wp-image-9554 size-full\" src=\"https:\/\/graphiste.com\/blog\/wp-content\/uploads\/sites\/4\/2019\/01\/volkswagen-affiche-3d.jpg\" alt=\"Volkswagen affiche 3d\" width=\"600\" height=\"425\" \/><\/p>\n<p>Des figures g\u00e9om\u00e9triques en 3D et des zones d&#8217;ombres semblent suffisantes pour immerger le spectateur. Toutefois, c&#8217;est bien le flou qui nous donne cette impression de regarder de haut (voire d&#8217;espionner&nbsp;?) cette sc\u00e8ne qui, nous l&#8217;esp\u00e9rons, se finira bien pour le jeune homme&#8230;<\/p>\n<h3>Like Crazy<\/h3>\n<p><img decoding=\"async\" class=\"aligncenter wp-image-9551 size-full\" src=\"https:\/\/graphiste.com\/blog\/wp-content\/uploads\/sites\/4\/2019\/01\/like-crazy-affiche-3d.jpg\" alt=\"Like Crazy affiche 3d\" width=\"400\" height=\"566\" \/><\/p>\n<p>Dans cette affiche publicitaire on retrouve cette fameuse technique d&#8217;entrem\u00ealer des \u00e9l\u00e9ments r\u00e9els \u00e0 la <a href=\"https:\/\/graphiste.com\/blog\/reussir-affiche-typographique\">typographie<\/a>. Cela fonctionne \u00e0 nouveau&nbsp;: la 3 dimensions est bien pr\u00e9sente.<\/p>\n<h3>Steve Reich 80th Year Celebration<\/h3>\n<p><img decoding=\"async\" class=\"aligncenter wp-image-9552 size-full\" src=\"https:\/\/graphiste.com\/blog\/wp-content\/uploads\/sites\/4\/2019\/01\/steve-reich-affiche-3d.jpg\" alt=\"Steve Reich affiche 3d\" width=\"400\" height=\"571\" \/><\/p>\n<p>\u00c0 mesure que le texte s&#8217;efface la 3D laisse place \u00e0 la 2D. La perspective est surtout pr\u00e9sente sur le mot &#8220;Music&#8221; o\u00f9 les lettres semblent se d\u00e9coller.<\/p>\n<h3>cDIM<\/h3>\n<figure id=\"attachment_9547\" aria-describedby=\"caption-attachment-9547\" style=\"width: 400px\" class=\"wp-caption aligncenter\"><img decoding=\"async\" class=\"wp-image-9547 size-full\" src=\"https:\/\/graphiste.com\/blog\/wp-content\/uploads\/sites\/4\/2019\/01\/affiche-etiquette-3d.jpg\" alt=\"Affiche 3d \u00e9tiquettes\" width=\"400\" height=\"609\" \/><figcaption id=\"caption-attachment-9547\" class=\"wp-caption-text\">Affiche r\u00e9alis\u00e9e par <a href=\"https:\/\/www.behance.net\/gallery\/7497937\/cDIM-nude-posters-2005\" target=\"_blank\" rel=\"noopener noreferrer\">Gimeno Gr\u00e0fic<\/a><\/figcaption><\/figure>\n<p>Derni\u00e8re affiche de notre s\u00e9lection et peut-\u00eatre la plus cr\u00e9ative&nbsp;? Depuis votre \u00e9cran les \u00e9tiquettes semblent en 3 dimensions, mais elles sont bien r\u00e9elles. Lorsque l&#8217;affiche est imprim\u00e9e il est possible de d\u00e9chirer une languette pour repartir avec les informations. Ing\u00e9nieux n&#8217;est-ce pas&nbsp;?<\/p>\n<blockquote><p>\u00c0 lire aussi&nbsp;:\u00a0<a href=\"https:\/\/graphiste.com\/blog\/des-objets-qui-font-votre-publicite\">Packaging\u00a0: pourquoi utiliser des objets publicitaires\u00a0?<\/a><\/p><\/blockquote>\n<p>&nbsp;<\/p>\n<p>\u00c0 travers toutes ces <a href=\"https:\/\/graphiste.com\/blog\/construire-une-affiche-publicitaire\">affiches<\/a> vous constatez que de nombreux param\u00e8tres interviennent pour r\u00e9aliser un effet 3D. Il ne s&#8217;agit pas seulement d&#8217;int\u00e9grer un \u00e9l\u00e9ment en 3 dimensions. Il faut travailler sur la lumi\u00e8re et les ombres, superposer les \u00e9l\u00e9ments, ajouter des zones de flou ou parfois user de l&#8217;illusion d&#8217;optique.<\/p>\n<p>Pour aboutir \u00e0 un r\u00e9sultat aussi travaill\u00e9 que sur les affiches pr\u00e9c\u00e9dentes, n&#8217;h\u00e9sitez pas \u00e0 <a href=\"https:\/\/graphiste.com\" target=\"_blank\" rel=\"noopener noreferrer\">faire appel aux services d&#8217;un graphiste freelance<\/a> \ud83d\ude09<\/p>\n","protected":false},"excerpt":{"rendered":"<p>Pour attirer l&#8217;attention les publicitaires doivent faire preuve de cr\u00e9ativit\u00e9. Et pour se d\u00e9marquer, rien de tel que des \u00e9l\u00e9ments en 3 dimensions pour apporter du relief et de la profondeur \u00e0 leur cr\u00e9ation. Osez la perspective et inspirez-vous des affiches publicitaires suivantes qui utilisent savamment la 3D. Paris Climat Le fond noir et le [&hellip;]<\/p>\n","protected":false},"author":5,"featured_media":9589,"comment_status":"closed","ping_status":"closed","sticky":false,"template":"","format":"standard","meta":{"_acf_changed":false,"inline_featured_image":false,"footnotes":""},"categories":[94],"tags":[55],"class_list":["post-9542","post","type-post","status-publish","format-standard","has-post-thumbnail","hentry","category-affiche","tag-inspiration"],"acf":[],"yoast_head":"<!-- This site is optimized with the Yoast SEO plugin v25.9 - https:\/\/yoast.com\/wordpress\/plugins\/seo\/ -->\n<title>15 affiches publicitaires en perspective gr\u00e2ce \u00e0 la 3D - Graphiste Blog<\/title>\n<meta name=\"description\" content=\"Pour attirer l&#039;attention les publicitaires doivent faire preuve de cr\u00e9ativit\u00e9. Et pour se d\u00e9marquer, rien de tel que des \u00e9l\u00e9ments en 3 dimensions pour\" \/>\n<meta name=\"robots\" content=\"index, follow, max-snippet:-1, max-image-preview:large, max-video-preview:-1\" \/>\n<link rel=\"canonical\" href=\"https:\/\/graphiste.com\/blog\/affiches-publicitaires-3d\/\" \/>\n<meta property=\"og:locale\" content=\"fr_FR\" \/>\n<meta property=\"og:type\" content=\"article\" \/>\n<meta property=\"og:title\" content=\"15 affiches publicitaires en perspective gr\u00e2ce \u00e0 la 3D - Graphiste Blog\" \/>\n<meta property=\"og:description\" content=\"Pour attirer l&#039;attention les publicitaires doivent faire preuve de cr\u00e9ativit\u00e9. Et pour se d\u00e9marquer, rien de tel que des \u00e9l\u00e9ments en 3 dimensions pour\" \/>\n<meta property=\"og:url\" content=\"https:\/\/graphiste.com\/blog\/affiches-publicitaires-3d\/\" \/>\n<meta property=\"og:site_name\" content=\"Graphiste.com\" \/>\n<meta property=\"article:publisher\" content=\"https:\/\/www.facebook.com\/graphistesfreelances\" \/>\n<meta property=\"article:published_time\" content=\"2019-01-25T09:30:48+00:00\" \/>\n<meta property=\"article:modified_time\" content=\"2025-08-20T15:17:19+00:00\" \/>\n<meta property=\"og:image\" content=\"https:\/\/graphiste.com\/blog\/wp-content\/uploads\/sites\/4\/2019\/01\/affiche-publicitaire-3d-1.jpg\" \/>\n\t<meta property=\"og:image:width\" content=\"850\" \/>\n\t<meta property=\"og:image:height\" content=\"423\" \/>\n\t<meta property=\"og:image:type\" content=\"image\/jpeg\" \/>\n<meta name=\"author\" content=\"Thomas Lazzaroni\" \/>\n<meta name=\"twitter:card\" content=\"summary_large_image\" \/>\n<meta name=\"twitter:creator\" content=\"@totolazza\" \/>\n<meta name=\"twitter:site\" content=\"@Graphistecom\" \/>\n<meta name=\"twitter:label1\" content=\"\u00c9crit par\" \/>\n\t<meta name=\"twitter:data1\" content=\"Thomas Lazzaroni\" \/>\n\t<meta name=\"twitter:label2\" content=\"Dur\u00e9e de lecture estim\u00e9e\" \/>\n\t<meta name=\"twitter:data2\" content=\"7 minutes\" \/>\n<script type=\"application\/ld+json\" class=\"yoast-schema-graph\">{\"@context\":\"https:\/\/schema.org\",\"@graph\":[{\"@type\":\"Article\",\"@id\":\"https:\/\/graphiste.com\/blog\/affiches-publicitaires-3d\/#article\",\"isPartOf\":{\"@id\":\"https:\/\/graphiste.com\/blog\/affiches-publicitaires-3d\/\"},\"author\":{\"name\":\"Thomas Lazzaroni\",\"@id\":\"https:\/\/graphiste.com\/blog\/#\/schema\/person\/cc3b0a678aeffcae19ecc599eaf679e5\"},\"headline\":\"15 affiches publicitaires en perspective gr\u00e2ce \u00e0 la 3D\",\"datePublished\":\"2019-01-25T09:30:48+00:00\",\"dateModified\":\"2025-08-20T15:17:19+00:00\",\"mainEntityOfPage\":{\"@id\":\"https:\/\/graphiste.com\/blog\/affiches-publicitaires-3d\/\"},\"wordCount\":763,\"publisher\":{\"@id\":\"https:\/\/graphiste.com\/blog\/#organization\"},\"image\":{\"@id\":\"https:\/\/graphiste.com\/blog\/affiches-publicitaires-3d\/#primaryimage\"},\"thumbnailUrl\":\"https:\/\/graphiste.com\/blog\/wp-content\/uploads\/sites\/4\/2019\/01\/affiche-publicitaire-3d-1.jpg\",\"keywords\":[\"Inspirez-vous\"],\"articleSection\":[\"Affiche\"],\"inLanguage\":\"fr-FR\"},{\"@type\":\"WebPage\",\"@id\":\"https:\/\/graphiste.com\/blog\/affiches-publicitaires-3d\/\",\"url\":\"https:\/\/graphiste.com\/blog\/affiches-publicitaires-3d\/\",\"name\":\"15 affiches publicitaires en perspective gr\u00e2ce \u00e0 la 3D - Graphiste Blog\",\"isPartOf\":{\"@id\":\"https:\/\/graphiste.com\/blog\/#website\"},\"primaryImageOfPage\":{\"@id\":\"https:\/\/graphiste.com\/blog\/affiches-publicitaires-3d\/#primaryimage\"},\"image\":{\"@id\":\"https:\/\/graphiste.com\/blog\/affiches-publicitaires-3d\/#primaryimage\"},\"thumbnailUrl\":\"https:\/\/graphiste.com\/blog\/wp-content\/uploads\/sites\/4\/2019\/01\/affiche-publicitaire-3d-1.jpg\",\"datePublished\":\"2019-01-25T09:30:48+00:00\",\"dateModified\":\"2025-08-20T15:17:19+00:00\",\"description\":\"Pour attirer l'attention les publicitaires doivent faire preuve de cr\u00e9ativit\u00e9. Et pour se d\u00e9marquer, rien de tel que des \u00e9l\u00e9ments en 3 dimensions pour\",\"breadcrumb\":{\"@id\":\"https:\/\/graphiste.com\/blog\/affiches-publicitaires-3d\/#breadcrumb\"},\"inLanguage\":\"fr-FR\",\"potentialAction\":[{\"@type\":\"ReadAction\",\"target\":[\"https:\/\/graphiste.com\/blog\/affiches-publicitaires-3d\/\"]}]},{\"@type\":\"ImageObject\",\"inLanguage\":\"fr-FR\",\"@id\":\"https:\/\/graphiste.com\/blog\/affiches-publicitaires-3d\/#primaryimage\",\"url\":\"https:\/\/graphiste.com\/blog\/wp-content\/uploads\/sites\/4\/2019\/01\/affiche-publicitaire-3d-1.jpg\",\"contentUrl\":\"https:\/\/graphiste.com\/blog\/wp-content\/uploads\/sites\/4\/2019\/01\/affiche-publicitaire-3d-1.jpg\",\"width\":850,\"height\":423,\"caption\":\"Affiche publicitaire 3d\"},{\"@type\":\"BreadcrumbList\",\"@id\":\"https:\/\/graphiste.com\/blog\/affiches-publicitaires-3d\/#breadcrumb\",\"itemListElement\":[{\"@type\":\"ListItem\",\"position\":1,\"name\":\"Blog\",\"item\":\"https:\/\/graphiste.com\/blog\/\"},{\"@type\":\"ListItem\",\"position\":2,\"name\":\"Print\",\"item\":\"https:\/\/graphiste.com\/blog\/print\/\"},{\"@type\":\"ListItem\",\"position\":3,\"name\":\"Affiche\",\"item\":\"https:\/\/graphiste.com\/blog\/print\/affiche\/\"},{\"@type\":\"ListItem\",\"position\":4,\"name\":\"15 affiches publicitaires en perspective gr\u00e2ce \u00e0 la 3D\"}]},{\"@type\":\"WebSite\",\"@id\":\"https:\/\/graphiste.com\/blog\/#website\",\"url\":\"https:\/\/graphiste.com\/blog\/\",\"name\":\"Graphiste.com\",\"description\":\"graphiste\",\"publisher\":{\"@id\":\"https:\/\/graphiste.com\/blog\/#organization\"},\"potentialAction\":[{\"@type\":\"SearchAction\",\"target\":{\"@type\":\"EntryPoint\",\"urlTemplate\":\"https:\/\/graphiste.com\/blog\/?s={search_term_string}\"},\"query-input\":{\"@type\":\"PropertyValueSpecification\",\"valueRequired\":true,\"valueName\":\"search_term_string\"}}],\"inLanguage\":\"fr-FR\"},{\"@type\":\"Organization\",\"@id\":\"https:\/\/graphiste.com\/blog\/#organization\",\"name\":\"Graphiste.com\",\"url\":\"https:\/\/graphiste.com\/blog\/\",\"logo\":{\"@type\":\"ImageObject\",\"inLanguage\":\"fr-FR\",\"@id\":\"https:\/\/graphiste.com\/blog\/#\/schema\/logo\/image\/\",\"url\":\"https:\/\/graphiste.com\/blog\/wp-content\/uploads\/sites\/4\/2022\/07\/logo-blog-graphiste.svg\",\"contentUrl\":\"https:\/\/graphiste.com\/blog\/wp-content\/uploads\/sites\/4\/2022\/07\/logo-blog-graphiste.svg\",\"width\":1,\"height\":1,\"caption\":\"Graphiste.com\"},\"image\":{\"@id\":\"https:\/\/graphiste.com\/blog\/#\/schema\/logo\/image\/\"},\"sameAs\":[\"https:\/\/www.facebook.com\/graphistesfreelances\",\"https:\/\/x.com\/Graphistecom\",\"https:\/\/www.linkedin.com\/company\/graphiste-com\/\",\"https:\/\/fr.pinterest.com\/Graphiste_Com\",\"https:\/\/www.instagram.com\/graphiste_com\/\"]},{\"@type\":\"Person\",\"@id\":\"https:\/\/graphiste.com\/blog\/#\/schema\/person\/cc3b0a678aeffcae19ecc599eaf679e5\",\"name\":\"Thomas Lazzaroni\",\"image\":{\"@type\":\"ImageObject\",\"inLanguage\":\"fr-FR\",\"@id\":\"https:\/\/graphiste.com\/blog\/#\/schema\/person\/image\/\",\"url\":\"https:\/\/secure.gravatar.com\/avatar\/7306fb87b7017ab0955d07c2f2b771ac79e91965a2fca514df0c043f7c087fd2?s=96&d=mm&r=g\",\"contentUrl\":\"https:\/\/secure.gravatar.com\/avatar\/7306fb87b7017ab0955d07c2f2b771ac79e91965a2fca514df0c043f7c087fd2?s=96&d=mm&r=g\",\"caption\":\"Thomas Lazzaroni\"},\"description\":\"Depuis plus de 10 ans, je contribue \u00e0 faire rayonner nos sites en imaginant des strat\u00e9gies qui renforcent notre visibilit\u00e9 et notre position de r\u00e9f\u00e9rence.\",\"sameAs\":[\"https:\/\/totolazza.com\",\"https:\/\/www.linkedin.com\/in\/thomaslazzaroni\/\",\"https:\/\/x.com\/totolazza\"],\"url\":\"https:\/\/graphiste.com\/blog\/author\/thomas\/\"}]}<\/script>\n<!-- \/ Yoast SEO plugin. -->","yoast_head_json":{"title":"15 affiches publicitaires en perspective gr\u00e2ce \u00e0 la 3D - Graphiste Blog","description":"Pour attirer l'attention les publicitaires doivent faire preuve de cr\u00e9ativit\u00e9. Et pour se d\u00e9marquer, rien de tel que des \u00e9l\u00e9ments en 3 dimensions pour","robots":{"index":"index","follow":"follow","max-snippet":"max-snippet:-1","max-image-preview":"max-image-preview:large","max-video-preview":"max-video-preview:-1"},"canonical":"https:\/\/graphiste.com\/blog\/affiches-publicitaires-3d\/","og_locale":"fr_FR","og_type":"article","og_title":"15 affiches publicitaires en perspective gr\u00e2ce \u00e0 la 3D - Graphiste Blog","og_description":"Pour attirer l'attention les publicitaires doivent faire preuve de cr\u00e9ativit\u00e9. Et pour se d\u00e9marquer, rien de tel que des \u00e9l\u00e9ments en 3 dimensions pour","og_url":"https:\/\/graphiste.com\/blog\/affiches-publicitaires-3d\/","og_site_name":"Graphiste.com","article_publisher":"https:\/\/www.facebook.com\/graphistesfreelances","article_published_time":"2019-01-25T09:30:48+00:00","article_modified_time":"2025-08-20T15:17:19+00:00","og_image":[{"width":850,"height":423,"url":"https:\/\/graphiste.com\/blog\/wp-content\/uploads\/sites\/4\/2019\/01\/affiche-publicitaire-3d-1.jpg","type":"image\/jpeg"}],"author":"Thomas Lazzaroni","twitter_card":"summary_large_image","twitter_creator":"@totolazza","twitter_site":"@Graphistecom","twitter_misc":{"\u00c9crit par":"Thomas Lazzaroni","Dur\u00e9e de lecture estim\u00e9e":"7 minutes"},"schema":{"@context":"https:\/\/schema.org","@graph":[{"@type":"Article","@id":"https:\/\/graphiste.com\/blog\/affiches-publicitaires-3d\/#article","isPartOf":{"@id":"https:\/\/graphiste.com\/blog\/affiches-publicitaires-3d\/"},"author":{"name":"Thomas Lazzaroni","@id":"https:\/\/graphiste.com\/blog\/#\/schema\/person\/cc3b0a678aeffcae19ecc599eaf679e5"},"headline":"15 affiches publicitaires en perspective gr\u00e2ce \u00e0 la 3D","datePublished":"2019-01-25T09:30:48+00:00","dateModified":"2025-08-20T15:17:19+00:00","mainEntityOfPage":{"@id":"https:\/\/graphiste.com\/blog\/affiches-publicitaires-3d\/"},"wordCount":763,"publisher":{"@id":"https:\/\/graphiste.com\/blog\/#organization"},"image":{"@id":"https:\/\/graphiste.com\/blog\/affiches-publicitaires-3d\/#primaryimage"},"thumbnailUrl":"https:\/\/graphiste.com\/blog\/wp-content\/uploads\/sites\/4\/2019\/01\/affiche-publicitaire-3d-1.jpg","keywords":["Inspirez-vous"],"articleSection":["Affiche"],"inLanguage":"fr-FR"},{"@type":"WebPage","@id":"https:\/\/graphiste.com\/blog\/affiches-publicitaires-3d\/","url":"https:\/\/graphiste.com\/blog\/affiches-publicitaires-3d\/","name":"15 affiches publicitaires en perspective gr\u00e2ce \u00e0 la 3D - Graphiste Blog","isPartOf":{"@id":"https:\/\/graphiste.com\/blog\/#website"},"primaryImageOfPage":{"@id":"https:\/\/graphiste.com\/blog\/affiches-publicitaires-3d\/#primaryimage"},"image":{"@id":"https:\/\/graphiste.com\/blog\/affiches-publicitaires-3d\/#primaryimage"},"thumbnailUrl":"https:\/\/graphiste.com\/blog\/wp-content\/uploads\/sites\/4\/2019\/01\/affiche-publicitaire-3d-1.jpg","datePublished":"2019-01-25T09:30:48+00:00","dateModified":"2025-08-20T15:17:19+00:00","description":"Pour attirer l'attention les publicitaires doivent faire preuve de cr\u00e9ativit\u00e9. Et pour se d\u00e9marquer, rien de tel que des \u00e9l\u00e9ments en 3 dimensions pour","breadcrumb":{"@id":"https:\/\/graphiste.com\/blog\/affiches-publicitaires-3d\/#breadcrumb"},"inLanguage":"fr-FR","potentialAction":[{"@type":"ReadAction","target":["https:\/\/graphiste.com\/blog\/affiches-publicitaires-3d\/"]}]},{"@type":"ImageObject","inLanguage":"fr-FR","@id":"https:\/\/graphiste.com\/blog\/affiches-publicitaires-3d\/#primaryimage","url":"https:\/\/graphiste.com\/blog\/wp-content\/uploads\/sites\/4\/2019\/01\/affiche-publicitaire-3d-1.jpg","contentUrl":"https:\/\/graphiste.com\/blog\/wp-content\/uploads\/sites\/4\/2019\/01\/affiche-publicitaire-3d-1.jpg","width":850,"height":423,"caption":"Affiche publicitaire 3d"},{"@type":"BreadcrumbList","@id":"https:\/\/graphiste.com\/blog\/affiches-publicitaires-3d\/#breadcrumb","itemListElement":[{"@type":"ListItem","position":1,"name":"Blog","item":"https:\/\/graphiste.com\/blog\/"},{"@type":"ListItem","position":2,"name":"Print","item":"https:\/\/graphiste.com\/blog\/print\/"},{"@type":"ListItem","position":3,"name":"Affiche","item":"https:\/\/graphiste.com\/blog\/print\/affiche\/"},{"@type":"ListItem","position":4,"name":"15 affiches publicitaires en perspective gr\u00e2ce \u00e0 la 3D"}]},{"@type":"WebSite","@id":"https:\/\/graphiste.com\/blog\/#website","url":"https:\/\/graphiste.com\/blog\/","name":"Graphiste.com","description":"graphiste","publisher":{"@id":"https:\/\/graphiste.com\/blog\/#organization"},"potentialAction":[{"@type":"SearchAction","target":{"@type":"EntryPoint","urlTemplate":"https:\/\/graphiste.com\/blog\/?s={search_term_string}"},"query-input":{"@type":"PropertyValueSpecification","valueRequired":true,"valueName":"search_term_string"}}],"inLanguage":"fr-FR"},{"@type":"Organization","@id":"https:\/\/graphiste.com\/blog\/#organization","name":"Graphiste.com","url":"https:\/\/graphiste.com\/blog\/","logo":{"@type":"ImageObject","inLanguage":"fr-FR","@id":"https:\/\/graphiste.com\/blog\/#\/schema\/logo\/image\/","url":"https:\/\/graphiste.com\/blog\/wp-content\/uploads\/sites\/4\/2022\/07\/logo-blog-graphiste.svg","contentUrl":"https:\/\/graphiste.com\/blog\/wp-content\/uploads\/sites\/4\/2022\/07\/logo-blog-graphiste.svg","width":1,"height":1,"caption":"Graphiste.com"},"image":{"@id":"https:\/\/graphiste.com\/blog\/#\/schema\/logo\/image\/"},"sameAs":["https:\/\/www.facebook.com\/graphistesfreelances","https:\/\/x.com\/Graphistecom","https:\/\/www.linkedin.com\/company\/graphiste-com\/","https:\/\/fr.pinterest.com\/Graphiste_Com","https:\/\/www.instagram.com\/graphiste_com\/"]},{"@type":"Person","@id":"https:\/\/graphiste.com\/blog\/#\/schema\/person\/cc3b0a678aeffcae19ecc599eaf679e5","name":"Thomas Lazzaroni","image":{"@type":"ImageObject","inLanguage":"fr-FR","@id":"https:\/\/graphiste.com\/blog\/#\/schema\/person\/image\/","url":"https:\/\/secure.gravatar.com\/avatar\/7306fb87b7017ab0955d07c2f2b771ac79e91965a2fca514df0c043f7c087fd2?s=96&d=mm&r=g","contentUrl":"https:\/\/secure.gravatar.com\/avatar\/7306fb87b7017ab0955d07c2f2b771ac79e91965a2fca514df0c043f7c087fd2?s=96&d=mm&r=g","caption":"Thomas Lazzaroni"},"description":"Depuis plus de 10 ans, je contribue \u00e0 faire rayonner nos sites en imaginant des strat\u00e9gies qui renforcent notre visibilit\u00e9 et notre position de r\u00e9f\u00e9rence.","sameAs":["https:\/\/totolazza.com","https:\/\/www.linkedin.com\/in\/thomaslazzaroni\/","https:\/\/x.com\/totolazza"],"url":"https:\/\/graphiste.com\/blog\/author\/thomas\/"}]}},"_links":{"self":[{"href":"https:\/\/graphiste.com\/blog\/wp-json\/wp\/v2\/posts\/9542","targetHints":{"allow":["GET"]}}],"collection":[{"href":"https:\/\/graphiste.com\/blog\/wp-json\/wp\/v2\/posts"}],"about":[{"href":"https:\/\/graphiste.com\/blog\/wp-json\/wp\/v2\/types\/post"}],"author":[{"embeddable":true,"href":"https:\/\/graphiste.com\/blog\/wp-json\/wp\/v2\/users\/5"}],"replies":[{"embeddable":true,"href":"https:\/\/graphiste.com\/blog\/wp-json\/wp\/v2\/comments?post=9542"}],"version-history":[{"count":0,"href":"https:\/\/graphiste.com\/blog\/wp-json\/wp\/v2\/posts\/9542\/revisions"}],"wp:featuredmedia":[{"embeddable":true,"href":"https:\/\/graphiste.com\/blog\/wp-json\/wp\/v2\/media\/9589"}],"wp:attachment":[{"href":"https:\/\/graphiste.com\/blog\/wp-json\/wp\/v2\/media?parent=9542"}],"wp:term":[{"taxonomy":"category","embeddable":true,"href":"https:\/\/graphiste.com\/blog\/wp-json\/wp\/v2\/categories?post=9542"},{"taxonomy":"post_tag","embeddable":true,"href":"https:\/\/graphiste.com\/blog\/wp-json\/wp\/v2\/tags?post=9542"}],"curies":[{"name":"wp","href":"https:\/\/api.w.org\/{rel}","templated":true}]}}