{"id":930,"date":"2020-03-12T09:50:57","date_gmt":"2020-03-12T08:50:57","guid":{"rendered":"https:\/\/graphiste.com\/blog\/?p=930"},"modified":"2025-08-20T17:18:37","modified_gmt":"2025-08-20T15:18:37","slug":"graphiste-facturer","status":"publish","type":"post","link":"https:\/\/graphiste.com\/blog\/graphiste-facturer\/","title":{"rendered":"Graphiste\u00a0: facturer au co\u00fbt horaire ou au co\u00fbt par projet\u00a0?"},"content":{"rendered":"<p>Dois-je facturer par heure ou par mission&nbsp;? Voici une question qui revient souvent chez les <a href=\"https:\/\/graphiste.com\" target=\"_blank\" rel=\"noopener noreferrer\"><strong>graphistes freelance<\/strong><\/a>. Il est vrai que les projets d\u00e9filent parfois mais ne se ressemblent pas.<\/p>\n<p>De plus, au lancement de son activit\u00e9, il est difficile d\u2019anticiper le temps n\u00e9cessaire \u00e0 la <a href=\"https:\/\/graphiste.com\/blog\/6-etapes-de-travail-graphiste\">r\u00e9alisation d\u2019un projet<\/a>. Alors, comment faire pour facturer au mieux et ne pas perdre d\u2019argent ni de client&nbsp;?<\/p>\n<blockquote><p><strong>\u00c0 lire aussi&nbsp;:<\/strong><a href=\"https:\/\/www.facture.net\/blog\/calcul-salaire-freelance\/\" target=\"_blank\" rel=\"noopener noreferrer\"> Freelances, comment calculer votre salaire&nbsp;?<\/a><\/p><\/blockquote>\n<h2>Avant de facturer&nbsp;: ouvrir son compte bancaire professionnel<\/h2>\n<p>Avant de commencer \u00e0 facturer des clients, pensez \u00e0 ouvrir un <a href=\"https:\/\/graphiste.com\/blog\/banque-graphiste-freelance\/\">compte bancaire d\u00e9di\u00e9 \u00e0 votre activit\u00e9 de graphiste<\/a>.<\/p>\n<p>Bien qu&#8217;il ne soit pas obligatoire pour les entrepreneurs r\u00e9alisant moins de 10 000 \u20ac de chiffre d&#8217;affaires annuel, la cr\u00e9ation d&#8217;un compte bancaire d\u00e9di\u00e9 \u00e0 votre activit\u00e9 de graphiste facilitera votre comptabilit\u00e9 et votre gestion au quotidien. En effet, vous n&#8217;aurez plus de doute quand \u00e0 l&#8217;origine de vos recettes et d\u00e9penses ; en un coup d\u2019\u0153il sur votre compte pro, vous pourrez \u00e9valuer le succ\u00e8s de votre activit\u00e9 et l&#8217;\u00e9tat de votre tr\u00e9sorerie.<\/p>\n<p>Si un compte professionnel est id\u00e9al pour faciliter votre gestion, certaines banques traditionnelles peuvent parfois rechigner \u00e0 ouvrir un compte professionnel aux travailleurs ind\u00e9pendants. Les banques en ligne proposent des offres bien plus adapt\u00e9es aux freelances.<\/p>\n<p><a href=\"https:\/\/landing.blank.app\/graphiste-com?utm_medium=partnership&amp;utm_source=blog&amp;utm_campaign=graphiste&amp;utm_content=graphistes_facturer\" target=\"_blank\" rel=\"sponsored noopener noreferrer\"><img decoding=\"async\" class=\"aligncenter wp-image-52054 size-full\" src=\"https:\/\/graphiste.com\/blog\/wp-content\/uploads\/sites\/4\/2023\/01\/blank-graphiste.jpg\" alt=\"Blank partenaire de Graphiste.com\" width=\"1200\" height=\"490\" srcset=\"https:\/\/graphiste.com\/blog\/wp-content\/uploads\/sites\/4\/2023\/01\/blank-graphiste.jpg 1200w, https:\/\/graphiste.com\/blog\/wp-content\/uploads\/sites\/4\/2023\/01\/blank-graphiste-300x123.jpg 300w, https:\/\/graphiste.com\/blog\/wp-content\/uploads\/sites\/4\/2023\/01\/blank-graphiste-1024x418.jpg 1024w, https:\/\/graphiste.com\/blog\/wp-content\/uploads\/sites\/4\/2023\/01\/blank-graphiste-768x314.jpg 768w, https:\/\/graphiste.com\/blog\/wp-content\/uploads\/sites\/4\/2023\/01\/blank-graphiste-60x25.jpg 60w, https:\/\/graphiste.com\/blog\/wp-content\/uploads\/sites\/4\/2023\/01\/blank-graphiste-370x151.jpg 370w, https:\/\/graphiste.com\/blog\/wp-content\/uploads\/sites\/4\/2023\/01\/blank-graphiste-270x110.jpg 270w, https:\/\/graphiste.com\/blog\/wp-content\/uploads\/sites\/4\/2023\/01\/blank-graphiste-570x233.jpg 570w, https:\/\/graphiste.com\/blog\/wp-content\/uploads\/sites\/4\/2023\/01\/blank-graphiste-740x302.jpg 740w\" sizes=\"(max-width: 1200px) 100vw, 1200px\" \/><\/a><\/p>\n<p>Ainsi Blank, filiale du Cr\u00e9dit Agricole, propose des<a href=\"https:\/\/landing.blank.app\/graphiste-com?utm_medium=partnership&amp;utm_source=blog&amp;utm_campaign=graphiste&amp;utm_content=graphistes_facturer\" target=\"_blank\" rel=\"sponsored noopener noreferrer\"> comptes professionnels \u00e0 partir de 6\u20ac HT\/mois<\/a>, avec carte Visa Business, d\u00e9clarations URSSAF automatis\u00e9es, service client 7j\/7 et outil de facturation int\u00e9gr\u00e9. En 10 minutes, vous pouvez ouvrir un compte d\u00e9di\u00e9 \u00e0 votre activit\u00e9 de graphiste ou designer ind\u00e9pendant.<\/p>\n<blockquote><p>B\u00e9n\u00e9ficiez d&#8217;un mois d\u2019abonnement Graphiste Pro rembours\u00e9 pour toute ouverture de compte pro Blank.<\/p><\/blockquote>\n<p class=\"btn btn-primary\"><a href=\"https:\/\/landing.blank.app\/graphiste-com?utm_medium=partnership&amp;utm_source=blog&amp;utm_campaign=graphiste&amp;utm_content=graphistes_facturer\" target=\"blank\" rel=\"sponsored noopener noreferrer\">D\u00e9couvrir l&#8217;offre partenaire Blank<\/a><\/p>\n<h2>Assumez vos tarifs&nbsp;!<\/h2>\n<p>Une grande partie des <a href=\"https:\/\/graphiste.com\/blog\/graphiste-freelance-idees-periode-creuse\">freelances<\/a> peu exp\u00e9riment\u00e9s craignent souvent la r\u00e9action des clients en affichant leurs tarifs. N\u2019ayez pas peur de vous vendre ni de perdre des contrats ou de contrarier des prospects. Il n\u2019en va pas de votre <a href=\"https:\/\/graphiste.com\/blog\/graphiste-freelance-comment-communiquer-et-se-faire-connaitre\">r\u00e9putation<\/a>.<\/p>\n<blockquote><p>Une r\u00e9putation est menac\u00e9e \u00e0 la suite d\u2019un travail b\u00e2cl\u00e9, d\u2019une mauvaise communication avec le client, etc.<\/p><\/blockquote>\n<p><img decoding=\"async\" class=\"aligncenter wp-image-17690 size-full\" src=\"https:\/\/graphiste.com\/blog\/wp-content\/uploads\/sites\/4\/2016\/02\/graphiste.jpg\" alt=\"graphiste work devis travail collaboratif freelance comment facturer \" width=\"700\" height=\"467\"><\/p>\n<p>La plupart du temps, ces craintes sont li\u00e9es \u00e0 votre absence de sp\u00e9cialisation. Sachez que vos tarifs, s\u2019ils sont correctement justifi\u00e9s, ne joueront pas en votre d\u00e9faveur. <a href=\"https:\/\/graphiste.com\/blog\/craintes-graphistes-comment-les-surmonter\" target=\"_blank\" rel=\"noopener noreferrer\">Ayez confiance en vous<\/a> et en vos comp\u00e9tences de <a href=\"https:\/\/graphiste.com\/blog\/4-signes-prouvent-avez-besoin-dun-graphiste\">graphiste<\/a>&nbsp;!<\/p>\n<p>Effectivement, pour pouvoir transmettre et n\u00e9gocier vos prix \u00e0 la hausse, il est n\u00e9cessaire d\u2019avoir des comp\u00e9tences techniques particuli\u00e8res et m\u00eame des formations qui justifient ces tarifs.<\/p>\n<blockquote><p>Vous souhaitez d\u00e9multiplier votre prospection client&nbsp;?&nbsp;Nous avons test\u00e9 la plateforme<a href=\"https:\/\/www.codeur.com\/\" target=\"_blank\" rel=\"noopener noreferrer\"> Codeur.com<\/a> pour vous&nbsp;: d\u00e9couvrez notre article <a href=\"https:\/\/graphiste.com\/blog\/avis-test-codeur-com-plateforme-mise-en-relation-freelance\" target=\"_blank\" rel=\"noopener noreferrer\">Avis &amp; Test<\/a><\/p><\/blockquote>\n<p>Automatiquement, plus vous serez sp\u00e9cialis\u00e9 dans un domaine pr\u00e9cis et technique, moins vous aurez de concurrence et plus il vous sera facile de justifier vos prix.&nbsp;En tous les cas, ce n\u2019est pas parce que vous venez de cr\u00e9er votre soci\u00e9t\u00e9 en auto-entrepreneur que vous devez baisser vos prix.<\/p>\n<p>Si vos comp\u00e9tences \u00e9quivalent au co\u00fbt d\u2019un projet \u00e0 X\u20ac, d\u00e9fendez-le suffisamment au travers de votre exp\u00e9rience pour convaincre votre client.<\/p>\n<blockquote><p><strong>\u00c0 lire aussi<\/strong>&nbsp;: <a href=\"https:\/\/graphiste.com\/blog\/devis-graphiste\">Que doit comporter le devis d&#8217;un graphiste&nbsp;?<\/a><\/p><\/blockquote>\n<h2>Le client propose un cahier des charges bien d\u00e9fini<\/h2>\n<p>Si votre client arrive avec un <a href=\"https:\/\/graphiste.com\/blog\/rediger-cahier-des-charges\">projet parfaitement ficel\u00e9 dans un cahier des charges<\/a>, d\u00e9taillant toutes les missions \u00e0 accomplir point par point, avec les d\u00e9lais de chaque \u00e9tape, vous pouvez alors <strong>facturer le projet<\/strong>.<\/p>\n<p><img decoding=\"async\" class=\"aligncenter wp-image-17691 size-full\" src=\"https:\/\/graphiste.com\/blog\/wp-content\/uploads\/sites\/4\/2016\/02\/accord.jpg\" alt=\"accord graphiste client graphiste work devis travail collaboratif freelance comment facturer \" width=\"700\" height=\"467\"><\/p>\n<p>Ayant tous les \u00e9l\u00e9ments cl\u00e9s sous les yeux, vous pourrez \u00e9valuer tr\u00e8s facilement le temps n\u00e9cessaire \u00e0 la r\u00e9alisation de la mission et prendre en compte tous les \u00ab \u00e0-c\u00f4t\u00e9 \u00bb&nbsp;:<\/p>\n<ul>\n<li>T\u00e9l\u00e9phoner \u00e0 d\u2019autres prestataires<\/li>\n<li>Faire des points r\u00e9guliers<\/li>\n<li>Se d\u00e9placer dans les bureaux de l\u2019entreprise\u2026<\/li>\n<\/ul>\n<p>Toutes ces petites t\u00e2ches qui entrent aussi en ligne de compte dans le tarif.<\/p>\n<blockquote><p>\u00c0 lire aussi&nbsp;: <a href=\"https:\/\/graphiste.com\/blog\/trouver-graphiste-adapte-a-vos-besoins\">5 conseils pour trouver le graphiste adapt\u00e9 \u00e0 vos besoins<\/a><\/p><\/blockquote>\n<h2>Le client veut que vous soyez force de proposition<\/h2>\n<p>Contrairement au client pr\u00e9c\u00e9dent, celui-ci a besoin de vos lumi\u00e8res pour ficeler son projet. Si tel est le cas, il va \u00eatre difficile pour vous de lui donner un tarif concernant une mission non d\u00e9finie.<\/p>\n<p>La <strong>facturation \u00e0 l\u2019heure<\/strong> sera donc plus judicieuse, notamment pour commencer.<\/p>\n<blockquote><p>Proposez-lui de vous occuper de cadrer la partie graphique de son id\u00e9e en analysant le nombre d\u2019heures que cela va vous prendre. Puis \u00e0 chaque fois qu\u2019il reviendra vers vous pour avancer sur une \u00e9tape, recalculez le nombre d\u2019heures n\u00e9cessaires.<\/p><\/blockquote>\n<p><img decoding=\"async\" class=\"aligncenter wp-image-17692 size-full\" src=\"https:\/\/graphiste.com\/blog\/wp-content\/uploads\/sites\/4\/2016\/02\/proposition.jpg\" alt=\"graphiste work devis travail collaboratif freelance comment facturer proposition\" width=\"700\" height=\"1050\"><\/p>\n<h2>Le client a plusieurs \u00ab petites \u00bb missions \u00e0 vous confier<\/h2>\n<p>Imaginez qu\u2019une entreprise vous contacte pour <a href=\"https:\/\/graphiste.com\/blog\/rediger-cahier-des-charges\">refaire sa charte graphique<\/a>, mais qu\u2019elle souhaite aussi que vous travailliez sur ses brochures, les visuels pour les r\u00e9seaux sociaux et les flyers des \u00e9v\u00e9nements qu\u2019elle organise.<\/p>\n<p>Ces t\u00e2ches sont tr\u00e8s al\u00e9atoires et chaque mois, le nombre d\u2019heures \u00e0 travailler pour ce client sera diff\u00e9rent. Le <a href=\"https:\/\/tauxhoraire.com\/?utm_source=Graphiste&amp;utm_medium=blog&amp;utm_campaign=graphiste-facturer\" target=\"_blank\" rel=\"noopener noreferrer\"><strong>co\u00fbt horaire<\/strong><\/a> s\u2019impose tout naturellement.<\/p>\n<p><img decoding=\"async\" class=\"aligncenter wp-image-17693 size-full\" src=\"https:\/\/graphiste.com\/blog\/wp-content\/uploads\/sites\/4\/2016\/02\/missions.jpg\" alt=\"missions graphiste client graphiste work devis travail collaboratif freelance comment facturer \" width=\"700\" height=\"467\"><\/p>\n<p>\u00c0 l\u2019inverse, si le client est capable de vous dire qu\u2019il y aura chaque mois 10 visuels <a href=\"https:\/\/graphiste.com\/blog\/tailles-visuels-reseaux-sociaux\">Facebook<\/a>, 15 visuels Twitter, 1 <a href=\"https:\/\/graphiste.com\/blog\/guide-complet-realiser-flyer-creatif\">flyer<\/a> et un guide d\u2019environ 10 <a href=\"https:\/\/graphiste.com\/blog\/web-design-quand-utiliser-illustration\">pages \u00e0 illustrer<\/a>, vous pouvez alors proposer un forfait mensuel. Autrement dit&nbsp;: un <strong>co\u00fbt pour le projet<\/strong>.<\/p>\n<blockquote><p>Attention&nbsp;: Stipulez toujours que s\u2019il y a plus de travaux sur un mois, alors cela donnera lieu \u00e0 une facturation (horaire) compl\u00e9mentaire.<\/p><\/blockquote>\n<blockquote><p>Pour aller plus loin&nbsp;:&nbsp;<a href=\"https:\/\/graphiste.com\/blog\/monetiser-competences\">Graphistes&nbsp;: 11 mani\u00e8res de gagner de l\u2019argent<\/a><\/p><\/blockquote>\n<h2>Le client vous veut dans ses bureaux plusieurs heures par semaine<\/h2>\n<p>Une entreprise vous contacte et souhaite que vous soyez pr\u00e9sent un jour par semaine dans ses locaux. Dans ce cas, c\u2019est un <strong>taux journalier<\/strong> qu\u2019il faudra pr\u00e9voir.<\/p>\n<p>Prenez votre tarif horaire et ajoutez les d\u00e9penses li\u00e9es au d\u00e9placement (tickets de m\u00e9tro, essence, trajet en bus, etc.) et au repas sur place.<\/p>\n<p>Le tarif de cette journ\u00e9e sera ainsi toujours le m\u00eame pour le client, peu importe la mission effectu\u00e9e sur place.<\/p>\n<p><img decoding=\"async\" class=\"aligncenter wp-image-17694 size-full\" src=\"https:\/\/graphiste.com\/blog\/wp-content\/uploads\/sites\/4\/2016\/02\/bureaux.jpg\" alt=\"graphiste graphiste work devis travail collaboratif freelance comment facturer \" width=\"700\" height=\"467\"><\/p>\n<blockquote><p>Pour aller plus loin&nbsp;: <a href=\"https:\/\/graphiste.com\/blog\/graphistes-relancer-prospects\">Graphistes&nbsp;: 6 astuces pour relancer efficacement vos prospects<\/a><\/p><\/blockquote>\n<h2>Conclusion<\/h2>\n<p>Au final, la facturation par projet reste plus rare. Il faut vraiment que la mission soit parfaitement encadr\u00e9e et que toutes les \u00e9tapes se d\u00e9roulent sans impr\u00e9vus (chose rare&nbsp;!).<\/p>\n<blockquote><p>Si vous sentez que le client n\u2019est pas s\u00fbr ou peu pr\u00e9cis, la facturation au co\u00fbt horaire demeure la meilleure solution pour \u00eatre r\u00e9ellement pay\u00e9 au temps pass\u00e9 sur un projet.<\/p><\/blockquote>\n<p>Et vous, comment facturez-vous vos clients&nbsp;?<\/p>\n<p><strong>Inscrivez-vous d\u00e8s maintenant sur <a href=\"https:\/\/graphiste.com\/\">Graphiste.com<\/a> pour trouver de nouveaux clients en proposant vos devis.<\/strong><\/p>\n","protected":false},"excerpt":{"rendered":"<p>Dois-je facturer par heure ou par mission&nbsp;? Voici une question qui revient souvent chez les graphistes freelance. Il est vrai que les projets d\u00e9filent parfois mais ne se ressemblent pas. De plus, au lancement de son activit\u00e9, il est difficile d\u2019anticiper le temps n\u00e9cessaire \u00e0 la r\u00e9alisation d\u2019un projet. Alors, comment faire pour facturer au [&hellip;]<\/p>\n","protected":false},"author":5,"featured_media":17687,"comment_status":"open","ping_status":"open","sticky":false,"template":"","format":"standard","meta":{"_acf_changed":false,"inline_featured_image":false,"footnotes":""},"categories":[103],"tags":[42,43],"class_list":["post-930","post","type-post","status-publish","format-standard","has-post-thumbnail","hentry","category-graphistes","tag-creer-marque","tag-developper-entreprise"],"acf":[],"yoast_head":"<!-- This site is optimized with the Yoast SEO plugin v25.9 - https:\/\/yoast.com\/wordpress\/plugins\/seo\/ -->\n<title>Graphiste : facturer au co\u00fbt horaire ou au co\u00fbt par projet ?<\/title>\n<meta name=\"description\" content=\"Dois-je facturer par heure ou par mission ? Voici une question qui revient souvent chez les graphistes freelance. D\u00e9couvrez nos conseils.\" \/>\n<meta name=\"robots\" content=\"index, follow, max-snippet:-1, max-image-preview:large, max-video-preview:-1\" \/>\n<link rel=\"canonical\" href=\"https:\/\/graphiste.com\/blog\/graphiste-facturer\/\" \/>\n<meta property=\"og:locale\" content=\"fr_FR\" \/>\n<meta property=\"og:type\" content=\"article\" \/>\n<meta property=\"og:title\" content=\"Graphiste : facturer au co\u00fbt horaire ou au co\u00fbt par projet ?\" \/>\n<meta property=\"og:description\" content=\"Dois-je facturer par heure ou par mission ? Voici une question qui revient souvent chez les graphistes freelance. D\u00e9couvrez nos conseils.\" \/>\n<meta property=\"og:url\" content=\"https:\/\/graphiste.com\/blog\/graphiste-facturer\/\" \/>\n<meta property=\"og:site_name\" content=\"Graphiste.com\" \/>\n<meta property=\"article:publisher\" content=\"https:\/\/www.facebook.com\/graphistesfreelances\" \/>\n<meta property=\"article:published_time\" content=\"2020-03-12T08:50:57+00:00\" \/>\n<meta property=\"article:modified_time\" content=\"2025-08-20T15:18:37+00:00\" \/>\n<meta property=\"og:image\" content=\"https:\/\/graphiste.com\/blog\/wp-content\/uploads\/sites\/4\/2016\/02\/une-graphiste-1.jpg\" \/>\n\t<meta property=\"og:image:width\" content=\"850\" \/>\n\t<meta property=\"og:image:height\" content=\"423\" \/>\n\t<meta property=\"og:image:type\" content=\"image\/jpeg\" \/>\n<meta name=\"author\" content=\"Thomas Lazzaroni\" \/>\n<meta name=\"twitter:card\" content=\"summary_large_image\" \/>\n<meta name=\"twitter:creator\" content=\"@totolazza\" \/>\n<meta name=\"twitter:site\" content=\"@Graphistecom\" \/>\n<meta name=\"twitter:label1\" content=\"\u00c9crit par\" \/>\n\t<meta name=\"twitter:data1\" content=\"Thomas Lazzaroni\" \/>\n\t<meta name=\"twitter:label2\" content=\"Dur\u00e9e de lecture estim\u00e9e\" \/>\n\t<meta name=\"twitter:data2\" content=\"7 minutes\" \/>\n<script type=\"application\/ld+json\" class=\"yoast-schema-graph\">{\"@context\":\"https:\/\/schema.org\",\"@graph\":[{\"@type\":\"Article\",\"@id\":\"https:\/\/graphiste.com\/blog\/graphiste-facturer\/#article\",\"isPartOf\":{\"@id\":\"https:\/\/graphiste.com\/blog\/graphiste-facturer\/\"},\"author\":{\"name\":\"Thomas Lazzaroni\",\"@id\":\"https:\/\/graphiste.com\/blog\/#\/schema\/person\/cc3b0a678aeffcae19ecc599eaf679e5\"},\"headline\":\"Graphiste\u00a0: facturer au co\u00fbt horaire ou au co\u00fbt par projet\u00a0?\",\"datePublished\":\"2020-03-12T08:50:57+00:00\",\"dateModified\":\"2025-08-20T15:18:37+00:00\",\"mainEntityOfPage\":{\"@id\":\"https:\/\/graphiste.com\/blog\/graphiste-facturer\/\"},\"wordCount\":1143,\"commentCount\":0,\"publisher\":{\"@id\":\"https:\/\/graphiste.com\/blog\/#organization\"},\"image\":{\"@id\":\"https:\/\/graphiste.com\/blog\/graphiste-facturer\/#primaryimage\"},\"thumbnailUrl\":\"https:\/\/graphiste.com\/blog\/wp-content\/uploads\/sites\/4\/2016\/02\/une-graphiste-1.jpg\",\"keywords\":[\"Cr\u00e9er votre marque\",\"D\u00e9velopper son entreprise\"],\"articleSection\":[\"Graphistes\"],\"inLanguage\":\"fr-FR\",\"potentialAction\":[{\"@type\":\"CommentAction\",\"name\":\"Comment\",\"target\":[\"https:\/\/graphiste.com\/blog\/graphiste-facturer\/#respond\"]}]},{\"@type\":\"WebPage\",\"@id\":\"https:\/\/graphiste.com\/blog\/graphiste-facturer\/\",\"url\":\"https:\/\/graphiste.com\/blog\/graphiste-facturer\/\",\"name\":\"Graphiste : facturer au co\u00fbt horaire ou au co\u00fbt par projet ?\",\"isPartOf\":{\"@id\":\"https:\/\/graphiste.com\/blog\/#website\"},\"primaryImageOfPage\":{\"@id\":\"https:\/\/graphiste.com\/blog\/graphiste-facturer\/#primaryimage\"},\"image\":{\"@id\":\"https:\/\/graphiste.com\/blog\/graphiste-facturer\/#primaryimage\"},\"thumbnailUrl\":\"https:\/\/graphiste.com\/blog\/wp-content\/uploads\/sites\/4\/2016\/02\/une-graphiste-1.jpg\",\"datePublished\":\"2020-03-12T08:50:57+00:00\",\"dateModified\":\"2025-08-20T15:18:37+00:00\",\"description\":\"Dois-je facturer par heure ou par mission ? Voici une question qui revient souvent chez les graphistes freelance. D\u00e9couvrez nos conseils.\",\"breadcrumb\":{\"@id\":\"https:\/\/graphiste.com\/blog\/graphiste-facturer\/#breadcrumb\"},\"inLanguage\":\"fr-FR\",\"potentialAction\":[{\"@type\":\"ReadAction\",\"target\":[\"https:\/\/graphiste.com\/blog\/graphiste-facturer\/\"]}]},{\"@type\":\"ImageObject\",\"inLanguage\":\"fr-FR\",\"@id\":\"https:\/\/graphiste.com\/blog\/graphiste-facturer\/#primaryimage\",\"url\":\"https:\/\/graphiste.com\/blog\/wp-content\/uploads\/sites\/4\/2016\/02\/une-graphiste-1.jpg\",\"contentUrl\":\"https:\/\/graphiste.com\/blog\/wp-content\/uploads\/sites\/4\/2016\/02\/une-graphiste-1.jpg\",\"width\":850,\"height\":423,\"caption\":\"freelance co\u00fbt par projet ou co\u00fbt horaire\"},{\"@type\":\"BreadcrumbList\",\"@id\":\"https:\/\/graphiste.com\/blog\/graphiste-facturer\/#breadcrumb\",\"itemListElement\":[{\"@type\":\"ListItem\",\"position\":1,\"name\":\"Blog\",\"item\":\"https:\/\/graphiste.com\/blog\/\"},{\"@type\":\"ListItem\",\"position\":2,\"name\":\"Graphistes\",\"item\":\"https:\/\/graphiste.com\/blog\/graphistes\/\"},{\"@type\":\"ListItem\",\"position\":3,\"name\":\"Graphiste\u00a0: facturer au co\u00fbt horaire ou au co\u00fbt par projet\u00a0?\"}]},{\"@type\":\"WebSite\",\"@id\":\"https:\/\/graphiste.com\/blog\/#website\",\"url\":\"https:\/\/graphiste.com\/blog\/\",\"name\":\"Graphiste.com\",\"description\":\"graphiste\",\"publisher\":{\"@id\":\"https:\/\/graphiste.com\/blog\/#organization\"},\"potentialAction\":[{\"@type\":\"SearchAction\",\"target\":{\"@type\":\"EntryPoint\",\"urlTemplate\":\"https:\/\/graphiste.com\/blog\/?s={search_term_string}\"},\"query-input\":{\"@type\":\"PropertyValueSpecification\",\"valueRequired\":true,\"valueName\":\"search_term_string\"}}],\"inLanguage\":\"fr-FR\"},{\"@type\":\"Organization\",\"@id\":\"https:\/\/graphiste.com\/blog\/#organization\",\"name\":\"Graphiste.com\",\"url\":\"https:\/\/graphiste.com\/blog\/\",\"logo\":{\"@type\":\"ImageObject\",\"inLanguage\":\"fr-FR\",\"@id\":\"https:\/\/graphiste.com\/blog\/#\/schema\/logo\/image\/\",\"url\":\"https:\/\/graphiste.com\/blog\/wp-content\/uploads\/sites\/4\/2022\/07\/logo-blog-graphiste.svg\",\"contentUrl\":\"https:\/\/graphiste.com\/blog\/wp-content\/uploads\/sites\/4\/2022\/07\/logo-blog-graphiste.svg\",\"width\":1,\"height\":1,\"caption\":\"Graphiste.com\"},\"image\":{\"@id\":\"https:\/\/graphiste.com\/blog\/#\/schema\/logo\/image\/\"},\"sameAs\":[\"https:\/\/www.facebook.com\/graphistesfreelances\",\"https:\/\/x.com\/Graphistecom\",\"https:\/\/www.linkedin.com\/company\/graphiste-com\/\",\"https:\/\/fr.pinterest.com\/Graphiste_Com\",\"https:\/\/www.instagram.com\/graphiste_com\/\"]},{\"@type\":\"Person\",\"@id\":\"https:\/\/graphiste.com\/blog\/#\/schema\/person\/cc3b0a678aeffcae19ecc599eaf679e5\",\"name\":\"Thomas Lazzaroni\",\"image\":{\"@type\":\"ImageObject\",\"inLanguage\":\"fr-FR\",\"@id\":\"https:\/\/graphiste.com\/blog\/#\/schema\/person\/image\/\",\"url\":\"https:\/\/secure.gravatar.com\/avatar\/7306fb87b7017ab0955d07c2f2b771ac79e91965a2fca514df0c043f7c087fd2?s=96&d=mm&r=g\",\"contentUrl\":\"https:\/\/secure.gravatar.com\/avatar\/7306fb87b7017ab0955d07c2f2b771ac79e91965a2fca514df0c043f7c087fd2?s=96&d=mm&r=g\",\"caption\":\"Thomas Lazzaroni\"},\"description\":\"Depuis plus de 10 ans, je contribue \u00e0 faire rayonner nos sites en imaginant des strat\u00e9gies qui renforcent notre visibilit\u00e9 et notre position de r\u00e9f\u00e9rence.\",\"sameAs\":[\"https:\/\/totolazza.com\",\"https:\/\/www.linkedin.com\/in\/thomaslazzaroni\/\",\"https:\/\/x.com\/totolazza\"],\"url\":\"https:\/\/graphiste.com\/blog\/author\/thomas\/\"}]}<\/script>\n<!-- \/ Yoast SEO plugin. -->","yoast_head_json":{"title":"Graphiste : facturer au co\u00fbt horaire ou au co\u00fbt par projet ?","description":"Dois-je facturer par heure ou par mission ? Voici une question qui revient souvent chez les graphistes freelance. D\u00e9couvrez nos conseils.","robots":{"index":"index","follow":"follow","max-snippet":"max-snippet:-1","max-image-preview":"max-image-preview:large","max-video-preview":"max-video-preview:-1"},"canonical":"https:\/\/graphiste.com\/blog\/graphiste-facturer\/","og_locale":"fr_FR","og_type":"article","og_title":"Graphiste : facturer au co\u00fbt horaire ou au co\u00fbt par projet ?","og_description":"Dois-je facturer par heure ou par mission ? Voici une question qui revient souvent chez les graphistes freelance. D\u00e9couvrez nos conseils.","og_url":"https:\/\/graphiste.com\/blog\/graphiste-facturer\/","og_site_name":"Graphiste.com","article_publisher":"https:\/\/www.facebook.com\/graphistesfreelances","article_published_time":"2020-03-12T08:50:57+00:00","article_modified_time":"2025-08-20T15:18:37+00:00","og_image":[{"width":850,"height":423,"url":"https:\/\/graphiste.com\/blog\/wp-content\/uploads\/sites\/4\/2016\/02\/une-graphiste-1.jpg","type":"image\/jpeg"}],"author":"Thomas Lazzaroni","twitter_card":"summary_large_image","twitter_creator":"@totolazza","twitter_site":"@Graphistecom","twitter_misc":{"\u00c9crit par":"Thomas Lazzaroni","Dur\u00e9e de lecture estim\u00e9e":"7 minutes"},"schema":{"@context":"https:\/\/schema.org","@graph":[{"@type":"Article","@id":"https:\/\/graphiste.com\/blog\/graphiste-facturer\/#article","isPartOf":{"@id":"https:\/\/graphiste.com\/blog\/graphiste-facturer\/"},"author":{"name":"Thomas Lazzaroni","@id":"https:\/\/graphiste.com\/blog\/#\/schema\/person\/cc3b0a678aeffcae19ecc599eaf679e5"},"headline":"Graphiste\u00a0: facturer au co\u00fbt horaire ou au co\u00fbt par projet\u00a0?","datePublished":"2020-03-12T08:50:57+00:00","dateModified":"2025-08-20T15:18:37+00:00","mainEntityOfPage":{"@id":"https:\/\/graphiste.com\/blog\/graphiste-facturer\/"},"wordCount":1143,"commentCount":0,"publisher":{"@id":"https:\/\/graphiste.com\/blog\/#organization"},"image":{"@id":"https:\/\/graphiste.com\/blog\/graphiste-facturer\/#primaryimage"},"thumbnailUrl":"https:\/\/graphiste.com\/blog\/wp-content\/uploads\/sites\/4\/2016\/02\/une-graphiste-1.jpg","keywords":["Cr\u00e9er votre marque","D\u00e9velopper son entreprise"],"articleSection":["Graphistes"],"inLanguage":"fr-FR","potentialAction":[{"@type":"CommentAction","name":"Comment","target":["https:\/\/graphiste.com\/blog\/graphiste-facturer\/#respond"]}]},{"@type":"WebPage","@id":"https:\/\/graphiste.com\/blog\/graphiste-facturer\/","url":"https:\/\/graphiste.com\/blog\/graphiste-facturer\/","name":"Graphiste : facturer au co\u00fbt horaire ou au co\u00fbt par projet ?","isPartOf":{"@id":"https:\/\/graphiste.com\/blog\/#website"},"primaryImageOfPage":{"@id":"https:\/\/graphiste.com\/blog\/graphiste-facturer\/#primaryimage"},"image":{"@id":"https:\/\/graphiste.com\/blog\/graphiste-facturer\/#primaryimage"},"thumbnailUrl":"https:\/\/graphiste.com\/blog\/wp-content\/uploads\/sites\/4\/2016\/02\/une-graphiste-1.jpg","datePublished":"2020-03-12T08:50:57+00:00","dateModified":"2025-08-20T15:18:37+00:00","description":"Dois-je facturer par heure ou par mission ? Voici une question qui revient souvent chez les graphistes freelance. D\u00e9couvrez nos conseils.","breadcrumb":{"@id":"https:\/\/graphiste.com\/blog\/graphiste-facturer\/#breadcrumb"},"inLanguage":"fr-FR","potentialAction":[{"@type":"ReadAction","target":["https:\/\/graphiste.com\/blog\/graphiste-facturer\/"]}]},{"@type":"ImageObject","inLanguage":"fr-FR","@id":"https:\/\/graphiste.com\/blog\/graphiste-facturer\/#primaryimage","url":"https:\/\/graphiste.com\/blog\/wp-content\/uploads\/sites\/4\/2016\/02\/une-graphiste-1.jpg","contentUrl":"https:\/\/graphiste.com\/blog\/wp-content\/uploads\/sites\/4\/2016\/02\/une-graphiste-1.jpg","width":850,"height":423,"caption":"freelance co\u00fbt par projet ou co\u00fbt horaire"},{"@type":"BreadcrumbList","@id":"https:\/\/graphiste.com\/blog\/graphiste-facturer\/#breadcrumb","itemListElement":[{"@type":"ListItem","position":1,"name":"Blog","item":"https:\/\/graphiste.com\/blog\/"},{"@type":"ListItem","position":2,"name":"Graphistes","item":"https:\/\/graphiste.com\/blog\/graphistes\/"},{"@type":"ListItem","position":3,"name":"Graphiste\u00a0: facturer au co\u00fbt horaire ou au co\u00fbt par projet\u00a0?"}]},{"@type":"WebSite","@id":"https:\/\/graphiste.com\/blog\/#website","url":"https:\/\/graphiste.com\/blog\/","name":"Graphiste.com","description":"graphiste","publisher":{"@id":"https:\/\/graphiste.com\/blog\/#organization"},"potentialAction":[{"@type":"SearchAction","target":{"@type":"EntryPoint","urlTemplate":"https:\/\/graphiste.com\/blog\/?s={search_term_string}"},"query-input":{"@type":"PropertyValueSpecification","valueRequired":true,"valueName":"search_term_string"}}],"inLanguage":"fr-FR"},{"@type":"Organization","@id":"https:\/\/graphiste.com\/blog\/#organization","name":"Graphiste.com","url":"https:\/\/graphiste.com\/blog\/","logo":{"@type":"ImageObject","inLanguage":"fr-FR","@id":"https:\/\/graphiste.com\/blog\/#\/schema\/logo\/image\/","url":"https:\/\/graphiste.com\/blog\/wp-content\/uploads\/sites\/4\/2022\/07\/logo-blog-graphiste.svg","contentUrl":"https:\/\/graphiste.com\/blog\/wp-content\/uploads\/sites\/4\/2022\/07\/logo-blog-graphiste.svg","width":1,"height":1,"caption":"Graphiste.com"},"image":{"@id":"https:\/\/graphiste.com\/blog\/#\/schema\/logo\/image\/"},"sameAs":["https:\/\/www.facebook.com\/graphistesfreelances","https:\/\/x.com\/Graphistecom","https:\/\/www.linkedin.com\/company\/graphiste-com\/","https:\/\/fr.pinterest.com\/Graphiste_Com","https:\/\/www.instagram.com\/graphiste_com\/"]},{"@type":"Person","@id":"https:\/\/graphiste.com\/blog\/#\/schema\/person\/cc3b0a678aeffcae19ecc599eaf679e5","name":"Thomas Lazzaroni","image":{"@type":"ImageObject","inLanguage":"fr-FR","@id":"https:\/\/graphiste.com\/blog\/#\/schema\/person\/image\/","url":"https:\/\/secure.gravatar.com\/avatar\/7306fb87b7017ab0955d07c2f2b771ac79e91965a2fca514df0c043f7c087fd2?s=96&d=mm&r=g","contentUrl":"https:\/\/secure.gravatar.com\/avatar\/7306fb87b7017ab0955d07c2f2b771ac79e91965a2fca514df0c043f7c087fd2?s=96&d=mm&r=g","caption":"Thomas Lazzaroni"},"description":"Depuis plus de 10 ans, je contribue \u00e0 faire rayonner nos sites en imaginant des strat\u00e9gies qui renforcent notre visibilit\u00e9 et notre position de r\u00e9f\u00e9rence.","sameAs":["https:\/\/totolazza.com","https:\/\/www.linkedin.com\/in\/thomaslazzaroni\/","https:\/\/x.com\/totolazza"],"url":"https:\/\/graphiste.com\/blog\/author\/thomas\/"}]}},"_links":{"self":[{"href":"https:\/\/graphiste.com\/blog\/wp-json\/wp\/v2\/posts\/930","targetHints":{"allow":["GET"]}}],"collection":[{"href":"https:\/\/graphiste.com\/blog\/wp-json\/wp\/v2\/posts"}],"about":[{"href":"https:\/\/graphiste.com\/blog\/wp-json\/wp\/v2\/types\/post"}],"author":[{"embeddable":true,"href":"https:\/\/graphiste.com\/blog\/wp-json\/wp\/v2\/users\/5"}],"replies":[{"embeddable":true,"href":"https:\/\/graphiste.com\/blog\/wp-json\/wp\/v2\/comments?post=930"}],"version-history":[{"count":0,"href":"https:\/\/graphiste.com\/blog\/wp-json\/wp\/v2\/posts\/930\/revisions"}],"wp:featuredmedia":[{"embeddable":true,"href":"https:\/\/graphiste.com\/blog\/wp-json\/wp\/v2\/media\/17687"}],"wp:attachment":[{"href":"https:\/\/graphiste.com\/blog\/wp-json\/wp\/v2\/media?parent=930"}],"wp:term":[{"taxonomy":"category","embeddable":true,"href":"https:\/\/graphiste.com\/blog\/wp-json\/wp\/v2\/categories?post=930"},{"taxonomy":"post_tag","embeddable":true,"href":"https:\/\/graphiste.com\/blog\/wp-json\/wp\/v2\/tags?post=930"}],"curies":[{"name":"wp","href":"https:\/\/api.w.org\/{rel}","templated":true}]}}