{"id":7655,"date":"2018-08-28T10:30:11","date_gmt":"2018-08-28T08:30:11","guid":{"rendered":"https:\/\/graphiste.com\/blog\/?p=7655"},"modified":"2025-08-20T17:22:40","modified_gmt":"2025-08-20T15:22:40","slug":"donner-images-professionnelle-marque","status":"publish","type":"post","link":"https:\/\/graphiste.com\/blog\/donner-images-professionnelle-marque\/","title":{"rendered":"4 fa\u00e7ons de donner une image plus professionnelle \u00e0 votre marque"},"content":{"rendered":"<p>Vous \u00eates un professionnel. Vous le savez. Mais est-ce que vos clients potentiels en ont conscience&nbsp;?<\/p>\n<p>Voici les petites astuces qui feront toute la diff\u00e9rence, celle qui proclamera votre qualit\u00e9, bien avant vos produits. Tout est dans l&#8217;<a href=\"https:\/\/graphiste.com\/blog\/identite-de-marque\" target=\"_blank\" rel=\"noopener noreferrer\">image de marque<\/a>&nbsp;!<\/p>\n<h2>Une image plus pro, c&#8217;est une question de langage<\/h2>\n<p>Pour avoir l&#8217;air d&#8217;un professionnel, il faut parler comme un professionnel.<\/p>\n<p>Rassurez-vous, nous allons vous expliquer concr\u00e8tement comment aboutir \u00e0 ce r\u00e9sultat et c&#8217;est beaucoup plus simple que vous l&#8217;imaginiez.<\/p>\n<p>Le tout repose sur trois \u00e9tapes&nbsp;:<\/p>\n<h4>1. Dire &#8220;nous&#8221;<\/h4>\n<p>Non, vous n&#8217;\u00eates pas tout seul, vous \u00eates une \u00e9quipe (m\u00eame si elle n&#8217;est pas encore constitu\u00e9e et que vous assumez toutes les casquettes tout seul\u2009!).<\/p>\n<p>Dire &#8221; nous sommes contents de vous accueillir &#8221; conf\u00e8re imm\u00e9diatement un aspect professionnel \u00e0 vos discours, qui sonnent alors comme ceux d&#8217;une entreprise (et, en plus, vous pouvez m\u00eame inclure vos clients dans ce &#8221; nous &#8221;&nbsp;: vive l&#8217;esprit d&#8217;\u00e9quipe\u2009!)<\/p>\n<h4>2. Affirmer<\/h4>\n<p>Ne prononcez plus &#8221; nous pensons que le jus d&#8217;orange du matin est essentiel pour bien commencer la journ\u00e9e &#8220;. Affirmez plut\u00f4t cela comme une \u00e9vidence. De un parce qu&#8217;une phrase plus courte a toujours plus d&#8217;impact. De deux, parce qu&#8217;elle expose aussi votre opinion avec nettement plus d&#8217;autorit\u00e9.<\/p>\n<p>Affichez votre confiance en vous avec des discours affirmatifs&nbsp;!<\/p>\n<h4>3. Corriger<\/h4>\n<p>Il n&#8217;y a rien de pire qu&#8217;une faute dans un texte \u00e9crit. S\u00e9rieusement. Vous perdrez toute votre cr\u00e9dibilit\u00e9 pour un &#8221; s\u2009&#8221; oubli\u00e9. Il vaut mieux prendre le temps, faire appel \u00e0 un correcteur, se relire dix fois que de publier un texte mal orthographi\u00e9.<\/p>\n<p><a href=\"https:\/\/yes-avocats.fr\/\" target=\"_blank\" rel=\"noopener noreferrer\"><img decoding=\"async\" class=\"aligncenter wp-image-7668 size-full\" src=\"https:\/\/graphiste.com\/blog\/wp-content\/uploads\/sites\/4\/2018\/08\/discours-professionnel-site.png\" alt=\"Discours professionnel site web\" width=\"600\" height=\"333\" \/><\/a><\/p>\n<h2>Concevez vos sites pour vos utilisateurs<\/h2>\n<p>Oui, c&#8217;est bien joli un site avec plein de fonctions, de d\u00e9tails, de visuels qui explosent dans tous les sens\u2026 Mais est-ce pratique&nbsp;? \u00c0 votre avis, combien de temps un internaute lambda consacrera \u00e0 votre site s&#8217;il ne peut y trouver facilement l&#8217;information qu&#8217;il recherche&nbsp;?<\/p>\n<p>Un vrai professionnel sait ce dont ses clients ont besoin. Et il agit en cons\u00e9quence pour r\u00e9pondre \u00e0 ce besoin.<\/p>\n<p>D&#8217;ailleurs, pensez \u00e0 leur faciliter la vie&nbsp;: un remplissage automatique des <a href=\"https:\/\/graphiste.com\/blog\/formulaire-web-reussi\" target=\"_blank\" rel=\"noopener noreferrer\">formulaires<\/a>, la possibilit\u00e9 de s&#8217;enregistrer, de garder en m\u00e9moire sa carte bleue\u2026 autant de petits d\u00e9tails qui leur prouvent que vous savez ce que vous faites, et que vous le faites bien.<\/p>\n<blockquote><p>\u00c0 lire aussi&nbsp;: <a href=\"https:\/\/graphiste.com\/blog\/branding-illustrer-image-de-marque\">Branding&nbsp;: 5 fa\u00e7ons d&#8217;illustrer votre image de marque<\/a><\/p><\/blockquote>\n<h2>Montrez votre nom (pas celui des autres)<\/h2>\n<p>Cela semble \u00e9vident, mais il faut parfois le rappeler&nbsp;: un nom de domaine qui mentionne votre marque, sans autre suffixe derri\u00e8re, est la cl\u00e9 d&#8217;un site professionnel.<\/p>\n<p>Et il en va de m\u00eame pour votre adresse mail, bien s\u00fbr (oui, c&#8217;est beaucoup plus coh\u00e9rent pour des clients d&#8217;\u00e9crire \u00e0 pr\u00e9nom@graphiste.com qu&#8217;\u00e0 pr\u00e9nom.graphiste@gmail.com).<\/p>\n<p>Donc, hop, vous allez vous permettre ce petit investissement afin de les rassurer&nbsp;: vous \u00eates l\u00e0 pour y rester.<\/p>\n<p>Et vous n&#8217;allez pas vous arr\u00eater sur ce bel \u00e9lan&nbsp;: profitez-en pour ajouter votre logo, vos coordonn\u00e9es, votre site ou votre slogan dans la signature de votre email. Une fois pour toutes&nbsp;!<\/p>\n<p><img decoding=\"async\" class=\"aligncenter wp-image-7670 size-full\" src=\"https:\/\/graphiste.com\/blog\/wp-content\/uploads\/sites\/4\/2018\/08\/signature-professionnelle.png\" alt=\"Signature email\" width=\"600\" height=\"170\" \/><\/p>\n<h2>Utilisez un seul logo partout<\/h2>\n<p>Un professionnel est bien s\u00fbr pr\u00e9sent sur les <a href=\"https:\/\/graphiste.com\/blog\/idees-creatives-posts-reseaux-sociaux\" target=\"_blank\" rel=\"noopener noreferrer\">r\u00e9seaux sociaux<\/a>. Cela fait partie de votre image de marque. Et, pour plus de coh\u00e9rence, vous avez \u00e9videmment opt\u00e9 pour la m\u00eame image de profil sur chacun d&#8217;entre eux.<\/p>\n<p>C&#8217;est tout simple, mais cela aidera vos prospects \u00e0 vous reconna\u00eetre\u2026 o\u00f9 qu&#8217;ils soient.<\/p>\n<p><a href=\"https:\/\/www.facebook.com\/graphistesfreelances\" target=\"_blank\" rel=\"noopener noreferrer\"><img decoding=\"async\" class=\"aligncenter wp-image-7656 size-full\" src=\"https:\/\/graphiste.com\/blog\/wp-content\/uploads\/sites\/4\/2018\/08\/logo-marque-facebook.png\" alt=\"Logo marque Facebook\" width=\"600\" height=\"214\" \/><\/a><\/p>\n<p>\u00catre professionnel, c&#8217;est un \u00e9tat d&#8217;esprit plus qu&#8217;un fait. En appliquant ces simples astuces, vous serez d\u00e9j\u00e0 sur la bonne voie pour que votre marque affiche l&#8217;image qui correspond \u00e0 cette mentalit\u00e9.<\/p>\n","protected":false},"excerpt":{"rendered":"<p>Vous \u00eates un professionnel. Vous le savez. Mais est-ce que vos clients potentiels en ont conscience&nbsp;? Voici les petites astuces qui feront toute la diff\u00e9rence, celle qui proclamera votre qualit\u00e9, bien avant vos produits. Tout est dans l&#8217;image de marque&nbsp;! Une image plus pro, c&#8217;est une question de langage Pour avoir l&#8217;air d&#8217;un professionnel, il [&hellip;]<\/p>\n","protected":false},"author":5,"featured_media":7672,"comment_status":"open","ping_status":"open","sticky":false,"template":"","format":"standard","meta":{"_acf_changed":false,"inline_featured_image":false,"footnotes":""},"categories":[88],"tags":[43],"class_list":["post-7655","post","type-post","status-publish","format-standard","has-post-thumbnail","hentry","category-branding","tag-developper-entreprise"],"acf":[],"yoast_head":"<!-- This site is optimized with the Yoast SEO plugin v25.9 - https:\/\/yoast.com\/wordpress\/plugins\/seo\/ -->\n<title>4 fa\u00e7ons de donner une image plus professionnelle \u00e0 votre marque - Graphiste Blog<\/title>\n<meta name=\"description\" content=\"Vous \u00eates un professionnel. Vous le savez. Mais est-ce que vos clients potentiels en ont conscience ? Voici les petites astuces qui feront toute la\" \/>\n<meta name=\"robots\" content=\"index, follow, max-snippet:-1, max-image-preview:large, max-video-preview:-1\" \/>\n<link rel=\"canonical\" href=\"https:\/\/graphiste.com\/blog\/donner-images-professionnelle-marque\/\" \/>\n<meta property=\"og:locale\" content=\"fr_FR\" \/>\n<meta property=\"og:type\" content=\"article\" \/>\n<meta property=\"og:title\" content=\"4 fa\u00e7ons de donner une image plus professionnelle \u00e0 votre marque - Graphiste Blog\" \/>\n<meta property=\"og:description\" content=\"Vous \u00eates un professionnel. Vous le savez. Mais est-ce que vos clients potentiels en ont conscience ? Voici les petites astuces qui feront toute la\" \/>\n<meta property=\"og:url\" content=\"https:\/\/graphiste.com\/blog\/donner-images-professionnelle-marque\/\" \/>\n<meta property=\"og:site_name\" content=\"Graphiste.com\" \/>\n<meta property=\"article:publisher\" content=\"https:\/\/www.facebook.com\/graphistesfreelances\" \/>\n<meta property=\"article:published_time\" content=\"2018-08-28T08:30:11+00:00\" \/>\n<meta property=\"article:modified_time\" content=\"2025-08-20T15:22:40+00:00\" \/>\n<meta property=\"og:image\" content=\"https:\/\/graphiste.com\/blog\/wp-content\/uploads\/sites\/4\/2018\/08\/graphiste-image-professionnelle-1.png\" \/>\n\t<meta property=\"og:image:width\" content=\"850\" \/>\n\t<meta property=\"og:image:height\" content=\"423\" \/>\n\t<meta property=\"og:image:type\" content=\"image\/png\" \/>\n<meta name=\"author\" content=\"Thomas Lazzaroni\" \/>\n<meta name=\"twitter:card\" content=\"summary_large_image\" \/>\n<meta name=\"twitter:creator\" content=\"@totolazza\" \/>\n<meta name=\"twitter:site\" content=\"@Graphistecom\" \/>\n<meta name=\"twitter:label1\" content=\"\u00c9crit par\" \/>\n\t<meta name=\"twitter:data1\" content=\"Thomas Lazzaroni\" \/>\n\t<meta name=\"twitter:label2\" content=\"Dur\u00e9e de lecture estim\u00e9e\" \/>\n\t<meta name=\"twitter:data2\" content=\"4 minutes\" \/>\n<script type=\"application\/ld+json\" class=\"yoast-schema-graph\">{\"@context\":\"https:\/\/schema.org\",\"@graph\":[{\"@type\":\"Article\",\"@id\":\"https:\/\/graphiste.com\/blog\/donner-images-professionnelle-marque\/#article\",\"isPartOf\":{\"@id\":\"https:\/\/graphiste.com\/blog\/donner-images-professionnelle-marque\/\"},\"author\":{\"name\":\"Thomas Lazzaroni\",\"@id\":\"https:\/\/graphiste.com\/blog\/#\/schema\/person\/cc3b0a678aeffcae19ecc599eaf679e5\"},\"headline\":\"4 fa\u00e7ons de donner une image plus professionnelle \u00e0 votre marque\",\"datePublished\":\"2018-08-28T08:30:11+00:00\",\"dateModified\":\"2025-08-20T15:22:40+00:00\",\"mainEntityOfPage\":{\"@id\":\"https:\/\/graphiste.com\/blog\/donner-images-professionnelle-marque\/\"},\"wordCount\":647,\"commentCount\":0,\"publisher\":{\"@id\":\"https:\/\/graphiste.com\/blog\/#organization\"},\"image\":{\"@id\":\"https:\/\/graphiste.com\/blog\/donner-images-professionnelle-marque\/#primaryimage\"},\"thumbnailUrl\":\"https:\/\/graphiste.com\/blog\/wp-content\/uploads\/sites\/4\/2018\/08\/graphiste-image-professionnelle-1.png\",\"keywords\":[\"D\u00e9velopper son entreprise\"],\"articleSection\":[\"Branding\"],\"inLanguage\":\"fr-FR\",\"potentialAction\":[{\"@type\":\"CommentAction\",\"name\":\"Comment\",\"target\":[\"https:\/\/graphiste.com\/blog\/donner-images-professionnelle-marque\/#respond\"]}]},{\"@type\":\"WebPage\",\"@id\":\"https:\/\/graphiste.com\/blog\/donner-images-professionnelle-marque\/\",\"url\":\"https:\/\/graphiste.com\/blog\/donner-images-professionnelle-marque\/\",\"name\":\"4 fa\u00e7ons de donner une image plus professionnelle \u00e0 votre marque - Graphiste Blog\",\"isPartOf\":{\"@id\":\"https:\/\/graphiste.com\/blog\/#website\"},\"primaryImageOfPage\":{\"@id\":\"https:\/\/graphiste.com\/blog\/donner-images-professionnelle-marque\/#primaryimage\"},\"image\":{\"@id\":\"https:\/\/graphiste.com\/blog\/donner-images-professionnelle-marque\/#primaryimage\"},\"thumbnailUrl\":\"https:\/\/graphiste.com\/blog\/wp-content\/uploads\/sites\/4\/2018\/08\/graphiste-image-professionnelle-1.png\",\"datePublished\":\"2018-08-28T08:30:11+00:00\",\"dateModified\":\"2025-08-20T15:22:40+00:00\",\"description\":\"Vous \u00eates un professionnel. Vous le savez. Mais est-ce que vos clients potentiels en ont conscience ? Voici les petites astuces qui feront toute la\",\"breadcrumb\":{\"@id\":\"https:\/\/graphiste.com\/blog\/donner-images-professionnelle-marque\/#breadcrumb\"},\"inLanguage\":\"fr-FR\",\"potentialAction\":[{\"@type\":\"ReadAction\",\"target\":[\"https:\/\/graphiste.com\/blog\/donner-images-professionnelle-marque\/\"]}]},{\"@type\":\"ImageObject\",\"inLanguage\":\"fr-FR\",\"@id\":\"https:\/\/graphiste.com\/blog\/donner-images-professionnelle-marque\/#primaryimage\",\"url\":\"https:\/\/graphiste.com\/blog\/wp-content\/uploads\/sites\/4\/2018\/08\/graphiste-image-professionnelle-1.png\",\"contentUrl\":\"https:\/\/graphiste.com\/blog\/wp-content\/uploads\/sites\/4\/2018\/08\/graphiste-image-professionnelle-1.png\",\"width\":850,\"height\":423,\"caption\":\"Entreprise : image professionnelle marque\"},{\"@type\":\"BreadcrumbList\",\"@id\":\"https:\/\/graphiste.com\/blog\/donner-images-professionnelle-marque\/#breadcrumb\",\"itemListElement\":[{\"@type\":\"ListItem\",\"position\":1,\"name\":\"Blog\",\"item\":\"https:\/\/graphiste.com\/blog\/\"},{\"@type\":\"ListItem\",\"position\":2,\"name\":\"Branding\",\"item\":\"https:\/\/graphiste.com\/blog\/branding\/\"},{\"@type\":\"ListItem\",\"position\":3,\"name\":\"4 fa\u00e7ons de donner une image plus professionnelle \u00e0 votre marque\"}]},{\"@type\":\"WebSite\",\"@id\":\"https:\/\/graphiste.com\/blog\/#website\",\"url\":\"https:\/\/graphiste.com\/blog\/\",\"name\":\"Graphiste.com\",\"description\":\"graphiste\",\"publisher\":{\"@id\":\"https:\/\/graphiste.com\/blog\/#organization\"},\"potentialAction\":[{\"@type\":\"SearchAction\",\"target\":{\"@type\":\"EntryPoint\",\"urlTemplate\":\"https:\/\/graphiste.com\/blog\/?s={search_term_string}\"},\"query-input\":{\"@type\":\"PropertyValueSpecification\",\"valueRequired\":true,\"valueName\":\"search_term_string\"}}],\"inLanguage\":\"fr-FR\"},{\"@type\":\"Organization\",\"@id\":\"https:\/\/graphiste.com\/blog\/#organization\",\"name\":\"Graphiste.com\",\"url\":\"https:\/\/graphiste.com\/blog\/\",\"logo\":{\"@type\":\"ImageObject\",\"inLanguage\":\"fr-FR\",\"@id\":\"https:\/\/graphiste.com\/blog\/#\/schema\/logo\/image\/\",\"url\":\"https:\/\/graphiste.com\/blog\/wp-content\/uploads\/sites\/4\/2022\/07\/logo-blog-graphiste.svg\",\"contentUrl\":\"https:\/\/graphiste.com\/blog\/wp-content\/uploads\/sites\/4\/2022\/07\/logo-blog-graphiste.svg\",\"width\":1,\"height\":1,\"caption\":\"Graphiste.com\"},\"image\":{\"@id\":\"https:\/\/graphiste.com\/blog\/#\/schema\/logo\/image\/\"},\"sameAs\":[\"https:\/\/www.facebook.com\/graphistesfreelances\",\"https:\/\/x.com\/Graphistecom\",\"https:\/\/www.linkedin.com\/company\/graphiste-com\/\",\"https:\/\/fr.pinterest.com\/Graphiste_Com\",\"https:\/\/www.instagram.com\/graphiste_com\/\"]},{\"@type\":\"Person\",\"@id\":\"https:\/\/graphiste.com\/blog\/#\/schema\/person\/cc3b0a678aeffcae19ecc599eaf679e5\",\"name\":\"Thomas Lazzaroni\",\"image\":{\"@type\":\"ImageObject\",\"inLanguage\":\"fr-FR\",\"@id\":\"https:\/\/graphiste.com\/blog\/#\/schema\/person\/image\/\",\"url\":\"https:\/\/secure.gravatar.com\/avatar\/7306fb87b7017ab0955d07c2f2b771ac79e91965a2fca514df0c043f7c087fd2?s=96&d=mm&r=g\",\"contentUrl\":\"https:\/\/secure.gravatar.com\/avatar\/7306fb87b7017ab0955d07c2f2b771ac79e91965a2fca514df0c043f7c087fd2?s=96&d=mm&r=g\",\"caption\":\"Thomas Lazzaroni\"},\"description\":\"Depuis plus de 10 ans, je contribue \u00e0 faire rayonner nos sites en imaginant des strat\u00e9gies qui renforcent notre visibilit\u00e9 et notre position de r\u00e9f\u00e9rence.\",\"sameAs\":[\"https:\/\/totolazza.com\",\"https:\/\/www.linkedin.com\/in\/thomaslazzaroni\/\",\"https:\/\/x.com\/totolazza\"],\"url\":\"https:\/\/graphiste.com\/blog\/author\/thomas\/\"}]}<\/script>\n<!-- \/ Yoast SEO plugin. -->","yoast_head_json":{"title":"4 fa\u00e7ons de donner une image plus professionnelle \u00e0 votre marque - Graphiste Blog","description":"Vous \u00eates un professionnel. Vous le savez. Mais est-ce que vos clients potentiels en ont conscience ? Voici les petites astuces qui feront toute la","robots":{"index":"index","follow":"follow","max-snippet":"max-snippet:-1","max-image-preview":"max-image-preview:large","max-video-preview":"max-video-preview:-1"},"canonical":"https:\/\/graphiste.com\/blog\/donner-images-professionnelle-marque\/","og_locale":"fr_FR","og_type":"article","og_title":"4 fa\u00e7ons de donner une image plus professionnelle \u00e0 votre marque - Graphiste Blog","og_description":"Vous \u00eates un professionnel. Vous le savez. Mais est-ce que vos clients potentiels en ont conscience ? Voici les petites astuces qui feront toute la","og_url":"https:\/\/graphiste.com\/blog\/donner-images-professionnelle-marque\/","og_site_name":"Graphiste.com","article_publisher":"https:\/\/www.facebook.com\/graphistesfreelances","article_published_time":"2018-08-28T08:30:11+00:00","article_modified_time":"2025-08-20T15:22:40+00:00","og_image":[{"width":850,"height":423,"url":"https:\/\/graphiste.com\/blog\/wp-content\/uploads\/sites\/4\/2018\/08\/graphiste-image-professionnelle-1.png","type":"image\/png"}],"author":"Thomas Lazzaroni","twitter_card":"summary_large_image","twitter_creator":"@totolazza","twitter_site":"@Graphistecom","twitter_misc":{"\u00c9crit par":"Thomas Lazzaroni","Dur\u00e9e de lecture estim\u00e9e":"4 minutes"},"schema":{"@context":"https:\/\/schema.org","@graph":[{"@type":"Article","@id":"https:\/\/graphiste.com\/blog\/donner-images-professionnelle-marque\/#article","isPartOf":{"@id":"https:\/\/graphiste.com\/blog\/donner-images-professionnelle-marque\/"},"author":{"name":"Thomas Lazzaroni","@id":"https:\/\/graphiste.com\/blog\/#\/schema\/person\/cc3b0a678aeffcae19ecc599eaf679e5"},"headline":"4 fa\u00e7ons de donner une image plus professionnelle \u00e0 votre marque","datePublished":"2018-08-28T08:30:11+00:00","dateModified":"2025-08-20T15:22:40+00:00","mainEntityOfPage":{"@id":"https:\/\/graphiste.com\/blog\/donner-images-professionnelle-marque\/"},"wordCount":647,"commentCount":0,"publisher":{"@id":"https:\/\/graphiste.com\/blog\/#organization"},"image":{"@id":"https:\/\/graphiste.com\/blog\/donner-images-professionnelle-marque\/#primaryimage"},"thumbnailUrl":"https:\/\/graphiste.com\/blog\/wp-content\/uploads\/sites\/4\/2018\/08\/graphiste-image-professionnelle-1.png","keywords":["D\u00e9velopper son entreprise"],"articleSection":["Branding"],"inLanguage":"fr-FR","potentialAction":[{"@type":"CommentAction","name":"Comment","target":["https:\/\/graphiste.com\/blog\/donner-images-professionnelle-marque\/#respond"]}]},{"@type":"WebPage","@id":"https:\/\/graphiste.com\/blog\/donner-images-professionnelle-marque\/","url":"https:\/\/graphiste.com\/blog\/donner-images-professionnelle-marque\/","name":"4 fa\u00e7ons de donner une image plus professionnelle \u00e0 votre marque - Graphiste Blog","isPartOf":{"@id":"https:\/\/graphiste.com\/blog\/#website"},"primaryImageOfPage":{"@id":"https:\/\/graphiste.com\/blog\/donner-images-professionnelle-marque\/#primaryimage"},"image":{"@id":"https:\/\/graphiste.com\/blog\/donner-images-professionnelle-marque\/#primaryimage"},"thumbnailUrl":"https:\/\/graphiste.com\/blog\/wp-content\/uploads\/sites\/4\/2018\/08\/graphiste-image-professionnelle-1.png","datePublished":"2018-08-28T08:30:11+00:00","dateModified":"2025-08-20T15:22:40+00:00","description":"Vous \u00eates un professionnel. Vous le savez. Mais est-ce que vos clients potentiels en ont conscience ? Voici les petites astuces qui feront toute la","breadcrumb":{"@id":"https:\/\/graphiste.com\/blog\/donner-images-professionnelle-marque\/#breadcrumb"},"inLanguage":"fr-FR","potentialAction":[{"@type":"ReadAction","target":["https:\/\/graphiste.com\/blog\/donner-images-professionnelle-marque\/"]}]},{"@type":"ImageObject","inLanguage":"fr-FR","@id":"https:\/\/graphiste.com\/blog\/donner-images-professionnelle-marque\/#primaryimage","url":"https:\/\/graphiste.com\/blog\/wp-content\/uploads\/sites\/4\/2018\/08\/graphiste-image-professionnelle-1.png","contentUrl":"https:\/\/graphiste.com\/blog\/wp-content\/uploads\/sites\/4\/2018\/08\/graphiste-image-professionnelle-1.png","width":850,"height":423,"caption":"Entreprise : image professionnelle marque"},{"@type":"BreadcrumbList","@id":"https:\/\/graphiste.com\/blog\/donner-images-professionnelle-marque\/#breadcrumb","itemListElement":[{"@type":"ListItem","position":1,"name":"Blog","item":"https:\/\/graphiste.com\/blog\/"},{"@type":"ListItem","position":2,"name":"Branding","item":"https:\/\/graphiste.com\/blog\/branding\/"},{"@type":"ListItem","position":3,"name":"4 fa\u00e7ons de donner une image plus professionnelle \u00e0 votre marque"}]},{"@type":"WebSite","@id":"https:\/\/graphiste.com\/blog\/#website","url":"https:\/\/graphiste.com\/blog\/","name":"Graphiste.com","description":"graphiste","publisher":{"@id":"https:\/\/graphiste.com\/blog\/#organization"},"potentialAction":[{"@type":"SearchAction","target":{"@type":"EntryPoint","urlTemplate":"https:\/\/graphiste.com\/blog\/?s={search_term_string}"},"query-input":{"@type":"PropertyValueSpecification","valueRequired":true,"valueName":"search_term_string"}}],"inLanguage":"fr-FR"},{"@type":"Organization","@id":"https:\/\/graphiste.com\/blog\/#organization","name":"Graphiste.com","url":"https:\/\/graphiste.com\/blog\/","logo":{"@type":"ImageObject","inLanguage":"fr-FR","@id":"https:\/\/graphiste.com\/blog\/#\/schema\/logo\/image\/","url":"https:\/\/graphiste.com\/blog\/wp-content\/uploads\/sites\/4\/2022\/07\/logo-blog-graphiste.svg","contentUrl":"https:\/\/graphiste.com\/blog\/wp-content\/uploads\/sites\/4\/2022\/07\/logo-blog-graphiste.svg","width":1,"height":1,"caption":"Graphiste.com"},"image":{"@id":"https:\/\/graphiste.com\/blog\/#\/schema\/logo\/image\/"},"sameAs":["https:\/\/www.facebook.com\/graphistesfreelances","https:\/\/x.com\/Graphistecom","https:\/\/www.linkedin.com\/company\/graphiste-com\/","https:\/\/fr.pinterest.com\/Graphiste_Com","https:\/\/www.instagram.com\/graphiste_com\/"]},{"@type":"Person","@id":"https:\/\/graphiste.com\/blog\/#\/schema\/person\/cc3b0a678aeffcae19ecc599eaf679e5","name":"Thomas Lazzaroni","image":{"@type":"ImageObject","inLanguage":"fr-FR","@id":"https:\/\/graphiste.com\/blog\/#\/schema\/person\/image\/","url":"https:\/\/secure.gravatar.com\/avatar\/7306fb87b7017ab0955d07c2f2b771ac79e91965a2fca514df0c043f7c087fd2?s=96&d=mm&r=g","contentUrl":"https:\/\/secure.gravatar.com\/avatar\/7306fb87b7017ab0955d07c2f2b771ac79e91965a2fca514df0c043f7c087fd2?s=96&d=mm&r=g","caption":"Thomas Lazzaroni"},"description":"Depuis plus de 10 ans, je contribue \u00e0 faire rayonner nos sites en imaginant des strat\u00e9gies qui renforcent notre visibilit\u00e9 et notre position de r\u00e9f\u00e9rence.","sameAs":["https:\/\/totolazza.com","https:\/\/www.linkedin.com\/in\/thomaslazzaroni\/","https:\/\/x.com\/totolazza"],"url":"https:\/\/graphiste.com\/blog\/author\/thomas\/"}]}},"_links":{"self":[{"href":"https:\/\/graphiste.com\/blog\/wp-json\/wp\/v2\/posts\/7655","targetHints":{"allow":["GET"]}}],"collection":[{"href":"https:\/\/graphiste.com\/blog\/wp-json\/wp\/v2\/posts"}],"about":[{"href":"https:\/\/graphiste.com\/blog\/wp-json\/wp\/v2\/types\/post"}],"author":[{"embeddable":true,"href":"https:\/\/graphiste.com\/blog\/wp-json\/wp\/v2\/users\/5"}],"replies":[{"embeddable":true,"href":"https:\/\/graphiste.com\/blog\/wp-json\/wp\/v2\/comments?post=7655"}],"version-history":[{"count":0,"href":"https:\/\/graphiste.com\/blog\/wp-json\/wp\/v2\/posts\/7655\/revisions"}],"wp:featuredmedia":[{"embeddable":true,"href":"https:\/\/graphiste.com\/blog\/wp-json\/wp\/v2\/media\/7672"}],"wp:attachment":[{"href":"https:\/\/graphiste.com\/blog\/wp-json\/wp\/v2\/media?parent=7655"}],"wp:term":[{"taxonomy":"category","embeddable":true,"href":"https:\/\/graphiste.com\/blog\/wp-json\/wp\/v2\/categories?post=7655"},{"taxonomy":"post_tag","embeddable":true,"href":"https:\/\/graphiste.com\/blog\/wp-json\/wp\/v2\/tags?post=7655"}],"curies":[{"name":"wp","href":"https:\/\/api.w.org\/{rel}","templated":true}]}}