{"id":7597,"date":"2018-08-24T10:30:36","date_gmt":"2018-08-24T08:30:36","guid":{"rendered":"https:\/\/graphiste.com\/blog\/?p=7597"},"modified":"2025-08-20T17:17:20","modified_gmt":"2025-08-20T15:17:20","slug":"facebook-demarquer-photo-couverture","status":"publish","type":"post","link":"https:\/\/graphiste.com\/blog\/facebook-demarquer-photo-couverture\/","title":{"rendered":"Facebook&nbsp;: comment se d\u00e9marquer avec la photo de couverture&nbsp;?"},"content":{"rendered":"<p>Il vous suffit de regarder l&#8217;allure d&#8217;une page Facebook pour comprendre que la photo de couverture tient une place primordiale&nbsp;: c&#8217;est l&#8217;\u00e9l\u00e9ment que vous voyez en premier.<\/p>\n<p>C&#8217;est donc une \u00e9vidence&nbsp;: pour vous d\u00e9marquer de vos concurrents et donner \u00e0 votre <a href=\"https:\/\/graphiste.com\/blog\/personnalisez-votre-page-facebook\" target=\"_blank\" rel=\"noopener noreferrer\">page Facebook<\/a> un aspect professionnel, vous devez soigner la composition cette photo.<\/p>\n<p>Toutefois, ce n&#8217;est pas toujours simple de trouver l&#8217;inspiration. Alors pour vous aider dans cette t\u00e2che, nous vous livrons 5 conseils pour cr\u00e9er <a href=\"https:\/\/graphiste.com\/blog\/erreurs-visuels-reseaux-sociaux\" target=\"_blank\" rel=\"noopener noreferrer\">une superbe photo de couverture<\/a> \u00e0 l&#8217;effigie de votre marque.<\/p>\n<h2>Jouez sur la tendance des ic\u00f4nes<\/h2>\n<p>Depuis plusieurs ann\u00e9es, les ic\u00f4nes se sont d\u00e9velopp\u00e9s, ces petites illustrations pouvant aujourd&#8217;hui \u00eatre utilis\u00e9es dans de nombreuses situations.<\/p>\n<p>Simples et facilement compr\u00e9hensibles, ils aident \u00e0 v\u00e9hiculer un message.<\/p>\n<p>Pour que les visiteurs de votre page Facebook comprennent rapidement votre secteur d&#8217;activit\u00e9, pourquoi ne pas miser sur eux&nbsp;? Utilisez des ic\u00f4nes vari\u00e9s pour symboliser votre activit\u00e9 et jouez sur le contraste pour les faire plus ou moins ressortir. Et voil\u00e0, vous obtenez une photo de couverture originale mais tout aussi percutante.<\/p>\n<p><img decoding=\"async\" class=\"aligncenter wp-image-7598 size-full\" src=\"https:\/\/graphiste.com\/blog\/wp-content\/uploads\/sites\/4\/2018\/08\/couverture-facebook-icone.png\" alt=\"Couverture Facebook ic\u00f4nes Youtube\" width=\"600\" height=\"213\" \/><\/p>\n<p>&nbsp;<\/p>\n<h2>Cr\u00e9ez pour une grille de photos<\/h2>\n<p>Il arrive que l&#8217;on veuille dire ou montrer tellement de choses qu&#8217;il est parfois difficile de faire un choix. Pour les ind\u00e9cis, la grille de photos fera leur bonheur.<\/p>\n<p>Organisez vos photographies ou images de qualit\u00e9 selon une grille d\u00e9finie.<\/p>\n<p>Toutefois, vous n&#8217;\u00eates pas oblig\u00e9 de respecter une sym\u00e9trie parfaite. Un peu de d\u00e9sorganisation ajoutera un peu de folie \u00e0 votre photo de couverture Facebook.<\/p>\n<p><a href=\"https:\/\/www.facebook.com\/login\/?next=https%3A%2F%2Fwww.facebook.com%2Fchase%2F\" target=\"_blank\" rel=\"noopener noreferrer\"><img decoding=\"async\" class=\"aligncenter wp-image-7599 size-full\" src=\"https:\/\/graphiste.com\/blog\/wp-content\/uploads\/sites\/4\/2018\/08\/couverture-facebook-grille-photos.png\" alt=\"Couverture Facebook grille de photos\" width=\"600\" height=\"215\" \/><\/a><\/p>\n<p>&nbsp;<\/p>\n<h2>Ajoutez de l&#8217;overlay<\/h2>\n<p>Mettre une image en photo de couverture de votre page Facebook c&#8217;est bien. Mais pourquoi ne pas ajouter du texte&nbsp;?<\/p>\n<p>Si la superposition du texte sur une photographie vous semble difficile, ajoutez un <a href=\"https:\/\/graphiste.com\/blog\/overlays-photoshop-gratuits\" target=\"_blank\" rel=\"noopener noreferrer\">overlay<\/a>. Vous apporterez ainsi une touche de modernit\u00e9 \u00e0 votre page Facebook.<\/p>\n<p>Pour que votre overlay soit r\u00e9ussi vous devez vous assurer d&#8217;avoir assez de contraste entre la couleur de votre texte et votre fond. Mais cela ne veut pas dire que vous devez cr\u00e9er des overlays sombres, bien au contraire&nbsp;! La tendance est aux couleurs vives, alors profitez en.<\/p>\n<p><img decoding=\"async\" class=\"aligncenter wp-image-7602 size-full\" src=\"https:\/\/graphiste.com\/blog\/wp-content\/uploads\/sites\/4\/2018\/08\/couverture-facebook-overlay.png\" alt=\"Couverture Facebook overlay\" width=\"600\" height=\"215\" \/><\/p>\n<p>&nbsp;<\/p>\n<h2>Optez pour un flat lay<\/h2>\n<p>Et si je vous disais qu&#8217;une seule photographie peut transmettre votre histoire, votre culture d&#8217;entreprise ou encore votre m\u00e9tier&nbsp;? C&#8217;est possible gr\u00e2ce au flat lay.<\/p>\n<p>Ces photographies prisent de haut o\u00f9 l&#8217;on peut voir un certain nombre d&#8217;objets agenc\u00e9s sont tr\u00e8s r\u00e9pandues et tr\u00e8s \u00e0 la mode sur les r\u00e9seaux sociaux, notamment lorsqu&#8217;il s&#8217;agit de montrer de la nourriture ou un bureau par exemple.<\/p>\n<p>En choisissant un flat lay en couverture de votre page Facebook, vous pourrez facilement montrer et valoriser les produits que vous vendez.<\/p>\n<p><a href=\"https:\/\/www.facebook.com\/login\/?next=https%3A%2F%2Fwww.facebook.com%2FNatureBox%2F\" target=\"_blank\" rel=\"noopener noreferrer\"><img decoding=\"async\" class=\"aligncenter wp-image-7605 size-full\" src=\"https:\/\/graphiste.com\/blog\/wp-content\/uploads\/sites\/4\/2018\/08\/couverture-facebook-flat-lay.png\" alt=\"Couverture Facebook Flat Lay\" width=\"600\" height=\"214\" \/><\/a><\/p>\n<blockquote><p>\u00c0 lire aussi&nbsp;: <a href=\"https:\/\/graphiste.com\/blog\/photographie-astuces-essentielles\" target=\"_blank\" rel=\"noopener noreferrer\">Photographie&nbsp;: 5 astuces essentielles pour r\u00e9ussir tous vos clich\u00e9s<\/a><\/p><\/blockquote>\n<h2>Allez encore plus loin avec la vid\u00e9o<\/h2>\n<p>Si vous voulez faire preuve d&#8217;encore plus d&#8217;originalit\u00e9, remplacez votre photo de couverture par une vid\u00e9o. C&#8217;est garanti, l&#8217;attention des visiteurs de votre page Facebook sera imm\u00e9diatement capt\u00e9e.<\/p>\n<p>\u00c9videmment, cette vid\u00e9o sera muette, choisissez donc bien les images que vous souhaitez montrer afin qu&#8217;elles aient du sens.<\/p>\n<p><a href=\"https:\/\/www.facebook.com\/natgeo\/\" target=\"_blank\" rel=\"noopener noreferrer\"><img decoding=\"async\" class=\"aligncenter wp-image-7606 size-full\" src=\"https:\/\/graphiste.com\/blog\/wp-content\/uploads\/sites\/4\/2018\/08\/couverture-facebook-video.png\" alt=\"Couverture Facebook vid\u00e9o\" width=\"600\" height=\"214\" \/><\/a><\/p>\n<p>&nbsp;<\/p>\n<p>Qu&#8217;elle que soit la composition graphique que vous choisirez pour la couverture de votre page Facebook, vous pouvez faire appel \u00e0 l&#8217;un de nos graphistes professionnels en postant directement une <a href=\"https:\/\/graphiste.com\/categories\/bannieres\/projects\" target=\"_blank\" rel=\"noopener noreferrer\">annonce sur Graphiste.com<\/a>.<\/p>\n<blockquote><p>\u00c0 lire aussi&nbsp;: <a href=\"https:\/\/graphiste.com\/blog\/inspiration-bannieres-facebook-creatives\" target=\"_blank\" rel=\"noopener noreferrer\">Inspiration&nbsp;: 12 banni\u00e8res Facebook pour vous d\u00e9marquer<\/a><\/p><\/blockquote>\n","protected":false},"excerpt":{"rendered":"<p>Il vous suffit de regarder l&#8217;allure d&#8217;une page Facebook pour comprendre que la photo de couverture tient une place primordiale&nbsp;: c&#8217;est l&#8217;\u00e9l\u00e9ment que vous voyez en premier. C&#8217;est donc une \u00e9vidence&nbsp;: pour vous d\u00e9marquer de vos concurrents et donner \u00e0 votre page Facebook un aspect professionnel, vous devez soigner la composition cette photo. Toutefois, ce [&hellip;]<\/p>\n","protected":false},"author":5,"featured_media":7651,"comment_status":"open","ping_status":"open","sticky":false,"template":"","format":"standard","meta":{"_acf_changed":false,"inline_featured_image":false,"footnotes":""},"categories":[16],"tags":[],"class_list":["post-7597","post","type-post","status-publish","format-standard","has-post-thumbnail","hentry","category-reseaux-sociaux"],"acf":[],"yoast_head":"<!-- This site is optimized with the Yoast SEO plugin v25.9 - https:\/\/yoast.com\/wordpress\/plugins\/seo\/ -->\n<title>Facebook : comment se d\u00e9marquer avec la photo de couverture ? - Graphiste Blog<\/title>\n<meta name=\"description\" content=\"Il vous suffit de regarder l&#039;allure d&#039;une page Facebook pour comprendre que la photo de couverture tient une place primordiale : c&#039;est l&#039;\u00e9l\u00e9ment que vous\" \/>\n<meta name=\"robots\" content=\"index, follow, max-snippet:-1, max-image-preview:large, max-video-preview:-1\" \/>\n<link rel=\"canonical\" href=\"https:\/\/graphiste.com\/blog\/facebook-demarquer-photo-couverture\/\" \/>\n<meta property=\"og:locale\" content=\"fr_FR\" \/>\n<meta property=\"og:type\" content=\"article\" \/>\n<meta property=\"og:title\" content=\"Facebook : comment se d\u00e9marquer avec la photo de couverture ? - Graphiste Blog\" \/>\n<meta property=\"og:description\" content=\"Il vous suffit de regarder l&#039;allure d&#039;une page Facebook pour comprendre que la photo de couverture tient une place primordiale : c&#039;est l&#039;\u00e9l\u00e9ment que vous\" \/>\n<meta property=\"og:url\" content=\"https:\/\/graphiste.com\/blog\/facebook-demarquer-photo-couverture\/\" \/>\n<meta property=\"og:site_name\" content=\"Graphiste.com\" \/>\n<meta property=\"article:publisher\" content=\"https:\/\/www.facebook.com\/graphistesfreelances\" \/>\n<meta property=\"article:published_time\" content=\"2018-08-24T08:30:36+00:00\" \/>\n<meta property=\"article:modified_time\" content=\"2025-08-20T15:17:20+00:00\" \/>\n<meta property=\"og:image\" content=\"https:\/\/graphiste.com\/blog\/wp-content\/uploads\/sites\/4\/2018\/08\/graphiste-photo-couverture-facebook-1.png\" \/>\n\t<meta property=\"og:image:width\" content=\"850\" \/>\n\t<meta property=\"og:image:height\" content=\"423\" \/>\n\t<meta property=\"og:image:type\" content=\"image\/png\" \/>\n<meta name=\"author\" content=\"Thomas Lazzaroni\" \/>\n<meta name=\"twitter:card\" content=\"summary_large_image\" \/>\n<meta name=\"twitter:creator\" content=\"@totolazza\" \/>\n<meta name=\"twitter:site\" content=\"@Graphistecom\" \/>\n<meta name=\"twitter:label1\" content=\"\u00c9crit par\" \/>\n\t<meta name=\"twitter:data1\" content=\"Thomas Lazzaroni\" \/>\n\t<meta name=\"twitter:label2\" content=\"Dur\u00e9e de lecture estim\u00e9e\" \/>\n\t<meta name=\"twitter:data2\" content=\"4 minutes\" \/>\n<script type=\"application\/ld+json\" class=\"yoast-schema-graph\">{\"@context\":\"https:\/\/schema.org\",\"@graph\":[{\"@type\":\"Article\",\"@id\":\"https:\/\/graphiste.com\/blog\/facebook-demarquer-photo-couverture\/#article\",\"isPartOf\":{\"@id\":\"https:\/\/graphiste.com\/blog\/facebook-demarquer-photo-couverture\/\"},\"author\":{\"name\":\"Thomas Lazzaroni\",\"@id\":\"https:\/\/graphiste.com\/blog\/#\/schema\/person\/cc3b0a678aeffcae19ecc599eaf679e5\"},\"headline\":\"Facebook&nbsp;: comment se d\u00e9marquer avec la photo de couverture&nbsp;?\",\"datePublished\":\"2018-08-24T08:30:36+00:00\",\"dateModified\":\"2025-08-20T15:17:20+00:00\",\"mainEntityOfPage\":{\"@id\":\"https:\/\/graphiste.com\/blog\/facebook-demarquer-photo-couverture\/\"},\"wordCount\":610,\"commentCount\":0,\"publisher\":{\"@id\":\"https:\/\/graphiste.com\/blog\/#organization\"},\"image\":{\"@id\":\"https:\/\/graphiste.com\/blog\/facebook-demarquer-photo-couverture\/#primaryimage\"},\"thumbnailUrl\":\"https:\/\/graphiste.com\/blog\/wp-content\/uploads\/sites\/4\/2018\/08\/graphiste-photo-couverture-facebook-1.png\",\"articleSection\":[\"R\u00e9seaux sociaux\"],\"inLanguage\":\"fr-FR\",\"potentialAction\":[{\"@type\":\"CommentAction\",\"name\":\"Comment\",\"target\":[\"https:\/\/graphiste.com\/blog\/facebook-demarquer-photo-couverture\/#respond\"]}]},{\"@type\":\"WebPage\",\"@id\":\"https:\/\/graphiste.com\/blog\/facebook-demarquer-photo-couverture\/\",\"url\":\"https:\/\/graphiste.com\/blog\/facebook-demarquer-photo-couverture\/\",\"name\":\"Facebook : comment se d\u00e9marquer avec la photo de couverture ? - Graphiste Blog\",\"isPartOf\":{\"@id\":\"https:\/\/graphiste.com\/blog\/#website\"},\"primaryImageOfPage\":{\"@id\":\"https:\/\/graphiste.com\/blog\/facebook-demarquer-photo-couverture\/#primaryimage\"},\"image\":{\"@id\":\"https:\/\/graphiste.com\/blog\/facebook-demarquer-photo-couverture\/#primaryimage\"},\"thumbnailUrl\":\"https:\/\/graphiste.com\/blog\/wp-content\/uploads\/sites\/4\/2018\/08\/graphiste-photo-couverture-facebook-1.png\",\"datePublished\":\"2018-08-24T08:30:36+00:00\",\"dateModified\":\"2025-08-20T15:17:20+00:00\",\"description\":\"Il vous suffit de regarder l'allure d'une page Facebook pour comprendre que la photo de couverture tient une place primordiale : c'est l'\u00e9l\u00e9ment que vous\",\"breadcrumb\":{\"@id\":\"https:\/\/graphiste.com\/blog\/facebook-demarquer-photo-couverture\/#breadcrumb\"},\"inLanguage\":\"fr-FR\",\"potentialAction\":[{\"@type\":\"ReadAction\",\"target\":[\"https:\/\/graphiste.com\/blog\/facebook-demarquer-photo-couverture\/\"]}]},{\"@type\":\"ImageObject\",\"inLanguage\":\"fr-FR\",\"@id\":\"https:\/\/graphiste.com\/blog\/facebook-demarquer-photo-couverture\/#primaryimage\",\"url\":\"https:\/\/graphiste.com\/blog\/wp-content\/uploads\/sites\/4\/2018\/08\/graphiste-photo-couverture-facebook-1.png\",\"contentUrl\":\"https:\/\/graphiste.com\/blog\/wp-content\/uploads\/sites\/4\/2018\/08\/graphiste-photo-couverture-facebook-1.png\",\"width\":850,\"height\":423,\"caption\":\"Photo de couverture Facebook\"},{\"@type\":\"BreadcrumbList\",\"@id\":\"https:\/\/graphiste.com\/blog\/facebook-demarquer-photo-couverture\/#breadcrumb\",\"itemListElement\":[{\"@type\":\"ListItem\",\"position\":1,\"name\":\"Blog\",\"item\":\"https:\/\/graphiste.com\/blog\/\"},{\"@type\":\"ListItem\",\"position\":2,\"name\":\"Facebook&nbsp;: comment se d\u00e9marquer avec la photo de couverture&nbsp;?\"}]},{\"@type\":\"WebSite\",\"@id\":\"https:\/\/graphiste.com\/blog\/#website\",\"url\":\"https:\/\/graphiste.com\/blog\/\",\"name\":\"Graphiste.com\",\"description\":\"graphiste\",\"publisher\":{\"@id\":\"https:\/\/graphiste.com\/blog\/#organization\"},\"potentialAction\":[{\"@type\":\"SearchAction\",\"target\":{\"@type\":\"EntryPoint\",\"urlTemplate\":\"https:\/\/graphiste.com\/blog\/?s={search_term_string}\"},\"query-input\":{\"@type\":\"PropertyValueSpecification\",\"valueRequired\":true,\"valueName\":\"search_term_string\"}}],\"inLanguage\":\"fr-FR\"},{\"@type\":\"Organization\",\"@id\":\"https:\/\/graphiste.com\/blog\/#organization\",\"name\":\"Graphiste.com\",\"url\":\"https:\/\/graphiste.com\/blog\/\",\"logo\":{\"@type\":\"ImageObject\",\"inLanguage\":\"fr-FR\",\"@id\":\"https:\/\/graphiste.com\/blog\/#\/schema\/logo\/image\/\",\"url\":\"https:\/\/graphiste.com\/blog\/wp-content\/uploads\/sites\/4\/2022\/07\/logo-blog-graphiste.svg\",\"contentUrl\":\"https:\/\/graphiste.com\/blog\/wp-content\/uploads\/sites\/4\/2022\/07\/logo-blog-graphiste.svg\",\"width\":1,\"height\":1,\"caption\":\"Graphiste.com\"},\"image\":{\"@id\":\"https:\/\/graphiste.com\/blog\/#\/schema\/logo\/image\/\"},\"sameAs\":[\"https:\/\/www.facebook.com\/graphistesfreelances\",\"https:\/\/x.com\/Graphistecom\",\"https:\/\/www.linkedin.com\/company\/graphiste-com\/\",\"https:\/\/fr.pinterest.com\/Graphiste_Com\",\"https:\/\/www.instagram.com\/graphiste_com\/\"]},{\"@type\":\"Person\",\"@id\":\"https:\/\/graphiste.com\/blog\/#\/schema\/person\/cc3b0a678aeffcae19ecc599eaf679e5\",\"name\":\"Thomas Lazzaroni\",\"image\":{\"@type\":\"ImageObject\",\"inLanguage\":\"fr-FR\",\"@id\":\"https:\/\/graphiste.com\/blog\/#\/schema\/person\/image\/\",\"url\":\"https:\/\/secure.gravatar.com\/avatar\/7306fb87b7017ab0955d07c2f2b771ac79e91965a2fca514df0c043f7c087fd2?s=96&d=mm&r=g\",\"contentUrl\":\"https:\/\/secure.gravatar.com\/avatar\/7306fb87b7017ab0955d07c2f2b771ac79e91965a2fca514df0c043f7c087fd2?s=96&d=mm&r=g\",\"caption\":\"Thomas Lazzaroni\"},\"description\":\"Depuis plus de 10 ans, je contribue \u00e0 faire rayonner nos sites en imaginant des strat\u00e9gies qui renforcent notre visibilit\u00e9 et notre position de r\u00e9f\u00e9rence.\",\"sameAs\":[\"https:\/\/totolazza.com\",\"https:\/\/www.linkedin.com\/in\/thomaslazzaroni\/\",\"https:\/\/x.com\/totolazza\"],\"url\":\"https:\/\/graphiste.com\/blog\/author\/thomas\/\"}]}<\/script>\n<!-- \/ Yoast SEO plugin. -->","yoast_head_json":{"title":"Facebook : comment se d\u00e9marquer avec la photo de couverture ? - Graphiste Blog","description":"Il vous suffit de regarder l'allure d'une page Facebook pour comprendre que la photo de couverture tient une place primordiale : c'est l'\u00e9l\u00e9ment que vous","robots":{"index":"index","follow":"follow","max-snippet":"max-snippet:-1","max-image-preview":"max-image-preview:large","max-video-preview":"max-video-preview:-1"},"canonical":"https:\/\/graphiste.com\/blog\/facebook-demarquer-photo-couverture\/","og_locale":"fr_FR","og_type":"article","og_title":"Facebook : comment se d\u00e9marquer avec la photo de couverture ? - Graphiste Blog","og_description":"Il vous suffit de regarder l'allure d'une page Facebook pour comprendre que la photo de couverture tient une place primordiale : c'est l'\u00e9l\u00e9ment que vous","og_url":"https:\/\/graphiste.com\/blog\/facebook-demarquer-photo-couverture\/","og_site_name":"Graphiste.com","article_publisher":"https:\/\/www.facebook.com\/graphistesfreelances","article_published_time":"2018-08-24T08:30:36+00:00","article_modified_time":"2025-08-20T15:17:20+00:00","og_image":[{"width":850,"height":423,"url":"https:\/\/graphiste.com\/blog\/wp-content\/uploads\/sites\/4\/2018\/08\/graphiste-photo-couverture-facebook-1.png","type":"image\/png"}],"author":"Thomas Lazzaroni","twitter_card":"summary_large_image","twitter_creator":"@totolazza","twitter_site":"@Graphistecom","twitter_misc":{"\u00c9crit par":"Thomas Lazzaroni","Dur\u00e9e de lecture estim\u00e9e":"4 minutes"},"schema":{"@context":"https:\/\/schema.org","@graph":[{"@type":"Article","@id":"https:\/\/graphiste.com\/blog\/facebook-demarquer-photo-couverture\/#article","isPartOf":{"@id":"https:\/\/graphiste.com\/blog\/facebook-demarquer-photo-couverture\/"},"author":{"name":"Thomas Lazzaroni","@id":"https:\/\/graphiste.com\/blog\/#\/schema\/person\/cc3b0a678aeffcae19ecc599eaf679e5"},"headline":"Facebook&nbsp;: comment se d\u00e9marquer avec la photo de couverture&nbsp;?","datePublished":"2018-08-24T08:30:36+00:00","dateModified":"2025-08-20T15:17:20+00:00","mainEntityOfPage":{"@id":"https:\/\/graphiste.com\/blog\/facebook-demarquer-photo-couverture\/"},"wordCount":610,"commentCount":0,"publisher":{"@id":"https:\/\/graphiste.com\/blog\/#organization"},"image":{"@id":"https:\/\/graphiste.com\/blog\/facebook-demarquer-photo-couverture\/#primaryimage"},"thumbnailUrl":"https:\/\/graphiste.com\/blog\/wp-content\/uploads\/sites\/4\/2018\/08\/graphiste-photo-couverture-facebook-1.png","articleSection":["R\u00e9seaux sociaux"],"inLanguage":"fr-FR","potentialAction":[{"@type":"CommentAction","name":"Comment","target":["https:\/\/graphiste.com\/blog\/facebook-demarquer-photo-couverture\/#respond"]}]},{"@type":"WebPage","@id":"https:\/\/graphiste.com\/blog\/facebook-demarquer-photo-couverture\/","url":"https:\/\/graphiste.com\/blog\/facebook-demarquer-photo-couverture\/","name":"Facebook : comment se d\u00e9marquer avec la photo de couverture ? - Graphiste Blog","isPartOf":{"@id":"https:\/\/graphiste.com\/blog\/#website"},"primaryImageOfPage":{"@id":"https:\/\/graphiste.com\/blog\/facebook-demarquer-photo-couverture\/#primaryimage"},"image":{"@id":"https:\/\/graphiste.com\/blog\/facebook-demarquer-photo-couverture\/#primaryimage"},"thumbnailUrl":"https:\/\/graphiste.com\/blog\/wp-content\/uploads\/sites\/4\/2018\/08\/graphiste-photo-couverture-facebook-1.png","datePublished":"2018-08-24T08:30:36+00:00","dateModified":"2025-08-20T15:17:20+00:00","description":"Il vous suffit de regarder l'allure d'une page Facebook pour comprendre que la photo de couverture tient une place primordiale : c'est l'\u00e9l\u00e9ment que vous","breadcrumb":{"@id":"https:\/\/graphiste.com\/blog\/facebook-demarquer-photo-couverture\/#breadcrumb"},"inLanguage":"fr-FR","potentialAction":[{"@type":"ReadAction","target":["https:\/\/graphiste.com\/blog\/facebook-demarquer-photo-couverture\/"]}]},{"@type":"ImageObject","inLanguage":"fr-FR","@id":"https:\/\/graphiste.com\/blog\/facebook-demarquer-photo-couverture\/#primaryimage","url":"https:\/\/graphiste.com\/blog\/wp-content\/uploads\/sites\/4\/2018\/08\/graphiste-photo-couverture-facebook-1.png","contentUrl":"https:\/\/graphiste.com\/blog\/wp-content\/uploads\/sites\/4\/2018\/08\/graphiste-photo-couverture-facebook-1.png","width":850,"height":423,"caption":"Photo de couverture Facebook"},{"@type":"BreadcrumbList","@id":"https:\/\/graphiste.com\/blog\/facebook-demarquer-photo-couverture\/#breadcrumb","itemListElement":[{"@type":"ListItem","position":1,"name":"Blog","item":"https:\/\/graphiste.com\/blog\/"},{"@type":"ListItem","position":2,"name":"Facebook&nbsp;: comment se d\u00e9marquer avec la photo de couverture&nbsp;?"}]},{"@type":"WebSite","@id":"https:\/\/graphiste.com\/blog\/#website","url":"https:\/\/graphiste.com\/blog\/","name":"Graphiste.com","description":"graphiste","publisher":{"@id":"https:\/\/graphiste.com\/blog\/#organization"},"potentialAction":[{"@type":"SearchAction","target":{"@type":"EntryPoint","urlTemplate":"https:\/\/graphiste.com\/blog\/?s={search_term_string}"},"query-input":{"@type":"PropertyValueSpecification","valueRequired":true,"valueName":"search_term_string"}}],"inLanguage":"fr-FR"},{"@type":"Organization","@id":"https:\/\/graphiste.com\/blog\/#organization","name":"Graphiste.com","url":"https:\/\/graphiste.com\/blog\/","logo":{"@type":"ImageObject","inLanguage":"fr-FR","@id":"https:\/\/graphiste.com\/blog\/#\/schema\/logo\/image\/","url":"https:\/\/graphiste.com\/blog\/wp-content\/uploads\/sites\/4\/2022\/07\/logo-blog-graphiste.svg","contentUrl":"https:\/\/graphiste.com\/blog\/wp-content\/uploads\/sites\/4\/2022\/07\/logo-blog-graphiste.svg","width":1,"height":1,"caption":"Graphiste.com"},"image":{"@id":"https:\/\/graphiste.com\/blog\/#\/schema\/logo\/image\/"},"sameAs":["https:\/\/www.facebook.com\/graphistesfreelances","https:\/\/x.com\/Graphistecom","https:\/\/www.linkedin.com\/company\/graphiste-com\/","https:\/\/fr.pinterest.com\/Graphiste_Com","https:\/\/www.instagram.com\/graphiste_com\/"]},{"@type":"Person","@id":"https:\/\/graphiste.com\/blog\/#\/schema\/person\/cc3b0a678aeffcae19ecc599eaf679e5","name":"Thomas Lazzaroni","image":{"@type":"ImageObject","inLanguage":"fr-FR","@id":"https:\/\/graphiste.com\/blog\/#\/schema\/person\/image\/","url":"https:\/\/secure.gravatar.com\/avatar\/7306fb87b7017ab0955d07c2f2b771ac79e91965a2fca514df0c043f7c087fd2?s=96&d=mm&r=g","contentUrl":"https:\/\/secure.gravatar.com\/avatar\/7306fb87b7017ab0955d07c2f2b771ac79e91965a2fca514df0c043f7c087fd2?s=96&d=mm&r=g","caption":"Thomas Lazzaroni"},"description":"Depuis plus de 10 ans, je contribue \u00e0 faire rayonner nos sites en imaginant des strat\u00e9gies qui renforcent notre visibilit\u00e9 et notre position de r\u00e9f\u00e9rence.","sameAs":["https:\/\/totolazza.com","https:\/\/www.linkedin.com\/in\/thomaslazzaroni\/","https:\/\/x.com\/totolazza"],"url":"https:\/\/graphiste.com\/blog\/author\/thomas\/"}]}},"_links":{"self":[{"href":"https:\/\/graphiste.com\/blog\/wp-json\/wp\/v2\/posts\/7597","targetHints":{"allow":["GET"]}}],"collection":[{"href":"https:\/\/graphiste.com\/blog\/wp-json\/wp\/v2\/posts"}],"about":[{"href":"https:\/\/graphiste.com\/blog\/wp-json\/wp\/v2\/types\/post"}],"author":[{"embeddable":true,"href":"https:\/\/graphiste.com\/blog\/wp-json\/wp\/v2\/users\/5"}],"replies":[{"embeddable":true,"href":"https:\/\/graphiste.com\/blog\/wp-json\/wp\/v2\/comments?post=7597"}],"version-history":[{"count":0,"href":"https:\/\/graphiste.com\/blog\/wp-json\/wp\/v2\/posts\/7597\/revisions"}],"wp:featuredmedia":[{"embeddable":true,"href":"https:\/\/graphiste.com\/blog\/wp-json\/wp\/v2\/media\/7651"}],"wp:attachment":[{"href":"https:\/\/graphiste.com\/blog\/wp-json\/wp\/v2\/media?parent=7597"}],"wp:term":[{"taxonomy":"category","embeddable":true,"href":"https:\/\/graphiste.com\/blog\/wp-json\/wp\/v2\/categories?post=7597"},{"taxonomy":"post_tag","embeddable":true,"href":"https:\/\/graphiste.com\/blog\/wp-json\/wp\/v2\/tags?post=7597"}],"curies":[{"name":"wp","href":"https:\/\/api.w.org\/{rel}","templated":true}]}}