{"id":51636,"date":"2023-11-07T10:30:00","date_gmt":"2023-11-07T09:30:00","guid":{"rendered":"https:\/\/graphiste.com\/blog\/?p=51636"},"modified":"2025-08-19T11:48:37","modified_gmt":"2025-08-19T09:48:37","slug":"portfolio-ux-designer","status":"publish","type":"post","link":"https:\/\/graphiste.com\/blog\/portfolio-ux-designer\/","title":{"rendered":"Comment r\u00e9ussir son portfolio d&#8217;UX designer&nbsp;?"},"content":{"rendered":"\n<p>On dit souvent qu\u2019une image vaut mille mots, et c\u2019est pour cela que les portfolios ont autant d\u2019impact aupr\u00e8s des recruteurs dans les domaines cr\u00e9atifs.<\/p>\n\n\n\n<p>Un <strong><a href=\"https:\/\/graphiste.com\/\">graphiste freelance<\/a><\/strong> saura mettre en valeur votre travail ainsi que votre parcours professionnel dans un portfolio impactant et original tout en vous lib\u00e9rant du temps pour votre activit\u00e9 d\u2019UX designer.<\/p>\n\n\n\n<p>Pour vous aider dans l\u2019\u00e9laboration de ce document essentiel, d\u00e9couvrez quel format est compatible avec votre activit\u00e9 d\u2019UX designer, <strong>comment mettre en valeur vos comp\u00e9tences professionnelles et votre parcours dans un portfolio de qualit\u00e9 et comment le diffuser<\/strong>, ainsi que notre astuce pour une conception haut de gamme.<\/p>\n\n\n\n<h2 class=\"wp-block-heading\">Quel format de portfolio cr\u00e9er quand on est UX designer&nbsp;?<\/h2>\n\n\n\n<p>En tant qu\u2019UX designer, vous devez trouver le format qui correspondra aux attentes des utilisateurs d\u00e9sireux de consulter votre portfolio et qui mettra en valeur vos comp\u00e9tences.<\/p>\n\n\n\n<h3 class=\"wp-block-heading\">Cr\u00e9er un site internet portfolio<\/h3>\n\n\n\n<p>Les plateformes de cr\u00e9ation de sites web sont devenues des outils puissants de communication, y compris pour la cr\u00e9ation de portfolios innovants et accrocheurs pour se distinguer aupr\u00e8s des recruteurs. C\u2019est \u00e9galement l\u2019occasion de cr\u00e9er une interface avec une affordance \u00e0 la hauteur de vos comp\u00e9tences.<\/p>\n\n\n\n<p><strong>Avoir un portfolio en ligne<\/strong> vous permettra aussi, lors d\u2019entretiens, de gagner en r\u00e9activit\u00e9 en pr\u00e9sentant la page adapt\u00e9e pour apporter un exemple visuel lors d\u2019une question, tout en laissant \u00e0 d\u2019autres recruteurs le soin de le consulter directement sur le web.<\/p>\n\n\n\n<h4 class=\"wp-block-heading\">1. Wix, un outil de communication abordable<\/h4>\n\n\n\n<figure class=\"wp-block-image size-full\"><img decoding=\"async\" width=\"700\" height=\"373\" src=\"https:\/\/graphiste.com\/blog\/wp-content\/uploads\/sites\/4\/2023\/10\/WIX.webp\" alt=\"\" class=\"wp-image-51639\" srcset=\"https:\/\/graphiste.com\/blog\/wp-content\/uploads\/sites\/4\/2023\/10\/WIX.webp 700w, https:\/\/graphiste.com\/blog\/wp-content\/uploads\/sites\/4\/2023\/10\/WIX-300x160.webp 300w, https:\/\/graphiste.com\/blog\/wp-content\/uploads\/sites\/4\/2023\/10\/WIX-60x32.webp 60w, https:\/\/graphiste.com\/blog\/wp-content\/uploads\/sites\/4\/2023\/10\/WIX-370x197.webp 370w, https:\/\/graphiste.com\/blog\/wp-content\/uploads\/sites\/4\/2023\/10\/WIX-270x144.webp 270w, https:\/\/graphiste.com\/blog\/wp-content\/uploads\/sites\/4\/2023\/10\/WIX-570x304.webp 570w\" sizes=\"(max-width: 700px) 100vw, 700px\" \/><\/figure>\n\n\n\n<p>Optimis\u00e9e pour le r\u00e9f\u00e9rencement naturel, cette plateforme de cr\u00e9ation est abordable, m\u00eame sans connaissances particuli\u00e8res en codage, gr\u00e2ce \u00e0 un large choix de templates, d\u2019effets et d\u2019animations.<\/p>\n\n\n\n<p><strong><a href=\"https:\/\/fr.wix.com\/?source=graphiste-com-blog&amp;utm_source=graphiste-com-blog\" target=\"_blank\" rel=\"nofollow noopener noreferrer\">Wix <\/a><\/strong>s\u2019adapte \u00e9galement \u00e0 toutes les r\u00e9solutions, afin de proposer \u00e0 l\u2019utilisateur un site web responsive, que ce soit sur smartphone, tablette ou ordinateur.<\/p>\n\n\n\n<h4 class=\"wp-block-heading\">2. Dribbble, plus qu\u2019une plateforme web pour UX designers<\/h4>\n\n\n\n<figure class=\"wp-block-image size-full\"><img decoding=\"async\" width=\"700\" height=\"398\" src=\"https:\/\/graphiste.com\/blog\/wp-content\/uploads\/sites\/4\/2023\/10\/dribble.webp\" alt=\"\" class=\"wp-image-51644\" srcset=\"https:\/\/graphiste.com\/blog\/wp-content\/uploads\/sites\/4\/2023\/10\/dribble.webp 700w, https:\/\/graphiste.com\/blog\/wp-content\/uploads\/sites\/4\/2023\/10\/dribble-300x171.webp 300w, https:\/\/graphiste.com\/blog\/wp-content\/uploads\/sites\/4\/2023\/10\/dribble-60x34.webp 60w, https:\/\/graphiste.com\/blog\/wp-content\/uploads\/sites\/4\/2023\/10\/dribble-370x210.webp 370w, https:\/\/graphiste.com\/blog\/wp-content\/uploads\/sites\/4\/2023\/10\/dribble-270x154.webp 270w, https:\/\/graphiste.com\/blog\/wp-content\/uploads\/sites\/4\/2023\/10\/dribble-570x324.webp 570w\" sizes=\"(max-width: 700px) 100vw, 700px\" \/><\/figure>\n\n\n\n<p><strong><a href=\"https:\/\/dribbble.com\/?source=graphiste-com-blog&amp;utm_source=graphiste-com-blog\" target=\"_blank\" rel=\"nofollow noopener noreferrer\">Dribbble<\/a><\/strong> offre une alternative gr\u00e2ce au concept de \u201cshots\u201d&nbsp;: des captures d\u2019\u00e9cran courtes de vos r\u00e9alisations de design professionnelles.<\/p>\n\n\n\n<p>En y cr\u00e9ant votre portfolio, vous aurez \u00e9galement acc\u00e8s \u00e0 un v\u00e9ritable r\u00e9seau professionnel, id\u00e9al pour g\u00e9n\u00e9rer des vues sur vos pages et trouver des offres.<\/p>\n\n\n\n<h4 class=\"wp-block-heading\">3. Behance, un autre exemple de plateforme\/r\u00e9seau social<\/h4>\n\n\n\n<figure class=\"wp-block-image size-full\"><img decoding=\"async\" width=\"700\" height=\"398\" src=\"https:\/\/graphiste.com\/blog\/wp-content\/uploads\/sites\/4\/2023\/10\/behance.webp\" alt=\"\" class=\"wp-image-51643\" srcset=\"https:\/\/graphiste.com\/blog\/wp-content\/uploads\/sites\/4\/2023\/10\/behance.webp 700w, https:\/\/graphiste.com\/blog\/wp-content\/uploads\/sites\/4\/2023\/10\/behance-300x171.webp 300w, https:\/\/graphiste.com\/blog\/wp-content\/uploads\/sites\/4\/2023\/10\/behance-60x34.webp 60w, https:\/\/graphiste.com\/blog\/wp-content\/uploads\/sites\/4\/2023\/10\/behance-370x210.webp 370w, https:\/\/graphiste.com\/blog\/wp-content\/uploads\/sites\/4\/2023\/10\/behance-270x154.webp 270w, https:\/\/graphiste.com\/blog\/wp-content\/uploads\/sites\/4\/2023\/10\/behance-570x324.webp 570w\" sizes=\"(max-width: 700px) 100vw, 700px\" \/><\/figure>\n\n\n\n<p>Comme Dribbble, <strong><a href=\"https:\/\/www.behance.net\/?source=graphiste-com-blog&amp;utm_source=graphiste-com-blog\" target=\"_blank\" rel=\"nofollow noopener noreferrer\">Behance<\/a><\/strong> joue le r\u00f4le de r\u00e9seau social en plus de proposer la cr\u00e9ation de portfolios originaux pour mettre en valeur vos comp\u00e9tences d\u2019UX Designer.<\/p>\n\n\n\n<p>Cependant, l\u00e0 o\u00f9 Dribbble n\u00e9cessite une invite pour s\u2019inscrire, Behance est libre et plus facile d\u2019acc\u00e8s.<\/p>\n\n\n\n<h4 class=\"wp-block-heading\">4. Adobe Portfolio, l\u2019approche professionnelle du portfolio<\/h4>\n\n\n\n<figure class=\"wp-block-image size-full\"><img decoding=\"async\" width=\"700\" height=\"384\" src=\"https:\/\/graphiste.com\/blog\/wp-content\/uploads\/sites\/4\/2023\/10\/adobe-portfolio.webp\" alt=\"\" class=\"wp-image-51642\" srcset=\"https:\/\/graphiste.com\/blog\/wp-content\/uploads\/sites\/4\/2023\/10\/adobe-portfolio.webp 700w, https:\/\/graphiste.com\/blog\/wp-content\/uploads\/sites\/4\/2023\/10\/adobe-portfolio-300x165.webp 300w, https:\/\/graphiste.com\/blog\/wp-content\/uploads\/sites\/4\/2023\/10\/adobe-portfolio-60x33.webp 60w, https:\/\/graphiste.com\/blog\/wp-content\/uploads\/sites\/4\/2023\/10\/adobe-portfolio-370x203.webp 370w, https:\/\/graphiste.com\/blog\/wp-content\/uploads\/sites\/4\/2023\/10\/adobe-portfolio-270x148.webp 270w, https:\/\/graphiste.com\/blog\/wp-content\/uploads\/sites\/4\/2023\/10\/adobe-portfolio-570x313.webp 570w\" sizes=\"(max-width: 700px) 100vw, 700px\" \/><\/figure>\n\n\n\n<p>Destin\u00e9 aux professionnels du design, <strong><a href=\"https:\/\/portfolio.adobe.com\/?source=graphiste-com-blog&amp;utm_source=graphiste-com-blog\" target=\"_blank\" rel=\"nofollow noopener noreferrer\">Adobe Portfolio<\/a><\/strong> est un outil gratuit de portfolio et propose la synchronisation avec Behance.<\/p>\n\n\n\n<p>Dans sa version payante, il propose un acc\u00e8s aux logiciels du g\u00e9ant Adobe, tels que Photoshop ou InDesign.<\/p>\n\n\n\n<p>Tr\u00e8s appr\u00e9ci\u00e9 de la nouvelle g\u00e9n\u00e9ration de designers, Adobe Portfolio offre un outil de communication puissant.<\/p>\n\n\n\n<h4 class=\"wp-block-heading\">5. WordPress, r\u00e9ussir son projet avec le plugin adapt\u00e9<\/h4>\n\n\n\n<figure class=\"wp-block-image size-full\"><img decoding=\"async\" width=\"700\" height=\"378\" src=\"https:\/\/graphiste.com\/blog\/wp-content\/uploads\/sites\/4\/2023\/10\/wordpress.webp\" alt=\"\" class=\"wp-image-51640\" srcset=\"https:\/\/graphiste.com\/blog\/wp-content\/uploads\/sites\/4\/2023\/10\/wordpress.webp 700w, https:\/\/graphiste.com\/blog\/wp-content\/uploads\/sites\/4\/2023\/10\/wordpress-300x162.webp 300w, https:\/\/graphiste.com\/blog\/wp-content\/uploads\/sites\/4\/2023\/10\/wordpress-60x32.webp 60w, https:\/\/graphiste.com\/blog\/wp-content\/uploads\/sites\/4\/2023\/10\/wordpress-370x200.webp 370w, https:\/\/graphiste.com\/blog\/wp-content\/uploads\/sites\/4\/2023\/10\/wordpress-270x146.webp 270w, https:\/\/graphiste.com\/blog\/wp-content\/uploads\/sites\/4\/2023\/10\/wordpress-570x308.webp 570w\" sizes=\"(max-width: 700px) 100vw, 700px\" \/><\/figure>\n\n\n\n<p>En plus d\u2019\u00eatre une plateforme populaire de cr\u00e9ation de site web, <strong><a href=\"https:\/\/fr.wordpress.org\/?source=graphiste-com-blog&amp;utm_source=graphiste-com-blog\" target=\"_blank\" rel=\"nofollow noopener noreferrer\">WordPress<\/a><\/strong> propose de nombreux plugins destin\u00e9s \u00e0 mettre en valeur le travail des professionnels et des fonctionnalit\u00e9s d\u2019am\u00e9lioration esth\u00e9tiques comme \u201cWP Portfolio\u201d ou \u201cEnvira Photo Gallery\u201d.<\/p>\n\n\n\n<p>Que vous soyez expert ou d\u00e9butant, WordPress ne manque pas de ressources.<\/p>\n\n\n\n<h3 class=\"wp-block-heading\">Cr\u00e9er un portfolio au format PDF<\/h3>\n\n\n\n<p>Le plus souvent, le format PDF est \u00e0 privil\u00e9gier lorsque vous souhaitez envoyer une s\u00e9lection de vos projets professionnels en tant qu\u2019UX Designer \u00e0 un recruteur avec un fichier en lecture seule. Vous pourrez facilement l\u2019\u00e9diter avec un logiciel comme Adobe ou Carbonmade. De nombreuses plateformes de cr\u00e9ation de site web, Behance par exemple, proposent \u00e9galement cette fonctionnalit\u00e9.<\/p>\n\n\n\n<p>Si le format papier tend \u00e0 dispara\u00eetre petit \u00e0 petit, votre PDF peut \u00e9galement \u00eatre destin\u00e9 \u00e0 l\u2019impression. Gr\u00e2ce \u00e0 un choix judicieux et qualitatif de papier et une jolie reliure, vous pouvez donner une autre dimension \u00e0 votre travail et gagner de pr\u00e9cieux points, notamment dans les domaines o\u00f9 les supports physiques sont encore tr\u00e8s pr\u00e9sents.<\/p>\n\n\n\n<p>Attention cependant, on ne construit pas un PDF destin\u00e9 \u00e0 une lecture en ligne de la m\u00eame mani\u00e8re qu\u2019un fichier destin\u00e9 \u00e0 l\u2019impression. L\u00e0 o\u00f9 le premier cherchera un \u00e9quilibre entre qualit\u00e9 et l\u00e9g\u00e8ret\u00e9 de fichier pour offrir \u00e0 l\u2019utilisateur une exp\u00e9rience rapide et fluide, le second misera tout sur la qualit\u00e9 d\u2019image sans tenir compte de limite de poids.<\/p>\n\n\n\n<h3 class=\"wp-block-heading\">Cr\u00e9er un portfolio vid\u00e9o<\/h3>\n\n\n\n<p>En fonction de votre cible, un portfolio vid\u00e9o peut \u00eatre un v\u00e9ritable atout. Qu\u2019elle soit pr\u00e9sent\u00e9e seule ou int\u00e9gr\u00e9e \u00e0 une page web, la vid\u00e9o offre un m\u00e9dia dynamique suppl\u00e9mentaire aux utilisateurs pour d\u00e9couvrir visuellement votre cursus, vos aspirations et vos r\u00e9alisations.<\/p>\n\n\n\n<p>Si vous \u00eates \u00e0 l\u2019aise devant une cam\u00e9ra, la vid\u00e9o peut \u00eatre un excellent support, pour le storytelling par exemple, \u00e0 condition de savoir r\u00e9aliser un montage de qualit\u00e9.<\/p>\n\n\n\n<h2 class=\"wp-block-heading\">Montrez vos comp\u00e9tences en UX design<\/h2>\n\n\n\n<p>Que vous r\u00e9alisiez un portfolio PDF, ou sous forme de pages web, m\u00ealez l\u2019utile \u00e0 l\u2019agr\u00e9able en d\u00e9montrant vos qualit\u00e9s d\u2019UX designer directement dans votre portfolio en soignant l\u2019exp\u00e9rience utilisateur.<\/p>\n\n\n\n<figure class=\"wp-block-image size-full\"><img decoding=\"async\" width=\"700\" height=\"398\" src=\"https:\/\/graphiste.com\/blog\/wp-content\/uploads\/sites\/4\/2023\/10\/portfolio-ux-designer.webp\" alt=\"\" class=\"wp-image-51641\" srcset=\"https:\/\/graphiste.com\/blog\/wp-content\/uploads\/sites\/4\/2023\/10\/portfolio-ux-designer.webp 700w, https:\/\/graphiste.com\/blog\/wp-content\/uploads\/sites\/4\/2023\/10\/portfolio-ux-designer-300x171.webp 300w, https:\/\/graphiste.com\/blog\/wp-content\/uploads\/sites\/4\/2023\/10\/portfolio-ux-designer-60x34.webp 60w, https:\/\/graphiste.com\/blog\/wp-content\/uploads\/sites\/4\/2023\/10\/portfolio-ux-designer-370x210.webp 370w, https:\/\/graphiste.com\/blog\/wp-content\/uploads\/sites\/4\/2023\/10\/portfolio-ux-designer-270x154.webp 270w, https:\/\/graphiste.com\/blog\/wp-content\/uploads\/sites\/4\/2023\/10\/portfolio-ux-designer-570x324.webp 570w\" sizes=\"(max-width: 700px) 100vw, 700px\" \/><\/figure>\n\n\n\n<h3 class=\"wp-block-heading\">Navigation intuitive<\/h3>\n\n\n\n<p>L\u2019utilisateur arrivant sur votre portfolio doit pouvoir se rep\u00e9rer et trouver l\u2019information qui l\u2019int\u00e9resse rapidement. N\u2019h\u00e9sitez pas \u00e0 opter pour des logos impactants, avec une affordance forte pour \u00f4ter tous les doutes et permettre une navigation fluide aux utilisateurs.<\/p>\n\n\n\n<h3 class=\"wp-block-heading\">Boutons d&#8217;appel \u00e0 l&#8217;action<\/h3>\n\n\n\n<p>Anticipez les besoins des utilisateurs en pla\u00e7ant judicieusement des boutons d\u2019appel \u00e0 l\u2019action (ou \u201ccall to action\u201d) tout au long de vos pages web ou documents.<\/p>\n\n\n\n<p>Qu\u2019il s\u2019agisse d\u2019un bouton renvoyant \u00e0 votre Calendly pour une prise de rendez-vous en ligne, ou une phrase incitant \u00e0 vous contactez sur votre portable professionnel dans un document papier, les call-to-action d\u00e9montrent votre proactivit\u00e9 et votre connaissance de la psychologie de votre cible, ce qui est essentiel pour un UX Designer.<\/p>\n\n\n\n<h3 class=\"wp-block-heading\">Design responsive<\/h3>\n\n\n\n<p>Plus de la moiti\u00e9 du temps pass\u00e9 sur le web par les utilisateurs s\u2019effectue via mobile. Que votre portfolio soit sur le web ou envoy\u00e9 par mail en PDF, pensez \u00e0 ce qu\u2019il soit design responsive afin de s\u2019afficher correctement sur tous les supports.<\/p>\n\n\n\n<p>Attention n\u00e9anmoins \u00e0 prendre en compte le temps de chargement de la page, qui peut \u00eatre alourdi par le webdesign responsive. La vitesse de chargement d\u2019une page web est l\u2019exigence n\u00b01 des utilisateurs web devant l\u2019affordance, et le design d\u2019un site.<\/p>\n\n\n\n<h3 class=\"wp-block-heading\">Optimisez votre portfolio pour le SEO<\/h3>\n\n\n\n<p>Afin de ressortir plus facilement des r\u00e9sultats des moteurs de recherches et augmenter le nombre de vues sur votre portfolio, n\u2019h\u00e9sitez pas \u00e0 travailler sur votre r\u00e9f\u00e9rencement naturel (ou SEO).<\/p>\n\n\n\n<p>Pour cela vous pouvez, par exemple, choisir vos mots-cl\u00e9s avec soin notamment pour annoter vos r\u00e9alisations et dans votre biographie, \u00e9laborer un maillage interne performant ou proposer du contenu de qualit\u00e9 afin de passer de l\u2019UX Design pur au SXO.<\/p>\n\n\n\n<h2 class=\"wp-block-heading\">Partagez votre portfolio<\/h2>\n\n\n\n<p>Afin de g\u00e9n\u00e9rer des vues sur votre portfolio et maximiser vos chances de cr\u00e9ation de contacts professionnels ou de recrutement, vous devrez partager votre portfolio. Voici quelques axes&nbsp;:<\/p>\n\n\n\n<h3 class=\"wp-block-heading\">Les r\u00e9seaux sociaux<\/h3>\n\n\n\n<p>Les r\u00e9seaux sociaux sont un excellent moyen de diffuser votre portfolio et de g\u00e9n\u00e9rer des vues. On ne pr\u00e9sentera plus LinkedIn (310 millions d\u2019utilisateurs) comme r\u00e9seau social professionnel de r\u00e9f\u00e9rence.<\/p>\n\n\n\n<p>Cependant, Facebook (2.701 milliards d\u2019utilisateurs), Twitter (326 millions d\u2019utilisateurs), Instagram (26 millions d\u2019utilisateurs) ou encore Pinterest (463 millions d\u2019utilisateurs) permettent eux aussi d\u2019\u00e9tablir des contacts de qualit\u00e9 dans le monde du travail. N\u2019oubliez pas \u00e9galement les r\u00e9seaux internes des plateformes comme Dribbble ou Behance&nbsp;!<\/p>\n\n\n\n<h3 class=\"wp-block-heading\">Votre CV<\/h3>\n\n\n\n<p>Que vous joigniez votre portfolio au format papier ou que vous ins\u00e9riez un QR code directement dans votre CV pour renvoyer sur votre site web, votre Curriculum Vitae est un moyen efficace pour faire d\u00e9couvrir votre travail.<\/p>\n\n\n\n<h3 class=\"wp-block-heading\">Votre entourage<\/h3>\n\n\n\n<p>Qu\u2019il soit professionnel ou non, n\u2019h\u00e9sitez pas \u00e0 faire d\u00e9couvrir vos r\u00e9alisations \u00e0 votre entourage. Celui-ci sera certainement surpris de d\u00e9couvrir vos projets et pourra diffuser plus facilement l\u2019information ainsi que votre nom. Vous pouvez \u00e9galement laisser une carte de visite avec votre site internet ou un QR code permettant de t\u00e9l\u00e9charger votre portfolio.<\/p>\n\n\n\n<h2 class=\"wp-block-heading\">Notre astuce pour \u00e9laborer un portfolio de qualit\u00e9 rapidement<\/h2>\n\n\n\n<p>Qu\u2019il soit en ligne ou sur papier, <strong>votre portfolio devra \u00e0 la fois exposer vos comp\u00e9tences d\u2019UX Designer<\/strong> tout en \u00e9tant optimis\u00e9 pour le support que vous aurez choisi.<\/p>\n\n\n\n<p>Pour un site web original et performant ou un document impactant, <strong><a href=\"https:\/\/graphiste.com\/#open-fast\">faire appel \u00e0 un graphiste<\/a><\/strong> vous assurera de proposer des exemples visuels de qualit\u00e9 de votre travail, r\u00e9pondant parfaitement \u00e0 vos besoins et aux attentes de vos futurs recruteurs gr\u00e2ce \u00e0 son exp\u00e9rience professionnelle et ses conseils avis\u00e9s.<\/p>\n","protected":false},"excerpt":{"rendered":"<p>On dit souvent qu\u2019une image vaut mille mots, et c\u2019est pour cela que les portfolios ont autant d\u2019impact aupr\u00e8s des recruteurs dans les domaines cr\u00e9atifs. Un graphiste freelance saura mettre en valeur votre travail ainsi que votre parcours professionnel dans un portfolio impactant et original tout en vous lib\u00e9rant du temps pour votre activit\u00e9 d\u2019UX [&hellip;]<\/p>\n","protected":false},"author":67,"featured_media":51637,"comment_status":"closed","ping_status":"closed","sticky":false,"template":"","format":"standard","meta":{"_acf_changed":false,"inline_featured_image":false,"footnotes":""},"categories":[103],"tags":[],"class_list":["post-51636","post","type-post","status-publish","format-standard","has-post-thumbnail","hentry","category-graphistes"],"acf":[],"yoast_head":"<!-- This site is optimized with the Yoast SEO plugin v25.9 - https:\/\/yoast.com\/wordpress\/plugins\/seo\/ -->\n<title>Comment r\u00e9ussir son portfolio d&#039;UX designer&nbsp;? - Graphiste Blog<\/title>\n<meta name=\"description\" content=\"On dit souvent qu\u2019une image vaut mille mots, et c\u2019est pour cela que les portfolios ont autant d\u2019impact aupr\u00e8s des recruteurs dans les domaines cr\u00e9atifs.\" \/>\n<meta name=\"robots\" content=\"index, follow, max-snippet:-1, max-image-preview:large, max-video-preview:-1\" \/>\n<link rel=\"canonical\" href=\"https:\/\/graphiste.com\/blog\/portfolio-ux-designer\/\" \/>\n<meta property=\"og:locale\" content=\"fr_FR\" \/>\n<meta property=\"og:type\" content=\"article\" \/>\n<meta property=\"og:title\" content=\"Comment r\u00e9ussir son portfolio d&#039;UX designer&nbsp;? - Graphiste Blog\" \/>\n<meta property=\"og:description\" content=\"On dit souvent qu\u2019une image vaut mille mots, et c\u2019est pour cela que les portfolios ont autant d\u2019impact aupr\u00e8s des recruteurs dans les domaines cr\u00e9atifs.\" \/>\n<meta property=\"og:url\" content=\"https:\/\/graphiste.com\/blog\/portfolio-ux-designer\/\" \/>\n<meta property=\"og:site_name\" content=\"Graphiste.com\" \/>\n<meta property=\"article:publisher\" content=\"https:\/\/www.facebook.com\/graphistesfreelances\" \/>\n<meta property=\"article:published_time\" content=\"2023-11-07T09:30:00+00:00\" \/>\n<meta property=\"article:modified_time\" content=\"2025-08-19T09:48:37+00:00\" \/>\n<meta property=\"og:image\" content=\"https:\/\/graphiste.com\/blog\/wp-content\/uploads\/sites\/4\/2023\/10\/portfolio-ux-designer-scaled.jpg\" \/>\n\t<meta property=\"og:image:width\" content=\"2560\" \/>\n\t<meta property=\"og:image:height\" content=\"1545\" \/>\n\t<meta property=\"og:image:type\" content=\"image\/jpeg\" \/>\n<meta name=\"author\" content=\"Aude Marty\" \/>\n<meta name=\"twitter:card\" content=\"summary_large_image\" \/>\n<meta name=\"twitter:creator\" content=\"@Graphistecom\" \/>\n<meta name=\"twitter:site\" content=\"@Graphistecom\" \/>\n<meta name=\"twitter:label1\" content=\"\u00c9crit par\" \/>\n\t<meta name=\"twitter:data1\" content=\"Aude Marty\" \/>\n\t<meta name=\"twitter:label2\" content=\"Dur\u00e9e de lecture estim\u00e9e\" \/>\n\t<meta name=\"twitter:data2\" content=\"9 minutes\" \/>\n<script type=\"application\/ld+json\" class=\"yoast-schema-graph\">{\"@context\":\"https:\/\/schema.org\",\"@graph\":[{\"@type\":\"Article\",\"@id\":\"https:\/\/graphiste.com\/blog\/portfolio-ux-designer\/#article\",\"isPartOf\":{\"@id\":\"https:\/\/graphiste.com\/blog\/portfolio-ux-designer\/\"},\"author\":{\"name\":\"Aude Marty\",\"@id\":\"https:\/\/graphiste.com\/blog\/#\/schema\/person\/110c0feb0ab60432e89d27f5fa2da617\"},\"headline\":\"Comment r\u00e9ussir son portfolio d&#8217;UX designer&nbsp;?\",\"datePublished\":\"2023-11-07T09:30:00+00:00\",\"dateModified\":\"2025-08-19T09:48:37+00:00\",\"mainEntityOfPage\":{\"@id\":\"https:\/\/graphiste.com\/blog\/portfolio-ux-designer\/\"},\"wordCount\":1545,\"publisher\":{\"@id\":\"https:\/\/graphiste.com\/blog\/#organization\"},\"image\":{\"@id\":\"https:\/\/graphiste.com\/blog\/portfolio-ux-designer\/#primaryimage\"},\"thumbnailUrl\":\"https:\/\/graphiste.com\/blog\/wp-content\/uploads\/sites\/4\/2023\/10\/portfolio-ux-designer-scaled.jpg\",\"articleSection\":[\"Graphistes\"],\"inLanguage\":\"fr-FR\"},{\"@type\":\"WebPage\",\"@id\":\"https:\/\/graphiste.com\/blog\/portfolio-ux-designer\/\",\"url\":\"https:\/\/graphiste.com\/blog\/portfolio-ux-designer\/\",\"name\":\"Comment r\u00e9ussir son portfolio d'UX designer&nbsp;? - Graphiste Blog\",\"isPartOf\":{\"@id\":\"https:\/\/graphiste.com\/blog\/#website\"},\"primaryImageOfPage\":{\"@id\":\"https:\/\/graphiste.com\/blog\/portfolio-ux-designer\/#primaryimage\"},\"image\":{\"@id\":\"https:\/\/graphiste.com\/blog\/portfolio-ux-designer\/#primaryimage\"},\"thumbnailUrl\":\"https:\/\/graphiste.com\/blog\/wp-content\/uploads\/sites\/4\/2023\/10\/portfolio-ux-designer-scaled.jpg\",\"datePublished\":\"2023-11-07T09:30:00+00:00\",\"dateModified\":\"2025-08-19T09:48:37+00:00\",\"description\":\"On dit souvent qu\u2019une image vaut mille mots, et c\u2019est pour cela que les portfolios ont autant d\u2019impact aupr\u00e8s des recruteurs dans les domaines cr\u00e9atifs.\",\"breadcrumb\":{\"@id\":\"https:\/\/graphiste.com\/blog\/portfolio-ux-designer\/#breadcrumb\"},\"inLanguage\":\"fr-FR\",\"potentialAction\":[{\"@type\":\"ReadAction\",\"target\":[\"https:\/\/graphiste.com\/blog\/portfolio-ux-designer\/\"]}]},{\"@type\":\"ImageObject\",\"inLanguage\":\"fr-FR\",\"@id\":\"https:\/\/graphiste.com\/blog\/portfolio-ux-designer\/#primaryimage\",\"url\":\"https:\/\/graphiste.com\/blog\/wp-content\/uploads\/sites\/4\/2023\/10\/portfolio-ux-designer-scaled.jpg\",\"contentUrl\":\"https:\/\/graphiste.com\/blog\/wp-content\/uploads\/sites\/4\/2023\/10\/portfolio-ux-designer-scaled.jpg\",\"width\":2560,\"height\":1545,\"caption\":\"portfolio-ux-designer\"},{\"@type\":\"BreadcrumbList\",\"@id\":\"https:\/\/graphiste.com\/blog\/portfolio-ux-designer\/#breadcrumb\",\"itemListElement\":[{\"@type\":\"ListItem\",\"position\":1,\"name\":\"Blog\",\"item\":\"https:\/\/graphiste.com\/blog\/\"},{\"@type\":\"ListItem\",\"position\":2,\"name\":\"Graphistes\",\"item\":\"https:\/\/graphiste.com\/blog\/graphistes\/\"},{\"@type\":\"ListItem\",\"position\":3,\"name\":\"Comment r\u00e9ussir son portfolio d&#8217;UX designer&nbsp;?\"}]},{\"@type\":\"WebSite\",\"@id\":\"https:\/\/graphiste.com\/blog\/#website\",\"url\":\"https:\/\/graphiste.com\/blog\/\",\"name\":\"Graphiste.com\",\"description\":\"graphiste\",\"publisher\":{\"@id\":\"https:\/\/graphiste.com\/blog\/#organization\"},\"potentialAction\":[{\"@type\":\"SearchAction\",\"target\":{\"@type\":\"EntryPoint\",\"urlTemplate\":\"https:\/\/graphiste.com\/blog\/?s={search_term_string}\"},\"query-input\":{\"@type\":\"PropertyValueSpecification\",\"valueRequired\":true,\"valueName\":\"search_term_string\"}}],\"inLanguage\":\"fr-FR\"},{\"@type\":\"Organization\",\"@id\":\"https:\/\/graphiste.com\/blog\/#organization\",\"name\":\"Graphiste.com\",\"url\":\"https:\/\/graphiste.com\/blog\/\",\"logo\":{\"@type\":\"ImageObject\",\"inLanguage\":\"fr-FR\",\"@id\":\"https:\/\/graphiste.com\/blog\/#\/schema\/logo\/image\/\",\"url\":\"https:\/\/graphiste.com\/blog\/wp-content\/uploads\/sites\/4\/2022\/07\/logo-blog-graphiste.svg\",\"contentUrl\":\"https:\/\/graphiste.com\/blog\/wp-content\/uploads\/sites\/4\/2022\/07\/logo-blog-graphiste.svg\",\"width\":1,\"height\":1,\"caption\":\"Graphiste.com\"},\"image\":{\"@id\":\"https:\/\/graphiste.com\/blog\/#\/schema\/logo\/image\/\"},\"sameAs\":[\"https:\/\/www.facebook.com\/graphistesfreelances\",\"https:\/\/x.com\/Graphistecom\",\"https:\/\/www.linkedin.com\/company\/graphiste-com\/\",\"https:\/\/fr.pinterest.com\/Graphiste_Com\",\"https:\/\/www.instagram.com\/graphiste_com\/\"]},{\"@type\":\"Person\",\"@id\":\"https:\/\/graphiste.com\/blog\/#\/schema\/person\/110c0feb0ab60432e89d27f5fa2da617\",\"name\":\"Aude Marty\",\"image\":{\"@type\":\"ImageObject\",\"inLanguage\":\"fr-FR\",\"@id\":\"https:\/\/graphiste.com\/blog\/#\/schema\/person\/image\/\",\"url\":\"https:\/\/secure.gravatar.com\/avatar\/ae918d51b377a3b9585cfdc38b3d7078fa61c40e14449af59264a7b44e51f153?s=96&d=mm&r=g\",\"contentUrl\":\"https:\/\/secure.gravatar.com\/avatar\/ae918d51b377a3b9585cfdc38b3d7078fa61c40e14449af59264a7b44e51f153?s=96&d=mm&r=g\",\"caption\":\"Aude Marty\"},\"description\":\"V\u00e9ritable touche-\u00e0-tout du web, Aude est toujours au courant des derni\u00e8res nouveaut\u00e9s et des nouveaux outils pour freelances.\",\"sameAs\":[\"https:\/\/www.linkedin.com\/in\/martyaude\/\"],\"url\":\"https:\/\/graphiste.com\/blog\/author\/aude\/\"}]}<\/script>\n<!-- \/ Yoast SEO plugin. -->","yoast_head_json":{"title":"Comment r\u00e9ussir son portfolio d'UX designer&nbsp;? - Graphiste Blog","description":"On dit souvent qu\u2019une image vaut mille mots, et c\u2019est pour cela que les portfolios ont autant d\u2019impact aupr\u00e8s des recruteurs dans les domaines cr\u00e9atifs.","robots":{"index":"index","follow":"follow","max-snippet":"max-snippet:-1","max-image-preview":"max-image-preview:large","max-video-preview":"max-video-preview:-1"},"canonical":"https:\/\/graphiste.com\/blog\/portfolio-ux-designer\/","og_locale":"fr_FR","og_type":"article","og_title":"Comment r\u00e9ussir son portfolio d'UX designer&nbsp;? - Graphiste Blog","og_description":"On dit souvent qu\u2019une image vaut mille mots, et c\u2019est pour cela que les portfolios ont autant d\u2019impact aupr\u00e8s des recruteurs dans les domaines cr\u00e9atifs.","og_url":"https:\/\/graphiste.com\/blog\/portfolio-ux-designer\/","og_site_name":"Graphiste.com","article_publisher":"https:\/\/www.facebook.com\/graphistesfreelances","article_published_time":"2023-11-07T09:30:00+00:00","article_modified_time":"2025-08-19T09:48:37+00:00","og_image":[{"width":2560,"height":1545,"url":"https:\/\/graphiste.com\/blog\/wp-content\/uploads\/sites\/4\/2023\/10\/portfolio-ux-designer-scaled.jpg","type":"image\/jpeg"}],"author":"Aude Marty","twitter_card":"summary_large_image","twitter_creator":"@Graphistecom","twitter_site":"@Graphistecom","twitter_misc":{"\u00c9crit par":"Aude Marty","Dur\u00e9e de lecture estim\u00e9e":"9 minutes"},"schema":{"@context":"https:\/\/schema.org","@graph":[{"@type":"Article","@id":"https:\/\/graphiste.com\/blog\/portfolio-ux-designer\/#article","isPartOf":{"@id":"https:\/\/graphiste.com\/blog\/portfolio-ux-designer\/"},"author":{"name":"Aude Marty","@id":"https:\/\/graphiste.com\/blog\/#\/schema\/person\/110c0feb0ab60432e89d27f5fa2da617"},"headline":"Comment r\u00e9ussir son portfolio d&#8217;UX designer&nbsp;?","datePublished":"2023-11-07T09:30:00+00:00","dateModified":"2025-08-19T09:48:37+00:00","mainEntityOfPage":{"@id":"https:\/\/graphiste.com\/blog\/portfolio-ux-designer\/"},"wordCount":1545,"publisher":{"@id":"https:\/\/graphiste.com\/blog\/#organization"},"image":{"@id":"https:\/\/graphiste.com\/blog\/portfolio-ux-designer\/#primaryimage"},"thumbnailUrl":"https:\/\/graphiste.com\/blog\/wp-content\/uploads\/sites\/4\/2023\/10\/portfolio-ux-designer-scaled.jpg","articleSection":["Graphistes"],"inLanguage":"fr-FR"},{"@type":"WebPage","@id":"https:\/\/graphiste.com\/blog\/portfolio-ux-designer\/","url":"https:\/\/graphiste.com\/blog\/portfolio-ux-designer\/","name":"Comment r\u00e9ussir son portfolio d'UX designer&nbsp;? - Graphiste Blog","isPartOf":{"@id":"https:\/\/graphiste.com\/blog\/#website"},"primaryImageOfPage":{"@id":"https:\/\/graphiste.com\/blog\/portfolio-ux-designer\/#primaryimage"},"image":{"@id":"https:\/\/graphiste.com\/blog\/portfolio-ux-designer\/#primaryimage"},"thumbnailUrl":"https:\/\/graphiste.com\/blog\/wp-content\/uploads\/sites\/4\/2023\/10\/portfolio-ux-designer-scaled.jpg","datePublished":"2023-11-07T09:30:00+00:00","dateModified":"2025-08-19T09:48:37+00:00","description":"On dit souvent qu\u2019une image vaut mille mots, et c\u2019est pour cela que les portfolios ont autant d\u2019impact aupr\u00e8s des recruteurs dans les domaines cr\u00e9atifs.","breadcrumb":{"@id":"https:\/\/graphiste.com\/blog\/portfolio-ux-designer\/#breadcrumb"},"inLanguage":"fr-FR","potentialAction":[{"@type":"ReadAction","target":["https:\/\/graphiste.com\/blog\/portfolio-ux-designer\/"]}]},{"@type":"ImageObject","inLanguage":"fr-FR","@id":"https:\/\/graphiste.com\/blog\/portfolio-ux-designer\/#primaryimage","url":"https:\/\/graphiste.com\/blog\/wp-content\/uploads\/sites\/4\/2023\/10\/portfolio-ux-designer-scaled.jpg","contentUrl":"https:\/\/graphiste.com\/blog\/wp-content\/uploads\/sites\/4\/2023\/10\/portfolio-ux-designer-scaled.jpg","width":2560,"height":1545,"caption":"portfolio-ux-designer"},{"@type":"BreadcrumbList","@id":"https:\/\/graphiste.com\/blog\/portfolio-ux-designer\/#breadcrumb","itemListElement":[{"@type":"ListItem","position":1,"name":"Blog","item":"https:\/\/graphiste.com\/blog\/"},{"@type":"ListItem","position":2,"name":"Graphistes","item":"https:\/\/graphiste.com\/blog\/graphistes\/"},{"@type":"ListItem","position":3,"name":"Comment r\u00e9ussir son portfolio d&#8217;UX designer&nbsp;?"}]},{"@type":"WebSite","@id":"https:\/\/graphiste.com\/blog\/#website","url":"https:\/\/graphiste.com\/blog\/","name":"Graphiste.com","description":"graphiste","publisher":{"@id":"https:\/\/graphiste.com\/blog\/#organization"},"potentialAction":[{"@type":"SearchAction","target":{"@type":"EntryPoint","urlTemplate":"https:\/\/graphiste.com\/blog\/?s={search_term_string}"},"query-input":{"@type":"PropertyValueSpecification","valueRequired":true,"valueName":"search_term_string"}}],"inLanguage":"fr-FR"},{"@type":"Organization","@id":"https:\/\/graphiste.com\/blog\/#organization","name":"Graphiste.com","url":"https:\/\/graphiste.com\/blog\/","logo":{"@type":"ImageObject","inLanguage":"fr-FR","@id":"https:\/\/graphiste.com\/blog\/#\/schema\/logo\/image\/","url":"https:\/\/graphiste.com\/blog\/wp-content\/uploads\/sites\/4\/2022\/07\/logo-blog-graphiste.svg","contentUrl":"https:\/\/graphiste.com\/blog\/wp-content\/uploads\/sites\/4\/2022\/07\/logo-blog-graphiste.svg","width":1,"height":1,"caption":"Graphiste.com"},"image":{"@id":"https:\/\/graphiste.com\/blog\/#\/schema\/logo\/image\/"},"sameAs":["https:\/\/www.facebook.com\/graphistesfreelances","https:\/\/x.com\/Graphistecom","https:\/\/www.linkedin.com\/company\/graphiste-com\/","https:\/\/fr.pinterest.com\/Graphiste_Com","https:\/\/www.instagram.com\/graphiste_com\/"]},{"@type":"Person","@id":"https:\/\/graphiste.com\/blog\/#\/schema\/person\/110c0feb0ab60432e89d27f5fa2da617","name":"Aude Marty","image":{"@type":"ImageObject","inLanguage":"fr-FR","@id":"https:\/\/graphiste.com\/blog\/#\/schema\/person\/image\/","url":"https:\/\/secure.gravatar.com\/avatar\/ae918d51b377a3b9585cfdc38b3d7078fa61c40e14449af59264a7b44e51f153?s=96&d=mm&r=g","contentUrl":"https:\/\/secure.gravatar.com\/avatar\/ae918d51b377a3b9585cfdc38b3d7078fa61c40e14449af59264a7b44e51f153?s=96&d=mm&r=g","caption":"Aude Marty"},"description":"V\u00e9ritable touche-\u00e0-tout du web, Aude est toujours au courant des derni\u00e8res nouveaut\u00e9s et des nouveaux outils pour freelances.","sameAs":["https:\/\/www.linkedin.com\/in\/martyaude\/"],"url":"https:\/\/graphiste.com\/blog\/author\/aude\/"}]}},"_links":{"self":[{"href":"https:\/\/graphiste.com\/blog\/wp-json\/wp\/v2\/posts\/51636","targetHints":{"allow":["GET"]}}],"collection":[{"href":"https:\/\/graphiste.com\/blog\/wp-json\/wp\/v2\/posts"}],"about":[{"href":"https:\/\/graphiste.com\/blog\/wp-json\/wp\/v2\/types\/post"}],"author":[{"embeddable":true,"href":"https:\/\/graphiste.com\/blog\/wp-json\/wp\/v2\/users\/67"}],"replies":[{"embeddable":true,"href":"https:\/\/graphiste.com\/blog\/wp-json\/wp\/v2\/comments?post=51636"}],"version-history":[{"count":0,"href":"https:\/\/graphiste.com\/blog\/wp-json\/wp\/v2\/posts\/51636\/revisions"}],"wp:featuredmedia":[{"embeddable":true,"href":"https:\/\/graphiste.com\/blog\/wp-json\/wp\/v2\/media\/51637"}],"wp:attachment":[{"href":"https:\/\/graphiste.com\/blog\/wp-json\/wp\/v2\/media?parent=51636"}],"wp:term":[{"taxonomy":"category","embeddable":true,"href":"https:\/\/graphiste.com\/blog\/wp-json\/wp\/v2\/categories?post=51636"},{"taxonomy":"post_tag","embeddable":true,"href":"https:\/\/graphiste.com\/blog\/wp-json\/wp\/v2\/tags?post=51636"}],"curies":[{"name":"wp","href":"https:\/\/api.w.org\/{rel}","templated":true}]}}