{"id":5113,"date":"2020-06-26T09:00:28","date_gmt":"2020-06-26T07:00:28","guid":{"rendered":"https:\/\/graphiste.com\/blog\/?p=5113"},"modified":"2020-06-26T09:00:28","modified_gmt":"2020-06-26T07:00:28","slug":"booster-instagram-marque","status":"publish","type":"post","link":"https:\/\/graphiste.com\/blog\/booster-instagram-marque\/","title":{"rendered":"8 fa\u00e7ons de rebooster le compte Instagram de votre marque"},"content":{"rendered":"<p>Un compte <strong>Instagram<\/strong>, c\u2019est bien. Mais un compte Instagram qui donne une <a href=\"https:\/\/graphiste.com\/blog\/donner-images-professionnelle-marque\" target=\"_blank\" rel=\"noopener noreferrer\">bonne image de votre marque<\/a>, c\u2019est quand m\u00eame le plus important pour ce r\u00e9seau social o\u00f9 le visuel est roi.<\/p>\n<p>Vous avez peut-\u00eatre d\u00e9j\u00e0 de nombreuses id\u00e9es pour remplir votre fil de clich\u00e9s inspirants, esth\u00e9tiques ou amusants (voire les trois en m\u00eame temps).<\/p>\n<p>Mais qu\u2019ont-ils en commun\u00a0? Ils sont \u00e9mis par vous, et c\u2019est ce qui doit faire la diff\u00e9rence, au premier regard. Apprenez comment\u2026<\/p>\n<p>&nbsp;<\/p>\n<h2>1. Comprendre l&#8217;algorithme d&#8217;Instagram<\/h2>\n<figure id=\"attachment_19413\" aria-describedby=\"caption-attachment-19413\" style=\"width: 761px\" class=\"wp-caption aligncenter\"><img decoding=\"async\" class=\"wp-image-19413\" src=\"https:\/\/graphiste.com\/blog\/wp-content\/uploads\/sites\/4\/2018\/01\/instagram-21-astuces-pour-faire-briller-votre-entreprise-27.jpg\" alt=\"\" width=\"761\" height=\"428\" \/><figcaption id=\"caption-attachment-19413\" class=\"wp-caption-text\"><a href=\"https:\/\/www.tiz.fr\/algorithme-facebook-reseaux-sociaux-instagram-twitter-linkedin-youtube\/\" target=\"_blank\" rel=\"noopener noreferrer\">Agence Tiz<\/a><\/figcaption><\/figure>\n<p>Cette infographie tr\u00e8s pertinente vous montre quelles sont les bonnes pratiques pour booster votre compte sur Instagram. <\/p>\n<ul>\n<li>L&#8217;engagement et la fraicheur de votre post sont des crit\u00e8res importants.<\/li>\n<li>Vous devez interagir tr\u00e8s souvent avec les publications de vos amis.<\/li>\n<li>Les publications g\u00e9n\u00e9rant beaucoup d&#8217;interactions (likes, commentaires, partages) sont favoris\u00e9es.<\/li>\n<\/ul>\n<p>Le contenu que vous proposez doit \u00eatre personnalis\u00e9 au maximum pour votre cible. Retenez une chose&nbsp;: <em>\u00a0&#8220;l&#8217;utilisateur est roi&#8221;<\/em> sur Instagram. <strong>La cl\u00e9&nbsp;:<\/strong> interagissez au maximum avec votre public.<\/p>\n<p><img decoding=\"async\" class=\"aligncenter size-full wp-image-7423\" src=\"https:\/\/graphiste.com\/blog\/wp-content\/uploads\/sites\/4\/2018\/07\/photo-instagram-illustration.png\" alt=\"\" width=\"650\" height=\"415\" \/><\/p>\n<p>Vous pouvez piocher dans cette liste d&#8217;id\u00e9e pour am\u00e9liorer le feed de votre entreprise&nbsp;: <\/p>\n<ul>\n<li>Partagez des photos &#8220;off&#8221; de votre marque<\/li>\n<li>Re-publier du contenu cr\u00e9e par vos abonn\u00e9s&nbsp;: <a href=\"https:\/\/www.redacteur.com\/blog\/exemples-user-generated-content\/\" target=\"_blank\" rel=\"noopener noreferrer\">UGC<\/a><\/li>\n<li>Booster votre engagement avec des vid\u00e9os<\/li>\n<li>Organisez des concours et pourquoi pas des promotions&nbsp;?<\/li>\n<li>Utilisez du <a href=\"https:\/\/graphiste.com\/blog\/photographie-usage-storytelling\" target=\"_blank\" rel=\"noopener noreferrer\">storytelling\u00a0<\/a><\/li>\n<\/ul>\n<blockquote><p>Attention&nbsp;: <strong>N&#8217;oubliez pas&nbsp;:<\/strong> il faut rester r\u00e9gulier dans vos publications ( 2 \u00e0 3 fois par semaine)&nbsp;!<\/p><\/blockquote>\n<p>&nbsp;<\/p>\n<h2>2. Respectez les codes couleur<\/h2>\n<p>Vous vous rappelez de <strong>la couleur dominante<\/strong> de votre logo, ou de celle de votre slogan\u00a0? Je l\u2019esp\u00e8re pour vous, en tout cas, parce que <strong>c\u2019est celle que vous allez devoir mettre en avant le plus r\u00e9guli\u00e8rement possible sur vos posts<\/strong>.<\/p>\n<p><img decoding=\"async\" class=\"aligncenter size-full wp-image-8476\" src=\"https:\/\/graphiste.com\/blog\/wp-content\/uploads\/sites\/4\/2018\/10\/insta-feed-photomontage.jpg\" alt=\"\" width=\"600\" height=\"602\" \/><\/p>\n<p>Ce peut n\u2019\u00eatre qu\u2019une petite touche, dans un coin de l\u2019image, tout comme la teinte choisie peut dominer, par exemple en fond\u2026 Peu importe au fond l\u2019option que vous privil\u00e9gierez, tant que vous retrouvez cette note de couleur qui parle de vous sur chacune de vos photos.<\/p>\n<blockquote><p>si le multicolore est votre marque de fabrique, vous pourrez aussi jouer avec l\u2019arc-en-ciel. Pensez par contre \u00e0 retravailler l\u2019ordre de vos publications pour que les teintes bleues se suivent, au moins sur la semaine, voire sur le mois. L\u2019unit\u00e9 vous rend diff\u00e9rent\u00a0!<\/p><\/blockquote>\n<blockquote><p>\u00c0 lire aussi&nbsp;: <a href=\"https:\/\/graphiste.com\/blog\/retoucher-ameliorer-image\">7 tactiques incontournables pour am\u00e9liorer vos images<\/a><\/p><\/blockquote>\n<p>&nbsp;<\/p>\n<h2>3. Choisissez un filtre\u2026 et gardez-le\u00a0!<\/h2>\n<p>Si votre ligne de conduite est de montrer vos produits en situation, il sera peut-\u00eatre plus difficile de respecter le choix des couleurs. Il para\u00eet que le ciel n\u2019est pas toujours bleu, par exemple\u2026<\/p>\n<p><img decoding=\"async\" class=\"aligncenter size-full wp-image-13192\" src=\"https:\/\/graphiste.com\/blog\/wp-content\/uploads\/sites\/4\/2019\/09\/planoly-feed.png\" alt=\"feed de plainly instagram application outils\" width=\"431\" height=\"767\" \/><\/p>\n<p>Peu importe, utilisez les options qui s\u2019offrent \u00e0 vous, comme les filtres de traitement d\u2019image. Mais conservez n\u00e9anmoins une ligne directrice\u00a0: quand vous aurez trouv\u00e9 le filtre qui vous fait le mieux les yeux doux, restez-lui fid\u00e8le.<\/p>\n<p>L\u00e0 encore, l\u2019id\u00e9e est que les instagrammeurs n\u2019aient pas besoin de v\u00e9rifier votre identit\u00e9 en voyant votre visuel appara\u00eetre\u2026<\/p>\n<blockquote><p>Lire aussi&nbsp;: <a href=\"https:\/\/graphiste.com\/blog\/pub-instagram-efficace\" target=\"_blank\" rel=\"noopener noreferrer\">Comment cr\u00e9er une pub Instagram efficace&nbsp;?<\/a><\/p><\/blockquote>\n<p>&nbsp;<\/p>\n<h2>4. Prenez le temps d\u2019\u00e9crire<\/h2>\n<p>M\u00eame si Instagram est d\u00e9di\u00e9 aux images, les citations et les phrases inspirantes y trouvent \u00e9galement un bon \u00e9cho. Surtout quand elles sont joliment pr\u00e9sent\u00e9es, \u00e9videmment\u00a0!<\/p>\n<p><img decoding=\"async\" class=\"aligncenter size-full wp-image-5114\" src=\"https:\/\/graphiste.com\/blog\/wp-content\/uploads\/sites\/4\/2018\/01\/booster-compte-instagram.jpg\" alt=\"booster son compte instagram\" width=\"650\" height=\"521\" \/><\/p>\n<p>Booster votre compte en prenant le temps de pr\u00e9voir <strong>quelques petits mots<\/strong> qui rendent la vie plus belle. Puis ins\u00e9rez-les \u00e0 intervalles r\u00e9guliers.<\/p>\n<p>Undiz, par exemple, est tr\u00e8s constant dans cette d\u00e9marche\u00a0: une phrase toutes les deux images. Sur leur page, l\u2019effet est particuli\u00e8rement efficace.<\/p>\n<blockquote><p>\u00c0 lire aussi&nbsp;: <a href=\"https:\/\/graphiste.com\/blog\/ux-ui-comptes-instagram-inspirants\">UX\/UI&nbsp;: 7 comptes Instagram inspirants \u00e0 suivre<\/a><\/p><\/blockquote>\n<p>&nbsp;<\/p>\n<h2>5. Gagnez du temps avec les templates<\/h2>\n<p>Prenez quelques minutes pour r\u00e9fl\u00e9chir une bonne fois pour toutes \u00e0 la mani\u00e8re dont vous allez pr\u00e9senter ces fameuses phrases. Seront-elles sur un fond uni, ou accompagn\u00e9es d\u2019une photo\u00a0? Quelle typographie sera utilis\u00e9e\u00a0? Quel type de message font-elles passer\u00a0?<\/p>\n<p><img decoding=\"async\" class=\"aligncenter size-full wp-image-13194\" src=\"https:\/\/graphiste.com\/blog\/wp-content\/uploads\/sites\/4\/2019\/09\/planoly-planner-instagram-e1568809732901.jpg\" alt=\"plainly instagram planner pour graphiste freelance\" width=\"650\" height=\"503\" \/><\/p>\n<p>Puis consignez tout cela sur un document, ou encore mieux concevez un template dans lequel vous n\u2019aurez plus qu\u2019\u00e0 ins\u00e9rer les \u00e9l\u00e9ments utiles. Vous y gagnerez \u00e0 la fois du temps et de l\u2019uniformit\u00e9. Dans le monde des r\u00e9seaux sociaux, c\u2019est un gage de qualit\u00e9.<\/p>\n<blockquote><p>\u00c0 lire aussi&nbsp;: <a href=\"https:\/\/graphiste.com\/blog\/outils-gratuits-style-feed-instagram\">4 outils gratuits pour donner du style \u00e0 votre feed Instagram<\/a><\/p><\/blockquote>\n<p>&nbsp;<\/p>\n<h2>6. Ajoutez des illustrations dans vos photos<\/h2>\n<p>Un peu d\u2019imagination ne fait pas de mal quand on souhaite dynamiser son actualit\u00e9 visuelle.<\/p>\n<p>Une bonne technique consiste \u00e0 m\u00e9langer les illustrations et les photos, soit en dessinant par dessus ces derni\u00e8res, <a href=\"https:\/\/graphiste.com\/blog\/melange-photo-illustration\" target=\"_blank\" rel=\"noopener noreferrer\">soit en composant soigneusement son clich\u00e9 pour que les deux se r\u00e9pondent<\/a>.<\/p>\n<p>Le dialogue entre les deux arts fera parler de lui. Ce qui est toujours bon pour vous.<\/p>\n<p>&nbsp;<\/p>\n<h2>7. Montrez votre produit diff\u00e9remment<\/h2>\n<p>M\u00eame un stylo peut \u00eatre mis en sc\u00e8ne pour Instagram.<\/p>\n<p><img decoding=\"async\" class=\"aligncenter size-full wp-image-13197\" src=\"https:\/\/graphiste.com\/blog\/wp-content\/uploads\/sites\/4\/2019\/09\/instagram-feed-planner-app-preview-12-e1568810560656.jpg\" alt=\"instagram preview app graphiste freelance\" width=\"339\" height=\"700\" \/><\/p>\n<p>Mais l\u00e0 o\u00f9 vous allez r\u00e9ellement donner un coup de boost \u00e0 votre compte, c\u2019est quand vous le pr\u00e9senterez de mani\u00e8re d\u00e9cal\u00e9e. Et si votre stylo devenait l\u2019arme d\u2019un superh\u00e9ros, s\u2019ins\u00e9rait dans un latte art, rempla\u00e7ait les couverts pr\u00e8s d\u2019une assiette\u2026<\/p>\n<p>Faites bouger les lignes et apportez un peu de vie \u00e0 des pr\u00e9sentations qui seraient sinon un peu\u2026 ennuyeuses.<\/p>\n<blockquote><p>\u00c0 lire aussi&nbsp;: <a href=\"https:\/\/graphiste.com\/blog\/pub-instagram-efficace\">Comment cr\u00e9er une pub Instagram efficace&nbsp;?<\/a><\/p><\/blockquote>\n<p>&nbsp;<\/p>\n<h2>8. Bougez en vid\u00e9o<\/h2>\n<p>Il est possible d\u2019ajouter de courtes vid\u00e9os dans ses publications Instagram. M\u00eame si ce n\u2019est pas le but premier de ce r\u00e9seau social, c\u2019est n\u00e9anmoins une possibilit\u00e9 qui est de plus en plus souvent utilis\u00e9e autant par les particuliers que par les marques.<\/p>\n<blockquote class=\"instagram-media\" style=\"background: #FFF;border: 0;border-radius: 3px;margin: 1px;max-width: 658px;padding: 0;width: calc(100% - 2px)\" data-instgrm-permalink=\"https:\/\/www.instagram.com\/p\/BdxU0rAg1Fv\/\" data-instgrm-version=\"8\">\n<div style=\"padding: 8px\">\n<div style=\"background: #F8F8F8;line-height: 0;margin-top: 40px;padding: 50.0% 0;text-align: center;width: 100%\">\n<div style=\"base64,ivborw0kggoaaaansuheugaaacwaaaascamaaaapwqozaaaabgdbtueaalgpc\/xhbqaaaafzukdcak7ohokaaaamuexurczmzpf399fx1+bm5mzy9amaaadisurbvdjlvzxbesmgces5\/p8\/t9furvcrmu73jwlzosgsiizurcjo\/ad+eqjjb4hv8bft+idpqocx1wjosbfhh2xssxeiyn3uli\/6mnree07uiwjev8ueowds88ly97kqytlijkktuybbruayvh5wohixmpi5we58ek028czwyuqdlkpg1bkb4nnm+veanfhqn1k4+gpt6ugqcvu2h2ovuif\/gwufyy8owepdyzsa3avcqpvovvzzz2vtnn2wu8qzvjddeto90gsy9mvlqtgysy231mxry6i2ggqjrty0l8fxcxfcbbhwrsyyaaaaaelftksuqmcc);height: 44px;margin: 0 auto -44px;width: 44px\"><\/div>\n<\/div>\n<p style=\"color: #c9c8cd;font-family: Arial,sans-serif;font-size: 14px;line-height: 17px;margin-bottom: 0;margin-top: 8px;overflow: hidden;padding: 8px 0 7px;text-align: center\"><a style=\"color: #c9c8cd;font-family: Arial,sans-serif;font-size: 14px;font-style: normal;font-weight: normal;line-height: 17px;text-decoration: none\" href=\"https:\/\/www.instagram.com\/accounts\/login\/?next=\/p\/BdxU0rAg1Fv\/\" target=\"_blank\" rel=\"noopener noreferrer\">Une publication partag\u00e9e par SHISEIDO (@shiseido)<\/a> le 10 Janv. 2018 \u00e0 5&nbsp;:31 PST<\/p>\n<\/div>\n<\/blockquote>\n<p>Pr\u00e9voyez les v\u00f4tres pour qu\u2019elles soient succinctes et veillez \u00e0 ce que le visuel principal, celui qui s\u2019affiche en premier, avant que la vid\u00e9o ne d\u00e9marre, soit de qualit\u00e9. C\u2019est le seul moyen pour que l\u2019effet soit r\u00e9ussi.<\/p>\n<blockquote><p>\u00c0 lire aussi&nbsp;: <a href=\"https:\/\/graphiste.com\/blog\/optimiser-video-facebook\">Comment optimiser vos vid\u00e9os pour Facebook&nbsp;?<\/a><\/p><\/blockquote>\n<p>&nbsp;<\/p>\n<p>Vous l\u2019aurez compris, une constance qui permet de vous reconna\u00eetre et un soup\u00e7on d\u2019id\u00e9es seront les \u00e9l\u00e9ments qui vous permettront de faire la <strong>diff\u00e9rence sur Instagram.<\/strong><\/p>\n<p>Partagez ci-dessous vos comptes pr\u00e9f\u00e9r\u00e9s, ceux qui vous inspirent au quotidien, pour trouver encore d\u2019autres id\u00e9es. Pourquoi ne pas confier la gestion des visuels de votre marque \u00e0 un <a href=\"https:\/\/graphiste.com\" target=\"_blank\" rel=\"noopener noreferrer\"><strong>graphiste freelance professionnel&nbsp;?\u00a0<\/strong><\/a><\/p>\n","protected":false},"excerpt":{"rendered":"<p>Un compte Instagram, c\u2019est bien. Mais un compte Instagram qui donne une bonne image de votre marque, c\u2019est quand m\u00eame le plus important pour ce r\u00e9seau social o\u00f9 le visuel est roi. Vous avez peut-\u00eatre d\u00e9j\u00e0 de nombreuses id\u00e9es pour remplir votre fil de clich\u00e9s inspirants, esth\u00e9tiques ou amusants (voire les trois en m\u00eame temps). [&hellip;]<\/p>\n","protected":false},"author":1,"featured_media":19418,"comment_status":"open","ping_status":"open","sticky":false,"template":"","format":"standard","meta":{"_acf_changed":false,"inline_featured_image":false,"footnotes":""},"categories":[16],"tags":[],"class_list":["post-5113","post","type-post","status-publish","format-standard","has-post-thumbnail","hentry","category-reseaux-sociaux"],"acf":[],"yoast_head":"<!-- This site is optimized with the Yoast SEO plugin v25.9 - https:\/\/yoast.com\/wordpress\/plugins\/seo\/ -->\n<title>8 fa\u00e7ons de rebooster le compte Instagram de votre marque - Graphiste Blog<\/title>\n<meta name=\"description\" content=\"Un compte Instagram, c\u2019est bien. Mais un compte Instagram qui donne une bonne image de votre marque, c\u2019est mieux, surtout sur un r\u00e9seau social o\u00f9 le visuel est roi.\" \/>\n<meta name=\"robots\" content=\"index, follow, max-snippet:-1, max-image-preview:large, max-video-preview:-1\" \/>\n<link rel=\"canonical\" href=\"https:\/\/graphiste.com\/blog\/booster-instagram-marque\/\" \/>\n<meta property=\"og:locale\" content=\"fr_FR\" \/>\n<meta property=\"og:type\" content=\"article\" \/>\n<meta property=\"og:title\" content=\"8 fa\u00e7ons de rebooster le compte Instagram de votre marque - Graphiste Blog\" \/>\n<meta property=\"og:description\" content=\"Un compte Instagram, c\u2019est bien. Mais un compte Instagram qui donne une bonne image de votre marque, c\u2019est mieux, surtout sur un r\u00e9seau social o\u00f9 le visuel est roi.\" \/>\n<meta property=\"og:url\" content=\"https:\/\/graphiste.com\/blog\/booster-instagram-marque\/\" \/>\n<meta property=\"og:site_name\" content=\"Graphiste.com\" \/>\n<meta property=\"article:publisher\" content=\"https:\/\/www.facebook.com\/graphistesfreelances\" \/>\n<meta property=\"article:published_time\" content=\"2020-06-26T07:00:28+00:00\" \/>\n<meta property=\"og:image\" content=\"https:\/\/graphiste.com\/blog\/wp-content\/uploads\/sites\/4\/2018\/01\/une-graphiste-rebooster-votre-compte-instagram-entreprise-1.jpg\" \/>\n\t<meta property=\"og:image:width\" content=\"850\" \/>\n\t<meta property=\"og:image:height\" content=\"423\" \/>\n\t<meta property=\"og:image:type\" content=\"image\/jpeg\" \/>\n<meta name=\"author\" content=\"Laura Michaud\" \/>\n<meta name=\"twitter:card\" content=\"summary_large_image\" \/>\n<meta name=\"twitter:creator\" content=\"@Graphistecom\" \/>\n<meta name=\"twitter:site\" content=\"@Graphistecom\" \/>\n<meta name=\"twitter:label1\" content=\"\u00c9crit par\" \/>\n\t<meta name=\"twitter:data1\" content=\"Laura Michaud\" \/>\n\t<meta name=\"twitter:label2\" content=\"Dur\u00e9e de lecture estim\u00e9e\" \/>\n\t<meta name=\"twitter:data2\" content=\"6 minutes\" \/>\n<script type=\"application\/ld+json\" class=\"yoast-schema-graph\">{\"@context\":\"https:\/\/schema.org\",\"@graph\":[{\"@type\":\"Article\",\"@id\":\"https:\/\/graphiste.com\/blog\/booster-instagram-marque\/#article\",\"isPartOf\":{\"@id\":\"https:\/\/graphiste.com\/blog\/booster-instagram-marque\/\"},\"author\":{\"name\":\"Laura Michaud\",\"@id\":\"https:\/\/graphiste.com\/blog\/#\/schema\/person\/33c0ef04707fbe50a096f282050bb5f2\"},\"headline\":\"8 fa\u00e7ons de rebooster le compte Instagram de votre marque\",\"datePublished\":\"2020-06-26T07:00:28+00:00\",\"mainEntityOfPage\":{\"@id\":\"https:\/\/graphiste.com\/blog\/booster-instagram-marque\/\"},\"wordCount\":1114,\"commentCount\":0,\"publisher\":{\"@id\":\"https:\/\/graphiste.com\/blog\/#organization\"},\"image\":{\"@id\":\"https:\/\/graphiste.com\/blog\/booster-instagram-marque\/#primaryimage\"},\"thumbnailUrl\":\"https:\/\/graphiste.com\/blog\/wp-content\/uploads\/sites\/4\/2018\/01\/une-graphiste-rebooster-votre-compte-instagram-entreprise-1.jpg\",\"articleSection\":[\"R\u00e9seaux sociaux\"],\"inLanguage\":\"fr-FR\",\"potentialAction\":[{\"@type\":\"CommentAction\",\"name\":\"Comment\",\"target\":[\"https:\/\/graphiste.com\/blog\/booster-instagram-marque\/#respond\"]}]},{\"@type\":\"WebPage\",\"@id\":\"https:\/\/graphiste.com\/blog\/booster-instagram-marque\/\",\"url\":\"https:\/\/graphiste.com\/blog\/booster-instagram-marque\/\",\"name\":\"8 fa\u00e7ons de rebooster le compte Instagram de votre marque - Graphiste Blog\",\"isPartOf\":{\"@id\":\"https:\/\/graphiste.com\/blog\/#website\"},\"primaryImageOfPage\":{\"@id\":\"https:\/\/graphiste.com\/blog\/booster-instagram-marque\/#primaryimage\"},\"image\":{\"@id\":\"https:\/\/graphiste.com\/blog\/booster-instagram-marque\/#primaryimage\"},\"thumbnailUrl\":\"https:\/\/graphiste.com\/blog\/wp-content\/uploads\/sites\/4\/2018\/01\/une-graphiste-rebooster-votre-compte-instagram-entreprise-1.jpg\",\"datePublished\":\"2020-06-26T07:00:28+00:00\",\"description\":\"Un compte Instagram, c\u2019est bien. Mais un compte Instagram qui donne une bonne image de votre marque, c\u2019est mieux, surtout sur un r\u00e9seau social o\u00f9 le visuel est roi.\",\"breadcrumb\":{\"@id\":\"https:\/\/graphiste.com\/blog\/booster-instagram-marque\/#breadcrumb\"},\"inLanguage\":\"fr-FR\",\"potentialAction\":[{\"@type\":\"ReadAction\",\"target\":[\"https:\/\/graphiste.com\/blog\/booster-instagram-marque\/\"]}]},{\"@type\":\"ImageObject\",\"inLanguage\":\"fr-FR\",\"@id\":\"https:\/\/graphiste.com\/blog\/booster-instagram-marque\/#primaryimage\",\"url\":\"https:\/\/graphiste.com\/blog\/wp-content\/uploads\/sites\/4\/2018\/01\/une-graphiste-rebooster-votre-compte-instagram-entreprise-1.jpg\",\"contentUrl\":\"https:\/\/graphiste.com\/blog\/wp-content\/uploads\/sites\/4\/2018\/01\/une-graphiste-rebooster-votre-compte-instagram-entreprise-1.jpg\",\"width\":850,\"height\":423,\"caption\":\"booster son compte de marque instagram\"},{\"@type\":\"BreadcrumbList\",\"@id\":\"https:\/\/graphiste.com\/blog\/booster-instagram-marque\/#breadcrumb\",\"itemListElement\":[{\"@type\":\"ListItem\",\"position\":1,\"name\":\"Blog\",\"item\":\"https:\/\/graphiste.com\/blog\/\"},{\"@type\":\"ListItem\",\"position\":2,\"name\":\"8 fa\u00e7ons de rebooster le compte Instagram de votre marque\"}]},{\"@type\":\"WebSite\",\"@id\":\"https:\/\/graphiste.com\/blog\/#website\",\"url\":\"https:\/\/graphiste.com\/blog\/\",\"name\":\"Graphiste.com\",\"description\":\"graphiste\",\"publisher\":{\"@id\":\"https:\/\/graphiste.com\/blog\/#organization\"},\"potentialAction\":[{\"@type\":\"SearchAction\",\"target\":{\"@type\":\"EntryPoint\",\"urlTemplate\":\"https:\/\/graphiste.com\/blog\/?s={search_term_string}\"},\"query-input\":{\"@type\":\"PropertyValueSpecification\",\"valueRequired\":true,\"valueName\":\"search_term_string\"}}],\"inLanguage\":\"fr-FR\"},{\"@type\":\"Organization\",\"@id\":\"https:\/\/graphiste.com\/blog\/#organization\",\"name\":\"Graphiste.com\",\"url\":\"https:\/\/graphiste.com\/blog\/\",\"logo\":{\"@type\":\"ImageObject\",\"inLanguage\":\"fr-FR\",\"@id\":\"https:\/\/graphiste.com\/blog\/#\/schema\/logo\/image\/\",\"url\":\"https:\/\/graphiste.com\/blog\/wp-content\/uploads\/sites\/4\/2022\/07\/logo-blog-graphiste.svg\",\"contentUrl\":\"https:\/\/graphiste.com\/blog\/wp-content\/uploads\/sites\/4\/2022\/07\/logo-blog-graphiste.svg\",\"width\":1,\"height\":1,\"caption\":\"Graphiste.com\"},\"image\":{\"@id\":\"https:\/\/graphiste.com\/blog\/#\/schema\/logo\/image\/\"},\"sameAs\":[\"https:\/\/www.facebook.com\/graphistesfreelances\",\"https:\/\/x.com\/Graphistecom\",\"https:\/\/www.linkedin.com\/company\/graphiste-com\/\",\"https:\/\/fr.pinterest.com\/Graphiste_Com\",\"https:\/\/www.instagram.com\/graphiste_com\/\"]},{\"@type\":\"Person\",\"@id\":\"https:\/\/graphiste.com\/blog\/#\/schema\/person\/33c0ef04707fbe50a096f282050bb5f2\",\"name\":\"Laura Michaud\",\"image\":{\"@type\":\"ImageObject\",\"inLanguage\":\"fr-FR\",\"@id\":\"https:\/\/graphiste.com\/blog\/#\/schema\/person\/image\/\",\"url\":\"https:\/\/secure.gravatar.com\/avatar\/c3328cc0c887f98cec6b2979af3311ab6333fc7cc2d4847514cfec6a56fa08a7?s=96&d=mm&r=g\",\"contentUrl\":\"https:\/\/secure.gravatar.com\/avatar\/c3328cc0c887f98cec6b2979af3311ab6333fc7cc2d4847514cfec6a56fa08a7?s=96&d=mm&r=g\",\"caption\":\"Laura Michaud\"},\"description\":\"Laura connait tous les meilleurs outils pour g\u00e9rer des projets et une entreprise. Cr\u00e9ative, c'est aussi une sp\u00e9cialiste des outils de cr\u00e9ation graphique pour faire briller une entreprise.\",\"sameAs\":[\"https:\/\/www.linkedin.com\/in\/michaudlaura\/\"],\"url\":\"https:\/\/graphiste.com\/blog\/author\/laura\/\"}]}<\/script>\n<!-- \/ Yoast SEO plugin. -->","yoast_head_json":{"title":"8 fa\u00e7ons de rebooster le compte Instagram de votre marque - Graphiste Blog","description":"Un compte Instagram, c\u2019est bien. Mais un compte Instagram qui donne une bonne image de votre marque, c\u2019est mieux, surtout sur un r\u00e9seau social o\u00f9 le visuel est roi.","robots":{"index":"index","follow":"follow","max-snippet":"max-snippet:-1","max-image-preview":"max-image-preview:large","max-video-preview":"max-video-preview:-1"},"canonical":"https:\/\/graphiste.com\/blog\/booster-instagram-marque\/","og_locale":"fr_FR","og_type":"article","og_title":"8 fa\u00e7ons de rebooster le compte Instagram de votre marque - Graphiste Blog","og_description":"Un compte Instagram, c\u2019est bien. Mais un compte Instagram qui donne une bonne image de votre marque, c\u2019est mieux, surtout sur un r\u00e9seau social o\u00f9 le visuel est roi.","og_url":"https:\/\/graphiste.com\/blog\/booster-instagram-marque\/","og_site_name":"Graphiste.com","article_publisher":"https:\/\/www.facebook.com\/graphistesfreelances","article_published_time":"2020-06-26T07:00:28+00:00","og_image":[{"width":850,"height":423,"url":"https:\/\/graphiste.com\/blog\/wp-content\/uploads\/sites\/4\/2018\/01\/une-graphiste-rebooster-votre-compte-instagram-entreprise-1.jpg","type":"image\/jpeg"}],"author":"Laura Michaud","twitter_card":"summary_large_image","twitter_creator":"@Graphistecom","twitter_site":"@Graphistecom","twitter_misc":{"\u00c9crit par":"Laura Michaud","Dur\u00e9e de lecture estim\u00e9e":"6 minutes"},"schema":{"@context":"https:\/\/schema.org","@graph":[{"@type":"Article","@id":"https:\/\/graphiste.com\/blog\/booster-instagram-marque\/#article","isPartOf":{"@id":"https:\/\/graphiste.com\/blog\/booster-instagram-marque\/"},"author":{"name":"Laura Michaud","@id":"https:\/\/graphiste.com\/blog\/#\/schema\/person\/33c0ef04707fbe50a096f282050bb5f2"},"headline":"8 fa\u00e7ons de rebooster le compte Instagram de votre marque","datePublished":"2020-06-26T07:00:28+00:00","mainEntityOfPage":{"@id":"https:\/\/graphiste.com\/blog\/booster-instagram-marque\/"},"wordCount":1114,"commentCount":0,"publisher":{"@id":"https:\/\/graphiste.com\/blog\/#organization"},"image":{"@id":"https:\/\/graphiste.com\/blog\/booster-instagram-marque\/#primaryimage"},"thumbnailUrl":"https:\/\/graphiste.com\/blog\/wp-content\/uploads\/sites\/4\/2018\/01\/une-graphiste-rebooster-votre-compte-instagram-entreprise-1.jpg","articleSection":["R\u00e9seaux sociaux"],"inLanguage":"fr-FR","potentialAction":[{"@type":"CommentAction","name":"Comment","target":["https:\/\/graphiste.com\/blog\/booster-instagram-marque\/#respond"]}]},{"@type":"WebPage","@id":"https:\/\/graphiste.com\/blog\/booster-instagram-marque\/","url":"https:\/\/graphiste.com\/blog\/booster-instagram-marque\/","name":"8 fa\u00e7ons de rebooster le compte Instagram de votre marque - Graphiste Blog","isPartOf":{"@id":"https:\/\/graphiste.com\/blog\/#website"},"primaryImageOfPage":{"@id":"https:\/\/graphiste.com\/blog\/booster-instagram-marque\/#primaryimage"},"image":{"@id":"https:\/\/graphiste.com\/blog\/booster-instagram-marque\/#primaryimage"},"thumbnailUrl":"https:\/\/graphiste.com\/blog\/wp-content\/uploads\/sites\/4\/2018\/01\/une-graphiste-rebooster-votre-compte-instagram-entreprise-1.jpg","datePublished":"2020-06-26T07:00:28+00:00","description":"Un compte Instagram, c\u2019est bien. Mais un compte Instagram qui donne une bonne image de votre marque, c\u2019est mieux, surtout sur un r\u00e9seau social o\u00f9 le visuel est roi.","breadcrumb":{"@id":"https:\/\/graphiste.com\/blog\/booster-instagram-marque\/#breadcrumb"},"inLanguage":"fr-FR","potentialAction":[{"@type":"ReadAction","target":["https:\/\/graphiste.com\/blog\/booster-instagram-marque\/"]}]},{"@type":"ImageObject","inLanguage":"fr-FR","@id":"https:\/\/graphiste.com\/blog\/booster-instagram-marque\/#primaryimage","url":"https:\/\/graphiste.com\/blog\/wp-content\/uploads\/sites\/4\/2018\/01\/une-graphiste-rebooster-votre-compte-instagram-entreprise-1.jpg","contentUrl":"https:\/\/graphiste.com\/blog\/wp-content\/uploads\/sites\/4\/2018\/01\/une-graphiste-rebooster-votre-compte-instagram-entreprise-1.jpg","width":850,"height":423,"caption":"booster son compte de marque instagram"},{"@type":"BreadcrumbList","@id":"https:\/\/graphiste.com\/blog\/booster-instagram-marque\/#breadcrumb","itemListElement":[{"@type":"ListItem","position":1,"name":"Blog","item":"https:\/\/graphiste.com\/blog\/"},{"@type":"ListItem","position":2,"name":"8 fa\u00e7ons de rebooster le compte Instagram de votre marque"}]},{"@type":"WebSite","@id":"https:\/\/graphiste.com\/blog\/#website","url":"https:\/\/graphiste.com\/blog\/","name":"Graphiste.com","description":"graphiste","publisher":{"@id":"https:\/\/graphiste.com\/blog\/#organization"},"potentialAction":[{"@type":"SearchAction","target":{"@type":"EntryPoint","urlTemplate":"https:\/\/graphiste.com\/blog\/?s={search_term_string}"},"query-input":{"@type":"PropertyValueSpecification","valueRequired":true,"valueName":"search_term_string"}}],"inLanguage":"fr-FR"},{"@type":"Organization","@id":"https:\/\/graphiste.com\/blog\/#organization","name":"Graphiste.com","url":"https:\/\/graphiste.com\/blog\/","logo":{"@type":"ImageObject","inLanguage":"fr-FR","@id":"https:\/\/graphiste.com\/blog\/#\/schema\/logo\/image\/","url":"https:\/\/graphiste.com\/blog\/wp-content\/uploads\/sites\/4\/2022\/07\/logo-blog-graphiste.svg","contentUrl":"https:\/\/graphiste.com\/blog\/wp-content\/uploads\/sites\/4\/2022\/07\/logo-blog-graphiste.svg","width":1,"height":1,"caption":"Graphiste.com"},"image":{"@id":"https:\/\/graphiste.com\/blog\/#\/schema\/logo\/image\/"},"sameAs":["https:\/\/www.facebook.com\/graphistesfreelances","https:\/\/x.com\/Graphistecom","https:\/\/www.linkedin.com\/company\/graphiste-com\/","https:\/\/fr.pinterest.com\/Graphiste_Com","https:\/\/www.instagram.com\/graphiste_com\/"]},{"@type":"Person","@id":"https:\/\/graphiste.com\/blog\/#\/schema\/person\/33c0ef04707fbe50a096f282050bb5f2","name":"Laura Michaud","image":{"@type":"ImageObject","inLanguage":"fr-FR","@id":"https:\/\/graphiste.com\/blog\/#\/schema\/person\/image\/","url":"https:\/\/secure.gravatar.com\/avatar\/c3328cc0c887f98cec6b2979af3311ab6333fc7cc2d4847514cfec6a56fa08a7?s=96&d=mm&r=g","contentUrl":"https:\/\/secure.gravatar.com\/avatar\/c3328cc0c887f98cec6b2979af3311ab6333fc7cc2d4847514cfec6a56fa08a7?s=96&d=mm&r=g","caption":"Laura Michaud"},"description":"Laura connait tous les meilleurs outils pour g\u00e9rer des projets et une entreprise. Cr\u00e9ative, c'est aussi une sp\u00e9cialiste des outils de cr\u00e9ation graphique pour faire briller une entreprise.","sameAs":["https:\/\/www.linkedin.com\/in\/michaudlaura\/"],"url":"https:\/\/graphiste.com\/blog\/author\/laura\/"}]}},"_links":{"self":[{"href":"https:\/\/graphiste.com\/blog\/wp-json\/wp\/v2\/posts\/5113","targetHints":{"allow":["GET"]}}],"collection":[{"href":"https:\/\/graphiste.com\/blog\/wp-json\/wp\/v2\/posts"}],"about":[{"href":"https:\/\/graphiste.com\/blog\/wp-json\/wp\/v2\/types\/post"}],"author":[{"embeddable":true,"href":"https:\/\/graphiste.com\/blog\/wp-json\/wp\/v2\/users\/1"}],"replies":[{"embeddable":true,"href":"https:\/\/graphiste.com\/blog\/wp-json\/wp\/v2\/comments?post=5113"}],"version-history":[{"count":0,"href":"https:\/\/graphiste.com\/blog\/wp-json\/wp\/v2\/posts\/5113\/revisions"}],"wp:featuredmedia":[{"embeddable":true,"href":"https:\/\/graphiste.com\/blog\/wp-json\/wp\/v2\/media\/19418"}],"wp:attachment":[{"href":"https:\/\/graphiste.com\/blog\/wp-json\/wp\/v2\/media?parent=5113"}],"wp:term":[{"taxonomy":"category","embeddable":true,"href":"https:\/\/graphiste.com\/blog\/wp-json\/wp\/v2\/categories?post=5113"},{"taxonomy":"post_tag","embeddable":true,"href":"https:\/\/graphiste.com\/blog\/wp-json\/wp\/v2\/tags?post=5113"}],"curies":[{"name":"wp","href":"https:\/\/api.w.org\/{rel}","templated":true}]}}