{"id":50703,"date":"2023-08-01T10:30:00","date_gmt":"2023-08-01T08:30:00","guid":{"rendered":"https:\/\/graphiste.com\/blog\/?p=50703"},"modified":"2023-07-21T15:38:37","modified_gmt":"2023-07-21T13:38:37","slug":"publicite-rentree","status":"publish","type":"post","link":"https:\/\/graphiste.com\/blog\/publicite-rentree\/","title":{"rendered":"10 id\u00e9es de publicit\u00e9s \u00e0 faire pour la rentr\u00e9e"},"content":{"rendered":"\n<p>Les cloches de la rentr\u00e9e sonnent l\u2019envie de renouveau des consommateurs et l\u2019achat de fournitures pour les \u00e9tudiants et les \u00e9coliers.<\/p>\n\n\n\n<p>Afin d\u2019augmenter leurs ventes sur cette p\u00e9riode cl\u00e9 de l\u2019ann\u00e9e, les entreprises font appel \u00e0 l\u2019expertise d\u2019un <strong><a href=\"https:\/\/graphiste.com\/\">graphiste freelance<\/a><\/strong> dans le but de se d\u00e9marquer de la concurrence et de trouver gr\u00e2ce aupr\u00e8s de leurs clients.<\/p>\n\n\n\n<p>Pour r\u00e9ussir votre future campagne marketing, d\u00e9couvrez 10 publicit\u00e9s s\u00e9lectionn\u00e9es par nos soins, pourquoi faire de la pub au moment de la rentr\u00e9e des classes, combien de temps et \u00e0 partir de quand communiquer, ainsi que notre astuce pour cr\u00e9er vos visuels.<\/p>\n\n\n\n<h2 class=\"wp-block-heading\">Notre s\u00e9lection de publicit\u00e9s dont il faut s&#8217;inspirer pour la rentr\u00e9e<\/h2>\n\n\n\n<p>De l\u2019affiche au flyer, de l\u2019encart de presse aux r\u00e9seaux sociaux, voici les publicit\u00e9s qui inspireront votre rentr\u00e9e\u00a0:<\/p>\n\n\n\n<h3 class=\"wp-block-heading\">1. Des <strong>affiches impactantes chez Stockomani<\/strong> <\/h3>\n\n\n\n<figure class=\"wp-block-image size-full\"><img decoding=\"async\" width=\"700\" height=\"611\" src=\"https:\/\/graphiste.com\/blog\/wp-content\/uploads\/sites\/4\/2023\/07\/stockomani.webp\" alt=\"\" class=\"wp-image-50705\" srcset=\"https:\/\/graphiste.com\/blog\/wp-content\/uploads\/sites\/4\/2023\/07\/stockomani.webp 700w, https:\/\/graphiste.com\/blog\/wp-content\/uploads\/sites\/4\/2023\/07\/stockomani-300x262.webp 300w, https:\/\/graphiste.com\/blog\/wp-content\/uploads\/sites\/4\/2023\/07\/stockomani-60x52.webp 60w, https:\/\/graphiste.com\/blog\/wp-content\/uploads\/sites\/4\/2023\/07\/stockomani-370x323.webp 370w, https:\/\/graphiste.com\/blog\/wp-content\/uploads\/sites\/4\/2023\/07\/stockomani-270x236.webp 270w, https:\/\/graphiste.com\/blog\/wp-content\/uploads\/sites\/4\/2023\/07\/stockomani-570x498.webp 570w\" sizes=\"(max-width: 700px) 100vw, 700px\" \/><\/figure>\n\n\n\n<p>L\u2019enseigne Stockomani est connue pour ses campagnes de prix discount dans les domaines mode, beaut\u00e9, d\u00e9co et jouet, mais peu pour l\u2019\u00e9quipement scolaire. <\/p>\n\n\n\n<p>Gr\u00e2ce \u00e0 une affiche dans les couleurs flashy tr\u00e8s appr\u00e9ci\u00e9es dans les \u00e9coles et la mise en avant de 2 produits phares de la rentr\u00e9e des classes (sacs \u00e0 dos et feutres), Stockomani capte imm\u00e9diatement l\u2019attention des futurs acheteurs.<\/p>\n\n\n\n<p>Les marques sont mises en \u00e9vidence \u00e0 c\u00f4t\u00e9 des produits et en bas de page, alors que le haut est r\u00e9serv\u00e9 au logo du magasin, ses domaines de pr\u00e9dilection et la dur\u00e9e de l\u2019offre (2 semaines). Les prix sont mis en \u00e9vidence par des couleurs vives, et les images sont li\u00e9es par de discrets dessins d\u2019avions en papier qui rappelleront aux parents les ann\u00e9es pass\u00e9es en classe.<\/p>\n\n\n\n<h3 class=\"wp-block-heading\">2. Le <strong>catalogue Auchan<\/strong>, le temps et le choix pour les clients<\/h3>\n\n\n\n<figure class=\"wp-block-image size-full\"><img decoding=\"async\" width=\"700\" height=\"394\" src=\"https:\/\/graphiste.com\/blog\/wp-content\/uploads\/sites\/4\/2023\/07\/auchan.webp\" alt=\"\" class=\"wp-image-50706\" srcset=\"https:\/\/graphiste.com\/blog\/wp-content\/uploads\/sites\/4\/2023\/07\/auchan.webp 700w, https:\/\/graphiste.com\/blog\/wp-content\/uploads\/sites\/4\/2023\/07\/auchan-300x169.webp 300w, https:\/\/graphiste.com\/blog\/wp-content\/uploads\/sites\/4\/2023\/07\/auchan-60x34.webp 60w, https:\/\/graphiste.com\/blog\/wp-content\/uploads\/sites\/4\/2023\/07\/auchan-370x208.webp 370w, https:\/\/graphiste.com\/blog\/wp-content\/uploads\/sites\/4\/2023\/07\/auchan-270x152.webp 270w, https:\/\/graphiste.com\/blog\/wp-content\/uploads\/sites\/4\/2023\/07\/auchan-570x321.webp 570w\" sizes=\"(max-width: 700px) 100vw, 700px\" \/><\/figure>\n\n\n\n<p>Contrairement \u00e0 Stockomani, les magasins Auchan sont d\u00e9j\u00e0 identifi\u00e9s par les clients comme un lieu o\u00f9 l\u2019on trouve des articles scolaires. Les clients doivent ici \u00eatre convaincus de faire le bon choix de sac personnalis\u00e9 en optant pour l\u2019enseigne.<\/p>\n\n\n\n<p>Mis en place sur l\u2019\u00e9t\u00e9 complet, le catalogue \u00ab maroquinerie scolaire \u00bb fait la part belle au choix. Les couleurs pastel, apaisantes, s\u2019ajoutent au calme d\u2019une sc\u00e8ne du quotidien&nbsp;: des sacs pos\u00e9s attendant d\u2019\u00eatre utilis\u00e9s entour\u00e9s de jeux dans un cadre cosy. <\/p>\n\n\n\n<p>L\u2019int\u00e9rieur, d\u00e9coup\u00e9 en 4 parties verticales, permet de balayer rapidement les diff\u00e9rents types de sacs et leurs caract\u00e9ristiques techniques mises en avant par des sch\u00e9mas. Habilement gliss\u00e9s dans le cama\u00efeu de couleur des pages, les accessoires personnalis\u00e9s (crayons, carnets, trousses\u2026) c\u00f4toient les prix en gras bien visibles, mais discrets. <\/p>\n\n\n\n<p>Le logo de l\u2019enseigne est quant \u00e0 lui pr\u00e9sent sur tous les bas de page du catalogue pour une identification parfaite.<\/p>\n\n\n\n<h3 class=\"wp-block-heading\">3. 4 couvertures rentr\u00e9es pour 1 catalogue chez DECITRE<\/h3>\n\n\n\n<figure class=\"wp-block-image size-full\"><img decoding=\"async\" width=\"700\" height=\"394\" src=\"https:\/\/graphiste.com\/blog\/wp-content\/uploads\/sites\/4\/2023\/07\/decitre.webp\" alt=\"\" class=\"wp-image-50707\" srcset=\"https:\/\/graphiste.com\/blog\/wp-content\/uploads\/sites\/4\/2023\/07\/decitre.webp 700w, https:\/\/graphiste.com\/blog\/wp-content\/uploads\/sites\/4\/2023\/07\/decitre-300x169.webp 300w, https:\/\/graphiste.com\/blog\/wp-content\/uploads\/sites\/4\/2023\/07\/decitre-60x34.webp 60w, https:\/\/graphiste.com\/blog\/wp-content\/uploads\/sites\/4\/2023\/07\/decitre-370x208.webp 370w, https:\/\/graphiste.com\/blog\/wp-content\/uploads\/sites\/4\/2023\/07\/decitre-270x152.webp 270w, https:\/\/graphiste.com\/blog\/wp-content\/uploads\/sites\/4\/2023\/07\/decitre-570x321.webp 570w\" sizes=\"(max-width: 700px) 100vw, 700px\" \/><\/figure>\n\n\n\n<p>En 2017, les magasins DECITRE, sp\u00e9cialistes de la papeterie ont confi\u00e9 leur campagne publicitaire de la rentr\u00e9e \u00e0 une agence de publicit\u00e9. Afin de se d\u00e9marquer, l\u2019accent a \u00e9t\u00e9 mis sur 4 couvertures de catalogues diff\u00e9rentes mettant en valeur les services de la marque pour chaque mois d\u2019\u00e9t\u00e9.<\/p>\n\n\n\n<p>Des personnages qui s\u2019amusent et des produits aux couleurs vives rappelant les vacances tranchent sur un fond de tableau d\u2019\u00e9cole vert agr\u00e9ment\u00e9 de dessins \u00e0 la craie, \u00e9voquant la salle de classe d\u2019autrefois. <\/p>\n\n\n\n<p>Un slogan mit en valeur en bas de page \u201cVivez une rentr\u00e9e lib\u00e9r\u00e9e&nbsp;!\u201d et \u201cLa rentr\u00e9e DECITRE\u2026\u201d suivi de l\u2019avantage client comme la pr\u00e9paration du panier par l\u2018enseigne elle-m\u00eame.<\/p>\n\n\n\n<h3 class=\"wp-block-heading\">4. Intersport, le marketing aux prix sportifs<\/h3>\n\n\n\n<figure class=\"wp-block-image size-full\"><img decoding=\"async\" width=\"700\" height=\"368\" src=\"https:\/\/graphiste.com\/blog\/wp-content\/uploads\/sites\/4\/2023\/07\/intersport.webp\" alt=\"\" class=\"wp-image-50709\" srcset=\"https:\/\/graphiste.com\/blog\/wp-content\/uploads\/sites\/4\/2023\/07\/intersport.webp 700w, https:\/\/graphiste.com\/blog\/wp-content\/uploads\/sites\/4\/2023\/07\/intersport-300x158.webp 300w, https:\/\/graphiste.com\/blog\/wp-content\/uploads\/sites\/4\/2023\/07\/intersport-60x32.webp 60w, https:\/\/graphiste.com\/blog\/wp-content\/uploads\/sites\/4\/2023\/07\/intersport-370x195.webp 370w, https:\/\/graphiste.com\/blog\/wp-content\/uploads\/sites\/4\/2023\/07\/intersport-270x142.webp 270w, https:\/\/graphiste.com\/blog\/wp-content\/uploads\/sites\/4\/2023\/07\/intersport-570x300.webp 570w\" sizes=\"(max-width: 700px) 100vw, 700px\" \/><\/figure>\n\n\n\n<p>Chez Intersport en 2016, on opte pour une couverture de catalogue mettant en avant une offre limit\u00e9e de chaussures de sport. <\/p>\n\n\n\n<p>Pour mettre en valeur la p\u00e9riode et l\u2019offre, la c\u00e9l\u00e8bre cha\u00eene de magasins affiche une image sur les \u2154 de la page repr\u00e9sentant des enfants avec des cartables qui courent vers nous pour symboliser le sport et la rentr\u00e9e des \u00e9coles.<\/p>\n\n\n\n<p>Sur le tiers restant, en couleur jaune est mise en avant l\u2019offre produit avec le prix promotionnel en \u00e9vidence et le prix conseill\u00e9 barr\u00e9. La mention \u201cdans la limite des stocks disponibles\u201d est bien indiqu\u00e9e quoique discr\u00e8te et la date \u201c\u00e0 partir du 10 ao\u00fbt\u201d incite \u00e0 une prise de d\u00e9cision rapide.<\/p>\n\n\n\n<h3 class=\"wp-block-heading\">5. Carrefour s\u2019affiche sur les r\u00e9seaux sociaux<\/h3>\n\n\n\n<figure class=\"wp-block-image size-full\"><img decoding=\"async\" width=\"700\" height=\"260\" src=\"https:\/\/graphiste.com\/blog\/wp-content\/uploads\/sites\/4\/2023\/07\/carrefour.webp\" alt=\"\" class=\"wp-image-50710\" srcset=\"https:\/\/graphiste.com\/blog\/wp-content\/uploads\/sites\/4\/2023\/07\/carrefour.webp 700w, https:\/\/graphiste.com\/blog\/wp-content\/uploads\/sites\/4\/2023\/07\/carrefour-300x111.webp 300w, https:\/\/graphiste.com\/blog\/wp-content\/uploads\/sites\/4\/2023\/07\/carrefour-60x22.webp 60w, https:\/\/graphiste.com\/blog\/wp-content\/uploads\/sites\/4\/2023\/07\/carrefour-370x137.webp 370w, https:\/\/graphiste.com\/blog\/wp-content\/uploads\/sites\/4\/2023\/07\/carrefour-270x100.webp 270w, https:\/\/graphiste.com\/blog\/wp-content\/uploads\/sites\/4\/2023\/07\/carrefour-570x212.webp 570w\" sizes=\"(max-width: 700px) 100vw, 700px\" \/><\/figure>\n\n\n\n<p>Vous pouvez \u00e9galement vous signaler sur les r\u00e9seaux sociaux, mais attention, les codes changent. Les internautes sont r\u00e9guli\u00e8rement sollicit\u00e9s par des publicit\u00e9s, vous devrez faire preuve de l\u00e9g\u00e8ret\u00e9 et inviter les utilisateurs \u00e0 vous d\u00e9couvrir, comme l\u2019enseigne Carrefour en 2022 sur Facebook.<\/p>\n\n\n\n<p>Gr\u00e2ce \u00e0 une courte animation sur fond de copie d\u2019\u00e9cole, l\u2019enseigne avertit ses futurs clients de la p\u00e9riode des offres de rentr\u00e9e ainsi que des produits essentiels et personnalis\u00e9s qu\u2019ils pourront retrouver surlign\u00e9s en orange. <\/p>\n\n\n\n<p>De petits dessins de carnets et de trombones viennent souligner la p\u00e9riode de l\u2019ann\u00e9e sans pour autant prendre un ton trop scolaire. Sur un second plan, on retrouve un QR code indiqu\u00e9 par des fl\u00e8ches anim\u00e9es et un message invitant \u00e0 d\u00e9couvrir le catalogue Carrefour du moment avec un visuel sur la droite.<\/p>\n\n\n\n<h3 class=\"wp-block-heading\">6. Un post c\u2019est tout&nbsp;! Cora et sa publicit\u00e9 rentr\u00e9e sur les r\u00e9seaux <\/h3>\n\n\n\n<figure class=\"wp-block-image size-full\"><img decoding=\"async\" width=\"700\" height=\"611\" src=\"https:\/\/graphiste.com\/blog\/wp-content\/uploads\/sites\/4\/2023\/07\/cora.webp\" alt=\"\" class=\"wp-image-50712\" srcset=\"https:\/\/graphiste.com\/blog\/wp-content\/uploads\/sites\/4\/2023\/07\/cora.webp 700w, https:\/\/graphiste.com\/blog\/wp-content\/uploads\/sites\/4\/2023\/07\/cora-300x262.webp 300w, https:\/\/graphiste.com\/blog\/wp-content\/uploads\/sites\/4\/2023\/07\/cora-60x52.webp 60w, https:\/\/graphiste.com\/blog\/wp-content\/uploads\/sites\/4\/2023\/07\/cora-370x323.webp 370w, https:\/\/graphiste.com\/blog\/wp-content\/uploads\/sites\/4\/2023\/07\/cora-270x236.webp 270w, https:\/\/graphiste.com\/blog\/wp-content\/uploads\/sites\/4\/2023\/07\/cora-570x498.webp 570w\" sizes=\"(max-width: 700px) 100vw, 700px\" \/><\/figure>\n\n\n\n<p>Lors de sa campagne marketing de 2020, les magasins Cora ont choisi Facebook pour inciter leurs clients \u00e0 commander en drive leurs produits de rentr\u00e9e scolaire.<\/p>\n\n\n\n<p>En un post, l\u2019enseigne garde le contact avec les internautes en annon\u00e7ant l\u2019arriv\u00e9e des fournitures scolaires. Le message est \u00e9crit \u00e0 la craie sur tableau noir avec un minimum de dessins en couleur. L\u2019invitation \u00e0 se rendre sur le drive r\u00e9side dans la description du post, accompagn\u00e9e d\u2019\u00e9mojis de crayons, de gomme et de cahiers.<\/p>\n\n\n\n<h3 class=\"wp-block-heading\"> 7. Le flyer Macif, une publicit\u00e9 rentr\u00e9e pour les grands enfants<\/h3>\n\n\n<div class=\"wp-block-image\">\n<figure class=\"aligncenter size-large\"><img decoding=\"async\" width=\"312\" height=\"1024\" src=\"https:\/\/graphiste.com\/blog\/wp-content\/uploads\/sites\/4\/2023\/07\/macif-312x1024.jpg\" alt=\"\" class=\"wp-image-50713\" srcset=\"https:\/\/graphiste.com\/blog\/wp-content\/uploads\/sites\/4\/2023\/07\/macif-312x1024.jpg 312w, https:\/\/graphiste.com\/blog\/wp-content\/uploads\/sites\/4\/2023\/07\/macif-91x300.jpg 91w, https:\/\/graphiste.com\/blog\/wp-content\/uploads\/sites\/4\/2023\/07\/macif-468x1536.jpg 468w, https:\/\/graphiste.com\/blog\/wp-content\/uploads\/sites\/4\/2023\/07\/macif-624x2048.jpg 624w, https:\/\/graphiste.com\/blog\/wp-content\/uploads\/sites\/4\/2023\/07\/macif-18x60.jpg 18w, https:\/\/graphiste.com\/blog\/wp-content\/uploads\/sites\/4\/2023\/07\/macif-370x1214.jpg 370w, https:\/\/graphiste.com\/blog\/wp-content\/uploads\/sites\/4\/2023\/07\/macif-270x886.jpg 270w, https:\/\/graphiste.com\/blog\/wp-content\/uploads\/sites\/4\/2023\/07\/macif-570x1870.jpg 570w, https:\/\/graphiste.com\/blog\/wp-content\/uploads\/sites\/4\/2023\/07\/macif.jpg 650w\" sizes=\"(max-width: 312px) 100vw, 312px\" \/><\/figure><\/div>\n\n\n<p>La rentr\u00e9e scolaire am\u00e8ne un certain nombre de d\u00e9penses, et les banques, comme la Macif l\u2019ont bien compris. Gr\u00e2ce \u00e0 un flyer explicite, le sp\u00e9cialiste de la banque et de l\u2019assurance utilise habilement la partie haute pour montrer \u00e0 sa cible, les \u00e9tudiants et leurs familles, qu\u2019elle les conna\u00eet bien (graphiques et chiffres mis en valeur gr\u00e2ce \u00e0 des couleurs vives et la taille des caract\u00e8res).<\/p>\n\n\n\n<p>La seconde partie met en valeur les offres et les bons plans pour r\u00e9pondre aux tracas du quotidien \u00e9tudiant agr\u00e9ment\u00e9s d\u2019images et de dessins du quotidien. Des lignes directrices accompagnent la lecture du document de haut en bas.<\/p>\n\n\n\n<h3 class=\"wp-block-heading\">8. Jouez sur les offres de remboursement avec Bureau Vall\u00e9e <\/h3>\n\n\n\n<figure class=\"wp-block-image size-large\"><img decoding=\"async\" width=\"695\" height=\"1024\" src=\"https:\/\/graphiste.com\/blog\/wp-content\/uploads\/sites\/4\/2023\/07\/BV-695x1024.webp\" alt=\"\" class=\"wp-image-50714\" srcset=\"https:\/\/graphiste.com\/blog\/wp-content\/uploads\/sites\/4\/2023\/07\/BV-695x1024.webp 695w, https:\/\/graphiste.com\/blog\/wp-content\/uploads\/sites\/4\/2023\/07\/BV-204x300.webp 204w, https:\/\/graphiste.com\/blog\/wp-content\/uploads\/sites\/4\/2023\/07\/BV-41x60.webp 41w, https:\/\/graphiste.com\/blog\/wp-content\/uploads\/sites\/4\/2023\/07\/BV-370x545.webp 370w, https:\/\/graphiste.com\/blog\/wp-content\/uploads\/sites\/4\/2023\/07\/BV-270x398.webp 270w, https:\/\/graphiste.com\/blog\/wp-content\/uploads\/sites\/4\/2023\/07\/BV-570x840.webp 570w, https:\/\/graphiste.com\/blog\/wp-content\/uploads\/sites\/4\/2023\/07\/BV.webp 700w\" sizes=\"(max-width: 695px) 100vw, 695px\" \/><\/figure>\n\n\n\n<p>Cette ann\u00e9e, le g\u00e9ant made in France Bureau Vall\u00e9e met en avant sa rentr\u00e9e 100 % rembours\u00e9e gr\u00e2ce \u00e0 une campagne massive d\u2019ODR. Elle propose comme premi\u00e8re page de son catalogue rentr\u00e9e 2023, un message de taille surlign\u00e9 en couleur.<\/p>\n\n\n\n<p>2 pi\u00e8ces (trousses) sont mises en avant avec leur descriptif, et un zoom important sur le prix de le \u201c100% rembours\u00e9\u201d afin d\u2019\u00eatre impactant et cr\u00e9er un sentiment d\u2019urgence, l\u2019offre ne durant qu\u2019une semaine.<\/p>\n\n\n\n<h3 class=\"wp-block-heading\">9. \u00c9thique et recyclage avec les magasins U<\/h3>\n\n\n<div class=\"wp-block-image\">\n<figure class=\"aligncenter size-full\"><img decoding=\"async\" width=\"475\" height=\"475\" src=\"https:\/\/graphiste.com\/blog\/wp-content\/uploads\/sites\/4\/2023\/07\/super-u-cartable-23.jpg\" alt=\"\" class=\"wp-image-50715\" srcset=\"https:\/\/graphiste.com\/blog\/wp-content\/uploads\/sites\/4\/2023\/07\/super-u-cartable-23.jpg 475w, https:\/\/graphiste.com\/blog\/wp-content\/uploads\/sites\/4\/2023\/07\/super-u-cartable-23-300x300.jpg 300w, https:\/\/graphiste.com\/blog\/wp-content\/uploads\/sites\/4\/2023\/07\/super-u-cartable-23-150x150.jpg 150w, https:\/\/graphiste.com\/blog\/wp-content\/uploads\/sites\/4\/2023\/07\/super-u-cartable-23-60x60.jpg 60w, https:\/\/graphiste.com\/blog\/wp-content\/uploads\/sites\/4\/2023\/07\/super-u-cartable-23-370x370.jpg 370w, https:\/\/graphiste.com\/blog\/wp-content\/uploads\/sites\/4\/2023\/07\/super-u-cartable-23-270x270.jpg 270w\" sizes=\"(max-width: 475px) 100vw, 475px\" \/><\/figure><\/div>\n\n\n<p>Les magasins U recyclent en 2022 les anciens cartables contre un bon de r\u00e9duction de 10 \u20ac valable sur l\u2019achat de fournitures scolaires.<\/p>\n\n\n\n<p>Simple et efficace, un encart publicitaire carr\u00e9, facilement partageable sur les r\u00e9seaux sociaux ou dans la presse, pr\u00e9sente un ancien cartable, le logo de l\u2019association partenaire et le montant revers\u00e9. <\/p>\n\n\n\n<p>Au centre le slogan en caract\u00e8re gras, en bas le montant du bon d\u2019achat avec la taille de caract\u00e8res la plus importante du document. Pour identifier l\u2019enseigne un logo \u201ccarte U est pr\u00e9sent\u201d \u00e0 c\u00f4t\u00e9 du montant de 10 \u20ac.<\/p>\n\n\n\n<h3 class=\"wp-block-heading\">10. Cultura, l\u2019expert qui d\u00e9tourne les produits de la rentr\u00e9e<\/h3>\n\n\n\n<figure class=\"wp-block-image size-full\"><img decoding=\"async\" width=\"700\" height=\"476\" src=\"https:\/\/graphiste.com\/blog\/wp-content\/uploads\/sites\/4\/2023\/07\/cultura.webp\" alt=\"\" class=\"wp-image-50716\" srcset=\"https:\/\/graphiste.com\/blog\/wp-content\/uploads\/sites\/4\/2023\/07\/cultura.webp 700w, https:\/\/graphiste.com\/blog\/wp-content\/uploads\/sites\/4\/2023\/07\/cultura-300x204.webp 300w, https:\/\/graphiste.com\/blog\/wp-content\/uploads\/sites\/4\/2023\/07\/cultura-60x41.webp 60w, https:\/\/graphiste.com\/blog\/wp-content\/uploads\/sites\/4\/2023\/07\/cultura-370x252.webp 370w, https:\/\/graphiste.com\/blog\/wp-content\/uploads\/sites\/4\/2023\/07\/cultura-270x184.webp 270w, https:\/\/graphiste.com\/blog\/wp-content\/uploads\/sites\/4\/2023\/07\/cultura-570x388.webp 570w\" sizes=\"(max-width: 700px) 100vw, 700px\" \/><\/figure>\n\n\n\n<p>Osez sortir des sentiers battus et mettez en avant votre expertise comme la cha\u00eene Cultura. Malgr\u00e9 son design classique, la marque utilise le tiers droit de son affiche pour faire passer un message fort en lettres capitales vertes et en caract\u00e8res gras \u201con ne fait pas ses courses de rentr\u00e9e comme celles de la semaine\u2026La rentr\u00e9e c\u2019est un m\u00e9tier\u201d. <\/p>\n\n\n\n<p>Sur la partie droite, une courgette transform\u00e9e en crayon ajoute un trait d\u2019humour et de fantaisie tout en rappelant la couleur du texte.<\/p>\n\n\n\n<h2 class=\"wp-block-heading\">Pourquoi faire de la publicit\u00e9 pour la rentr\u00e9e&nbsp;?<\/h2>\n\n\n\n<p>La rentr\u00e9e scolaire est un des moments phares des magasins et des boutiques en ligne. Cette p\u00e9riode de l\u2019ann\u00e9e est un nouveau d\u00e9part pour vos clients et leurs enfants g\u00e9n\u00e9rant plus de 625 millions d\u2019euros soit la 2e p\u00e9riode d\u2019achat apr\u00e8s No\u00ebl et le Black Friday. Si on pense instinctivement aux articles scolaires, la rentr\u00e9e impacte pourtant de nombreux domaines, comme l\u2019informatique, les articles de sport et les objets personnalis\u00e9s.<\/p>\n\n\n\n<p>Outre les \u00e9coliers et les \u00e9tudiants, la rentr\u00e9e scolaire est \u00e9galement attendue des parents et des entreprises en attente de bonnes affaires et de prix attractifs, notamment en articles de papeterie et hi-tech.<\/p>\n\n\n\n<p>Arm\u00e9s de leurs listes de fournitures, les parents des enfants et des \u00e9tudiants d\u00e9pensent entre 219\u00a0\u20ac et 1\u2009533\u00a0\u20ac pour les \u00e9quiper. En dehors des achats coup de c\u0153ur pour un article personnalis\u00e9 par exemple, les acquisitions de la rentr\u00e9e r\u00e9sultent d\u2019un comparatif r\u00e9fl\u00e9chi des offres du moment. Pour \u00eatre en lice, vous devrez faire partie des publicit\u00e9s (papier ou en ligne) avec lesquelles votre cible a \u00e9t\u00e9 en contact.<\/p>\n\n\n\n<h2 class=\"wp-block-heading\">Combien de temps afficher vos publicit\u00e9s pour la rentr\u00e9e&nbsp;?<\/h2>\n\n\n\n<p>Tout d\u00e9pend de votre offre, mais n\u2019oubliez pas que vos clients profitent de l\u2019\u00e9t\u00e9 pour partir en vacances. Pr\u00e9voyez plusieurs semaines, comme le distributeur Auchan, afin qu\u2019ils rep\u00e8rent vos produits dans les catalogues et sur les affiches pour faire leur choix.<\/p>\n\n\n\n<h2 class=\"wp-block-heading\">\u00c0 partir de quelle date faire de la publicit\u00e9 pour la rentr\u00e9e&nbsp;?<\/h2>\n\n\n\n<p>En 2022, 40 % des ventes de la rentr\u00e9e scolaire fran\u00e7aise ont \u00e9t\u00e9 effectu\u00e9es en juillet, mais la part la plus importante reste sur le mois d\u2019ao\u00fbt et le d\u00e9but du mois de septembre. Lancer votre campagne marketing en ao\u00fbt ne vous mettra pas hors course. <\/p>\n\n\n\n<p>Si une partie des Fran\u00e7ais ont \u00e9t\u00e9 pr\u00e9voyants et ont r\u00e9gl\u00e9 la question au plus t\u00f4t, de nombreux clients attendent la fin de l\u2019\u00e9t\u00e9 pour comparer les offres. Ils attendant notamment la prime de la rentr\u00e9e pour un coup de pouce financier ou ne souhaitent pas y penser jusqu\u2019\u00e0 la derni\u00e8re minute.<\/p>\n\n\n\n<h2 class=\"wp-block-heading\">Notre astuce pour cr\u00e9er vos visuels publicitaires pour la rentr\u00e9e<\/h2>\n\n\n\n<p>En ligne ou sur papier, vous avez l\u2019embarras du choix du format, du style et des couleurs pour mettre en valeur vos produits et vos services.<\/p>\n\n\n\n<p>Pour vous conseiller et maximiser votre impact, <strong><a href=\"https:\/\/graphiste.com\/#open-fast\">faire appel \u00e0 un graphiste<\/a><\/strong> vous assurera de faire passer un message clair et puissant avec un esth\u00e9tisme professionnel.<\/p>\n","protected":false},"excerpt":{"rendered":"<p>Les cloches de la rentr\u00e9e sonnent l\u2019envie de renouveau des consommateurs et l\u2019achat de fournitures pour les \u00e9tudiants et les \u00e9coliers. Afin d\u2019augmenter leurs ventes sur cette p\u00e9riode cl\u00e9 de l\u2019ann\u00e9e, les entreprises font appel \u00e0 l\u2019expertise d\u2019un graphiste freelance dans le but de se d\u00e9marquer de la concurrence et de trouver gr\u00e2ce aupr\u00e8s de [&hellip;]<\/p>\n","protected":false},"author":1,"featured_media":50724,"comment_status":"closed","ping_status":"closed","sticky":false,"template":"","format":"standard","meta":{"_acf_changed":false,"inline_featured_image":false,"footnotes":""},"categories":[116],"tags":[],"class_list":["post-50703","post","type-post","status-publish","format-standard","has-post-thumbnail","hentry","category-infographie"],"acf":[],"yoast_head":"<!-- This site is optimized with the Yoast SEO plugin v25.9 - https:\/\/yoast.com\/wordpress\/plugins\/seo\/ -->\n<title>10 id\u00e9es de publicit\u00e9s \u00e0 faire pour la rentr\u00e9e - Graphiste Blog<\/title>\n<meta name=\"description\" content=\"Les cloches de la rentr\u00e9e sonnent l\u2019envie de renouveau des consommateurs et l\u2019achat de fournitures pour les \u00e9tudiants et les \u00e9coliers. Afin d\u2019augmenter\" \/>\n<meta name=\"robots\" content=\"index, follow, max-snippet:-1, max-image-preview:large, max-video-preview:-1\" \/>\n<link rel=\"canonical\" href=\"https:\/\/graphiste.com\/blog\/publicite-rentree\/\" \/>\n<meta property=\"og:locale\" content=\"fr_FR\" \/>\n<meta property=\"og:type\" content=\"article\" \/>\n<meta property=\"og:title\" content=\"10 id\u00e9es de publicit\u00e9s \u00e0 faire pour la rentr\u00e9e - Graphiste Blog\" \/>\n<meta property=\"og:description\" content=\"Les cloches de la rentr\u00e9e sonnent l\u2019envie de renouveau des consommateurs et l\u2019achat de fournitures pour les \u00e9tudiants et les \u00e9coliers. Afin d\u2019augmenter\" \/>\n<meta property=\"og:url\" content=\"https:\/\/graphiste.com\/blog\/publicite-rentree\/\" \/>\n<meta property=\"og:site_name\" content=\"Graphiste.com\" \/>\n<meta property=\"article:publisher\" content=\"https:\/\/www.facebook.com\/graphistesfreelances\" \/>\n<meta property=\"article:published_time\" content=\"2023-08-01T08:30:00+00:00\" \/>\n<meta property=\"og:image\" content=\"https:\/\/graphiste.com\/blog\/wp-content\/uploads\/sites\/4\/2023\/07\/publicite-rentree.png\" \/>\n\t<meta property=\"og:image:width\" content=\"1024\" \/>\n\t<meta property=\"og:image:height\" content=\"618\" \/>\n\t<meta property=\"og:image:type\" content=\"image\/png\" \/>\n<meta name=\"author\" content=\"Laura Michaud\" \/>\n<meta name=\"twitter:card\" content=\"summary_large_image\" \/>\n<meta name=\"twitter:creator\" content=\"@Graphistecom\" \/>\n<meta name=\"twitter:site\" content=\"@Graphistecom\" \/>\n<meta name=\"twitter:label1\" content=\"\u00c9crit par\" \/>\n\t<meta name=\"twitter:data1\" content=\"Laura Michaud\" \/>\n\t<meta name=\"twitter:label2\" content=\"Dur\u00e9e de lecture estim\u00e9e\" \/>\n\t<meta name=\"twitter:data2\" content=\"11 minutes\" \/>\n<script type=\"application\/ld+json\" class=\"yoast-schema-graph\">{\"@context\":\"https:\/\/schema.org\",\"@graph\":[{\"@type\":\"Article\",\"@id\":\"https:\/\/graphiste.com\/blog\/publicite-rentree\/#article\",\"isPartOf\":{\"@id\":\"https:\/\/graphiste.com\/blog\/publicite-rentree\/\"},\"author\":{\"name\":\"Laura Michaud\",\"@id\":\"https:\/\/graphiste.com\/blog\/#\/schema\/person\/33c0ef04707fbe50a096f282050bb5f2\"},\"headline\":\"10 id\u00e9es de publicit\u00e9s \u00e0 faire pour la rentr\u00e9e\",\"datePublished\":\"2023-08-01T08:30:00+00:00\",\"mainEntityOfPage\":{\"@id\":\"https:\/\/graphiste.com\/blog\/publicite-rentree\/\"},\"wordCount\":1884,\"publisher\":{\"@id\":\"https:\/\/graphiste.com\/blog\/#organization\"},\"image\":{\"@id\":\"https:\/\/graphiste.com\/blog\/publicite-rentree\/#primaryimage\"},\"thumbnailUrl\":\"https:\/\/graphiste.com\/blog\/wp-content\/uploads\/sites\/4\/2023\/07\/publicite-rentree.png\",\"articleSection\":[\"Infographie\"],\"inLanguage\":\"fr-FR\"},{\"@type\":\"WebPage\",\"@id\":\"https:\/\/graphiste.com\/blog\/publicite-rentree\/\",\"url\":\"https:\/\/graphiste.com\/blog\/publicite-rentree\/\",\"name\":\"10 id\u00e9es de publicit\u00e9s \u00e0 faire pour la rentr\u00e9e - Graphiste Blog\",\"isPartOf\":{\"@id\":\"https:\/\/graphiste.com\/blog\/#website\"},\"primaryImageOfPage\":{\"@id\":\"https:\/\/graphiste.com\/blog\/publicite-rentree\/#primaryimage\"},\"image\":{\"@id\":\"https:\/\/graphiste.com\/blog\/publicite-rentree\/#primaryimage\"},\"thumbnailUrl\":\"https:\/\/graphiste.com\/blog\/wp-content\/uploads\/sites\/4\/2023\/07\/publicite-rentree.png\",\"datePublished\":\"2023-08-01T08:30:00+00:00\",\"description\":\"Les cloches de la rentr\u00e9e sonnent l\u2019envie de renouveau des consommateurs et l\u2019achat de fournitures pour les \u00e9tudiants et les \u00e9coliers. Afin d\u2019augmenter\",\"breadcrumb\":{\"@id\":\"https:\/\/graphiste.com\/blog\/publicite-rentree\/#breadcrumb\"},\"inLanguage\":\"fr-FR\",\"potentialAction\":[{\"@type\":\"ReadAction\",\"target\":[\"https:\/\/graphiste.com\/blog\/publicite-rentree\/\"]}]},{\"@type\":\"ImageObject\",\"inLanguage\":\"fr-FR\",\"@id\":\"https:\/\/graphiste.com\/blog\/publicite-rentree\/#primaryimage\",\"url\":\"https:\/\/graphiste.com\/blog\/wp-content\/uploads\/sites\/4\/2023\/07\/publicite-rentree.png\",\"contentUrl\":\"https:\/\/graphiste.com\/blog\/wp-content\/uploads\/sites\/4\/2023\/07\/publicite-rentree.png\",\"width\":1024,\"height\":618,\"caption\":\"publicite-rentree\"},{\"@type\":\"BreadcrumbList\",\"@id\":\"https:\/\/graphiste.com\/blog\/publicite-rentree\/#breadcrumb\",\"itemListElement\":[{\"@type\":\"ListItem\",\"position\":1,\"name\":\"Blog\",\"item\":\"https:\/\/graphiste.com\/blog\/\"},{\"@type\":\"ListItem\",\"position\":2,\"name\":\"Branding\",\"item\":\"https:\/\/graphiste.com\/blog\/branding\/\"},{\"@type\":\"ListItem\",\"position\":3,\"name\":\"Infographie\",\"item\":\"https:\/\/graphiste.com\/blog\/branding\/infographie\/\"},{\"@type\":\"ListItem\",\"position\":4,\"name\":\"10 id\u00e9es de publicit\u00e9s \u00e0 faire pour la rentr\u00e9e\"}]},{\"@type\":\"WebSite\",\"@id\":\"https:\/\/graphiste.com\/blog\/#website\",\"url\":\"https:\/\/graphiste.com\/blog\/\",\"name\":\"Graphiste.com\",\"description\":\"graphiste\",\"publisher\":{\"@id\":\"https:\/\/graphiste.com\/blog\/#organization\"},\"potentialAction\":[{\"@type\":\"SearchAction\",\"target\":{\"@type\":\"EntryPoint\",\"urlTemplate\":\"https:\/\/graphiste.com\/blog\/?s={search_term_string}\"},\"query-input\":{\"@type\":\"PropertyValueSpecification\",\"valueRequired\":true,\"valueName\":\"search_term_string\"}}],\"inLanguage\":\"fr-FR\"},{\"@type\":\"Organization\",\"@id\":\"https:\/\/graphiste.com\/blog\/#organization\",\"name\":\"Graphiste.com\",\"url\":\"https:\/\/graphiste.com\/blog\/\",\"logo\":{\"@type\":\"ImageObject\",\"inLanguage\":\"fr-FR\",\"@id\":\"https:\/\/graphiste.com\/blog\/#\/schema\/logo\/image\/\",\"url\":\"https:\/\/graphiste.com\/blog\/wp-content\/uploads\/sites\/4\/2022\/07\/logo-blog-graphiste.svg\",\"contentUrl\":\"https:\/\/graphiste.com\/blog\/wp-content\/uploads\/sites\/4\/2022\/07\/logo-blog-graphiste.svg\",\"width\":1,\"height\":1,\"caption\":\"Graphiste.com\"},\"image\":{\"@id\":\"https:\/\/graphiste.com\/blog\/#\/schema\/logo\/image\/\"},\"sameAs\":[\"https:\/\/www.facebook.com\/graphistesfreelances\",\"https:\/\/x.com\/Graphistecom\",\"https:\/\/www.linkedin.com\/company\/graphiste-com\/\",\"https:\/\/fr.pinterest.com\/Graphiste_Com\",\"https:\/\/www.instagram.com\/graphiste_com\/\"]},{\"@type\":\"Person\",\"@id\":\"https:\/\/graphiste.com\/blog\/#\/schema\/person\/33c0ef04707fbe50a096f282050bb5f2\",\"name\":\"Laura Michaud\",\"image\":{\"@type\":\"ImageObject\",\"inLanguage\":\"fr-FR\",\"@id\":\"https:\/\/graphiste.com\/blog\/#\/schema\/person\/image\/\",\"url\":\"https:\/\/secure.gravatar.com\/avatar\/c3328cc0c887f98cec6b2979af3311ab6333fc7cc2d4847514cfec6a56fa08a7?s=96&d=mm&r=g\",\"contentUrl\":\"https:\/\/secure.gravatar.com\/avatar\/c3328cc0c887f98cec6b2979af3311ab6333fc7cc2d4847514cfec6a56fa08a7?s=96&d=mm&r=g\",\"caption\":\"Laura Michaud\"},\"description\":\"Laura connait tous les meilleurs outils pour g\u00e9rer des projets et une entreprise. Cr\u00e9ative, c'est aussi une sp\u00e9cialiste des outils de cr\u00e9ation graphique pour faire briller une entreprise.\",\"sameAs\":[\"https:\/\/www.linkedin.com\/in\/michaudlaura\/\"],\"url\":\"https:\/\/graphiste.com\/blog\/author\/laura\/\"}]}<\/script>\n<!-- \/ Yoast SEO plugin. -->","yoast_head_json":{"title":"10 id\u00e9es de publicit\u00e9s \u00e0 faire pour la rentr\u00e9e - Graphiste Blog","description":"Les cloches de la rentr\u00e9e sonnent l\u2019envie de renouveau des consommateurs et l\u2019achat de fournitures pour les \u00e9tudiants et les \u00e9coliers. Afin d\u2019augmenter","robots":{"index":"index","follow":"follow","max-snippet":"max-snippet:-1","max-image-preview":"max-image-preview:large","max-video-preview":"max-video-preview:-1"},"canonical":"https:\/\/graphiste.com\/blog\/publicite-rentree\/","og_locale":"fr_FR","og_type":"article","og_title":"10 id\u00e9es de publicit\u00e9s \u00e0 faire pour la rentr\u00e9e - Graphiste Blog","og_description":"Les cloches de la rentr\u00e9e sonnent l\u2019envie de renouveau des consommateurs et l\u2019achat de fournitures pour les \u00e9tudiants et les \u00e9coliers. Afin d\u2019augmenter","og_url":"https:\/\/graphiste.com\/blog\/publicite-rentree\/","og_site_name":"Graphiste.com","article_publisher":"https:\/\/www.facebook.com\/graphistesfreelances","article_published_time":"2023-08-01T08:30:00+00:00","og_image":[{"width":1024,"height":618,"url":"https:\/\/graphiste.com\/blog\/wp-content\/uploads\/sites\/4\/2023\/07\/publicite-rentree.png","type":"image\/png"}],"author":"Laura Michaud","twitter_card":"summary_large_image","twitter_creator":"@Graphistecom","twitter_site":"@Graphistecom","twitter_misc":{"\u00c9crit par":"Laura Michaud","Dur\u00e9e de lecture estim\u00e9e":"11 minutes"},"schema":{"@context":"https:\/\/schema.org","@graph":[{"@type":"Article","@id":"https:\/\/graphiste.com\/blog\/publicite-rentree\/#article","isPartOf":{"@id":"https:\/\/graphiste.com\/blog\/publicite-rentree\/"},"author":{"name":"Laura Michaud","@id":"https:\/\/graphiste.com\/blog\/#\/schema\/person\/33c0ef04707fbe50a096f282050bb5f2"},"headline":"10 id\u00e9es de publicit\u00e9s \u00e0 faire pour la rentr\u00e9e","datePublished":"2023-08-01T08:30:00+00:00","mainEntityOfPage":{"@id":"https:\/\/graphiste.com\/blog\/publicite-rentree\/"},"wordCount":1884,"publisher":{"@id":"https:\/\/graphiste.com\/blog\/#organization"},"image":{"@id":"https:\/\/graphiste.com\/blog\/publicite-rentree\/#primaryimage"},"thumbnailUrl":"https:\/\/graphiste.com\/blog\/wp-content\/uploads\/sites\/4\/2023\/07\/publicite-rentree.png","articleSection":["Infographie"],"inLanguage":"fr-FR"},{"@type":"WebPage","@id":"https:\/\/graphiste.com\/blog\/publicite-rentree\/","url":"https:\/\/graphiste.com\/blog\/publicite-rentree\/","name":"10 id\u00e9es de publicit\u00e9s \u00e0 faire pour la rentr\u00e9e - Graphiste Blog","isPartOf":{"@id":"https:\/\/graphiste.com\/blog\/#website"},"primaryImageOfPage":{"@id":"https:\/\/graphiste.com\/blog\/publicite-rentree\/#primaryimage"},"image":{"@id":"https:\/\/graphiste.com\/blog\/publicite-rentree\/#primaryimage"},"thumbnailUrl":"https:\/\/graphiste.com\/blog\/wp-content\/uploads\/sites\/4\/2023\/07\/publicite-rentree.png","datePublished":"2023-08-01T08:30:00+00:00","description":"Les cloches de la rentr\u00e9e sonnent l\u2019envie de renouveau des consommateurs et l\u2019achat de fournitures pour les \u00e9tudiants et les \u00e9coliers. Afin d\u2019augmenter","breadcrumb":{"@id":"https:\/\/graphiste.com\/blog\/publicite-rentree\/#breadcrumb"},"inLanguage":"fr-FR","potentialAction":[{"@type":"ReadAction","target":["https:\/\/graphiste.com\/blog\/publicite-rentree\/"]}]},{"@type":"ImageObject","inLanguage":"fr-FR","@id":"https:\/\/graphiste.com\/blog\/publicite-rentree\/#primaryimage","url":"https:\/\/graphiste.com\/blog\/wp-content\/uploads\/sites\/4\/2023\/07\/publicite-rentree.png","contentUrl":"https:\/\/graphiste.com\/blog\/wp-content\/uploads\/sites\/4\/2023\/07\/publicite-rentree.png","width":1024,"height":618,"caption":"publicite-rentree"},{"@type":"BreadcrumbList","@id":"https:\/\/graphiste.com\/blog\/publicite-rentree\/#breadcrumb","itemListElement":[{"@type":"ListItem","position":1,"name":"Blog","item":"https:\/\/graphiste.com\/blog\/"},{"@type":"ListItem","position":2,"name":"Branding","item":"https:\/\/graphiste.com\/blog\/branding\/"},{"@type":"ListItem","position":3,"name":"Infographie","item":"https:\/\/graphiste.com\/blog\/branding\/infographie\/"},{"@type":"ListItem","position":4,"name":"10 id\u00e9es de publicit\u00e9s \u00e0 faire pour la rentr\u00e9e"}]},{"@type":"WebSite","@id":"https:\/\/graphiste.com\/blog\/#website","url":"https:\/\/graphiste.com\/blog\/","name":"Graphiste.com","description":"graphiste","publisher":{"@id":"https:\/\/graphiste.com\/blog\/#organization"},"potentialAction":[{"@type":"SearchAction","target":{"@type":"EntryPoint","urlTemplate":"https:\/\/graphiste.com\/blog\/?s={search_term_string}"},"query-input":{"@type":"PropertyValueSpecification","valueRequired":true,"valueName":"search_term_string"}}],"inLanguage":"fr-FR"},{"@type":"Organization","@id":"https:\/\/graphiste.com\/blog\/#organization","name":"Graphiste.com","url":"https:\/\/graphiste.com\/blog\/","logo":{"@type":"ImageObject","inLanguage":"fr-FR","@id":"https:\/\/graphiste.com\/blog\/#\/schema\/logo\/image\/","url":"https:\/\/graphiste.com\/blog\/wp-content\/uploads\/sites\/4\/2022\/07\/logo-blog-graphiste.svg","contentUrl":"https:\/\/graphiste.com\/blog\/wp-content\/uploads\/sites\/4\/2022\/07\/logo-blog-graphiste.svg","width":1,"height":1,"caption":"Graphiste.com"},"image":{"@id":"https:\/\/graphiste.com\/blog\/#\/schema\/logo\/image\/"},"sameAs":["https:\/\/www.facebook.com\/graphistesfreelances","https:\/\/x.com\/Graphistecom","https:\/\/www.linkedin.com\/company\/graphiste-com\/","https:\/\/fr.pinterest.com\/Graphiste_Com","https:\/\/www.instagram.com\/graphiste_com\/"]},{"@type":"Person","@id":"https:\/\/graphiste.com\/blog\/#\/schema\/person\/33c0ef04707fbe50a096f282050bb5f2","name":"Laura Michaud","image":{"@type":"ImageObject","inLanguage":"fr-FR","@id":"https:\/\/graphiste.com\/blog\/#\/schema\/person\/image\/","url":"https:\/\/secure.gravatar.com\/avatar\/c3328cc0c887f98cec6b2979af3311ab6333fc7cc2d4847514cfec6a56fa08a7?s=96&d=mm&r=g","contentUrl":"https:\/\/secure.gravatar.com\/avatar\/c3328cc0c887f98cec6b2979af3311ab6333fc7cc2d4847514cfec6a56fa08a7?s=96&d=mm&r=g","caption":"Laura Michaud"},"description":"Laura connait tous les meilleurs outils pour g\u00e9rer des projets et une entreprise. Cr\u00e9ative, c'est aussi une sp\u00e9cialiste des outils de cr\u00e9ation graphique pour faire briller une entreprise.","sameAs":["https:\/\/www.linkedin.com\/in\/michaudlaura\/"],"url":"https:\/\/graphiste.com\/blog\/author\/laura\/"}]}},"_links":{"self":[{"href":"https:\/\/graphiste.com\/blog\/wp-json\/wp\/v2\/posts\/50703","targetHints":{"allow":["GET"]}}],"collection":[{"href":"https:\/\/graphiste.com\/blog\/wp-json\/wp\/v2\/posts"}],"about":[{"href":"https:\/\/graphiste.com\/blog\/wp-json\/wp\/v2\/types\/post"}],"author":[{"embeddable":true,"href":"https:\/\/graphiste.com\/blog\/wp-json\/wp\/v2\/users\/1"}],"replies":[{"embeddable":true,"href":"https:\/\/graphiste.com\/blog\/wp-json\/wp\/v2\/comments?post=50703"}],"version-history":[{"count":0,"href":"https:\/\/graphiste.com\/blog\/wp-json\/wp\/v2\/posts\/50703\/revisions"}],"wp:featuredmedia":[{"embeddable":true,"href":"https:\/\/graphiste.com\/blog\/wp-json\/wp\/v2\/media\/50724"}],"wp:attachment":[{"href":"https:\/\/graphiste.com\/blog\/wp-json\/wp\/v2\/media?parent=50703"}],"wp:term":[{"taxonomy":"category","embeddable":true,"href":"https:\/\/graphiste.com\/blog\/wp-json\/wp\/v2\/categories?post=50703"},{"taxonomy":"post_tag","embeddable":true,"href":"https:\/\/graphiste.com\/blog\/wp-json\/wp\/v2\/tags?post=50703"}],"curies":[{"name":"wp","href":"https:\/\/api.w.org\/{rel}","templated":true}]}}