{"id":49274,"date":"2025-11-28T09:00:00","date_gmt":"2025-11-28T08:00:00","guid":{"rendered":"https:\/\/graphiste.com\/blog\/?p=49274"},"modified":"2025-11-28T09:00:00","modified_gmt":"2025-11-28T08:00:00","slug":"theorie-des-couleurs","status":"publish","type":"post","link":"https:\/\/graphiste.com\/blog\/theorie-des-couleurs\/","title":{"rendered":"La th\u00e9orie des couleurs\u00a0: qu&#8217;est-ce que c&#8217;est&nbsp;?"},"content":{"rendered":"\n<p>La <strong>th\u00e9orie des couleurs<\/strong> fait partie de ces fondamentaux artistiques et scientifiques incontournables dans la cr\u00e9ation de design, de charte graphique et m\u00eame d\u2019images de marque.<\/p>\n\n\n\n<p>Comprendre la mani\u00e8re dont nous percevons les couleurs est essentiel pour v\u00e9hiculer des messages \u00e0 travers les visuels. La th\u00e9orie des couleurs est plurielle, comme toutes les questions qu\u2019elle soul\u00e8ve et les cl\u00e9s de compr\u00e9hension qu\u2019elle donne. Alors, \u00eates-vous pr\u00eat \u00e0 d\u00e9couvrir le secret de vos couleurs pr\u00e9f\u00e9r\u00e9es&nbsp;?<\/p>\n\n\n\n<p>N\u2019oubliez pas que pour tous vos besoins de cr\u00e9ations graphiques, vous pouvez faire appel \u00e0 un <a href=\"https:\/\/graphiste.com\/\">graphiste freelance<\/a> sur notre plateforme Graphiste.com. Ces derniers pourront r\u00e9aliser des visuels, un logo ou encore une charte graphique dans le respect de la <strong>th\u00e9orie des couleurs<\/strong>, pour vous aider \u00e0 transmettre les valeurs de votre marque \u00e0 vos clients.<\/p>\n\n\n\n<h2 class=\"wp-block-heading\">Comprendre la th\u00e9orie des couleurs<\/h2>\n\n\n\n<p>Avant m\u00eame de concevoir le logo de votre entreprise ou d\u2019\u00e9laborer des visuels impactants pour votre communication, il est essentiel de comprendre comment nous percevons les couleurs.<\/p>\n\n\n\n<p>Prenons un exemple simple&nbsp;: lorsque nous regardons le ciel, nos yeux captent la lumi\u00e8re et transmettent un signal \u00e0 notre cerveau, qui l\u2019interpr\u00e8te instantan\u00e9ment pour nous r\u00e9pondre&nbsp;: <em>\u00ab Oui, c&#8217;est du bleu&nbsp;! \u00bb<\/em>.<\/p>\n\n\n\n<p>Mais si l&#8217;on creuse un peu plus, la perception des couleurs repose sur un ph\u00e9nom\u00e8ne scientifique fascinant. Chaque objet expos\u00e9 \u00e0 la lumi\u00e8re en absorbe une partie et en r\u00e9fl\u00e9chit une autre, sous forme d\u2019ondes de diff\u00e9rentes longueurs. Ce sont ces longueurs d\u2019onde que <strong>notre cerveau analyse et traduit en couleurs<\/strong>.<\/p>\n\n\n\n<p>Et ces couleurs sont omnipr\u00e9sentes&nbsp;: dans la nature, les enseignes lumineuses des rues, mais surtout dans les packagings et visuels marketing qui fa\u00e7onnent notre quotidien.<\/p>\n\n\n\n<p>Prenons Coca-Cola. Imaginez-vous en train de faire vos courses. Arriv\u00e9 au rayon boissons, vous rep\u00e9rez en un clin d&#8217;\u0153il les bouteilles rouges iconiques de la marque. Ce rouge n\u2019a rien d\u2019un hasard&nbsp;: il incarne l\u2019identit\u00e9 de Coca-Cola depuis plus d\u2019un si\u00e8cle. Une strat\u00e9gie brillante, quand on sait qu\u2019il faut seulement 90 secondes pour qu\u2019un consommateur se forge une opinion sur un produit \u2013 et que 90 % de cette impression repose uniquement sur la couleur&nbsp;!<\/p>\n\n\n\n<p>C\u2019est pourquoi les marques, qu\u2019elles soient multinationales ou petites entreprises, accordent une importance cruciale \u00e0 leur palette chromatique.<\/p>\n\n\n\n<h3 class=\"wp-block-heading\">RVB&nbsp;: la synth\u00e8se additive<\/h3>\n\n\n\n<figure class=\"wp-block-image size-full\"><img decoding=\"async\" width=\"700\" height=\"381\" src=\"https:\/\/graphiste.com\/blog\/wp-content\/uploads\/sites\/4\/2023\/03\/rvb.webp\" alt=\"th\u00e9orie des couleurs rvb\" class=\"wp-image-49276\" srcset=\"https:\/\/graphiste.com\/blog\/wp-content\/uploads\/sites\/4\/2023\/03\/rvb.webp 700w, https:\/\/graphiste.com\/blog\/wp-content\/uploads\/sites\/4\/2023\/03\/rvb-300x163.webp 300w, https:\/\/graphiste.com\/blog\/wp-content\/uploads\/sites\/4\/2023\/03\/rvb-60x33.webp 60w, https:\/\/graphiste.com\/blog\/wp-content\/uploads\/sites\/4\/2023\/03\/rvb-370x201.webp 370w, https:\/\/graphiste.com\/blog\/wp-content\/uploads\/sites\/4\/2023\/03\/rvb-270x147.webp 270w, https:\/\/graphiste.com\/blog\/wp-content\/uploads\/sites\/4\/2023\/03\/rvb-570x310.webp 570w\" sizes=\"(max-width: 700px) 100vw, 700px\" \/><\/figure>\n\n\n\n<p>Maintenant que nous savons que les couleurs sont des ondes lumineuses, il faut comprendre comment elles interagissent. C\u2019est ici qu\u2019intervient la <strong>synth\u00e8se additive<\/strong>, un proc\u00e9d\u00e9 qui permet de cr\u00e9er des couleurs en superposant diff\u00e9rentes lumi\u00e8res color\u00e9es.<\/p>\n\n\n\n<p>Le concept est simple&nbsp;: en combinant le rouge, le vert et le bleu \u00e0 diff\u00e9rentes intensit\u00e9s, on peut g\u00e9n\u00e9rer toute une gamme de couleurs. Plus on ajoute de lumi\u00e8re, plus la couleur devient claire. Le m\u00e9lange des trois couleurs \u00e0 pleine puissance donne du blanc, alors que leur absence produit du noir.<\/p>\n\n\n\n<p>Ce principe est omnipr\u00e9sent dans notre quotidien&nbsp;: \u00e9crans d\u2019ordinateurs, t\u00e9l\u00e9viseurs, projecteurs&#8230; Tous fonctionnent gr\u00e2ce aux couleurs RVB.<\/p>\n\n\n\n<p>Lors de la cr\u00e9ation d\u2019un logo ou d\u2019un visuel destin\u00e9 au digital, il est imp\u00e9ratif d&#8217;utiliser le mode RVB. Sinon, votre superbe design (oui, on est s\u00fbrs qu\u2019il est magnifique&nbsp;!) risque de perdre en \u00e9clat et en fid\u00e9lit\u00e9 colorim\u00e9trique.<\/p>\n\n\n\n<p>C\u2019est pourquoi tout graphisme destin\u00e9 aux \u00e9crans doit imp\u00e9rativement \u00eatre con\u00e7u en RVB, et non en CMJN, une m\u00e9thode qui concerne un tout autre domaine\u2026<\/p>\n\n\n\n<h3 class=\"wp-block-heading\">CMJN&nbsp;: la synth\u00e8se soustractive<\/h3>\n\n\n\n<figure class=\"wp-block-image size-full\"><img decoding=\"async\" width=\"700\" height=\"381\" src=\"https:\/\/graphiste.com\/blog\/wp-content\/uploads\/sites\/4\/2023\/03\/cmjn.webp\" alt=\"th\u00e9orie des couleurs cmjn\" class=\"wp-image-49278\" srcset=\"https:\/\/graphiste.com\/blog\/wp-content\/uploads\/sites\/4\/2023\/03\/cmjn.webp 700w, https:\/\/graphiste.com\/blog\/wp-content\/uploads\/sites\/4\/2023\/03\/cmjn-300x163.webp 300w, https:\/\/graphiste.com\/blog\/wp-content\/uploads\/sites\/4\/2023\/03\/cmjn-60x33.webp 60w, https:\/\/graphiste.com\/blog\/wp-content\/uploads\/sites\/4\/2023\/03\/cmjn-370x201.webp 370w, https:\/\/graphiste.com\/blog\/wp-content\/uploads\/sites\/4\/2023\/03\/cmjn-270x147.webp 270w, https:\/\/graphiste.com\/blog\/wp-content\/uploads\/sites\/4\/2023\/03\/cmjn-570x310.webp 570w\" sizes=\"(max-width: 700px) 100vw, 700px\" \/><\/figure>\n\n\n\n<p>Si le RVB est la r\u00e9f\u00e9rence pour le num\u00e9rique, la <strong>synth\u00e8se soustractive CMJN<\/strong> est quant \u00e0 elle incontournable pour l\u2019<a href=\"https:\/\/graphiste.com\/blog\/techniques-impression-print\/\">impression<\/a>. C\u2019est elle qui est utilis\u00e9e pour les flyers, brochures, affiches, emballages\u2026 bref, tous les supports physiques.<\/p>\n\n\n\n<p>L\u2019id\u00e9e est simple&nbsp;: contrairement \u00e0 la lumi\u00e8re, o\u00f9 l\u2019ajout de couleurs rend l\u2019image plus claire, l\u2019impression repose sur une absorption progressive de la lumi\u00e8re. Plus on ajoute d\u2019encre, plus la couleur devient fonc\u00e9e.<\/p>\n\n\n\n<p>\u00c0 l\u2019\u00e9cole, on apprend g\u00e9n\u00e9ralement \u00e0 m\u00e9langer le rouge, le jaune et le bleu pour cr\u00e9er d\u2019autres teintes. Mais dans l\u2019univers de l\u2019imprimerie, ces couleurs ont \u00e9t\u00e9 remplac\u00e9es par le cyan, le magenta, le jaune et le noir (CMJN). Ce choix offre une meilleure pr\u00e9cision et une gamme de couleurs plus \u00e9tendue.<\/p>\n\n\n\n<p>Si vous souhaitez imprimer des documents professionnels aux couleurs \u00e9clatantes, il est donc imp\u00e9ratif d&#8217;utiliser le mode CMJN. Autrement, votre design risque d&#8217;afficher des teintes bien diff\u00e9rentes de celles que vous aviez imagin\u00e9es sur \u00e9cran.<\/p>\n\n\n\n<h2 class=\"wp-block-heading\">Le cercle chromatique<\/h2>\n\n\n\n<figure class=\"wp-block-image size-full\"><img decoding=\"async\" width=\"700\" height=\"381\" src=\"https:\/\/graphiste.com\/blog\/wp-content\/uploads\/sites\/4\/2023\/03\/cercle-chromatique.webp\" alt=\"th\u00e9orie des couleurs le cercle chromatique\" class=\"wp-image-49279\" srcset=\"https:\/\/graphiste.com\/blog\/wp-content\/uploads\/sites\/4\/2023\/03\/cercle-chromatique.webp 700w, https:\/\/graphiste.com\/blog\/wp-content\/uploads\/sites\/4\/2023\/03\/cercle-chromatique-300x163.webp 300w, https:\/\/graphiste.com\/blog\/wp-content\/uploads\/sites\/4\/2023\/03\/cercle-chromatique-60x33.webp 60w, https:\/\/graphiste.com\/blog\/wp-content\/uploads\/sites\/4\/2023\/03\/cercle-chromatique-370x201.webp 370w, https:\/\/graphiste.com\/blog\/wp-content\/uploads\/sites\/4\/2023\/03\/cercle-chromatique-270x147.webp 270w, https:\/\/graphiste.com\/blog\/wp-content\/uploads\/sites\/4\/2023\/03\/cercle-chromatique-570x310.webp 570w\" sizes=\"(max-width: 700px) 100vw, 700px\" \/><\/figure>\n\n\n\n<p>Bien avant que l\u2019on commence \u00e0 griffonner avec des crayons de couleur, Isaac Newton inventait, en 1666, le premier cercle chromatique. En d\u00e9composant la lumi\u00e8re blanche \u00e0 travers un prisme, il a r\u00e9v\u00e9l\u00e9 qu\u2019elle \u00e9tait en r\u00e9alit\u00e9 compos\u00e9e de sept couleurs visibles. Cette d\u00e9couverte a ouvert la voie \u00e0 l\u2019\u00e9tude scientifique de la couleur et \u00e0 son application dans de nombreux domaines, notamment le design et l\u2019art.<\/p>\n\n\n\n<p>Aujourd\u2019hui, le cercle chromatique est un outil essentiel pour les cr\u00e9atifs cherchant \u00e0 harmoniser les couleurs dans leurs compositions. Il repose sur un principe simple&nbsp;: l\u2019organisation des couleurs en un sch\u00e9ma circulaire permettant d\u2019identifier leurs relations et leurs combinaisons optimales.<\/p>\n\n\n\n<h3 class=\"wp-block-heading\">Les couleurs primaires, secondaires et tertiaires<\/h3>\n\n\n\n<p>Le cercle chromatique moderne est compos\u00e9 de <strong>12 couleurs<\/strong>, r\u00e9parties en trois cat\u00e9gories&nbsp;:<\/p>\n\n\n\n<ul class=\"wp-block-list\">\n<li>Les <a href=\"https:\/\/graphiste.com\/blog\/comment-utiliser-couleurs-primaires\/\">couleurs primaires<\/a>&nbsp;: rouge, jaune et bleu \u2013 ce sont les bases, impossibles \u00e0 obtenir par m\u00e9lange.<\/li>\n\n\n\n<li>Les couleurs secondaires&nbsp;: vert, orange et violet \u2013 cr\u00e9\u00e9es en combinant deux couleurs primaires.<\/li>\n\n\n\n<li>Les couleurs tertiaires&nbsp;: jaune-orange, rouge-orange, rouge-violet, bleu-violet, bleu-vert et jaune-vert \u2013 obtenues en m\u00e9langeant une couleur primaire avec une couleur secondaire.<\/li>\n<\/ul>\n\n\n\n<p>Les couleurs tertiaires enrichissent consid\u00e9rablement la palette de nuances disponibles et permettent d\u2019obtenir des tons plus complexes et sophistiqu\u00e9s.<\/p>\n\n\n\n<h3 class=\"wp-block-heading\">Les couleurs chaudes et froides<\/h3>\n\n\n\n<p>Les couleurs du cercle chromatique sont \u00e9galement class\u00e9es en deux grandes familles qui influencent notre perception et nos \u00e9motions&nbsp;:<\/p>\n\n\n\n<ul class=\"wp-block-list\">\n<li>Les couleurs chaudes (rouge, orange, jaune) sont associ\u00e9es \u00e0 l\u2019\u00e9nergie, la passion et l\u2019action. Elles attirent le regard et dynamisent une composition.<\/li>\n\n\n\n<li>Les couleurs froides (bleu, vert, violet) \u00e9voquent le calme, la s\u00e9r\u00e9nit\u00e9 et la confiance. Elles apportent une sensation de fra\u00eecheur et d\u2019apaisement.<\/li>\n<\/ul>\n\n\n\n<p>En branding et en design, choisir entre des teintes chaudes ou froides est crucial, car elles impactent directement le ressenti du public. Un logo aux couleurs chaudes incitera \u00e0 l\u2019action, tandis qu\u2019un site aux tons froids inspirera la confiance et la stabilit\u00e9.<\/p>\n\n\n\n<h3 class=\"wp-block-heading\">Les variations de couleurs&nbsp;: teinte, ton et d\u00e9grad\u00e9<\/h3>\n\n\n\n<p>Si le cercle chromatique ne comporte que <strong>12 couleurs de base<\/strong>, alors pourquoi existe-t-il des milliers de nuances&nbsp;? Tout simplement gr\u00e2ce aux variations que l\u2019on peut apporter \u00e0 chaque couleur&nbsp;:<\/p>\n\n\n\n<ul class=\"wp-block-list\">\n<li>Les teintes&nbsp;: une couleur m\u00e9lang\u00e9e avec du blanc pour l\u2019\u00e9claircir (ex.&nbsp;: rouge \u2192 rose).<\/li>\n\n\n\n<li>Les d\u00e9grad\u00e9s&nbsp;: une couleur m\u00e9lang\u00e9e avec du noir pour l\u2019assombrir (ex.&nbsp;: bleu \u2192 bleu marine).<\/li>\n\n\n\n<li>Les tons&nbsp;: une couleur \u00e0 laquelle on ajoute du gris (m\u00e9lange de blanc et de noir), permettant d\u2019obtenir une nuance plus subtile et plus douce.<\/li>\n<\/ul>\n\n\n\n<p>Ces modifications permettent d\u2019obtenir des palettes plus riches et adapt\u00e9es aux diff\u00e9rentes utilisations, que ce soit pour un logo, un site web ou un packaging.<\/p>\n\n\n\n<h2 class=\"wp-block-heading\">Appliquer la th\u00e9orie des couleurs dans vos cr\u00e9ations graphiques<\/h2>\n\n\n\n<p>En design graphique, les professionnels s\u2019appuient sur le cercle chromatique pour composer des palettes de couleurs harmonieuses. Ces combinaisons permettent de cr\u00e9er des supports visuels attractifs et efficaces.<\/p>\n\n\n\n<h3 class=\"wp-block-heading\">Les couleurs compl\u00e9mentaires<\/h3>\n\n\n\n<p>Les <strong>couleurs compl\u00e9mentaires<\/strong> sont situ\u00e9es aux extr\u00e9mit\u00e9s oppos\u00e9es du cercle chromatique. Par exemple, le rouge et le vert forment un duo compl\u00e9mentaire tr\u00e8s efficace car ils cr\u00e9ent un fort contraste visuel, ce qui attire imm\u00e9diatement l\u2019attention.<\/p>\n\n\n\n<h3 class=\"wp-block-heading\">Les couleurs analogues<\/h3>\n\n\n\n<p>Les <strong>couleurs analogues<\/strong>, quant \u00e0 elles, sont situ\u00e9es c\u00f4te \u00e0 c\u00f4te sur le cercle chromatique. Par exemple, une palette analogue pourrait inclure le rouge, l\u2019orange et le jaune-orange.<\/p>\n\n\n\n<p>Cette combinaison est id\u00e9ale pour obtenir une harmonie douce et naturelle, souvent utilis\u00e9e en branding et en webdesign pour cr\u00e9er une ambiance coh\u00e9rente.<\/p>\n\n\n\n<h3 class=\"wp-block-heading\">Les couleurs triadiques<\/h3>\n\n\n\n<p>Les <strong>couleurs triadiques<\/strong> sont trois couleurs \u00e9quidistantes sur le cercle chromatique. Par exemple, le rouge, le bleu et le jaune forment une palette triadique.<\/p>\n\n\n\n<p>Cette approche permet de combiner des couleurs vives et dynamiques, tr\u00e8s pris\u00e9es en design pour cr\u00e9er un \u00e9quilibre visuel tout en maintenant un fort impact.<\/p>\n\n\n\n<h2 class=\"wp-block-heading\">La th\u00e9orie des couleurs et le design<\/h2>\n\n\n\n<p>L\u2019application de la th\u00e9orie des couleurs repose sur trois principes fondamentaux&nbsp;:<\/p>\n\n\n\n<ol class=\"wp-block-list\">\n<li><strong>Le choix des couleurs selon la roue chromatique<\/strong><\/li>\n\n\n\n<li><strong>L\u2019harmonie des couleurs<\/strong> (contraste, compl\u00e9mentarit\u00e9, douceur, etc.)<\/li>\n\n\n\n<li><strong>Le contexte d\u2019utilisation<\/strong> (support, public cible, message \u00e0 transmettre)<\/li>\n<\/ol>\n\n\n\n<p>Une palette bien pens\u00e9e doit \u00eatre \u00e0 la fois esth\u00e9tique et fonctionnelle. Une mauvaise utilisation des couleurs peut donner un rendu d\u00e9sordonn\u00e9, peu attrayant, et nuire \u00e0 l\u2019exp\u00e9rience visuelle.<\/p>\n\n\n\n<p>Nos cerveaux appr\u00e9cient ce qui est harmonieux et logique&nbsp;: trouver l\u2019\u00e9quilibre parfait entre ces trois facteurs permet de cr\u00e9er un design efficace et engageant.<\/p>\n\n\n\n<h2 class=\"wp-block-heading\">Utiliser la psychologie des couleurs<\/h2>\n\n\n\n<figure class=\"wp-block-image size-full\"><img decoding=\"async\" width=\"700\" height=\"381\" src=\"https:\/\/graphiste.com\/blog\/wp-content\/uploads\/sites\/4\/2023\/03\/color-psy.webp\" alt=\"theorie-des-couleurs\" class=\"wp-image-49280\" srcset=\"https:\/\/graphiste.com\/blog\/wp-content\/uploads\/sites\/4\/2023\/03\/color-psy.webp 700w, https:\/\/graphiste.com\/blog\/wp-content\/uploads\/sites\/4\/2023\/03\/color-psy-300x163.webp 300w, https:\/\/graphiste.com\/blog\/wp-content\/uploads\/sites\/4\/2023\/03\/color-psy-60x33.webp 60w, https:\/\/graphiste.com\/blog\/wp-content\/uploads\/sites\/4\/2023\/03\/color-psy-370x201.webp 370w, https:\/\/graphiste.com\/blog\/wp-content\/uploads\/sites\/4\/2023\/03\/color-psy-270x147.webp 270w, https:\/\/graphiste.com\/blog\/wp-content\/uploads\/sites\/4\/2023\/03\/color-psy-570x310.webp 570w\" sizes=\"(max-width: 700px) 100vw, 700px\" \/><\/figure>\n\n\n\n<p>Les couleurs ne sont pas seulement esth\u00e9tiques, elles ont aussi un impact psychologique fort. La <strong>psychologie des couleurs<\/strong> \u00e9tudie la mani\u00e8re dont elles influencent nos \u00e9motions et nos comportements.<\/p>\n\n\n\n<h3 class=\"wp-block-heading\">Le rouge<\/h3>\n\n\n\n<p>Le rouge est une couleur puissante puisqu\u2019elle b\u00e9n\u00e9ficie de la longueur d\u2019onde la plus longue. Elle a la propri\u00e9t\u00e9 de para\u00eetre plus proche de nous que les autres couleurs, ce qui lui donne toutes les gr\u00e2ces de notre premi\u00e8re attention. <\/p>\n\n\n\n<p>Le rouge nous stimule physiquement via l\u2019acc\u00e9l\u00e9ration du pouls par exemple. Dans l\u2019imaginaire, il incarne souvent l\u2019agressivit\u00e9, le sang, le combat ou encore la fuite. Mais, il peut aussi procurer un aspect stimulant, vivant et convivial suivant son utilisation.<\/p>\n\n\n\n<h3 class=\"wp-block-heading\">Le vert<\/h3>\n\n\n\n<p>Le vert attire naturellement l&#8217;\u0153il et n\u2019a pas besoin d\u2019\u00eatre modifi\u00e9 pour exercer un pouvoir reposant sur la vision humaine. Cette couleur est plac\u00e9e au centre du cercle chromatique, ce qui conf\u00e8re aux spectateurs un certain sentiment d\u2019\u00e9quilibre. <\/p>\n\n\n\n<p>\u00c0 un niveau plus primitif, le vert rappelle la nature, la terre et l\u2019abondance. Des \u00e9l\u00e9ments rassurants au niveau psychologique. Mal utilis\u00e9, il peut toutefois se r\u00e9v\u00e9ler fade ou triste.<\/p>\n\n\n\n<h3 class=\"wp-block-heading\">Le rose<\/h3>\n\n\n\n<p>Le rose est une teinte de rouge qui a le don de nous apaiser physiquement. Ce n\u2019est pas une couleur tr\u00e8s stimulante, mais elle reste puissante dans le domaine psychologique. <\/p>\n\n\n\n<p>Longtemps consid\u00e9r\u00e9 comme le symbole du f\u00e9minin, le rose rapporte \u00e0 la survie de l\u2019esp\u00e8ce, mais aussi \u00e0 la douceur et \u00e0 l\u2019apaisement. \u00c0 utiliser avec parcimonie si vous souhaitez \u00e9viter de vous retrouver avec un effet trop <em>&#8220;girly&#8221;<\/em>&nbsp;!<\/p>\n\n\n\n<h3 class=\"wp-block-heading\">Le noir<\/h3>\n\n\n\n<p>Le noir fascine, puisqu\u2019il absorbe toutes les couleurs existantes. Cela produit de fortes implications psychologiques, qui s\u2019expriment par le biais de barri\u00e8res protectrices face \u00e0 la lumi\u00e8re. <\/p>\n\n\n\n<p>En revanche, il peut aussi \u00eatre per\u00e7u comme mena\u00e7ant, sombre et rappelle souvent le deuil dans nos soci\u00e9t\u00e9s occidentales. Cependant, il fonctionne parfaitement par des jeux de contraste avec son oppos\u00e9&nbsp;: le blanc.<\/p>\n\n\n\n<h3 class=\"wp-block-heading\">Le blanc<\/h3>\n\n\n\n<p>\u00c0 l\u2019inverse du noir, le blanc refl\u00e8te tout, explose en t\u00eate et donne de la lumi\u00e8re sur tout, d\u2019une main de ma\u00eetre. Il a un c\u00f4t\u00e9 moins chaleureux que le noir, plus pr\u00e9cieux, moins \u00e0 m\u00eame d\u2019\u00eatre touch\u00e9 d\u2019une certaine mani\u00e8re. <\/p>\n\n\n\n<p>Le blanc symbolise aussi la puret\u00e9 dans l\u2019inconscient collectif. Il peut faire penser au propre, \u00e0 l\u2019hygi\u00e9nique, au neuf ou au st\u00e9rile (qui peut \u00eatre n\u00e9gatif). C\u2019est une couleur qui donne l\u2019impression d\u2019espaces plus grands, de perception de profondeur. \u00c0 \u00e9viter avec des couleurs chaudes.<\/p>\n\n\n\n<h3 class=\"wp-block-heading\">L\u2019orange<\/h3>\n\n\n\n<p>Cette combinaison du rouge et du jaune est une v\u00e9ritable \u00e9mulsion physique et \u00e9motionnelle. L\u2019attention du spectateur et ses \u00e9motions sont plus tourn\u00e9es vers les questions de confort, le physique et m\u00eame la sensualit\u00e9. <\/p>\n\n\n\n<p>Pour d\u2019autres, c\u2019est une couleur sympathique et festive. La couleur orange peut aussi \u00eatre vue n\u00e9gativement quand elle concentre un effet de privation.<\/p>\n\n\n\n<h2 class=\"wp-block-heading\">Notre astuce pour cr\u00e9er une charte graphique selon la th\u00e9orie des couleurs<\/h2>\n\n\n\n<p>Pour cr\u00e9er une charte graphique de qualit\u00e9, pensez \u00e0 approfondir certains points cit\u00e9s dans cet article&nbsp;: le cercle chromatique, les palettes de couleurs ou encore la psychologie des couleurs.<\/p>\n\n\n\n<p>Prenez \u00e9galement le temps de bien d\u00e9finir les enjeux, le concept et le r\u00e9sultat que vous souhaitez susciter sur vos clients, avant de vous lancer dans la cr\u00e9ation de designs graphiques. Accordez-vous du temps pour \u00e9valuer les strat\u00e9gies de branding de votre concurrence et agr\u00e9menter votre charte graphique, gr\u00e2ce \u00e0 <strong>la th\u00e9orie des couleurs<\/strong>, en cons\u00e9quence.<\/p>\n\n\n\n<p>Pour vous aider, vous pouvez faire appel \u00e0 un <a href=\"https:\/\/graphiste.com\/#open-fast\">graphiste freelance professionnel<\/a> sur Graphiste.com. Experts en la mati\u00e8re, ces derniers sauront trouver le petit plus qui fera toute la diff\u00e9rence pour diff\u00e9rencier l\u2019image de votre entreprise gr\u00e2ce \u00e0 un choix judicieux de couleurs&nbsp;!<\/p>\n","protected":false},"excerpt":{"rendered":"<p>La th\u00e9orie des couleurs fait partie de ces fondamentaux artistiques et scientifiques incontournables dans la cr\u00e9ation de design, de charte graphique et m\u00eame d\u2019images de marque. Comprendre la mani\u00e8re dont nous percevons les couleurs est essentiel pour v\u00e9hiculer des messages \u00e0 travers les visuels. La th\u00e9orie des couleurs est plurielle, comme toutes les questions qu\u2019elle [&hellip;]<\/p>\n","protected":false},"author":1,"featured_media":56331,"comment_status":"closed","ping_status":"closed","sticky":false,"template":"","format":"standard","meta":{"_acf_changed":false,"inline_featured_image":false,"footnotes":""},"categories":[104],"tags":[],"class_list":["post-49274","post","type-post","status-publish","format-standard","has-post-thumbnail","hentry","category-colorimetrie"],"acf":[],"yoast_head":"<!-- This site is optimized with the Yoast SEO plugin v25.9 - https:\/\/yoast.com\/wordpress\/plugins\/seo\/ -->\n<title>La th\u00e9orie des couleurs\u00a0: qu&#039;est-ce que c&#039;est ? - Graphiste Blog<\/title>\n<meta name=\"description\" content=\"D\u00e9couvrez comment la th\u00e9orie des couleurs peut transformer votre charte graphique et booster l&#039;image de votre marque.\" \/>\n<meta name=\"robots\" content=\"index, follow, max-snippet:-1, max-image-preview:large, max-video-preview:-1\" \/>\n<link rel=\"canonical\" href=\"https:\/\/graphiste.com\/blog\/theorie-des-couleurs\/\" \/>\n<meta property=\"og:locale\" content=\"fr_FR\" \/>\n<meta property=\"og:type\" content=\"article\" \/>\n<meta property=\"og:title\" content=\"La th\u00e9orie des couleurs\u00a0: qu&#039;est-ce que c&#039;est ? - Graphiste Blog\" \/>\n<meta property=\"og:description\" content=\"D\u00e9couvrez comment la th\u00e9orie des couleurs peut transformer votre charte graphique et booster l&#039;image de votre marque.\" \/>\n<meta property=\"og:url\" content=\"https:\/\/graphiste.com\/blog\/theorie-des-couleurs\/\" \/>\n<meta property=\"og:site_name\" content=\"Graphiste.com\" \/>\n<meta property=\"article:publisher\" content=\"https:\/\/www.facebook.com\/graphistesfreelances\" \/>\n<meta property=\"article:published_time\" content=\"2025-11-28T08:00:00+00:00\" \/>\n<meta property=\"og:image\" content=\"https:\/\/graphiste.com\/blog\/wp-content\/uploads\/sites\/4\/2023\/03\/theorie-des-couleurs.png\" \/>\n\t<meta property=\"og:image:width\" content=\"1024\" \/>\n\t<meta property=\"og:image:height\" content=\"618\" \/>\n\t<meta property=\"og:image:type\" content=\"image\/png\" \/>\n<meta name=\"author\" content=\"Laura Michaud\" \/>\n<meta name=\"twitter:card\" content=\"summary_large_image\" \/>\n<meta name=\"twitter:creator\" content=\"@Graphistecom\" \/>\n<meta name=\"twitter:site\" content=\"@Graphistecom\" \/>\n<meta name=\"twitter:label1\" content=\"\u00c9crit par\" \/>\n\t<meta name=\"twitter:data1\" content=\"Laura Michaud\" \/>\n\t<meta name=\"twitter:label2\" content=\"Dur\u00e9e de lecture estim\u00e9e\" \/>\n\t<meta name=\"twitter:data2\" content=\"12 minutes\" \/>\n<script type=\"application\/ld+json\" class=\"yoast-schema-graph\">{\"@context\":\"https:\/\/schema.org\",\"@graph\":[{\"@type\":\"Article\",\"@id\":\"https:\/\/graphiste.com\/blog\/theorie-des-couleurs\/#article\",\"isPartOf\":{\"@id\":\"https:\/\/graphiste.com\/blog\/theorie-des-couleurs\/\"},\"author\":{\"name\":\"Laura Michaud\",\"@id\":\"https:\/\/graphiste.com\/blog\/#\/schema\/person\/33c0ef04707fbe50a096f282050bb5f2\"},\"headline\":\"La th\u00e9orie des couleurs\u00a0: qu&#8217;est-ce que c&#8217;est&nbsp;?\",\"datePublished\":\"2025-11-28T08:00:00+00:00\",\"mainEntityOfPage\":{\"@id\":\"https:\/\/graphiste.com\/blog\/theorie-des-couleurs\/\"},\"wordCount\":2253,\"publisher\":{\"@id\":\"https:\/\/graphiste.com\/blog\/#organization\"},\"image\":{\"@id\":\"https:\/\/graphiste.com\/blog\/theorie-des-couleurs\/#primaryimage\"},\"thumbnailUrl\":\"https:\/\/graphiste.com\/blog\/wp-content\/uploads\/sites\/4\/2023\/03\/theorie-des-couleurs.png\",\"articleSection\":[\"Colorim\u00e9trie\"],\"inLanguage\":\"fr-FR\"},{\"@type\":\"WebPage\",\"@id\":\"https:\/\/graphiste.com\/blog\/theorie-des-couleurs\/\",\"url\":\"https:\/\/graphiste.com\/blog\/theorie-des-couleurs\/\",\"name\":\"La th\u00e9orie des couleurs\u00a0: qu'est-ce que c'est ? - Graphiste Blog\",\"isPartOf\":{\"@id\":\"https:\/\/graphiste.com\/blog\/#website\"},\"primaryImageOfPage\":{\"@id\":\"https:\/\/graphiste.com\/blog\/theorie-des-couleurs\/#primaryimage\"},\"image\":{\"@id\":\"https:\/\/graphiste.com\/blog\/theorie-des-couleurs\/#primaryimage\"},\"thumbnailUrl\":\"https:\/\/graphiste.com\/blog\/wp-content\/uploads\/sites\/4\/2023\/03\/theorie-des-couleurs.png\",\"datePublished\":\"2025-11-28T08:00:00+00:00\",\"description\":\"D\u00e9couvrez comment la th\u00e9orie des couleurs peut transformer votre charte graphique et booster l'image de votre marque.\",\"breadcrumb\":{\"@id\":\"https:\/\/graphiste.com\/blog\/theorie-des-couleurs\/#breadcrumb\"},\"inLanguage\":\"fr-FR\",\"potentialAction\":[{\"@type\":\"ReadAction\",\"target\":[\"https:\/\/graphiste.com\/blog\/theorie-des-couleurs\/\"]}]},{\"@type\":\"ImageObject\",\"inLanguage\":\"fr-FR\",\"@id\":\"https:\/\/graphiste.com\/blog\/theorie-des-couleurs\/#primaryimage\",\"url\":\"https:\/\/graphiste.com\/blog\/wp-content\/uploads\/sites\/4\/2023\/03\/theorie-des-couleurs.png\",\"contentUrl\":\"https:\/\/graphiste.com\/blog\/wp-content\/uploads\/sites\/4\/2023\/03\/theorie-des-couleurs.png\",\"width\":1024,\"height\":618,\"caption\":\"th\u00e9orie des couleurs\"},{\"@type\":\"BreadcrumbList\",\"@id\":\"https:\/\/graphiste.com\/blog\/theorie-des-couleurs\/#breadcrumb\",\"itemListElement\":[{\"@type\":\"ListItem\",\"position\":1,\"name\":\"Blog\",\"item\":\"https:\/\/graphiste.com\/blog\/\"},{\"@type\":\"ListItem\",\"position\":2,\"name\":\"Branding\",\"item\":\"https:\/\/graphiste.com\/blog\/branding\/\"},{\"@type\":\"ListItem\",\"position\":3,\"name\":\"Colorim\u00e9trie\",\"item\":\"https:\/\/graphiste.com\/blog\/branding\/colorimetrie\/\"},{\"@type\":\"ListItem\",\"position\":4,\"name\":\"La th\u00e9orie des couleurs\u00a0: qu&#8217;est-ce que c&#8217;est&nbsp;?\"}]},{\"@type\":\"WebSite\",\"@id\":\"https:\/\/graphiste.com\/blog\/#website\",\"url\":\"https:\/\/graphiste.com\/blog\/\",\"name\":\"Graphiste.com\",\"description\":\"graphiste\",\"publisher\":{\"@id\":\"https:\/\/graphiste.com\/blog\/#organization\"},\"potentialAction\":[{\"@type\":\"SearchAction\",\"target\":{\"@type\":\"EntryPoint\",\"urlTemplate\":\"https:\/\/graphiste.com\/blog\/?s={search_term_string}\"},\"query-input\":{\"@type\":\"PropertyValueSpecification\",\"valueRequired\":true,\"valueName\":\"search_term_string\"}}],\"inLanguage\":\"fr-FR\"},{\"@type\":\"Organization\",\"@id\":\"https:\/\/graphiste.com\/blog\/#organization\",\"name\":\"Graphiste.com\",\"url\":\"https:\/\/graphiste.com\/blog\/\",\"logo\":{\"@type\":\"ImageObject\",\"inLanguage\":\"fr-FR\",\"@id\":\"https:\/\/graphiste.com\/blog\/#\/schema\/logo\/image\/\",\"url\":\"https:\/\/graphiste.com\/blog\/wp-content\/uploads\/sites\/4\/2022\/07\/logo-blog-graphiste.svg\",\"contentUrl\":\"https:\/\/graphiste.com\/blog\/wp-content\/uploads\/sites\/4\/2022\/07\/logo-blog-graphiste.svg\",\"width\":1,\"height\":1,\"caption\":\"Graphiste.com\"},\"image\":{\"@id\":\"https:\/\/graphiste.com\/blog\/#\/schema\/logo\/image\/\"},\"sameAs\":[\"https:\/\/www.facebook.com\/graphistesfreelances\",\"https:\/\/x.com\/Graphistecom\",\"https:\/\/www.linkedin.com\/company\/graphiste-com\/\",\"https:\/\/fr.pinterest.com\/Graphiste_Com\",\"https:\/\/www.instagram.com\/graphiste_com\/\"]},{\"@type\":\"Person\",\"@id\":\"https:\/\/graphiste.com\/blog\/#\/schema\/person\/33c0ef04707fbe50a096f282050bb5f2\",\"name\":\"Laura Michaud\",\"image\":{\"@type\":\"ImageObject\",\"inLanguage\":\"fr-FR\",\"@id\":\"https:\/\/graphiste.com\/blog\/#\/schema\/person\/image\/\",\"url\":\"https:\/\/secure.gravatar.com\/avatar\/c3328cc0c887f98cec6b2979af3311ab6333fc7cc2d4847514cfec6a56fa08a7?s=96&d=mm&r=g\",\"contentUrl\":\"https:\/\/secure.gravatar.com\/avatar\/c3328cc0c887f98cec6b2979af3311ab6333fc7cc2d4847514cfec6a56fa08a7?s=96&d=mm&r=g\",\"caption\":\"Laura Michaud\"},\"description\":\"Laura connait tous les meilleurs outils pour g\u00e9rer des projets et une entreprise. Cr\u00e9ative, c'est aussi une sp\u00e9cialiste des outils de cr\u00e9ation graphique pour faire briller une entreprise.\",\"sameAs\":[\"https:\/\/www.linkedin.com\/in\/michaudlaura\/\"],\"url\":\"https:\/\/graphiste.com\/blog\/author\/laura\/\"}]}<\/script>\n<!-- \/ Yoast SEO plugin. -->","yoast_head_json":{"title":"La th\u00e9orie des couleurs\u00a0: qu'est-ce que c'est ? - Graphiste Blog","description":"D\u00e9couvrez comment la th\u00e9orie des couleurs peut transformer votre charte graphique et booster l'image de votre marque.","robots":{"index":"index","follow":"follow","max-snippet":"max-snippet:-1","max-image-preview":"max-image-preview:large","max-video-preview":"max-video-preview:-1"},"canonical":"https:\/\/graphiste.com\/blog\/theorie-des-couleurs\/","og_locale":"fr_FR","og_type":"article","og_title":"La th\u00e9orie des couleurs\u00a0: qu'est-ce que c'est ? - Graphiste Blog","og_description":"D\u00e9couvrez comment la th\u00e9orie des couleurs peut transformer votre charte graphique et booster l'image de votre marque.","og_url":"https:\/\/graphiste.com\/blog\/theorie-des-couleurs\/","og_site_name":"Graphiste.com","article_publisher":"https:\/\/www.facebook.com\/graphistesfreelances","article_published_time":"2025-11-28T08:00:00+00:00","og_image":[{"width":1024,"height":618,"url":"https:\/\/graphiste.com\/blog\/wp-content\/uploads\/sites\/4\/2023\/03\/theorie-des-couleurs.png","type":"image\/png"}],"author":"Laura Michaud","twitter_card":"summary_large_image","twitter_creator":"@Graphistecom","twitter_site":"@Graphistecom","twitter_misc":{"\u00c9crit par":"Laura Michaud","Dur\u00e9e de lecture estim\u00e9e":"12 minutes"},"schema":{"@context":"https:\/\/schema.org","@graph":[{"@type":"Article","@id":"https:\/\/graphiste.com\/blog\/theorie-des-couleurs\/#article","isPartOf":{"@id":"https:\/\/graphiste.com\/blog\/theorie-des-couleurs\/"},"author":{"name":"Laura Michaud","@id":"https:\/\/graphiste.com\/blog\/#\/schema\/person\/33c0ef04707fbe50a096f282050bb5f2"},"headline":"La th\u00e9orie des couleurs\u00a0: qu&#8217;est-ce que c&#8217;est&nbsp;?","datePublished":"2025-11-28T08:00:00+00:00","mainEntityOfPage":{"@id":"https:\/\/graphiste.com\/blog\/theorie-des-couleurs\/"},"wordCount":2253,"publisher":{"@id":"https:\/\/graphiste.com\/blog\/#organization"},"image":{"@id":"https:\/\/graphiste.com\/blog\/theorie-des-couleurs\/#primaryimage"},"thumbnailUrl":"https:\/\/graphiste.com\/blog\/wp-content\/uploads\/sites\/4\/2023\/03\/theorie-des-couleurs.png","articleSection":["Colorim\u00e9trie"],"inLanguage":"fr-FR"},{"@type":"WebPage","@id":"https:\/\/graphiste.com\/blog\/theorie-des-couleurs\/","url":"https:\/\/graphiste.com\/blog\/theorie-des-couleurs\/","name":"La th\u00e9orie des couleurs\u00a0: qu'est-ce que c'est ? - Graphiste Blog","isPartOf":{"@id":"https:\/\/graphiste.com\/blog\/#website"},"primaryImageOfPage":{"@id":"https:\/\/graphiste.com\/blog\/theorie-des-couleurs\/#primaryimage"},"image":{"@id":"https:\/\/graphiste.com\/blog\/theorie-des-couleurs\/#primaryimage"},"thumbnailUrl":"https:\/\/graphiste.com\/blog\/wp-content\/uploads\/sites\/4\/2023\/03\/theorie-des-couleurs.png","datePublished":"2025-11-28T08:00:00+00:00","description":"D\u00e9couvrez comment la th\u00e9orie des couleurs peut transformer votre charte graphique et booster l'image de votre marque.","breadcrumb":{"@id":"https:\/\/graphiste.com\/blog\/theorie-des-couleurs\/#breadcrumb"},"inLanguage":"fr-FR","potentialAction":[{"@type":"ReadAction","target":["https:\/\/graphiste.com\/blog\/theorie-des-couleurs\/"]}]},{"@type":"ImageObject","inLanguage":"fr-FR","@id":"https:\/\/graphiste.com\/blog\/theorie-des-couleurs\/#primaryimage","url":"https:\/\/graphiste.com\/blog\/wp-content\/uploads\/sites\/4\/2023\/03\/theorie-des-couleurs.png","contentUrl":"https:\/\/graphiste.com\/blog\/wp-content\/uploads\/sites\/4\/2023\/03\/theorie-des-couleurs.png","width":1024,"height":618,"caption":"th\u00e9orie des couleurs"},{"@type":"BreadcrumbList","@id":"https:\/\/graphiste.com\/blog\/theorie-des-couleurs\/#breadcrumb","itemListElement":[{"@type":"ListItem","position":1,"name":"Blog","item":"https:\/\/graphiste.com\/blog\/"},{"@type":"ListItem","position":2,"name":"Branding","item":"https:\/\/graphiste.com\/blog\/branding\/"},{"@type":"ListItem","position":3,"name":"Colorim\u00e9trie","item":"https:\/\/graphiste.com\/blog\/branding\/colorimetrie\/"},{"@type":"ListItem","position":4,"name":"La th\u00e9orie des couleurs\u00a0: qu&#8217;est-ce que c&#8217;est&nbsp;?"}]},{"@type":"WebSite","@id":"https:\/\/graphiste.com\/blog\/#website","url":"https:\/\/graphiste.com\/blog\/","name":"Graphiste.com","description":"graphiste","publisher":{"@id":"https:\/\/graphiste.com\/blog\/#organization"},"potentialAction":[{"@type":"SearchAction","target":{"@type":"EntryPoint","urlTemplate":"https:\/\/graphiste.com\/blog\/?s={search_term_string}"},"query-input":{"@type":"PropertyValueSpecification","valueRequired":true,"valueName":"search_term_string"}}],"inLanguage":"fr-FR"},{"@type":"Organization","@id":"https:\/\/graphiste.com\/blog\/#organization","name":"Graphiste.com","url":"https:\/\/graphiste.com\/blog\/","logo":{"@type":"ImageObject","inLanguage":"fr-FR","@id":"https:\/\/graphiste.com\/blog\/#\/schema\/logo\/image\/","url":"https:\/\/graphiste.com\/blog\/wp-content\/uploads\/sites\/4\/2022\/07\/logo-blog-graphiste.svg","contentUrl":"https:\/\/graphiste.com\/blog\/wp-content\/uploads\/sites\/4\/2022\/07\/logo-blog-graphiste.svg","width":1,"height":1,"caption":"Graphiste.com"},"image":{"@id":"https:\/\/graphiste.com\/blog\/#\/schema\/logo\/image\/"},"sameAs":["https:\/\/www.facebook.com\/graphistesfreelances","https:\/\/x.com\/Graphistecom","https:\/\/www.linkedin.com\/company\/graphiste-com\/","https:\/\/fr.pinterest.com\/Graphiste_Com","https:\/\/www.instagram.com\/graphiste_com\/"]},{"@type":"Person","@id":"https:\/\/graphiste.com\/blog\/#\/schema\/person\/33c0ef04707fbe50a096f282050bb5f2","name":"Laura Michaud","image":{"@type":"ImageObject","inLanguage":"fr-FR","@id":"https:\/\/graphiste.com\/blog\/#\/schema\/person\/image\/","url":"https:\/\/secure.gravatar.com\/avatar\/c3328cc0c887f98cec6b2979af3311ab6333fc7cc2d4847514cfec6a56fa08a7?s=96&d=mm&r=g","contentUrl":"https:\/\/secure.gravatar.com\/avatar\/c3328cc0c887f98cec6b2979af3311ab6333fc7cc2d4847514cfec6a56fa08a7?s=96&d=mm&r=g","caption":"Laura Michaud"},"description":"Laura connait tous les meilleurs outils pour g\u00e9rer des projets et une entreprise. Cr\u00e9ative, c'est aussi une sp\u00e9cialiste des outils de cr\u00e9ation graphique pour faire briller une entreprise.","sameAs":["https:\/\/www.linkedin.com\/in\/michaudlaura\/"],"url":"https:\/\/graphiste.com\/blog\/author\/laura\/"}]}},"_links":{"self":[{"href":"https:\/\/graphiste.com\/blog\/wp-json\/wp\/v2\/posts\/49274","targetHints":{"allow":["GET"]}}],"collection":[{"href":"https:\/\/graphiste.com\/blog\/wp-json\/wp\/v2\/posts"}],"about":[{"href":"https:\/\/graphiste.com\/blog\/wp-json\/wp\/v2\/types\/post"}],"author":[{"embeddable":true,"href":"https:\/\/graphiste.com\/blog\/wp-json\/wp\/v2\/users\/1"}],"replies":[{"embeddable":true,"href":"https:\/\/graphiste.com\/blog\/wp-json\/wp\/v2\/comments?post=49274"}],"version-history":[{"count":0,"href":"https:\/\/graphiste.com\/blog\/wp-json\/wp\/v2\/posts\/49274\/revisions"}],"wp:featuredmedia":[{"embeddable":true,"href":"https:\/\/graphiste.com\/blog\/wp-json\/wp\/v2\/media\/56331"}],"wp:attachment":[{"href":"https:\/\/graphiste.com\/blog\/wp-json\/wp\/v2\/media?parent=49274"}],"wp:term":[{"taxonomy":"category","embeddable":true,"href":"https:\/\/graphiste.com\/blog\/wp-json\/wp\/v2\/categories?post=49274"},{"taxonomy":"post_tag","embeddable":true,"href":"https:\/\/graphiste.com\/blog\/wp-json\/wp\/v2\/tags?post=49274"}],"curies":[{"name":"wp","href":"https:\/\/api.w.org\/{rel}","templated":true}]}}