{"id":49085,"date":"2026-03-02T10:00:00","date_gmt":"2026-03-02T09:00:00","guid":{"rendered":"https:\/\/graphiste.com\/blog\/?p=49085"},"modified":"2026-03-02T10:00:00","modified_gmt":"2026-03-02T09:00:00","slug":"mise-en-page-catalogue","status":"publish","type":"post","link":"https:\/\/graphiste.com\/blog\/mise-en-page-catalogue\/","title":{"rendered":"R\u00e9ussir la mise en page d\u2019un catalogue produits"},"content":{"rendered":"\n<p>Un catalogue produits ne sert pas seulement \u00e0 pr\u00e9senter une offre. Bien con\u00e7u, il devient un v\u00e9ritable <strong>outil de vente<\/strong>, capable d\u2019orienter le regard, de valoriser vos produits et d\u2019influencer la d\u00e9cision d\u2019achat.<\/p>\n\n\n\n<p>Aujourd\u2019hui, face \u00e0 la digitalisation du marketing et \u00e0 la concurrence accrue, un simple catalogue ne suffit plus&nbsp;: il doit \u00eatre strat\u00e9gique, structur\u00e9 et visuellement impactant.<\/p>\n\n\n\n<p>Dans cet article, d\u00e9couvrez pourquoi le catalogue reste un levier puissant et comment r\u00e9ussir la mise en page d\u2019un catalogue produits attractif et efficace.<\/p>\n\n\n\n<p><em>Pour une mise en page parfaitement adapt\u00e9e \u00e0 votre cible, vous pouvez faire appel \u00e0 un <a href=\"https:\/\/graphiste.com\/\">graphiste freelance<\/a> sur Graphiste.com.<\/em><\/p>\n\n\n\n<h2 class=\"wp-block-heading\">L\u2019importance d\u2019un catalogue pour une entreprise <\/h2>\n\n\n\n<p>Le catalogue est un <strong>pilier de la strat\u00e9gie marketing<\/strong>. Il permet de&nbsp;:<\/p>\n\n\n\n<ul class=\"wp-block-list\">\n<li>Communiquer efficacement avec les clients<\/li>\n\n\n\n<li>Pr\u00e9senter et valoriser les produits et services<\/li>\n\n\n\n<li>Structurer l&#8217;offre<\/li>\n\n\n\n<li>Stimuler les ventes gr\u00e2ce \u00e0 une pr\u00e9sentation persuasive<\/li>\n<\/ul>\n\n\n\n<p>Contrairement \u00e0 une simple liste de produits, un catalogue bien con\u00e7u raconte une histoire. Il transmet l\u2019identit\u00e9 de votre marque, renforce votre cr\u00e9dibilit\u00e9 et facilite la comparaison des produits.<\/p>\n\n\n\n<p>Il constitue \u00e9galement un outil pr\u00e9cieux pour le service client&nbsp;: il centralise les informations, clarifie les caract\u00e9ristiques techniques et rassure l\u2019acheteur.<\/p>\n\n\n\n<p>Un catalogue efficace ne montre pas seulement ce que vous vendez. Il explique pourquoi vos produits m\u00e9ritent d\u2019\u00eatre choisis.<\/p>\n\n\n\n<figure class=\"wp-block-image size-full\"><img decoding=\"async\" width=\"700\" height=\"428\" src=\"https:\/\/graphiste.com\/blog\/wp-content\/uploads\/sites\/4\/2023\/02\/mise-en-page-catalogue.webp\" alt=\"mise en page catalogue\" class=\"wp-image-49086\" srcset=\"https:\/\/graphiste.com\/blog\/wp-content\/uploads\/sites\/4\/2023\/02\/mise-en-page-catalogue.webp 700w, https:\/\/graphiste.com\/blog\/wp-content\/uploads\/sites\/4\/2023\/02\/mise-en-page-catalogue-300x183.webp 300w, https:\/\/graphiste.com\/blog\/wp-content\/uploads\/sites\/4\/2023\/02\/mise-en-page-catalogue-60x37.webp 60w, https:\/\/graphiste.com\/blog\/wp-content\/uploads\/sites\/4\/2023\/02\/mise-en-page-catalogue-370x226.webp 370w, https:\/\/graphiste.com\/blog\/wp-content\/uploads\/sites\/4\/2023\/02\/mise-en-page-catalogue-270x165.webp 270w, https:\/\/graphiste.com\/blog\/wp-content\/uploads\/sites\/4\/2023\/02\/mise-en-page-catalogue-570x349.webp 570w\" sizes=\"(max-width: 700px) 100vw, 700px\" \/><\/figure>\n\n\n\n<h2 class=\"wp-block-heading\">Quelle est la cible de votre catalogue&nbsp;? <\/h2>\n\n\n\n<p>Avant de commencer \u00e0 concevoir votre catalogue, posez-vous la question essentielle&nbsp;: \u00e0 qui s&#8217;adresse votre catalogue&nbsp;?<\/p>\n\n\n\n<p>Le ton, le vocabulaire, la quantit\u00e9 d\u2019informations et m\u00eame la structure varient selon que vous ciblez le B2B ou le B2C.<\/p>\n\n\n\n<h3 class=\"wp-block-heading\">Mise en page catalogue B2B<\/h3>\n\n\n\n<p>Les d\u00e9cisions d\u2019achat sont rationnelles et bas\u00e9es sur&nbsp;:<\/p>\n\n\n\n<ul class=\"wp-block-list\">\n<li>L\u2019expertise<\/li>\n\n\n\n<li>La fiabilit\u00e9<\/li>\n\n\n\n<li>Le service<\/li>\n\n\n\n<li>Le retour sur investissement<\/li>\n<\/ul>\n\n\n\n<p>Votre catalogue devra int\u00e9grer des donn\u00e9es pr\u00e9cises, des fiches techniques d\u00e9taill\u00e9es et des arguments logiques.<\/p>\n\n\n\n<h3 class=\"wp-block-heading\">Mise en page catalogue B2C<\/h3>\n\n\n\n<p>L\u2019achat est davantage guid\u00e9 par&nbsp;:<\/p>\n\n\n\n<ul class=\"wp-block-list\">\n<li>L\u2019\u00e9motion<\/li>\n\n\n\n<li>Le d\u00e9sir<\/li>\n\n\n\n<li>Le prix<\/li>\n\n\n\n<li>L\u2019exp\u00e9rience<\/li>\n<\/ul>\n\n\n\n<p>La mise en page devra \u00eatre plus immersive, les visuels plus s\u00e9duisants et les textes plus orient\u00e9s b\u00e9n\u00e9fices.<\/p>\n\n\n\n<p>D\u00e9finir votre cible permet de concevoir un catalogue coh\u00e9rent et r\u00e9ellement efficace.<\/p>\n\n\n\n<h2 class=\"wp-block-heading\">Choisir le format du catalogue<\/h2>\n\n\n\n<p>Une fois que vous avez d\u00e9termin\u00e9 le march\u00e9 cible, vous devez d\u00e9cider du <strong>format du catalogue<\/strong>. <\/p>\n\n\n\n<h3 class=\"wp-block-heading\">Mise en page catalogue papier imprim\u00e9<\/h3>\n\n\n\n<p>Les catalogues imprim\u00e9s sur papier sont le choix traditionnel. Ils constituent un bon moyen de pr\u00e9senter les produits et services de l\u2019entreprise et de donner aux clients un produit tangible \u00e0 emporter, notamment lors de salons professionnels ou rendez-vous commerciaux.<\/p>\n\n\n\n<p>Cependant, ils sont <strong>plus co\u00fbteux \u00e0 produire<\/strong> et leur cr\u00e9ation et impression demandent plus de temps. <\/p>\n\n\n\n<h3 class=\"wp-block-heading\">Mise en page catalogue digitalis\u00e9 \u00e0 t\u00e9l\u00e9charger<\/h3>\n\n\n\n<p>Le catalogue num\u00e9rique s\u2019impose de plus en plus comme alternative moderne et \u00e9coresponsable. Des enseignes comme Cora ou les magasins Leclerc ont d\u2019ailleurs cess\u00e9 la distribution de catalogues papier.<\/p>\n\n\n\n<p>Ses avantages&nbsp;:<\/p>\n\n\n\n<ul class=\"wp-block-list\">\n<li>Mise \u00e0 jour rapide<\/li>\n\n\n\n<li>Co\u00fbt r\u00e9duit<\/li>\n\n\n\n<li>Diffusion simplifi\u00e9e<\/li>\n\n\n\n<li>Accessibilit\u00e9 sur tous les supports<\/li>\n<\/ul>\n\n\n\n<p>Attention toutefois&nbsp;: un catalogue digital n\u00e9cessite une conception adapt\u00e9e (navigation fluide, sommaire cliquable, boutons interactifs).<\/p>\n\n\n\n<h2 class=\"wp-block-heading\">Choisir les dimensions du catalogue <\/h2>\n\n\n\n<p>Une fois que vous avez choisi le format du catalogue, vous devrez d\u00e9cider de ses dimensions. Assurez-vous que votre catalogue est suffisamment grand pour pr\u00e9senter tous vos produits. Tenez compte du nombre de pages, de la structure et de la r\u00e9action de vos clients. <\/p>\n\n\n\n<p><strong>Format A4 (21 x 29,7 cm)<\/strong><\/p>\n\n\n\n<ul class=\"wp-block-list\">\n<li>Standard professionnel<\/li>\n\n\n\n<li>Id\u00e9al pour des fiches produits d\u00e9taill\u00e9es<\/li>\n\n\n\n<li>Permet de grands visuels<\/li>\n<\/ul>\n\n\n\n<p><strong>Format A5<\/strong><\/p>\n\n\n\n<ul class=\"wp-block-list\">\n<li>Plus compact<\/li>\n\n\n\n<li>Plus \u00e9conomique<\/li>\n\n\n\n<li>Adapt\u00e9 aux catalogues courts ou promotionnels<\/li>\n<\/ul>\n\n\n\n<p><strong>Formats cr\u00e9atifs<\/strong><\/p>\n\n\n\n<ul class=\"wp-block-list\">\n<li>Format carr\u00e9 (15 x 15 cm ou 20 x 20 cm)<\/li>\n\n\n\n<li>Format paysage pour valoriser les visuels<\/li>\n<\/ul>\n\n\n\n<p>Le choix du format influence la perception de votre marque. Un catalogue premium n\u2019aura pas le m\u00eame impact qu\u2019un support promotionnel.<\/p>\n\n\n\n<h2 class=\"wp-block-heading\">Structurer et organiser le catalogue<\/h2>\n\n\n\n<p>La mise en page d\u2019un catalogue produits repose sur une organisation rigoureuse.<\/p>\n\n\n\n<p>Posez-vous ces questions&nbsp;:<\/p>\n\n\n\n<ul class=\"wp-block-list\">\n<li>Comment l\u2019utilisateur va-t-il parcourir le catalogue&nbsp;?<\/li>\n\n\n\n<li>Dans quel ordre d\u00e9couvrira-t-il les produits&nbsp;?<\/li>\n\n\n\n<li>Quelles cat\u00e9gories doivent \u00eatre mises en avant&nbsp;?<\/li>\n<\/ul>\n\n\n\n<p>Les produits doivent suivre une logique claire&nbsp;:<\/p>\n\n\n\n<ul class=\"wp-block-list\">\n<li>Par cat\u00e9gorie<\/li>\n\n\n\n<li>Par gamme<\/li>\n\n\n\n<li>Par prix<\/li>\n\n\n\n<li>Par usage<\/li>\n\n\n\n<li>Par profil d\u2019utilisateur<\/li>\n<\/ul>\n\n\n\n<p>Un sommaire clair, des onglets ou des rep\u00e8res visuels facilitent la navigation.<\/p>\n\n\n\n<p>Une structure coh\u00e9rente am\u00e9liore l\u2019exp\u00e9rience de lecture\u2026 et donc les ventes.<\/p>\n\n\n\n<h2 class=\"wp-block-heading\">L&#8217;importance des images dans un catalogue<\/h2>\n\n\n\n<figure class=\"wp-block-image size-full\"><img decoding=\"async\" width=\"700\" height=\"428\" src=\"https:\/\/graphiste.com\/blog\/wp-content\/uploads\/sites\/4\/2023\/02\/mise-en-page-catalogue-3.webp\" alt=\"mise en page catalogue produit\" class=\"wp-image-49088\" srcset=\"https:\/\/graphiste.com\/blog\/wp-content\/uploads\/sites\/4\/2023\/02\/mise-en-page-catalogue-3.webp 700w, https:\/\/graphiste.com\/blog\/wp-content\/uploads\/sites\/4\/2023\/02\/mise-en-page-catalogue-3-300x183.webp 300w, https:\/\/graphiste.com\/blog\/wp-content\/uploads\/sites\/4\/2023\/02\/mise-en-page-catalogue-3-60x37.webp 60w, https:\/\/graphiste.com\/blog\/wp-content\/uploads\/sites\/4\/2023\/02\/mise-en-page-catalogue-3-370x226.webp 370w, https:\/\/graphiste.com\/blog\/wp-content\/uploads\/sites\/4\/2023\/02\/mise-en-page-catalogue-3-270x165.webp 270w, https:\/\/graphiste.com\/blog\/wp-content\/uploads\/sites\/4\/2023\/02\/mise-en-page-catalogue-3-570x349.webp 570w\" sizes=\"(max-width: 700px) 100vw, 700px\" \/><\/figure>\n\n\n\n<p>Les visuels sont d\u00e9terminants. Ils attirent l\u2019attention avant m\u00eame la lecture du texte.<\/p>\n\n\n\n<p>Pour une mise en page r\u00e9ussie&nbsp;:<\/p>\n\n\n\n<ul class=\"wp-block-list\">\n<li>Utilisez des photos haute r\u00e9solution<\/li>\n\n\n\n<li>Privil\u00e9giez des packshots sur fond neutre<\/li>\n\n\n\n<li>Soignez l\u2019\u00e9clairage et la perspective<\/li>\n\n\n\n<li>Maintenez une coh\u00e9rence visuelle<\/li>\n<\/ul>\n\n\n\n<p>Des images professionnelles augmentent la valeur per\u00e7ue de vos produits et peuvent \u00eatre r\u00e9utilis\u00e9es sur votre site web ou vos r\u00e9seaux sociaux.<\/p>\n\n\n\n<blockquote class=\"wp-block-quote is-layout-flow wp-block-quote-is-layout-flow\">\n<p>N\u2019oubliez pas de respecter les droits d\u2019auteur et les licences d\u2019utilisation.<\/p>\n<\/blockquote>\n\n\n\n<h2 class=\"wp-block-heading\">R\u00e9diger un texte efficace pour votre catalogue<\/h2>\n\n\n\n<p>Des <strong>fiches produits concises et explicites<\/strong> sont conseill\u00e9es. Elles doivent contenir&nbsp;:<\/p>\n\n\n\n<ul class=\"wp-block-list\">\n<li>Nom du produit<\/li>\n\n\n\n<li>Description concise<\/li>\n\n\n\n<li>Cat\u00e9gorie<\/li>\n\n\n\n<li>Caract\u00e9ristiques techniques<\/li>\n\n\n\n<li>Prix HT \/ TTC<\/li>\n\n\n\n<li>Taux de TVA<\/li>\n\n\n\n<li>Options de paiement<\/li>\n\n\n\n<li>QR code \u00e9ventuel<\/li>\n<\/ul>\n\n\n\n<p>Le texte doit \u00eatre r\u00e9dig\u00e9 de mani\u00e8re \u00e0 \u00eatre \u00e0 la fois attrayant et informatif, avec une police ais\u00e9ment lisible pour tout le monde. Votre typographie doit refl\u00e9ter l\u2019image de votre marque et \u00eatre coh\u00e9rente avec votre identit\u00e9 visuelle. <\/p>\n\n\n\n<h2 class=\"wp-block-heading\">Mise en page catalogue&nbsp;: transformer votre catalogue en outil de conversion<\/h2>\n\n\n\n<p>La phase de mise en page est strat\u00e9gique. Elle consiste \u00e0 harmoniser&nbsp;:<\/p>\n\n\n\n<ul class=\"wp-block-list\">\n<li>Textes<\/li>\n\n\n\n<li>Images<\/li>\n\n\n\n<li>Couleurs<\/li>\n\n\n\n<li>Marges<\/li>\n\n\n\n<li>Couverture<\/li>\n\n\n\n<li>Hi\u00e9rarchie visuelle<\/li>\n<\/ul>\n\n\n\n<p>Il est recommand\u00e9 de finaliser tous les contenus avant de lancer la cr\u00e9ation graphique.<\/p>\n\n\n\n<p>Un logiciel professionnel comme <strong>Adobe InDesign<\/strong> permet de concevoir un catalogue structur\u00e9 et d\u2019automatiser l\u2019importation des donn\u00e9es produits via des plug-ins sp\u00e9cialis\u00e9s.<\/p>\n\n\n\n<p>Cependant, concevoir un catalogue sans expertise graphique peut s\u2019av\u00e9rer long et complexe. Une mauvaise hi\u00e9rarchisation visuelle ou un manque de coh\u00e9rence peut nuire \u00e0 l\u2019image de votre marque.<\/p>\n\n\n\n<p>Faire appel \u00e0 un <a href=\"https:\/\/graphiste.com\/#open-fast\">graphiste freelance<\/a> vous garantit&nbsp;:<\/p>\n\n\n\n<ul class=\"wp-block-list\">\n<li>Une mise en page professionnelle<\/li>\n\n\n\n<li>Le respect de votre charte graphique<\/li>\n\n\n\n<li>Une meilleure lisibilit\u00e9<\/li>\n\n\n\n<li>Un rendu diff\u00e9renciant face \u00e0 la concurrence<\/li>\n<\/ul>\n","protected":false},"excerpt":{"rendered":"<p>Un catalogue produits ne sert pas seulement \u00e0 pr\u00e9senter une offre. Bien con\u00e7u, il devient un v\u00e9ritable outil de vente, capable d\u2019orienter le regard, de valoriser vos produits et d\u2019influencer la d\u00e9cision d\u2019achat. Aujourd\u2019hui, face \u00e0 la digitalisation du marketing et \u00e0 la concurrence accrue, un simple catalogue ne suffit plus&nbsp;: il doit \u00eatre strat\u00e9gique, [&hellip;]<\/p>\n","protected":false},"author":1,"featured_media":58763,"comment_status":"closed","ping_status":"closed","sticky":false,"template":"","format":"standard","meta":{"_acf_changed":false,"inline_featured_image":false,"footnotes":""},"categories":[96],"tags":[],"class_list":["post-49085","post","type-post","status-publish","format-standard","has-post-thumbnail","hentry","category-catalogue"],"acf":[],"yoast_head":"<!-- This site is optimized with the Yoast SEO plugin v25.9 - https:\/\/yoast.com\/wordpress\/plugins\/seo\/ -->\n<title>R\u00e9ussir la mise en page d\u2019un catalogue produits - Graphiste Blog<\/title>\n<meta name=\"description\" content=\"Mise en page catalogue : format, structure, visuels et conseils pour cr\u00e9er un support attractif et vendeur.\" \/>\n<meta name=\"robots\" content=\"index, follow, max-snippet:-1, max-image-preview:large, max-video-preview:-1\" \/>\n<link rel=\"canonical\" href=\"https:\/\/graphiste.com\/blog\/mise-en-page-catalogue\/\" \/>\n<meta property=\"og:locale\" content=\"fr_FR\" \/>\n<meta property=\"og:type\" content=\"article\" \/>\n<meta property=\"og:title\" content=\"R\u00e9ussir la mise en page d\u2019un catalogue produits - Graphiste Blog\" \/>\n<meta property=\"og:description\" content=\"Mise en page catalogue : format, structure, visuels et conseils pour cr\u00e9er un support attractif et vendeur.\" \/>\n<meta property=\"og:url\" content=\"https:\/\/graphiste.com\/blog\/mise-en-page-catalogue\/\" \/>\n<meta property=\"og:site_name\" content=\"Graphiste.com\" \/>\n<meta property=\"article:publisher\" content=\"https:\/\/www.facebook.com\/graphistesfreelances\" \/>\n<meta property=\"article:published_time\" content=\"2026-03-02T09:00:00+00:00\" \/>\n<meta property=\"og:image\" content=\"https:\/\/graphiste.com\/blog\/wp-content\/uploads\/sites\/4\/2024\/03\/mise-en-page-catalogue.png\" \/>\n\t<meta property=\"og:image:width\" content=\"1200\" \/>\n\t<meta property=\"og:image:height\" content=\"675\" \/>\n\t<meta property=\"og:image:type\" content=\"image\/png\" \/>\n<meta name=\"author\" content=\"Laura Michaud\" \/>\n<meta name=\"twitter:card\" content=\"summary_large_image\" \/>\n<meta name=\"twitter:creator\" content=\"@Graphistecom\" \/>\n<meta name=\"twitter:site\" content=\"@Graphistecom\" \/>\n<meta name=\"twitter:label1\" content=\"\u00c9crit par\" \/>\n\t<meta name=\"twitter:data1\" content=\"Laura Michaud\" \/>\n\t<meta name=\"twitter:label2\" content=\"Dur\u00e9e de lecture estim\u00e9e\" \/>\n\t<meta name=\"twitter:data2\" content=\"6 minutes\" \/>\n<script type=\"application\/ld+json\" class=\"yoast-schema-graph\">{\"@context\":\"https:\/\/schema.org\",\"@graph\":[{\"@type\":\"Article\",\"@id\":\"https:\/\/graphiste.com\/blog\/mise-en-page-catalogue\/#article\",\"isPartOf\":{\"@id\":\"https:\/\/graphiste.com\/blog\/mise-en-page-catalogue\/\"},\"author\":{\"name\":\"Laura Michaud\",\"@id\":\"https:\/\/graphiste.com\/blog\/#\/schema\/person\/33c0ef04707fbe50a096f282050bb5f2\"},\"headline\":\"R\u00e9ussir la mise en page d\u2019un catalogue produits\",\"datePublished\":\"2026-03-02T09:00:00+00:00\",\"mainEntityOfPage\":{\"@id\":\"https:\/\/graphiste.com\/blog\/mise-en-page-catalogue\/\"},\"wordCount\":1086,\"publisher\":{\"@id\":\"https:\/\/graphiste.com\/blog\/#organization\"},\"image\":{\"@id\":\"https:\/\/graphiste.com\/blog\/mise-en-page-catalogue\/#primaryimage\"},\"thumbnailUrl\":\"https:\/\/graphiste.com\/blog\/wp-content\/uploads\/sites\/4\/2024\/03\/mise-en-page-catalogue.png\",\"articleSection\":[\"Catalogue\"],\"inLanguage\":\"fr-FR\"},{\"@type\":\"WebPage\",\"@id\":\"https:\/\/graphiste.com\/blog\/mise-en-page-catalogue\/\",\"url\":\"https:\/\/graphiste.com\/blog\/mise-en-page-catalogue\/\",\"name\":\"R\u00e9ussir la mise en page d\u2019un catalogue produits - Graphiste Blog\",\"isPartOf\":{\"@id\":\"https:\/\/graphiste.com\/blog\/#website\"},\"primaryImageOfPage\":{\"@id\":\"https:\/\/graphiste.com\/blog\/mise-en-page-catalogue\/#primaryimage\"},\"image\":{\"@id\":\"https:\/\/graphiste.com\/blog\/mise-en-page-catalogue\/#primaryimage\"},\"thumbnailUrl\":\"https:\/\/graphiste.com\/blog\/wp-content\/uploads\/sites\/4\/2024\/03\/mise-en-page-catalogue.png\",\"datePublished\":\"2026-03-02T09:00:00+00:00\",\"description\":\"Mise en page catalogue : format, structure, visuels et conseils pour cr\u00e9er un support attractif et vendeur.\",\"breadcrumb\":{\"@id\":\"https:\/\/graphiste.com\/blog\/mise-en-page-catalogue\/#breadcrumb\"},\"inLanguage\":\"fr-FR\",\"potentialAction\":[{\"@type\":\"ReadAction\",\"target\":[\"https:\/\/graphiste.com\/blog\/mise-en-page-catalogue\/\"]}]},{\"@type\":\"ImageObject\",\"inLanguage\":\"fr-FR\",\"@id\":\"https:\/\/graphiste.com\/blog\/mise-en-page-catalogue\/#primaryimage\",\"url\":\"https:\/\/graphiste.com\/blog\/wp-content\/uploads\/sites\/4\/2024\/03\/mise-en-page-catalogue.png\",\"contentUrl\":\"https:\/\/graphiste.com\/blog\/wp-content\/uploads\/sites\/4\/2024\/03\/mise-en-page-catalogue.png\",\"width\":1200,\"height\":675,\"caption\":\"mise en page catalogue\"},{\"@type\":\"BreadcrumbList\",\"@id\":\"https:\/\/graphiste.com\/blog\/mise-en-page-catalogue\/#breadcrumb\",\"itemListElement\":[{\"@type\":\"ListItem\",\"position\":1,\"name\":\"Blog\",\"item\":\"https:\/\/graphiste.com\/blog\/\"},{\"@type\":\"ListItem\",\"position\":2,\"name\":\"Print\",\"item\":\"https:\/\/graphiste.com\/blog\/print\/\"},{\"@type\":\"ListItem\",\"position\":3,\"name\":\"Catalogue\",\"item\":\"https:\/\/graphiste.com\/blog\/print\/catalogue\/\"},{\"@type\":\"ListItem\",\"position\":4,\"name\":\"R\u00e9ussir la mise en page d\u2019un catalogue produits\"}]},{\"@type\":\"WebSite\",\"@id\":\"https:\/\/graphiste.com\/blog\/#website\",\"url\":\"https:\/\/graphiste.com\/blog\/\",\"name\":\"Graphiste.com\",\"description\":\"graphiste\",\"publisher\":{\"@id\":\"https:\/\/graphiste.com\/blog\/#organization\"},\"potentialAction\":[{\"@type\":\"SearchAction\",\"target\":{\"@type\":\"EntryPoint\",\"urlTemplate\":\"https:\/\/graphiste.com\/blog\/?s={search_term_string}\"},\"query-input\":{\"@type\":\"PropertyValueSpecification\",\"valueRequired\":true,\"valueName\":\"search_term_string\"}}],\"inLanguage\":\"fr-FR\"},{\"@type\":\"Organization\",\"@id\":\"https:\/\/graphiste.com\/blog\/#organization\",\"name\":\"Graphiste.com\",\"url\":\"https:\/\/graphiste.com\/blog\/\",\"logo\":{\"@type\":\"ImageObject\",\"inLanguage\":\"fr-FR\",\"@id\":\"https:\/\/graphiste.com\/blog\/#\/schema\/logo\/image\/\",\"url\":\"https:\/\/graphiste.com\/blog\/wp-content\/uploads\/sites\/4\/2022\/07\/logo-blog-graphiste.svg\",\"contentUrl\":\"https:\/\/graphiste.com\/blog\/wp-content\/uploads\/sites\/4\/2022\/07\/logo-blog-graphiste.svg\",\"width\":1,\"height\":1,\"caption\":\"Graphiste.com\"},\"image\":{\"@id\":\"https:\/\/graphiste.com\/blog\/#\/schema\/logo\/image\/\"},\"sameAs\":[\"https:\/\/www.facebook.com\/graphistesfreelances\",\"https:\/\/x.com\/Graphistecom\",\"https:\/\/www.linkedin.com\/company\/graphiste-com\/\",\"https:\/\/fr.pinterest.com\/Graphiste_Com\",\"https:\/\/www.instagram.com\/graphiste_com\/\"]},{\"@type\":\"Person\",\"@id\":\"https:\/\/graphiste.com\/blog\/#\/schema\/person\/33c0ef04707fbe50a096f282050bb5f2\",\"name\":\"Laura Michaud\",\"image\":{\"@type\":\"ImageObject\",\"inLanguage\":\"fr-FR\",\"@id\":\"https:\/\/graphiste.com\/blog\/#\/schema\/person\/image\/\",\"url\":\"https:\/\/secure.gravatar.com\/avatar\/c3328cc0c887f98cec6b2979af3311ab6333fc7cc2d4847514cfec6a56fa08a7?s=96&d=mm&r=g\",\"contentUrl\":\"https:\/\/secure.gravatar.com\/avatar\/c3328cc0c887f98cec6b2979af3311ab6333fc7cc2d4847514cfec6a56fa08a7?s=96&d=mm&r=g\",\"caption\":\"Laura Michaud\"},\"description\":\"Laura connait tous les meilleurs outils pour g\u00e9rer des projets et une entreprise. Cr\u00e9ative, c'est aussi une sp\u00e9cialiste des outils de cr\u00e9ation graphique pour faire briller une entreprise.\",\"sameAs\":[\"https:\/\/www.linkedin.com\/in\/michaudlaura\/\"],\"url\":\"https:\/\/graphiste.com\/blog\/author\/laura\/\"}]}<\/script>\n<!-- \/ Yoast SEO plugin. -->","yoast_head_json":{"title":"R\u00e9ussir la mise en page d\u2019un catalogue produits - Graphiste Blog","description":"Mise en page catalogue : format, structure, visuels et conseils pour cr\u00e9er un support attractif et vendeur.","robots":{"index":"index","follow":"follow","max-snippet":"max-snippet:-1","max-image-preview":"max-image-preview:large","max-video-preview":"max-video-preview:-1"},"canonical":"https:\/\/graphiste.com\/blog\/mise-en-page-catalogue\/","og_locale":"fr_FR","og_type":"article","og_title":"R\u00e9ussir la mise en page d\u2019un catalogue produits - Graphiste Blog","og_description":"Mise en page catalogue : format, structure, visuels et conseils pour cr\u00e9er un support attractif et vendeur.","og_url":"https:\/\/graphiste.com\/blog\/mise-en-page-catalogue\/","og_site_name":"Graphiste.com","article_publisher":"https:\/\/www.facebook.com\/graphistesfreelances","article_published_time":"2026-03-02T09:00:00+00:00","og_image":[{"width":1200,"height":675,"url":"https:\/\/graphiste.com\/blog\/wp-content\/uploads\/sites\/4\/2024\/03\/mise-en-page-catalogue.png","type":"image\/png"}],"author":"Laura Michaud","twitter_card":"summary_large_image","twitter_creator":"@Graphistecom","twitter_site":"@Graphistecom","twitter_misc":{"\u00c9crit par":"Laura Michaud","Dur\u00e9e de lecture estim\u00e9e":"6 minutes"},"schema":{"@context":"https:\/\/schema.org","@graph":[{"@type":"Article","@id":"https:\/\/graphiste.com\/blog\/mise-en-page-catalogue\/#article","isPartOf":{"@id":"https:\/\/graphiste.com\/blog\/mise-en-page-catalogue\/"},"author":{"name":"Laura Michaud","@id":"https:\/\/graphiste.com\/blog\/#\/schema\/person\/33c0ef04707fbe50a096f282050bb5f2"},"headline":"R\u00e9ussir la mise en page d\u2019un catalogue produits","datePublished":"2026-03-02T09:00:00+00:00","mainEntityOfPage":{"@id":"https:\/\/graphiste.com\/blog\/mise-en-page-catalogue\/"},"wordCount":1086,"publisher":{"@id":"https:\/\/graphiste.com\/blog\/#organization"},"image":{"@id":"https:\/\/graphiste.com\/blog\/mise-en-page-catalogue\/#primaryimage"},"thumbnailUrl":"https:\/\/graphiste.com\/blog\/wp-content\/uploads\/sites\/4\/2024\/03\/mise-en-page-catalogue.png","articleSection":["Catalogue"],"inLanguage":"fr-FR"},{"@type":"WebPage","@id":"https:\/\/graphiste.com\/blog\/mise-en-page-catalogue\/","url":"https:\/\/graphiste.com\/blog\/mise-en-page-catalogue\/","name":"R\u00e9ussir la mise en page d\u2019un catalogue produits - Graphiste Blog","isPartOf":{"@id":"https:\/\/graphiste.com\/blog\/#website"},"primaryImageOfPage":{"@id":"https:\/\/graphiste.com\/blog\/mise-en-page-catalogue\/#primaryimage"},"image":{"@id":"https:\/\/graphiste.com\/blog\/mise-en-page-catalogue\/#primaryimage"},"thumbnailUrl":"https:\/\/graphiste.com\/blog\/wp-content\/uploads\/sites\/4\/2024\/03\/mise-en-page-catalogue.png","datePublished":"2026-03-02T09:00:00+00:00","description":"Mise en page catalogue : format, structure, visuels et conseils pour cr\u00e9er un support attractif et vendeur.","breadcrumb":{"@id":"https:\/\/graphiste.com\/blog\/mise-en-page-catalogue\/#breadcrumb"},"inLanguage":"fr-FR","potentialAction":[{"@type":"ReadAction","target":["https:\/\/graphiste.com\/blog\/mise-en-page-catalogue\/"]}]},{"@type":"ImageObject","inLanguage":"fr-FR","@id":"https:\/\/graphiste.com\/blog\/mise-en-page-catalogue\/#primaryimage","url":"https:\/\/graphiste.com\/blog\/wp-content\/uploads\/sites\/4\/2024\/03\/mise-en-page-catalogue.png","contentUrl":"https:\/\/graphiste.com\/blog\/wp-content\/uploads\/sites\/4\/2024\/03\/mise-en-page-catalogue.png","width":1200,"height":675,"caption":"mise en page catalogue"},{"@type":"BreadcrumbList","@id":"https:\/\/graphiste.com\/blog\/mise-en-page-catalogue\/#breadcrumb","itemListElement":[{"@type":"ListItem","position":1,"name":"Blog","item":"https:\/\/graphiste.com\/blog\/"},{"@type":"ListItem","position":2,"name":"Print","item":"https:\/\/graphiste.com\/blog\/print\/"},{"@type":"ListItem","position":3,"name":"Catalogue","item":"https:\/\/graphiste.com\/blog\/print\/catalogue\/"},{"@type":"ListItem","position":4,"name":"R\u00e9ussir la mise en page d\u2019un catalogue produits"}]},{"@type":"WebSite","@id":"https:\/\/graphiste.com\/blog\/#website","url":"https:\/\/graphiste.com\/blog\/","name":"Graphiste.com","description":"graphiste","publisher":{"@id":"https:\/\/graphiste.com\/blog\/#organization"},"potentialAction":[{"@type":"SearchAction","target":{"@type":"EntryPoint","urlTemplate":"https:\/\/graphiste.com\/blog\/?s={search_term_string}"},"query-input":{"@type":"PropertyValueSpecification","valueRequired":true,"valueName":"search_term_string"}}],"inLanguage":"fr-FR"},{"@type":"Organization","@id":"https:\/\/graphiste.com\/blog\/#organization","name":"Graphiste.com","url":"https:\/\/graphiste.com\/blog\/","logo":{"@type":"ImageObject","inLanguage":"fr-FR","@id":"https:\/\/graphiste.com\/blog\/#\/schema\/logo\/image\/","url":"https:\/\/graphiste.com\/blog\/wp-content\/uploads\/sites\/4\/2022\/07\/logo-blog-graphiste.svg","contentUrl":"https:\/\/graphiste.com\/blog\/wp-content\/uploads\/sites\/4\/2022\/07\/logo-blog-graphiste.svg","width":1,"height":1,"caption":"Graphiste.com"},"image":{"@id":"https:\/\/graphiste.com\/blog\/#\/schema\/logo\/image\/"},"sameAs":["https:\/\/www.facebook.com\/graphistesfreelances","https:\/\/x.com\/Graphistecom","https:\/\/www.linkedin.com\/company\/graphiste-com\/","https:\/\/fr.pinterest.com\/Graphiste_Com","https:\/\/www.instagram.com\/graphiste_com\/"]},{"@type":"Person","@id":"https:\/\/graphiste.com\/blog\/#\/schema\/person\/33c0ef04707fbe50a096f282050bb5f2","name":"Laura Michaud","image":{"@type":"ImageObject","inLanguage":"fr-FR","@id":"https:\/\/graphiste.com\/blog\/#\/schema\/person\/image\/","url":"https:\/\/secure.gravatar.com\/avatar\/c3328cc0c887f98cec6b2979af3311ab6333fc7cc2d4847514cfec6a56fa08a7?s=96&d=mm&r=g","contentUrl":"https:\/\/secure.gravatar.com\/avatar\/c3328cc0c887f98cec6b2979af3311ab6333fc7cc2d4847514cfec6a56fa08a7?s=96&d=mm&r=g","caption":"Laura Michaud"},"description":"Laura connait tous les meilleurs outils pour g\u00e9rer des projets et une entreprise. Cr\u00e9ative, c'est aussi une sp\u00e9cialiste des outils de cr\u00e9ation graphique pour faire briller une entreprise.","sameAs":["https:\/\/www.linkedin.com\/in\/michaudlaura\/"],"url":"https:\/\/graphiste.com\/blog\/author\/laura\/"}]}},"_links":{"self":[{"href":"https:\/\/graphiste.com\/blog\/wp-json\/wp\/v2\/posts\/49085","targetHints":{"allow":["GET"]}}],"collection":[{"href":"https:\/\/graphiste.com\/blog\/wp-json\/wp\/v2\/posts"}],"about":[{"href":"https:\/\/graphiste.com\/blog\/wp-json\/wp\/v2\/types\/post"}],"author":[{"embeddable":true,"href":"https:\/\/graphiste.com\/blog\/wp-json\/wp\/v2\/users\/1"}],"replies":[{"embeddable":true,"href":"https:\/\/graphiste.com\/blog\/wp-json\/wp\/v2\/comments?post=49085"}],"version-history":[{"count":0,"href":"https:\/\/graphiste.com\/blog\/wp-json\/wp\/v2\/posts\/49085\/revisions"}],"wp:featuredmedia":[{"embeddable":true,"href":"https:\/\/graphiste.com\/blog\/wp-json\/wp\/v2\/media\/58763"}],"wp:attachment":[{"href":"https:\/\/graphiste.com\/blog\/wp-json\/wp\/v2\/media?parent=49085"}],"wp:term":[{"taxonomy":"category","embeddable":true,"href":"https:\/\/graphiste.com\/blog\/wp-json\/wp\/v2\/categories?post=49085"},{"taxonomy":"post_tag","embeddable":true,"href":"https:\/\/graphiste.com\/blog\/wp-json\/wp\/v2\/tags?post=49085"}],"curies":[{"name":"wp","href":"https:\/\/api.w.org\/{rel}","templated":true}]}}