{"id":472,"date":"2020-01-31T16:30:25","date_gmt":"2020-01-31T15:30:25","guid":{"rendered":"https:\/\/graphiste.com\/blog\/?p=472"},"modified":"2025-08-20T17:18:38","modified_gmt":"2025-08-20T15:18:38","slug":"devis-graphiste","status":"publish","type":"post","link":"https:\/\/graphiste.com\/blog\/devis-graphiste\/","title":{"rendered":"Que doit comporter le devis d\u2019un graphiste&nbsp;?"},"content":{"rendered":"<p>\u00c9tablir un devis est une \u00e9tape primordiale au moment de conclure un contrat. Ce document est aussi important pour le client que pour le graphiste. Il permet d\u2019encadrer pr\u00e9cis\u00e9ment la prestation et assure \u00e0 chaque partie d\u2019\u00eatre prot\u00e9g\u00e9e.<\/p>\n<p>Le devis aide le graphiste \u00e0 lister toutes les \u00e9tapes du projet pour en <a href=\"https:\/\/graphiste.com\/blog\/graphiste-facturer\">\u00e9valuer au mieux le co\u00fbt<\/a> et permet au client d\u2019\u00eatre rassur\u00e9 sur le professionnalisme du prestataire.<\/p>\n<p>Alors, comment l\u2019\u00e9laborer au mieux, sans oublier les mentions les plus importantes&nbsp;?<\/p>\n<blockquote><p>Sommaire&nbsp;:<\/p>\n<ul>\n<li><a href=\"#devisgraphiste1\">Les mentions obligatoires<\/a><\/li>\n<li><a href=\"#devisgraphiste2\">Les \u00e9tapes de r\u00e9alisation du projet<\/a><\/li>\n<li><a href=\"#devisgraphiste3\">Le nombre d\u2019heures par \u00e9tape et le co\u00fbt horaire<\/a><\/li>\n<li><a href=\"#devisgraphiste4\">Les conditions de paiement<\/a><\/li>\n<li><a href=\"#devisgraphiste5\">Les cessions de droit pr\u00e9vues<\/a><\/li>\n<\/ul>\n<\/blockquote>\n<p>&nbsp;<\/p>\n<h2 id=\"devisgraphiste1\">Les mentions obligatoires<\/h2>\n<p>Tout d\u2019abord, peu importe la prestation propos\u00e9e, le devis se doit de contenir des informations obligatoires&nbsp;:<\/p>\n<ul>\n<li>La mention \u00ab Devis \u00bb<\/li>\n<li>Le nom du graphiste et l\u2019adresse de sa soci\u00e9t\u00e9<\/li>\n<li>Le <a href=\"https:\/\/www.facture.net\/blog\/obtenir-numero-siret-siren\/\" target=\"_blank\" rel=\"noopener noreferrer\">num\u00e9ro de Siret<\/a><\/li>\n<li>Les coordonn\u00e9es du client (nom, pr\u00e9nom, adresse)<\/li>\n<li>La date de validit\u00e9 du devis<\/li>\n<li>Le taux de TVA et les montants HT et TTC (si vous \u00eates auto-entrepreneur, vous devrez faire figurer la mention \u00ab Non Assujetti \u00e0 la TVA \u00bb)<\/li>\n<\/ul>\n<p>Par ailleurs, il est recommand\u00e9 au graphiste d\u2019ajouter aussi son adresse email et son num\u00e9ro de t\u00e9l\u00e9phone, afin que le client puisse facilement le contacter en cas de questions ou de remarques.<\/p>\n<blockquote><p>\u00c0 Lire aussi&nbsp;: <a href=\"https:\/\/graphiste.com\/blog\/graphiste-freelance-comment-communiquer-et-se-faire-connaitre\">Comment communiquer et se faire conna\u00eetre&nbsp;?<\/a><\/p><\/blockquote>\n<p>&nbsp;<\/p>\n<h2 id=\"devisgraphiste2\">Les \u00e9tapes de r\u00e9alisation du projet<\/h2>\n<p>Parmi les mentions obligatoires, un devis de graphiste doit comporter l\u2019intitul\u00e9 de chaque prestation effectu\u00e9e.<\/p>\n<p>Vous devez \u00eatre le plus pr\u00e9cis possible et r\u00e9diger une ligne par mission&nbsp;: <a href=\"https:\/\/graphiste.com\/blog\/questions-graphiste-logo\" target=\"_blank\" rel=\"noopener noreferrer\">cr\u00e9ation de logo<\/a>, modernisation de charte graphique, cr\u00e9ation d\u2019une <a href=\"https:\/\/graphiste.com\/blog\/facebook-demarquer-photo-couverture\" target=\"_blank\" rel=\"noopener noreferrer\">couverture Facebook<\/a>, conception d\u2019une page de garde, mise en page d\u2019une brochure, etc.<\/p>\n<p><img decoding=\"async\" class=\"aligncenter\" src=\"https:\/\/graphiste.com\/blog\/wp-content\/uploads\/sites\/4\/2015\/11\/2941973-e1579769426848.jpg\" alt=\"signer un devis avec un graphiste Freelance\" width=\"441\" height=\"441\" \/><\/p>\n<p>Il faut \u00e9viter d\u2019indiquer un forfait g\u00e9n\u00e9ral&nbsp;!\u00a0Cela vous permet de mieux calculer le temps n\u00e9cessaire \u00e0 la r\u00e9alisation des travaux du client et donc d\u2019<a href=\"https:\/\/graphiste.com\/pages\/tarif-graphiste-freelance\">\u00e9valuer pr\u00e9cis\u00e9ment le tarif<\/a>.<\/p>\n<p>Par ailleurs, cela officialise aux yeux du porteur de projet la compr\u00e9hension de ses attentes.\u00a0N\u2019h\u00e9sitez pas \u00e0 r\u00e9diger une br\u00e8ve description pour chaque mission, pour d\u00e9tailler ce que vous allez fournir exactement.<\/p>\n<p>Par exemple&nbsp;:<\/p>\n<ul>\n<li>Mise en page d\u2019une brochure A4<\/li>\n<li>Brochure de 2 pages recto-verso<\/li>\n<li>Contenu texte fourni par le client<\/li>\n<li>Remise en format .psd et .pdf<\/li>\n<li>Acceptation de deux retours en correction maximum&#8230;<\/li>\n<\/ul>\n<blockquote><p>\u00c0 lire aussi&nbsp;:\u00a0<a href=\"https:\/\/graphiste.com\/blog\/outils-gratuits-productivite\">Graphiste\u00a0: 10 outils gratuits pour booster votre productivit\u00e9<\/a><\/p><\/blockquote>\n<p>&nbsp;<\/p>\n<h2 id=\"devisgraphiste3\">Le nombre d&#8217;heures par \u00e9tape et le co\u00fbt horaire<\/h2>\n<p>G\u00e9n\u00e9ralement, la facturation de la prestation se fait en heures. Plus simple pour calculer votre r\u00e9mun\u00e9ration, mais cela justifie \u00e9galement le tarif aupr\u00e8s du client.<\/p>\n<p>Indiquez le nombre d\u2019heures n\u00e9cessaires \u00e0 c\u00f4t\u00e9 de chaque mission et le co\u00fbt horaire. Le logiciel que vous aurez choisi pour r\u00e9diger le devis fera le calcul total.<\/p>\n<blockquote><p>\u00c0 lire aussi&nbsp;: <a href=\"https:\/\/graphiste.com\/blog\/monetiser-competences\">Graphistes\u00a0: 5 fa\u00e7ons de mon\u00e9tiser vos comp\u00e9tences<\/a><\/p><\/blockquote>\n<p>&nbsp;<\/p>\n<h2>Le d\u00e9lai de r\u00e9alisation totale<\/h2>\n<p>Parmi les mentions \u00e0 pr\u00e9voir sur votre devis de graphiste, pensez \u00e0 indiquer un d\u00e9lai de livraison.<\/p>\n<p><img decoding=\"async\" class=\"aligncenter\" src=\"https:\/\/graphiste.com\/blog\/wp-content\/uploads\/sites\/4\/2019\/12\/graphiste-exercice-designer-e1576840525622.jpg\" alt=\"\" width=\"650\" height=\"445\" \/><\/p>\n<p>Vous pouvez soit le faire par document, si vous devez r\u00e9aliser plusieurs t\u00e2ches, ou alors donner une date butoir pour la commande globale.<\/p>\n<blockquote><p>Cela permet ensuite de planifier vos actions, mais aussi d\u2019\u00e9viter que le client vous t\u00e9l\u00e9phone tous les 5 minutes pour savoir o\u00f9 vous en \u00eates. Pr\u00e9voyez toujours quelques jours de plus en cas d\u2019impr\u00e9vu&nbsp;! Mieux vaut rendre le projet en avance, qu\u2019en retard.<\/p><\/blockquote>\n<p>Il est \u00e9galement pr\u00e9f\u00e9rable d\u2019indiquer une date de validit\u00e9 sur le devis. En l\u2019envoyant au client, vous pouvez lui faire une proposition et vous engagez \u00e0 la respecter s\u2019il signe le devis.<\/p>\n<p>Tant que porteur de projet n\u2019a pas sign\u00e9 le devis, ce dernier n\u2019a aucun valeur contractuelle et n\u2019est qu\u2019une proposition. Une fois sign\u00e9, vous \u00eates oblig\u00e9 de respecter vos engagements.<\/p>\n<blockquote><p>\u00c0 lire aussi&nbsp;: <a href=\"https:\/\/graphiste.com\/blog\/outils-gratuits-productivite\">Graphistes freelances&nbsp;: 8 outils gratuits pour booster votre productivit\u00e9<\/a><\/p><\/blockquote>\n<p>&nbsp;<\/p>\n<h2 id=\"devisgraphiste4\">Les conditions de paiement<\/h2>\n<p>Il est important de toujours pr\u00e9ciser les moyens de paiement accept\u00e9s.<\/p>\n<p><img decoding=\"async\" class=\"aligncenter\" src=\"https:\/\/graphiste.com\/blog\/wp-content\/uploads\/sites\/4\/2015\/11\/payant-devis-graphiste-freelance.jpg\" alt=\"faire un contrat devis payant graphiste Freelance\" width=\"700\" height=\"523\" \/><\/p>\n<p>Cela permet d\u2019\u00eatre au clair avec le client d\u00e8s le d\u00e9but et il n\u2019aura pas d\u2019excuse pour faire tra\u00eener le r\u00e8glement de la facture.\u00a0Pensez aussi \u00e0 l\u2019acompte&nbsp;!<\/p>\n<p>Si vous travaillez avec ce client pour la premi\u00e8re fois et que la mission est assez longue, il est conseill\u00e9 de demander un acompte d\u2019au moins 30%\u00a0pour <a href=\"https:\/\/graphiste.com\/blog\/inpi-pourquoi-proteger-logo-nom-marque\">prot\u00e9ger votre travail<\/a>.<\/p>\n<p>Dans tous les cas, il faudra bien le pr\u00e9ciser sur votre devis, ainsi que le d\u00e9lai de paiement de la facture correspondante \u00e0 la livraison totale du projet.<\/p>\n<blockquote><p>Sachez que le devis sign\u00e9 a une valeur de contrat. Plus il sera d\u00e9taill\u00e9, plus <a href=\"https:\/\/www.codeur.com\/blog\/reconnaitre-mauvais-payeur\/\" target=\"_blank\" rel=\"noopener noreferrer\">il vous prot\u00e9gera contre les mauvais payeurs<\/a>, mais aussi la mauvaise foi de certains clients.<\/p><\/blockquote>\n<p>De plus, cela permet au porteur de projet de juger votre professionnalisme et aussi de v\u00e9rifier que vous avez compris l\u2019ampleur de vos missions.<\/p>\n<p>&nbsp;<\/p>\n<h2 id=\"devisgraphiste5\">Les cessions de droit pr\u00e9vues<\/h2>\n<p>L&#8217;exploitation des <a href=\"https:\/\/graphiste.com\/blog\/protection-creations-droit-auteur\" target=\"_blank\" rel=\"noopener noreferrer\">droits du projet<\/a> en question doit obligatoirement faire l&#8217;objet d&#8217;un contrat de cession.<\/p>\n<p><img decoding=\"async\" class=\"aligncenter\" src=\"https:\/\/graphiste.com\/blog\/wp-content\/uploads\/sites\/4\/2019\/12\/layer-law-loi-juriste-e1575286154433.jpg\" alt=\"\" width=\"650\" height=\"450\" \/><\/p>\n<p>Le contrat d&#8217;\u00e9dition vous permet de c\u00e9der au porteur de projet le droit de fabriquer des exemplaires de l&#8217;\u0153uvre et de la r\u00e9aliser sous forme num\u00e9rique. Le porteur de projet doit en retour en assurer la publication et la diffusion.<\/p>\n<p>La cession globale des droits d&#8217;exploitation d\u2019une oeuvre future <strong>est interdite<\/strong>. N\u00e9anmoins, vous pouvez accorder un droit de pr\u00e9f\u00e9rence au porteur de projet pour un nombre d&#8217;ouvrages et une dur\u00e9e d\u00e9termin\u00e9s.<\/p>\n<p>La cession des droits d&#8217;auteur doit obligatoirement \u00eatre constat\u00e9e par \u00e9crit.\u00a0Le contrat de cession doit imp\u00e9rativement mentionner&nbsp;:<\/p>\n<ul>\n<li>Le type de droit c\u00e9d\u00e9 (reproduction, repr\u00e9sentation, adaptation, diffusion notamment)<\/li>\n<li>L&#8217;\u00e9tendue, la destination, le lieu et la dur\u00e9e d&#8217;exploitation du droit c\u00e9d\u00e9<\/li>\n<li>Les modalit\u00e9s de calcul et de paiement du droit c\u00e9d<\/li>\n<\/ul>\n<p>Le contrat d&#8217;\u00e9dition doit express\u00e9ment indiquer les conditions d&#8217;exploitation num\u00e9rique du droit c\u00e9d\u00e9.<\/p>\n<p>Lorsque le droit d&#8217;exploitation de l\u2019\u0153uvre porte sur une forme encore non pr\u00e9visible ou non pr\u00e9vue au jour de la signature du contrat, une clause doit obligatoirement l&#8217;indiquer et en pr\u00e9ciser l&#8217;\u00e9tendue.<\/p>\n<blockquote><p>\u00c0 lire aussi&nbsp;: <a href=\"https:\/\/graphiste.com\/blog\/droit-image-personne-batiment\">Droit \u00e0 l&#8217;image&nbsp;: comment utiliser une image sans violer le droit d&#8217;auteur&nbsp;?<\/a><\/p><\/blockquote>\n<p>&nbsp;<\/p>\n<p>Et vous,\u00a0quelles sont vos bonnes pratiques pour la r\u00e9daction d\u2019un devis&nbsp;?<a href=\"https:\/\/www.facture.net\/\" target=\"_blank\" rel=\"noopener noreferrer\"><img decoding=\"async\" class=\"aligncenter\" src=\"https:\/\/graphiste.com\/blog\/wp-content\/uploads\/sites\/4\/2017\/03\/facture-net-crm-devis.jpg\" alt=\"rendez vous sur Facture.net logiciel de facturation gratuit\" width=\"599\" height=\"298\" \/><\/a><\/p>\n<p>Besoin d\u2019un bon logiciel qui transforme les devis en factures et qui g\u00e8re \u00e9galement les avoirs&nbsp;? Rendez-vous vite sur <a href=\"https:\/\/www.facture.net\/\">Facture.net<\/a>&nbsp;: un outil 100% gratuit, qui vous permet de g\u00e9rer facilement vos devis et vos factures.<\/p>\n<blockquote><p>\u00c0 lire aussi&nbsp;: <span data-sheets-value=\"{&quot;1&quot;:2,&quot;2&quot;:&quot;Pr\u00eat pour l\u2019externalisation de votre \u00e9quipe cr\u00e9ative&nbsp;?&quot;}\" data-sheets-userformat=\"{&quot;2&quot;:1049341,&quot;3&quot;:{&quot;1&quot;:0},&quot;5&quot;:{&quot;1&quot;:[{&quot;1&quot;:2,&quot;2&quot;:0,&quot;5&quot;:{&quot;1&quot;:2,&quot;2&quot;:0}},{&quot;1&quot;:0,&quot;2&quot;:0,&quot;3&quot;:3},{&quot;1&quot;:1,&quot;2&quot;:0,&quot;4&quot;:1}]},&quot;6&quot;:{&quot;1&quot;:[{&quot;1&quot;:2,&quot;2&quot;:0,&quot;5&quot;:{&quot;1&quot;:2,&quot;2&quot;:10066329}},{&quot;1&quot;:0,&quot;2&quot;:0,&quot;3&quot;:3},{&quot;1&quot;:1,&quot;2&quot;:0,&quot;4&quot;:1}]},&quot;7&quot;:{&quot;1&quot;:[{&quot;1&quot;:2,&quot;2&quot;:0,&quot;5&quot;:{&quot;1&quot;:2,&quot;2&quot;:10066329}},{&quot;1&quot;:0,&quot;2&quot;:0,&quot;3&quot;:3},{&quot;1&quot;:1,&quot;2&quot;:0,&quot;4&quot;:1}]},&quot;8&quot;:{&quot;1&quot;:[{&quot;1&quot;:2,&quot;2&quot;:0,&quot;5&quot;:{&quot;1&quot;:2,&quot;2&quot;:10066329}},{&quot;1&quot;:0,&quot;2&quot;:0,&quot;3&quot;:3},{&quot;1&quot;:1,&quot;2&quot;:0,&quot;4&quot;:1}]},&quot;9&quot;:0,&quot;10&quot;:1,&quot;12&quot;:0,&quot;23&quot;:1}\" data-sheets-formula=\"=LIEN_HYPERTEXTE(&quot;https:\/\/graphiste.com\/blog\/externaliser-equipe-creative&quot;;&quot;Pr\u00eat pour l\u2019externalisation de votre \u00e9quipe cr\u00e9ative&nbsp;?&quot;)\" data-sheets-hyperlink=\"https:\/\/graphiste.com\/blog\/externaliser-equipe-creative\"><a class=\"in-cell-link\" href=\"https:\/\/graphiste.com\/blog\/externaliser-equipe-creative\" target=\"_blank\" rel=\"noopener noreferrer\">Pr\u00eat pour l\u2019externalisation de votre \u00e9quipe cr\u00e9ative&nbsp;?<\/a><\/span><\/p><\/blockquote>\n<p>&nbsp;<\/p>\n<blockquote><p>Vous souhaitez d\u00e9multiplier votre prospection client&nbsp;?\u00a0Nous avons test\u00e9 la plateforme<a href=\"https:\/\/www.codeur.com\/\" target=\"_blank\" rel=\"noopener noreferrer\"> Codeur.com<\/a> pour vous&nbsp;: <a href=\"https:\/\/graphiste.com\/blog\/avis-test-codeur-com-plateforme-mise-en-relation-freelance\" target=\"_blank\" rel=\"noopener noreferrer\">Avis &amp; Test<\/a><\/p><\/blockquote>\n","protected":false},"excerpt":{"rendered":"<p>\u00c9tablir un devis est une \u00e9tape primordiale au moment de conclure un contrat. Ce document est aussi important pour le client que pour le graphiste. Il permet d\u2019encadrer pr\u00e9cis\u00e9ment la prestation et assure \u00e0 chaque partie d\u2019\u00eatre prot\u00e9g\u00e9e. Le devis aide le graphiste \u00e0 lister toutes les \u00e9tapes du projet pour en \u00e9valuer au mieux [&hellip;]<\/p>\n","protected":false},"author":5,"featured_media":16046,"comment_status":"closed","ping_status":"closed","sticky":false,"template":"","format":"standard","meta":{"_acf_changed":false,"inline_featured_image":false,"footnotes":""},"categories":[103],"tags":[42,43],"class_list":["post-472","post","type-post","status-publish","format-standard","has-post-thumbnail","hentry","category-graphistes","tag-creer-marque","tag-developper-entreprise"],"acf":[],"yoast_head":"<!-- This site is optimized with the Yoast SEO plugin v25.9 - https:\/\/yoast.com\/wordpress\/plugins\/seo\/ -->\n<title>Que doit comporter le devis d\u2019un graphiste ?<\/title>\n<meta name=\"description\" content=\"D\u00e9couvrez comment \u00e9laborer au mieux votre devis pour ne pas oublier les mentions les plus importantes.\" \/>\n<meta name=\"robots\" content=\"index, follow, max-snippet:-1, max-image-preview:large, max-video-preview:-1\" \/>\n<link rel=\"canonical\" href=\"https:\/\/graphiste.com\/blog\/devis-graphiste\/\" \/>\n<meta property=\"og:locale\" content=\"fr_FR\" \/>\n<meta property=\"og:type\" content=\"article\" \/>\n<meta property=\"og:title\" content=\"Que doit comporter le devis d\u2019un graphiste ?\" \/>\n<meta property=\"og:description\" content=\"D\u00e9couvrez comment \u00e9laborer au mieux votre devis pour ne pas oublier les mentions les plus importantes.\" \/>\n<meta property=\"og:url\" content=\"https:\/\/graphiste.com\/blog\/devis-graphiste\/\" \/>\n<meta property=\"og:site_name\" content=\"Graphiste.com\" \/>\n<meta property=\"article:publisher\" content=\"https:\/\/www.facebook.com\/graphistesfreelances\" \/>\n<meta property=\"article:published_time\" content=\"2020-01-31T15:30:25+00:00\" \/>\n<meta property=\"article:modified_time\" content=\"2025-08-20T15:18:38+00:00\" \/>\n<meta property=\"og:image\" content=\"https:\/\/graphiste.com\/blog\/wp-content\/uploads\/sites\/4\/2015\/11\/une-graphiste-que-doit-comporter-devis-graphiste-1.jpg\" \/>\n\t<meta property=\"og:image:width\" content=\"850\" \/>\n\t<meta property=\"og:image:height\" content=\"423\" \/>\n\t<meta property=\"og:image:type\" content=\"image\/jpeg\" \/>\n<meta name=\"author\" content=\"Thomas Lazzaroni\" \/>\n<meta name=\"twitter:card\" content=\"summary_large_image\" \/>\n<meta name=\"twitter:creator\" content=\"@totolazza\" \/>\n<meta name=\"twitter:site\" content=\"@Graphistecom\" \/>\n<meta name=\"twitter:label1\" content=\"\u00c9crit par\" \/>\n\t<meta name=\"twitter:data1\" content=\"Thomas Lazzaroni\" \/>\n\t<meta name=\"twitter:label2\" content=\"Dur\u00e9e de lecture estim\u00e9e\" \/>\n\t<meta name=\"twitter:data2\" content=\"6 minutes\" \/>\n<script type=\"application\/ld+json\" class=\"yoast-schema-graph\">{\"@context\":\"https:\/\/schema.org\",\"@graph\":[{\"@type\":\"Article\",\"@id\":\"https:\/\/graphiste.com\/blog\/devis-graphiste\/#article\",\"isPartOf\":{\"@id\":\"https:\/\/graphiste.com\/blog\/devis-graphiste\/\"},\"author\":{\"name\":\"Thomas Lazzaroni\",\"@id\":\"https:\/\/graphiste.com\/blog\/#\/schema\/person\/cc3b0a678aeffcae19ecc599eaf679e5\"},\"headline\":\"Que doit comporter le devis d\u2019un graphiste&nbsp;?\",\"datePublished\":\"2020-01-31T15:30:25+00:00\",\"dateModified\":\"2025-08-20T15:18:38+00:00\",\"mainEntityOfPage\":{\"@id\":\"https:\/\/graphiste.com\/blog\/devis-graphiste\/\"},\"wordCount\":1199,\"publisher\":{\"@id\":\"https:\/\/graphiste.com\/blog\/#organization\"},\"image\":{\"@id\":\"https:\/\/graphiste.com\/blog\/devis-graphiste\/#primaryimage\"},\"thumbnailUrl\":\"https:\/\/graphiste.com\/blog\/wp-content\/uploads\/sites\/4\/2015\/11\/une-graphiste-que-doit-comporter-devis-graphiste-1.jpg\",\"keywords\":[\"Cr\u00e9er votre marque\",\"D\u00e9velopper son entreprise\"],\"articleSection\":[\"Graphistes\"],\"inLanguage\":\"fr-FR\"},{\"@type\":\"WebPage\",\"@id\":\"https:\/\/graphiste.com\/blog\/devis-graphiste\/\",\"url\":\"https:\/\/graphiste.com\/blog\/devis-graphiste\/\",\"name\":\"Que doit comporter le devis d\u2019un graphiste ?\",\"isPartOf\":{\"@id\":\"https:\/\/graphiste.com\/blog\/#website\"},\"primaryImageOfPage\":{\"@id\":\"https:\/\/graphiste.com\/blog\/devis-graphiste\/#primaryimage\"},\"image\":{\"@id\":\"https:\/\/graphiste.com\/blog\/devis-graphiste\/#primaryimage\"},\"thumbnailUrl\":\"https:\/\/graphiste.com\/blog\/wp-content\/uploads\/sites\/4\/2015\/11\/une-graphiste-que-doit-comporter-devis-graphiste-1.jpg\",\"datePublished\":\"2020-01-31T15:30:25+00:00\",\"dateModified\":\"2025-08-20T15:18:38+00:00\",\"description\":\"D\u00e9couvrez comment \u00e9laborer au mieux votre devis pour ne pas oublier les mentions les plus importantes.\",\"breadcrumb\":{\"@id\":\"https:\/\/graphiste.com\/blog\/devis-graphiste\/#breadcrumb\"},\"inLanguage\":\"fr-FR\",\"potentialAction\":[{\"@type\":\"ReadAction\",\"target\":[\"https:\/\/graphiste.com\/blog\/devis-graphiste\/\"]}]},{\"@type\":\"ImageObject\",\"inLanguage\":\"fr-FR\",\"@id\":\"https:\/\/graphiste.com\/blog\/devis-graphiste\/#primaryimage\",\"url\":\"https:\/\/graphiste.com\/blog\/wp-content\/uploads\/sites\/4\/2015\/11\/une-graphiste-que-doit-comporter-devis-graphiste-1.jpg\",\"contentUrl\":\"https:\/\/graphiste.com\/blog\/wp-content\/uploads\/sites\/4\/2015\/11\/une-graphiste-que-doit-comporter-devis-graphiste-1.jpg\",\"width\":850,\"height\":423},{\"@type\":\"BreadcrumbList\",\"@id\":\"https:\/\/graphiste.com\/blog\/devis-graphiste\/#breadcrumb\",\"itemListElement\":[{\"@type\":\"ListItem\",\"position\":1,\"name\":\"Blog\",\"item\":\"https:\/\/graphiste.com\/blog\/\"},{\"@type\":\"ListItem\",\"position\":2,\"name\":\"Graphistes\",\"item\":\"https:\/\/graphiste.com\/blog\/graphistes\/\"},{\"@type\":\"ListItem\",\"position\":3,\"name\":\"Que doit comporter le devis d\u2019un graphiste&nbsp;?\"}]},{\"@type\":\"WebSite\",\"@id\":\"https:\/\/graphiste.com\/blog\/#website\",\"url\":\"https:\/\/graphiste.com\/blog\/\",\"name\":\"Graphiste.com\",\"description\":\"graphiste\",\"publisher\":{\"@id\":\"https:\/\/graphiste.com\/blog\/#organization\"},\"potentialAction\":[{\"@type\":\"SearchAction\",\"target\":{\"@type\":\"EntryPoint\",\"urlTemplate\":\"https:\/\/graphiste.com\/blog\/?s={search_term_string}\"},\"query-input\":{\"@type\":\"PropertyValueSpecification\",\"valueRequired\":true,\"valueName\":\"search_term_string\"}}],\"inLanguage\":\"fr-FR\"},{\"@type\":\"Organization\",\"@id\":\"https:\/\/graphiste.com\/blog\/#organization\",\"name\":\"Graphiste.com\",\"url\":\"https:\/\/graphiste.com\/blog\/\",\"logo\":{\"@type\":\"ImageObject\",\"inLanguage\":\"fr-FR\",\"@id\":\"https:\/\/graphiste.com\/blog\/#\/schema\/logo\/image\/\",\"url\":\"https:\/\/graphiste.com\/blog\/wp-content\/uploads\/sites\/4\/2022\/07\/logo-blog-graphiste.svg\",\"contentUrl\":\"https:\/\/graphiste.com\/blog\/wp-content\/uploads\/sites\/4\/2022\/07\/logo-blog-graphiste.svg\",\"width\":1,\"height\":1,\"caption\":\"Graphiste.com\"},\"image\":{\"@id\":\"https:\/\/graphiste.com\/blog\/#\/schema\/logo\/image\/\"},\"sameAs\":[\"https:\/\/www.facebook.com\/graphistesfreelances\",\"https:\/\/x.com\/Graphistecom\",\"https:\/\/www.linkedin.com\/company\/graphiste-com\/\",\"https:\/\/fr.pinterest.com\/Graphiste_Com\",\"https:\/\/www.instagram.com\/graphiste_com\/\"]},{\"@type\":\"Person\",\"@id\":\"https:\/\/graphiste.com\/blog\/#\/schema\/person\/cc3b0a678aeffcae19ecc599eaf679e5\",\"name\":\"Thomas Lazzaroni\",\"image\":{\"@type\":\"ImageObject\",\"inLanguage\":\"fr-FR\",\"@id\":\"https:\/\/graphiste.com\/blog\/#\/schema\/person\/image\/\",\"url\":\"https:\/\/secure.gravatar.com\/avatar\/7306fb87b7017ab0955d07c2f2b771ac79e91965a2fca514df0c043f7c087fd2?s=96&d=mm&r=g\",\"contentUrl\":\"https:\/\/secure.gravatar.com\/avatar\/7306fb87b7017ab0955d07c2f2b771ac79e91965a2fca514df0c043f7c087fd2?s=96&d=mm&r=g\",\"caption\":\"Thomas Lazzaroni\"},\"description\":\"Depuis plus de 10 ans, je contribue \u00e0 faire rayonner nos sites en imaginant des strat\u00e9gies qui renforcent notre visibilit\u00e9 et notre position de r\u00e9f\u00e9rence.\",\"sameAs\":[\"https:\/\/totolazza.com\",\"https:\/\/www.linkedin.com\/in\/thomaslazzaroni\/\",\"https:\/\/x.com\/totolazza\"],\"url\":\"https:\/\/graphiste.com\/blog\/author\/thomas\/\"}]}<\/script>\n<!-- \/ Yoast SEO plugin. -->","yoast_head_json":{"title":"Que doit comporter le devis d\u2019un graphiste ?","description":"D\u00e9couvrez comment \u00e9laborer au mieux votre devis pour ne pas oublier les mentions les plus importantes.","robots":{"index":"index","follow":"follow","max-snippet":"max-snippet:-1","max-image-preview":"max-image-preview:large","max-video-preview":"max-video-preview:-1"},"canonical":"https:\/\/graphiste.com\/blog\/devis-graphiste\/","og_locale":"fr_FR","og_type":"article","og_title":"Que doit comporter le devis d\u2019un graphiste ?","og_description":"D\u00e9couvrez comment \u00e9laborer au mieux votre devis pour ne pas oublier les mentions les plus importantes.","og_url":"https:\/\/graphiste.com\/blog\/devis-graphiste\/","og_site_name":"Graphiste.com","article_publisher":"https:\/\/www.facebook.com\/graphistesfreelances","article_published_time":"2020-01-31T15:30:25+00:00","article_modified_time":"2025-08-20T15:18:38+00:00","og_image":[{"width":850,"height":423,"url":"https:\/\/graphiste.com\/blog\/wp-content\/uploads\/sites\/4\/2015\/11\/une-graphiste-que-doit-comporter-devis-graphiste-1.jpg","type":"image\/jpeg"}],"author":"Thomas Lazzaroni","twitter_card":"summary_large_image","twitter_creator":"@totolazza","twitter_site":"@Graphistecom","twitter_misc":{"\u00c9crit par":"Thomas Lazzaroni","Dur\u00e9e de lecture estim\u00e9e":"6 minutes"},"schema":{"@context":"https:\/\/schema.org","@graph":[{"@type":"Article","@id":"https:\/\/graphiste.com\/blog\/devis-graphiste\/#article","isPartOf":{"@id":"https:\/\/graphiste.com\/blog\/devis-graphiste\/"},"author":{"name":"Thomas Lazzaroni","@id":"https:\/\/graphiste.com\/blog\/#\/schema\/person\/cc3b0a678aeffcae19ecc599eaf679e5"},"headline":"Que doit comporter le devis d\u2019un graphiste&nbsp;?","datePublished":"2020-01-31T15:30:25+00:00","dateModified":"2025-08-20T15:18:38+00:00","mainEntityOfPage":{"@id":"https:\/\/graphiste.com\/blog\/devis-graphiste\/"},"wordCount":1199,"publisher":{"@id":"https:\/\/graphiste.com\/blog\/#organization"},"image":{"@id":"https:\/\/graphiste.com\/blog\/devis-graphiste\/#primaryimage"},"thumbnailUrl":"https:\/\/graphiste.com\/blog\/wp-content\/uploads\/sites\/4\/2015\/11\/une-graphiste-que-doit-comporter-devis-graphiste-1.jpg","keywords":["Cr\u00e9er votre marque","D\u00e9velopper son entreprise"],"articleSection":["Graphistes"],"inLanguage":"fr-FR"},{"@type":"WebPage","@id":"https:\/\/graphiste.com\/blog\/devis-graphiste\/","url":"https:\/\/graphiste.com\/blog\/devis-graphiste\/","name":"Que doit comporter le devis d\u2019un graphiste ?","isPartOf":{"@id":"https:\/\/graphiste.com\/blog\/#website"},"primaryImageOfPage":{"@id":"https:\/\/graphiste.com\/blog\/devis-graphiste\/#primaryimage"},"image":{"@id":"https:\/\/graphiste.com\/blog\/devis-graphiste\/#primaryimage"},"thumbnailUrl":"https:\/\/graphiste.com\/blog\/wp-content\/uploads\/sites\/4\/2015\/11\/une-graphiste-que-doit-comporter-devis-graphiste-1.jpg","datePublished":"2020-01-31T15:30:25+00:00","dateModified":"2025-08-20T15:18:38+00:00","description":"D\u00e9couvrez comment \u00e9laborer au mieux votre devis pour ne pas oublier les mentions les plus importantes.","breadcrumb":{"@id":"https:\/\/graphiste.com\/blog\/devis-graphiste\/#breadcrumb"},"inLanguage":"fr-FR","potentialAction":[{"@type":"ReadAction","target":["https:\/\/graphiste.com\/blog\/devis-graphiste\/"]}]},{"@type":"ImageObject","inLanguage":"fr-FR","@id":"https:\/\/graphiste.com\/blog\/devis-graphiste\/#primaryimage","url":"https:\/\/graphiste.com\/blog\/wp-content\/uploads\/sites\/4\/2015\/11\/une-graphiste-que-doit-comporter-devis-graphiste-1.jpg","contentUrl":"https:\/\/graphiste.com\/blog\/wp-content\/uploads\/sites\/4\/2015\/11\/une-graphiste-que-doit-comporter-devis-graphiste-1.jpg","width":850,"height":423},{"@type":"BreadcrumbList","@id":"https:\/\/graphiste.com\/blog\/devis-graphiste\/#breadcrumb","itemListElement":[{"@type":"ListItem","position":1,"name":"Blog","item":"https:\/\/graphiste.com\/blog\/"},{"@type":"ListItem","position":2,"name":"Graphistes","item":"https:\/\/graphiste.com\/blog\/graphistes\/"},{"@type":"ListItem","position":3,"name":"Que doit comporter le devis d\u2019un graphiste&nbsp;?"}]},{"@type":"WebSite","@id":"https:\/\/graphiste.com\/blog\/#website","url":"https:\/\/graphiste.com\/blog\/","name":"Graphiste.com","description":"graphiste","publisher":{"@id":"https:\/\/graphiste.com\/blog\/#organization"},"potentialAction":[{"@type":"SearchAction","target":{"@type":"EntryPoint","urlTemplate":"https:\/\/graphiste.com\/blog\/?s={search_term_string}"},"query-input":{"@type":"PropertyValueSpecification","valueRequired":true,"valueName":"search_term_string"}}],"inLanguage":"fr-FR"},{"@type":"Organization","@id":"https:\/\/graphiste.com\/blog\/#organization","name":"Graphiste.com","url":"https:\/\/graphiste.com\/blog\/","logo":{"@type":"ImageObject","inLanguage":"fr-FR","@id":"https:\/\/graphiste.com\/blog\/#\/schema\/logo\/image\/","url":"https:\/\/graphiste.com\/blog\/wp-content\/uploads\/sites\/4\/2022\/07\/logo-blog-graphiste.svg","contentUrl":"https:\/\/graphiste.com\/blog\/wp-content\/uploads\/sites\/4\/2022\/07\/logo-blog-graphiste.svg","width":1,"height":1,"caption":"Graphiste.com"},"image":{"@id":"https:\/\/graphiste.com\/blog\/#\/schema\/logo\/image\/"},"sameAs":["https:\/\/www.facebook.com\/graphistesfreelances","https:\/\/x.com\/Graphistecom","https:\/\/www.linkedin.com\/company\/graphiste-com\/","https:\/\/fr.pinterest.com\/Graphiste_Com","https:\/\/www.instagram.com\/graphiste_com\/"]},{"@type":"Person","@id":"https:\/\/graphiste.com\/blog\/#\/schema\/person\/cc3b0a678aeffcae19ecc599eaf679e5","name":"Thomas Lazzaroni","image":{"@type":"ImageObject","inLanguage":"fr-FR","@id":"https:\/\/graphiste.com\/blog\/#\/schema\/person\/image\/","url":"https:\/\/secure.gravatar.com\/avatar\/7306fb87b7017ab0955d07c2f2b771ac79e91965a2fca514df0c043f7c087fd2?s=96&d=mm&r=g","contentUrl":"https:\/\/secure.gravatar.com\/avatar\/7306fb87b7017ab0955d07c2f2b771ac79e91965a2fca514df0c043f7c087fd2?s=96&d=mm&r=g","caption":"Thomas Lazzaroni"},"description":"Depuis plus de 10 ans, je contribue \u00e0 faire rayonner nos sites en imaginant des strat\u00e9gies qui renforcent notre visibilit\u00e9 et notre position de r\u00e9f\u00e9rence.","sameAs":["https:\/\/totolazza.com","https:\/\/www.linkedin.com\/in\/thomaslazzaroni\/","https:\/\/x.com\/totolazza"],"url":"https:\/\/graphiste.com\/blog\/author\/thomas\/"}]}},"_links":{"self":[{"href":"https:\/\/graphiste.com\/blog\/wp-json\/wp\/v2\/posts\/472","targetHints":{"allow":["GET"]}}],"collection":[{"href":"https:\/\/graphiste.com\/blog\/wp-json\/wp\/v2\/posts"}],"about":[{"href":"https:\/\/graphiste.com\/blog\/wp-json\/wp\/v2\/types\/post"}],"author":[{"embeddable":true,"href":"https:\/\/graphiste.com\/blog\/wp-json\/wp\/v2\/users\/5"}],"replies":[{"embeddable":true,"href":"https:\/\/graphiste.com\/blog\/wp-json\/wp\/v2\/comments?post=472"}],"version-history":[{"count":0,"href":"https:\/\/graphiste.com\/blog\/wp-json\/wp\/v2\/posts\/472\/revisions"}],"wp:featuredmedia":[{"embeddable":true,"href":"https:\/\/graphiste.com\/blog\/wp-json\/wp\/v2\/media\/16046"}],"wp:attachment":[{"href":"https:\/\/graphiste.com\/blog\/wp-json\/wp\/v2\/media?parent=472"}],"wp:term":[{"taxonomy":"category","embeddable":true,"href":"https:\/\/graphiste.com\/blog\/wp-json\/wp\/v2\/categories?post=472"},{"taxonomy":"post_tag","embeddable":true,"href":"https:\/\/graphiste.com\/blog\/wp-json\/wp\/v2\/tags?post=472"}],"curies":[{"name":"wp","href":"https:\/\/api.w.org\/{rel}","templated":true}]}}