{"id":37674,"date":"2022-09-01T01:00:00","date_gmt":"2022-08-31T23:00:00","guid":{"rendered":"https:\/\/graphiste.com\/blog\/?p=37674"},"modified":"2026-01-09T16:32:14","modified_gmt":"2026-01-09T15:32:14","slug":"creer-un-logo-pour-votre-entreprise","status":"publish","type":"post","link":"https:\/\/graphiste.com\/blog\/creer-un-logo-pour-votre-entreprise\/","title":{"rendered":"Cr\u00e9er un logo pour votre entreprise"},"content":{"rendered":"<p>Pour une entreprise qui veut arriver \u00e0 sortir du lot, le logo est un outil incontournable. Il permet d\u2019\u00eatre identifi\u00e9 et joue aussi un r\u00f4le dans la communication de l\u2019image de la marque.<\/p>\n<p><em>\u00ab Une image vaut mille mots \u00bb<\/em> dit-on souvent. Votre logo vous donnera la possibilit\u00e9 d\u2019informer vos clients et prospects sur votre c\u0153ur de m\u00e9tier ou sur vos produits de mani\u00e8re imm\u00e9diate. C\u2019est donc un \u00e9l\u00e9ment \u00e0 travailler avec professionnalisme.<\/p>\n<h2>Les enjeux de cr\u00e9er un logo pour votre entreprise<\/h2>\n<p>S\u2019il vous est venu \u00e0 l\u2019esprit d\u2019imaginer que cr\u00e9er un logo pour votre entreprise \u00e9tait une formalit\u00e9, et que cela n\u2019avait pas beaucoup d\u2019importance, sachez que c\u2019est une erreur qui peut vous couter la non r\u00e9alisation de vos objectifs.<\/p>\n<p>Mais alors pourquoi il faut porter une attention particuli\u00e8re \u00e0 cet outil&nbsp;?<\/p>\n<h3>Accrocher l\u2019attention des consommateurs<\/h3>\n<p>Aujourd\u2019hui, notre attention est mise \u00e0 dure \u00e9preuve. La vie est v\u00e9cue \u00e0 100 \u00e0 l\u2019heure et impose de faire des choix. Notre concentration est limit\u00e9e par la multitude des sollicitations. Votre entreprise va devoir marquer les esprits en un temps extr\u00eamement limit\u00e9.<\/p>\n<p>2 secondes sera un temps raisonnable pour convaincre vos prospects que votre marque peut valoir de s\u2019y attarder.<\/p>\n<p>Un des enjeux de votre logo est de communiquer de mani\u00e8re quasiment instantan\u00e9e avec les consommateurs.<\/p>\n<p>Ils vont juger votre structure par rapport \u00e0 l\u2019apparence de votre logo. S\u2019il est bien r\u00e9alis\u00e9, solide et qu\u2019il parle clairement de votre entreprise, vous pouvez remporter ce premier set.<\/p>\n<p><img decoding=\"async\" class=\"aligncenter size-full wp-image-37676\" src=\"https:\/\/graphiste.com\/blog\/wp-content\/uploads\/sites\/4\/2022\/07\/logo-entreprise.jpeg\" alt=\"Logo d'entreprise\" width=\"700\" height=\"467\" \/><\/p>\n<h3>Donner une bonne \u00ab premi\u00e8re impression \u00bb<\/h3>\n<p>L\u2019expression \u00ab l\u2019habit ne fait pas le moine \u00bb est certes juste, mais il ne faut pas se mentir, la premi\u00e8re impression reste celle qui peut d\u00e9clencher l\u2019action. Pour une entreprise, c\u2019est capital.<\/p>\n<p>Cr\u00e9er un logo pour votre structure, doit vous aider \u00e0 accrocher les prospects.<\/p>\n<p>S\u2019il est bien r\u00e9alis\u00e9, il a toutes les chances de susciter l\u2019int\u00e9r\u00eat de vos cibles et de les pousser \u00e0 vouloir en savoir plus sur votre marque.<\/p>\n<h3>C\u2019est un levier de l\u2019identit\u00e9 de votre marque<\/h3>\n<p>Votre logo est un \u00e9l\u00e9ment moteur de l\u2019histoire qui raconte la naissance de votre marque. Les couleurs, les polices, tous les \u00e9l\u00e9ments que vous allez utiliser pour cr\u00e9er votre logo d\u2019entreprise participeront au r\u00e9cit de l\u2019histoire de votre entreprise. Nous les retrouverons plus tard sur tous vos supports de communication, du papier \u00e0 en-t\u00eate, aux cartes de visite, en passant par les flyers, les catalogue, publicit\u00e9\u2026<\/p>\n<h3>L\u2019enjeu est aussi de cr\u00e9er une marque \u00ab m\u00e9morable \u00bb<\/h3>\n<p>Un logo bien r\u00e9alis\u00e9 sera un \u00e9l\u00e9ment visuel agr\u00e9able \u00e0 regarder. S\u2019il est associ\u00e9 \u00e0 une marque qui a des valeurs et de l\u2019\u00e9thique, votre entreprise a toutes les chances de devenir \u00ab m\u00e9morable \u00bb. C\u2019est le logo que les clients utilisent pour reconna\u00eetre une marque. Si le nom de votre marque peut ne pas \u00eatre m\u00e9moris\u00e9, souvent le logo, par son visuel, lui se sera.<\/p>\n<h3>Il vous diff\u00e9rencie de vos concurrents<\/h3>\n<p>Selon le secteur dans lequel vous \u00e9voluez, le march\u00e9 peut-\u00eatre tendu. Un logo bien constitu\u00e9 peut vous aider \u00e0 faire la diff\u00e9rence et \u00e0 vous rendre visible par rapport \u00e0 vos concurrents. Un logo doit aussi d\u00e9montrer aux consommateurs que vous \u00eates un peu \u00ab diff\u00e9rents \u00bb des autres.<\/p>\n<h3>Cr\u00e9er la fid\u00e9lit\u00e9<\/h3>\n<p>Avec le temps, votre entreprise prendra de l\u2019ampleur et votre logo sera de plus en plus familier aux yeux des consommateurs. Cette sensation de connaissance, d\u2019intimit\u00e9 engendre la confiance dans un grand nombre de cas et incite \u00e0 la fid\u00e9lit\u00e9 envers une marque.<\/p>\n<h2>Les points \u00e0 prendre en compte pour un logo intemporel vous votre entreprise<\/h2>\n<p>Pour donner une bonne image de votre entreprise, et durer dans le temps, votre logo doit communiquer de mani\u00e8re juste et correspondre \u00e0 vos objectifs. Il doit attirer le regard et \u00eatre m\u00e9morisable. Il est important de travailler sur la mise en valeur de votre visuel.<\/p>\n<h3>Le design&nbsp;: la base<\/h3>\n<p>C\u2019est la base&nbsp;! Le design doit donner la possibilit\u00e9 aux clients et prospects d\u2019identifier imm\u00e9diatement le domaine d\u2019activit\u00e9 de votre entreprise. Son choix doit donc se faire sur les types de services ou de biens que vous proposez. C\u2019est le moment de bien d\u00e9terminer vos objectifs et votre positionnement afin de permettre au designer de proposer un graphisme parfaitement adapt\u00e9.<\/p>\n<h3>L\u2019\u00e9tude des combinaisons de couleurs.<\/h3>\n<p><img decoding=\"async\" class=\"aligncenter size-full wp-image-37606\" src=\"https:\/\/graphiste.com\/blog\/wp-content\/uploads\/sites\/4\/2020\/09\/Paint.png\" alt=\"\" width=\"600\" height=\"600\" \/><\/p>\n<p>Les couleurs sont un \u00e9l\u00e9ment fondamental du logo. Elles ont un sens, et elles ne s\u2019accordent pas toutes ensemble. Elles jouent un r\u00f4le dans l\u2019image que retiennent les personnes de votre structure et c\u2019est pourquoi une connaissance de la psychologie des couleurs est importante pour donner \u00e0 votre logo une forte attraction. Le choix des couleurs se fera en fonction de votre marque bien s\u00fbr et de votre secteur d&#8217;activit\u00e9, mais aussi de vos cibles et de leurs attentes.<\/p>\n<h3>Le sens des mots.<\/h3>\n<p>Votre logo doit rester simple pour \u00eatre reconnaissable rapidement et m\u00e9morisable. Cependant, c\u2019est \u00e0 travers lui que vos clients potentiels doivent pouvoir vous identifier et vous donner un nom. Il est donc important que votre logo d\u2019entreprise comporte quelques informations sur votre marque. Certains y associent un slogan, mais attention, il doit \u00eatre court et utile \u00e0 vos objectifs.<\/p>\n<h3>Le choix d\u2019une police pour votre logo.<\/h3>\n<figure id=\"attachment_27657\" aria-describedby=\"caption-attachment-27657\" style=\"width: 700px\" class=\"wp-caption aligncenter\"><img decoding=\"async\" class=\"size-full wp-image-27657\" src=\"https:\/\/graphiste.com\/blog\/wp-content\/uploads\/sites\/4\/2021\/06\/webdesign-typographie.jpg\" alt=\"diff\u00e9rence-print-webdesign-typographie\" width=\"700\" height=\"468\" \/><figcaption id=\"caption-attachment-27657\" class=\"wp-caption-text\"><a href=\"https:\/\/fr.freepik.com\/photos-vecteurs-libre\/millesime\" target=\"blank\" rel=\"noopener noreferrer\">Mill\u00e9sime vecteur cr\u00e9\u00e9 par vectorpouch &#8211; fr.freepik.com<\/a><\/figcaption><\/figure>\n<p>C\u2019est encore un \u00e9l\u00e9ment important dans la <a href=\"https:\/\/graphiste.com\/categories\/logo\/projects\">cr\u00e9ation de votre logo<\/a>. Les polices ont un sens diff\u00e9rent en fonction de si elles ont un emp\u00e2tement ou pas. Choisir une police stylis\u00e9e peut-\u00eatre adapt\u00e9e ou compl\u00e8tement proscrit en fonction de votre secteur d\u2019activit\u00e9. La police ne doit pas s\u2019imposer de trop par rapport \u00e0 l\u2019ensemble de votre logo d\u2019entreprise.<\/p>\n<p>Pour un regard professionnel sur votre projet, rendez-vous sur <a href=\"https:\/\/graphiste.com\">Graphiste.com<\/a><\/p>\n<h2>Faire appel \u00e0 un graphiste pour cr\u00e9er son logo d\u2019entreprise ou le faire soi-m\u00eame&nbsp;?<\/h2>\n<p>Puisqu\u2019une identit\u00e9 visuelle a un impact consid\u00e9rable sur l\u2019\u00e9volution d\u2019une entreprise, il est important de prendre le temps de la construire en faisant appel \u00e0 un professionnel. En effet, il y a un certain nombre d\u2019\u00e9tapes \u00e0 passer, ainsi que des comp\u00e9tences \u00e0 mettre en \u0153uvre. Un professionnel freelance saura valoriser votre projet.<\/p>\n<h3>Faire appel \u00e0 un graphiste professionnel pour cr\u00e9er le logo de votre entreprise<\/h3>\n<figure id=\"attachment_33948\" aria-describedby=\"caption-attachment-33948\" style=\"width: 400px\" class=\"wp-caption aligncenter\"><img decoding=\"async\" class=\"size-full wp-image-33948\" src=\"https:\/\/graphiste.com\/blog\/wp-content\/uploads\/sites\/4\/2021\/12\/Ville_de_Mondeville.jpeg\" alt=\"\" width=\"400\" height=\"400\" \/><figcaption id=\"caption-attachment-33948\" class=\"wp-caption-text\">Logo de Sarah Guillain.<\/figcaption><\/figure>\n<p>Un graphiste professionnel va mettre ses comp\u00e9tences au service de votre entreprise pour cr\u00e9er un logo \u00e0 la hauteur de vos attentes.<\/p>\n<p>Pourquoi est-il recommand\u00e9 de se diriger vers un designer professionnel&nbsp;?<\/p>\n<p>Avant tout car l\u2019image a autant d\u2019importance que les mots. Et comme l\u2019image d\u2019une soci\u00e9t\u00e9 est tr\u00e8s importante, il faut penser dans ce sens pour cr\u00e9er le logo d\u2019une entreprise.<\/p>\n<p>Un <a href=\"https:\/\/graphiste.com\/categories\/logo\/users\">freelance logo<\/a> se tient \u00e0 jour des derni\u00e8res tendances et saura les appliquer en mettant en avant ses comp\u00e9tences. C\u2019est un cr\u00e9atif. Il est capable de m\u00e9tamorphoser une id\u00e9e en une image. Il travaille sur tous les supports et sait s\u2019adapter \u00e0 votre demande. Il peut se mettre \u00e0 la place du consommateur, car il n\u2019a pas d\u2019implication affective dans votre projet. Il se tient \u00e0 jour des technologies. Cela lui donne la capacit\u00e9 de transformer une id\u00e9e coh\u00e9rente au regard de notre temps.<\/p>\n<h3>Pourquoi ne pas faire soi-m\u00eame le logo de votre entreprise&nbsp;?<\/h3>\n<p><img decoding=\"async\" class=\"aligncenter size-full wp-image-36043\" src=\"https:\/\/graphiste.com\/blog\/wp-content\/uploads\/sites\/4\/2022\/02\/comment-numeriser-logo-dessin.jpg\" alt=\"comment-numeriser-logo\" width=\"700\" height=\"467\" \/><\/p>\n<p>Vous pouvez trouver des mod\u00e8les de logo \u00e0 modifier, et cela peut \u00eatre tentant, car les couts sont bien moindres, mais seront-ils vraiment adapt\u00e9s \u00e0 votre entreprise, \u00e0 ses valeurs, au message que vous souhaitez faire passer&nbsp;?<\/p>\n<p>Un logo doit respecter certaines r\u00e8gles. Les couleurs ont un sens psychologique important et les polices d\u2019\u00e9critures aussi. De plus, elles doivent \u00eatre lisible. La liste se r\u00e9v\u00e8le longue et peut, si vous ne les respectez pas, p\u00e9naliser tr\u00e8s clairement votre marque.<\/p>\n<p>Un logo efficace fait aussi appel \u00e0 des mots. Un professionnel saura trouver les mots adapt\u00e9s, la bonne longueur pour mettre en valeur votre entreprise<\/p>\n<p>R\u00e9aliser un logo seul, c\u2019est mettre toutes les chances de son c\u00f4t\u00e9 pour devoir en refaire un plus adapt\u00e9 dans le temps. Une entreprise est tout le temps en mouvement.<\/p>\n<p>Il faut adapter sa strat\u00e9gie de communication \u00e0 chaque changement. Votre logo doit \u00eatre\u00a0 intemporel. Un graphiste sait cr\u00e9er ce type de logo.<\/p>\n<h2>Faut-il acheter les fichiers sources du logo cr\u00e9\u00e9 pour votre entreprise&nbsp;?<\/h2>\n<p>Oui, il est int\u00e9ressant, pour un entrepreneur, d\u2019investir dans les fichiers sources de son logo.<\/p>\n<p>Ce vous donne la possibilit\u00e9 de vous passer des services d\u2019un designer par la suite. Vous pouvez r\u00e9aliser des modifications ou faire modifier votre logo par un autre prestataire.<\/p>\n<p>Ces fichiers sont donc une source potentielle d\u2019\u00e9conomie pour une entreprise.<\/p>\n<blockquote><p><strong>Attention&nbsp;:<\/strong> en r\u00e9cup\u00e9rant les fichiers source, qui sont souvent monnay\u00e9s, n\u2019oubliez pas de r\u00e9cup\u00e9rer aussi les droits pour vous en servir.<\/p><\/blockquote>\n<h2>Notre astuce pour cr\u00e9er le logo de votre entreprise<\/h2>\n<p>Un logo est comme un bijou, il ne doit pas seulement vous plaire, mais il doit sublimer votre entreprise. Pour cela, il doit \u00eatre adapt\u00e9 \u00e0 votre domaine d\u2019activit\u00e9, \u00eatre simple, lisible et m\u00e9morisable facilement. Il doit repr\u00e9senter vos valeurs et celles de votre entreprise.<\/p>\n<p>N\u2019oubliez pas qu\u2019il doit \u00eatre utilis\u00e9 sur un certain nombre de supports diff\u00e9rents. Pensez \u00e0 la qualit\u00e9 de votre image&nbsp;!<\/p>\n<p>Pour r\u00e9aliser un logo d\u2019entreprise parfaitement adapt\u00e9 et r\u00e9alis\u00e9 dans les r\u00e8gles de l\u2019art, d\u00e9posez votre projet aupr\u00e8s d\u2019un designer professionnel sur <a href=\"https:\/\/graphiste.com\/\">Graphiste.com<\/a><\/p>\n","protected":false},"excerpt":{"rendered":"<p>Pour une entreprise qui veut arriver \u00e0 sortir du lot, le logo est un outil incontournable. Il permet d\u2019\u00eatre identifi\u00e9 et joue aussi un r\u00f4le dans la communication de l\u2019image de la marque. \u00ab Une image vaut mille mots \u00bb dit-on souvent. Votre logo vous donnera la possibilit\u00e9 d\u2019informer vos clients et prospects sur votre [&hellip;]<\/p>\n","protected":false},"author":30,"featured_media":37675,"comment_status":"open","ping_status":"closed","sticky":false,"template":"","format":"standard","meta":{"_acf_changed":false,"inline_featured_image":false,"footnotes":""},"categories":[11],"tags":[43],"class_list":["post-37674","post","type-post","status-publish","format-standard","has-post-thumbnail","hentry","category-logo","tag-developper-entreprise"],"acf":[],"yoast_head":"<!-- This site is optimized with the Yoast SEO plugin v25.9 - https:\/\/yoast.com\/wordpress\/plugins\/seo\/ -->\n<title>Cr\u00e9er un logo pour votre entreprise - Graphiste Blog<\/title>\n<meta name=\"description\" content=\"Pour une entreprise qui veut arriver \u00e0 sortir du lot, le logo est un outil incontournable. Il permet d\u2019\u00eatre identifi\u00e9 et joue aussi un r\u00f4le dans la\" \/>\n<meta name=\"robots\" content=\"index, follow, max-snippet:-1, max-image-preview:large, max-video-preview:-1\" \/>\n<link rel=\"canonical\" href=\"https:\/\/graphiste.com\/blog\/creer-un-logo-pour-votre-entreprise\/\" \/>\n<meta property=\"og:locale\" content=\"fr_FR\" \/>\n<meta property=\"og:type\" content=\"article\" \/>\n<meta property=\"og:title\" content=\"Cr\u00e9er un logo pour votre entreprise - Graphiste Blog\" \/>\n<meta property=\"og:description\" content=\"Pour une entreprise qui veut arriver \u00e0 sortir du lot, le logo est un outil incontournable. Il permet d\u2019\u00eatre identifi\u00e9 et joue aussi un r\u00f4le dans la\" \/>\n<meta property=\"og:url\" content=\"https:\/\/graphiste.com\/blog\/creer-un-logo-pour-votre-entreprise\/\" \/>\n<meta property=\"og:site_name\" content=\"Graphiste.com\" \/>\n<meta property=\"article:publisher\" content=\"https:\/\/www.facebook.com\/graphistesfreelances\" \/>\n<meta property=\"article:published_time\" content=\"2022-08-31T23:00:00+00:00\" \/>\n<meta property=\"article:modified_time\" content=\"2026-01-09T15:32:14+00:00\" \/>\n<meta property=\"og:image\" content=\"https:\/\/graphiste.com\/blog\/wp-content\/uploads\/sites\/4\/2022\/07\/creer-logo-entreprise-1.jpg\" \/>\n\t<meta property=\"og:image:width\" content=\"850\" \/>\n\t<meta property=\"og:image:height\" content=\"423\" \/>\n\t<meta property=\"og:image:type\" content=\"image\/jpeg\" \/>\n<meta name=\"author\" content=\"Florian Fattier\" \/>\n<meta name=\"twitter:card\" content=\"summary_large_image\" \/>\n<meta name=\"twitter:creator\" content=\"@Graphistecom\" \/>\n<meta name=\"twitter:site\" content=\"@Graphistecom\" \/>\n<meta name=\"twitter:label1\" content=\"\u00c9crit par\" \/>\n\t<meta name=\"twitter:data1\" content=\"Florian Fattier\" \/>\n\t<meta name=\"twitter:label2\" content=\"Dur\u00e9e de lecture estim\u00e9e\" \/>\n\t<meta name=\"twitter:data2\" content=\"9 minutes\" \/>\n<script type=\"application\/ld+json\" class=\"yoast-schema-graph\">{\"@context\":\"https:\/\/schema.org\",\"@graph\":[{\"@type\":\"Article\",\"@id\":\"https:\/\/graphiste.com\/blog\/creer-un-logo-pour-votre-entreprise\/#article\",\"isPartOf\":{\"@id\":\"https:\/\/graphiste.com\/blog\/creer-un-logo-pour-votre-entreprise\/\"},\"author\":{\"name\":\"Florian Fattier\",\"@id\":\"https:\/\/graphiste.com\/blog\/#\/schema\/person\/d27104bac6fb787ff6cd51a98a0915e4\"},\"headline\":\"Cr\u00e9er un logo pour votre entreprise\",\"datePublished\":\"2022-08-31T23:00:00+00:00\",\"dateModified\":\"2026-01-09T15:32:14+00:00\",\"mainEntityOfPage\":{\"@id\":\"https:\/\/graphiste.com\/blog\/creer-un-logo-pour-votre-entreprise\/\"},\"wordCount\":1664,\"commentCount\":0,\"publisher\":{\"@id\":\"https:\/\/graphiste.com\/blog\/#organization\"},\"image\":{\"@id\":\"https:\/\/graphiste.com\/blog\/creer-un-logo-pour-votre-entreprise\/#primaryimage\"},\"thumbnailUrl\":\"https:\/\/graphiste.com\/blog\/wp-content\/uploads\/sites\/4\/2022\/07\/creer-logo-entreprise-1.jpg\",\"keywords\":[\"D\u00e9velopper son entreprise\"],\"articleSection\":[\"Logo\"],\"inLanguage\":\"fr-FR\",\"potentialAction\":[{\"@type\":\"CommentAction\",\"name\":\"Comment\",\"target\":[\"https:\/\/graphiste.com\/blog\/creer-un-logo-pour-votre-entreprise\/#respond\"]}]},{\"@type\":\"WebPage\",\"@id\":\"https:\/\/graphiste.com\/blog\/creer-un-logo-pour-votre-entreprise\/\",\"url\":\"https:\/\/graphiste.com\/blog\/creer-un-logo-pour-votre-entreprise\/\",\"name\":\"Cr\u00e9er un logo pour votre entreprise - Graphiste Blog\",\"isPartOf\":{\"@id\":\"https:\/\/graphiste.com\/blog\/#website\"},\"primaryImageOfPage\":{\"@id\":\"https:\/\/graphiste.com\/blog\/creer-un-logo-pour-votre-entreprise\/#primaryimage\"},\"image\":{\"@id\":\"https:\/\/graphiste.com\/blog\/creer-un-logo-pour-votre-entreprise\/#primaryimage\"},\"thumbnailUrl\":\"https:\/\/graphiste.com\/blog\/wp-content\/uploads\/sites\/4\/2022\/07\/creer-logo-entreprise-1.jpg\",\"datePublished\":\"2022-08-31T23:00:00+00:00\",\"dateModified\":\"2026-01-09T15:32:14+00:00\",\"description\":\"Pour une entreprise qui veut arriver \u00e0 sortir du lot, le logo est un outil incontournable. Il permet d\u2019\u00eatre identifi\u00e9 et joue aussi un r\u00f4le dans la\",\"breadcrumb\":{\"@id\":\"https:\/\/graphiste.com\/blog\/creer-un-logo-pour-votre-entreprise\/#breadcrumb\"},\"inLanguage\":\"fr-FR\",\"potentialAction\":[{\"@type\":\"ReadAction\",\"target\":[\"https:\/\/graphiste.com\/blog\/creer-un-logo-pour-votre-entreprise\/\"]}]},{\"@type\":\"ImageObject\",\"inLanguage\":\"fr-FR\",\"@id\":\"https:\/\/graphiste.com\/blog\/creer-un-logo-pour-votre-entreprise\/#primaryimage\",\"url\":\"https:\/\/graphiste.com\/blog\/wp-content\/uploads\/sites\/4\/2022\/07\/creer-logo-entreprise-1.jpg\",\"contentUrl\":\"https:\/\/graphiste.com\/blog\/wp-content\/uploads\/sites\/4\/2022\/07\/creer-logo-entreprise-1.jpg\",\"width\":850,\"height\":423,\"caption\":\"Cr\u00e9er un logo pour entreprise\"},{\"@type\":\"BreadcrumbList\",\"@id\":\"https:\/\/graphiste.com\/blog\/creer-un-logo-pour-votre-entreprise\/#breadcrumb\",\"itemListElement\":[{\"@type\":\"ListItem\",\"position\":1,\"name\":\"Blog\",\"item\":\"https:\/\/graphiste.com\/blog\/\"},{\"@type\":\"ListItem\",\"position\":2,\"name\":\"Branding\",\"item\":\"https:\/\/graphiste.com\/blog\/branding\/\"},{\"@type\":\"ListItem\",\"position\":3,\"name\":\"Logo\",\"item\":\"https:\/\/graphiste.com\/blog\/branding\/logo\/\"},{\"@type\":\"ListItem\",\"position\":4,\"name\":\"Cr\u00e9er un logo pour votre entreprise\"}]},{\"@type\":\"WebSite\",\"@id\":\"https:\/\/graphiste.com\/blog\/#website\",\"url\":\"https:\/\/graphiste.com\/blog\/\",\"name\":\"Graphiste.com\",\"description\":\"graphiste\",\"publisher\":{\"@id\":\"https:\/\/graphiste.com\/blog\/#organization\"},\"potentialAction\":[{\"@type\":\"SearchAction\",\"target\":{\"@type\":\"EntryPoint\",\"urlTemplate\":\"https:\/\/graphiste.com\/blog\/?s={search_term_string}\"},\"query-input\":{\"@type\":\"PropertyValueSpecification\",\"valueRequired\":true,\"valueName\":\"search_term_string\"}}],\"inLanguage\":\"fr-FR\"},{\"@type\":\"Organization\",\"@id\":\"https:\/\/graphiste.com\/blog\/#organization\",\"name\":\"Graphiste.com\",\"url\":\"https:\/\/graphiste.com\/blog\/\",\"logo\":{\"@type\":\"ImageObject\",\"inLanguage\":\"fr-FR\",\"@id\":\"https:\/\/graphiste.com\/blog\/#\/schema\/logo\/image\/\",\"url\":\"https:\/\/graphiste.com\/blog\/wp-content\/uploads\/sites\/4\/2022\/07\/logo-blog-graphiste.svg\",\"contentUrl\":\"https:\/\/graphiste.com\/blog\/wp-content\/uploads\/sites\/4\/2022\/07\/logo-blog-graphiste.svg\",\"width\":1,\"height\":1,\"caption\":\"Graphiste.com\"},\"image\":{\"@id\":\"https:\/\/graphiste.com\/blog\/#\/schema\/logo\/image\/\"},\"sameAs\":[\"https:\/\/www.facebook.com\/graphistesfreelances\",\"https:\/\/x.com\/Graphistecom\",\"https:\/\/www.linkedin.com\/company\/graphiste-com\/\",\"https:\/\/fr.pinterest.com\/Graphiste_Com\",\"https:\/\/www.instagram.com\/graphiste_com\/\"]},{\"@type\":\"Person\",\"@id\":\"https:\/\/graphiste.com\/blog\/#\/schema\/person\/d27104bac6fb787ff6cd51a98a0915e4\",\"name\":\"Florian Fattier\",\"image\":{\"@type\":\"ImageObject\",\"inLanguage\":\"fr-FR\",\"@id\":\"https:\/\/graphiste.com\/blog\/#\/schema\/person\/image\/\",\"url\":\"https:\/\/secure.gravatar.com\/avatar\/34590ee0ce26a3d41c13159236d10152b5ef5b708de8b49ed504e1c5f07cd9e6?s=96&d=mm&r=g\",\"contentUrl\":\"https:\/\/secure.gravatar.com\/avatar\/34590ee0ce26a3d41c13159236d10152b5ef5b708de8b49ed504e1c5f07cd9e6?s=96&d=mm&r=g\",\"caption\":\"Florian Fattier\"},\"description\":\"Florian est photographe et vid\u00e9aste freelance. Les prises de vues, le montage vid\u00e9o et la retouche photo n'ont aucun secret pour lui !\",\"sameAs\":[\"https:\/\/www.linkedin.com\/in\/florian-fattier-14148b178\/\"],\"url\":\"https:\/\/graphiste.com\/blog\/author\/florian\/\"}]}<\/script>\n<!-- \/ Yoast SEO plugin. -->","yoast_head_json":{"title":"Cr\u00e9er un logo pour votre entreprise - Graphiste Blog","description":"Pour une entreprise qui veut arriver \u00e0 sortir du lot, le logo est un outil incontournable. Il permet d\u2019\u00eatre identifi\u00e9 et joue aussi un r\u00f4le dans la","robots":{"index":"index","follow":"follow","max-snippet":"max-snippet:-1","max-image-preview":"max-image-preview:large","max-video-preview":"max-video-preview:-1"},"canonical":"https:\/\/graphiste.com\/blog\/creer-un-logo-pour-votre-entreprise\/","og_locale":"fr_FR","og_type":"article","og_title":"Cr\u00e9er un logo pour votre entreprise - Graphiste Blog","og_description":"Pour une entreprise qui veut arriver \u00e0 sortir du lot, le logo est un outil incontournable. Il permet d\u2019\u00eatre identifi\u00e9 et joue aussi un r\u00f4le dans la","og_url":"https:\/\/graphiste.com\/blog\/creer-un-logo-pour-votre-entreprise\/","og_site_name":"Graphiste.com","article_publisher":"https:\/\/www.facebook.com\/graphistesfreelances","article_published_time":"2022-08-31T23:00:00+00:00","article_modified_time":"2026-01-09T15:32:14+00:00","og_image":[{"width":850,"height":423,"url":"https:\/\/graphiste.com\/blog\/wp-content\/uploads\/sites\/4\/2022\/07\/creer-logo-entreprise-1.jpg","type":"image\/jpeg"}],"author":"Florian Fattier","twitter_card":"summary_large_image","twitter_creator":"@Graphistecom","twitter_site":"@Graphistecom","twitter_misc":{"\u00c9crit par":"Florian Fattier","Dur\u00e9e de lecture estim\u00e9e":"9 minutes"},"schema":{"@context":"https:\/\/schema.org","@graph":[{"@type":"Article","@id":"https:\/\/graphiste.com\/blog\/creer-un-logo-pour-votre-entreprise\/#article","isPartOf":{"@id":"https:\/\/graphiste.com\/blog\/creer-un-logo-pour-votre-entreprise\/"},"author":{"name":"Florian Fattier","@id":"https:\/\/graphiste.com\/blog\/#\/schema\/person\/d27104bac6fb787ff6cd51a98a0915e4"},"headline":"Cr\u00e9er un logo pour votre entreprise","datePublished":"2022-08-31T23:00:00+00:00","dateModified":"2026-01-09T15:32:14+00:00","mainEntityOfPage":{"@id":"https:\/\/graphiste.com\/blog\/creer-un-logo-pour-votre-entreprise\/"},"wordCount":1664,"commentCount":0,"publisher":{"@id":"https:\/\/graphiste.com\/blog\/#organization"},"image":{"@id":"https:\/\/graphiste.com\/blog\/creer-un-logo-pour-votre-entreprise\/#primaryimage"},"thumbnailUrl":"https:\/\/graphiste.com\/blog\/wp-content\/uploads\/sites\/4\/2022\/07\/creer-logo-entreprise-1.jpg","keywords":["D\u00e9velopper son entreprise"],"articleSection":["Logo"],"inLanguage":"fr-FR","potentialAction":[{"@type":"CommentAction","name":"Comment","target":["https:\/\/graphiste.com\/blog\/creer-un-logo-pour-votre-entreprise\/#respond"]}]},{"@type":"WebPage","@id":"https:\/\/graphiste.com\/blog\/creer-un-logo-pour-votre-entreprise\/","url":"https:\/\/graphiste.com\/blog\/creer-un-logo-pour-votre-entreprise\/","name":"Cr\u00e9er un logo pour votre entreprise - Graphiste Blog","isPartOf":{"@id":"https:\/\/graphiste.com\/blog\/#website"},"primaryImageOfPage":{"@id":"https:\/\/graphiste.com\/blog\/creer-un-logo-pour-votre-entreprise\/#primaryimage"},"image":{"@id":"https:\/\/graphiste.com\/blog\/creer-un-logo-pour-votre-entreprise\/#primaryimage"},"thumbnailUrl":"https:\/\/graphiste.com\/blog\/wp-content\/uploads\/sites\/4\/2022\/07\/creer-logo-entreprise-1.jpg","datePublished":"2022-08-31T23:00:00+00:00","dateModified":"2026-01-09T15:32:14+00:00","description":"Pour une entreprise qui veut arriver \u00e0 sortir du lot, le logo est un outil incontournable. Il permet d\u2019\u00eatre identifi\u00e9 et joue aussi un r\u00f4le dans la","breadcrumb":{"@id":"https:\/\/graphiste.com\/blog\/creer-un-logo-pour-votre-entreprise\/#breadcrumb"},"inLanguage":"fr-FR","potentialAction":[{"@type":"ReadAction","target":["https:\/\/graphiste.com\/blog\/creer-un-logo-pour-votre-entreprise\/"]}]},{"@type":"ImageObject","inLanguage":"fr-FR","@id":"https:\/\/graphiste.com\/blog\/creer-un-logo-pour-votre-entreprise\/#primaryimage","url":"https:\/\/graphiste.com\/blog\/wp-content\/uploads\/sites\/4\/2022\/07\/creer-logo-entreprise-1.jpg","contentUrl":"https:\/\/graphiste.com\/blog\/wp-content\/uploads\/sites\/4\/2022\/07\/creer-logo-entreprise-1.jpg","width":850,"height":423,"caption":"Cr\u00e9er un logo pour entreprise"},{"@type":"BreadcrumbList","@id":"https:\/\/graphiste.com\/blog\/creer-un-logo-pour-votre-entreprise\/#breadcrumb","itemListElement":[{"@type":"ListItem","position":1,"name":"Blog","item":"https:\/\/graphiste.com\/blog\/"},{"@type":"ListItem","position":2,"name":"Branding","item":"https:\/\/graphiste.com\/blog\/branding\/"},{"@type":"ListItem","position":3,"name":"Logo","item":"https:\/\/graphiste.com\/blog\/branding\/logo\/"},{"@type":"ListItem","position":4,"name":"Cr\u00e9er un logo pour votre entreprise"}]},{"@type":"WebSite","@id":"https:\/\/graphiste.com\/blog\/#website","url":"https:\/\/graphiste.com\/blog\/","name":"Graphiste.com","description":"graphiste","publisher":{"@id":"https:\/\/graphiste.com\/blog\/#organization"},"potentialAction":[{"@type":"SearchAction","target":{"@type":"EntryPoint","urlTemplate":"https:\/\/graphiste.com\/blog\/?s={search_term_string}"},"query-input":{"@type":"PropertyValueSpecification","valueRequired":true,"valueName":"search_term_string"}}],"inLanguage":"fr-FR"},{"@type":"Organization","@id":"https:\/\/graphiste.com\/blog\/#organization","name":"Graphiste.com","url":"https:\/\/graphiste.com\/blog\/","logo":{"@type":"ImageObject","inLanguage":"fr-FR","@id":"https:\/\/graphiste.com\/blog\/#\/schema\/logo\/image\/","url":"https:\/\/graphiste.com\/blog\/wp-content\/uploads\/sites\/4\/2022\/07\/logo-blog-graphiste.svg","contentUrl":"https:\/\/graphiste.com\/blog\/wp-content\/uploads\/sites\/4\/2022\/07\/logo-blog-graphiste.svg","width":1,"height":1,"caption":"Graphiste.com"},"image":{"@id":"https:\/\/graphiste.com\/blog\/#\/schema\/logo\/image\/"},"sameAs":["https:\/\/www.facebook.com\/graphistesfreelances","https:\/\/x.com\/Graphistecom","https:\/\/www.linkedin.com\/company\/graphiste-com\/","https:\/\/fr.pinterest.com\/Graphiste_Com","https:\/\/www.instagram.com\/graphiste_com\/"]},{"@type":"Person","@id":"https:\/\/graphiste.com\/blog\/#\/schema\/person\/d27104bac6fb787ff6cd51a98a0915e4","name":"Florian Fattier","image":{"@type":"ImageObject","inLanguage":"fr-FR","@id":"https:\/\/graphiste.com\/blog\/#\/schema\/person\/image\/","url":"https:\/\/secure.gravatar.com\/avatar\/34590ee0ce26a3d41c13159236d10152b5ef5b708de8b49ed504e1c5f07cd9e6?s=96&d=mm&r=g","contentUrl":"https:\/\/secure.gravatar.com\/avatar\/34590ee0ce26a3d41c13159236d10152b5ef5b708de8b49ed504e1c5f07cd9e6?s=96&d=mm&r=g","caption":"Florian Fattier"},"description":"Florian est photographe et vid\u00e9aste freelance. Les prises de vues, le montage vid\u00e9o et la retouche photo n'ont aucun secret pour lui !","sameAs":["https:\/\/www.linkedin.com\/in\/florian-fattier-14148b178\/"],"url":"https:\/\/graphiste.com\/blog\/author\/florian\/"}]}},"_links":{"self":[{"href":"https:\/\/graphiste.com\/blog\/wp-json\/wp\/v2\/posts\/37674","targetHints":{"allow":["GET"]}}],"collection":[{"href":"https:\/\/graphiste.com\/blog\/wp-json\/wp\/v2\/posts"}],"about":[{"href":"https:\/\/graphiste.com\/blog\/wp-json\/wp\/v2\/types\/post"}],"author":[{"embeddable":true,"href":"https:\/\/graphiste.com\/blog\/wp-json\/wp\/v2\/users\/30"}],"replies":[{"embeddable":true,"href":"https:\/\/graphiste.com\/blog\/wp-json\/wp\/v2\/comments?post=37674"}],"version-history":[{"count":0,"href":"https:\/\/graphiste.com\/blog\/wp-json\/wp\/v2\/posts\/37674\/revisions"}],"wp:featuredmedia":[{"embeddable":true,"href":"https:\/\/graphiste.com\/blog\/wp-json\/wp\/v2\/media\/37675"}],"wp:attachment":[{"href":"https:\/\/graphiste.com\/blog\/wp-json\/wp\/v2\/media?parent=37674"}],"wp:term":[{"taxonomy":"category","embeddable":true,"href":"https:\/\/graphiste.com\/blog\/wp-json\/wp\/v2\/categories?post=37674"},{"taxonomy":"post_tag","embeddable":true,"href":"https:\/\/graphiste.com\/blog\/wp-json\/wp\/v2\/tags?post=37674"}],"curies":[{"name":"wp","href":"https:\/\/api.w.org\/{rel}","templated":true}]}}