{"id":3536,"date":"2017-03-30T10:40:42","date_gmt":"2017-03-30T08:40:42","guid":{"rendered":"https:\/\/graphiste.com\/blog\/?p=3536"},"modified":"2025-08-20T17:22:41","modified_gmt":"2025-08-20T15:22:41","slug":"droit-image-personne-batiment","status":"publish","type":"post","link":"https:\/\/graphiste.com\/blog\/droit-image-personne-batiment\/","title":{"rendered":"Droit \u00e0 l&#8217;image\u00a0: comment utiliser une image sans violer le droit d&#8217;auteur\u00a0?"},"content":{"rendered":"<p>Les images, vous en avez besoin. Pour votre site, vos documents imprim\u00e9s, vos r\u00e9seaux sociaux\u2026 Tous les jours (si vous \u00eates tr\u00e8s actif), vous \u00eates amen\u00e9 \u00e0 manipuler et \u00e0 utiliser de nouvelles photographies ou illustrations.<\/p>\n<p>Que vous vous contentiez de les reprendre telles quelles ou que vous les manipuliez (ne serait-ce que pour y ins\u00e9rer votre logo), ce n\u2019est pas une raison pour vous mettre <strong>hors la loi.<\/strong><\/p>\n<p>H\u00e9 oui\u00a0: une mauvaise interpr\u00e9tation d\u2019un droit d\u2019image, et vous risquez de vous retrouver avec une amende\u00a0! Il existe heureusement des pistes pour se pr\u00e9munir contre ce type de mauvaises surprises.<\/p>\n<p>&nbsp;<\/p>\n<h2>Commander une image directement \u00e0 un professionnel<\/h2>\n<p>Si vous passez commande d\u2019une photo ou d\u2019une illustration, vous savez deux choses\u00a0: <\/p>\n<ul>\n<li>elle est unique (vous ne devriez pas la retrouver chez un de vos concurrents<\/li>\n<li>vous avez le droit de l\u2019utiliser (presque) \u00e0 volont\u00e9.<\/li>\n<\/ul>\n<p>En effet, dans le contrat qui vous lie \u00e0 lui, un artiste vous c\u00e8de les droits d\u2019exploitation de son travail. Vous pourrez l\u2019utiliser sur le territoire national ou international, pour un certain nombre d\u2019exemplaires, pour un temps donn\u00e9\u2026<\/p>\n<p>On parle de licence de droits g\u00e9r\u00e9s, l\u2019image \u00e9tant c\u00e9d\u00e9e pour une utilisation pr\u00e9cise. Pensez \u00e0 la possible extension de votre entreprise\u00a0: il peut \u00eatre pr\u00e9f\u00e9rable pour vous de conserver les droits les plus \u00e9tendus possible.<\/p>\n<blockquote><p>\u00c0 lire aussi&nbsp;: <a href=\"https:\/\/graphiste.com\/blog\/guide-utiliser-images-legalite\">Le guide pour utiliser des images en toute l\u00e9galit\u00e9<\/a><\/p><\/blockquote>\n<p>&nbsp;<\/p>\n<h2>Obtenir les autorisations n\u00e9cessaires<\/h2>\n<p>Pensez \u00e9galement \u00e0 v\u00e9rifier que votre photographe ou votre graphiste a pris les autorisations suivantes\u00a0:<\/p>\n<ul>\n<li><strong>Pour une personne<\/strong>\u00a0: l\u2019autorisation \u00e9crite est imp\u00e9rative, sauf si cette personne a \u00e9t\u00e9 photographi\u00e9e dans un lieu public, lors d\u2019un \u00e9v\u00e9nement et que la photo traite ce dernier plus que la personne (les trois points sont indispensables, un seul ne suffit pas pour autoriser la prise de vue).<\/li>\n<li><strong>Pour un b\u00e2timent<\/strong>\u00a0: s\u2019il est public, il faut une autorisation des ayants droit sauf si le bien est tomb\u00e9 dans le domaine public (70 ans apr\u00e8s le d\u00e9c\u00e8s de son auteur). La prise de vue ext\u00e9rieure est possible sans autorisation pour un bien priv\u00e9 (un document \u00e9crit sera obligatoire pour toute image r\u00e9alis\u00e9e \u00e0 l\u2019int\u00e9rieur).<\/li>\n<\/ul>\n<p>&nbsp;<\/p>\n<h2>Les images trouv\u00e9es sur internet<\/h2>\n<p>L\u2019essor des recherches par images, comme des banques d\u2019images, peut laisser penser qu\u2019il est beaucoup plus facile et rapide de s\u00e9lectionner un clich\u00e9 sur internet pour illustrer ses propos.<\/p>\n<p><img decoding=\"async\" class=\"aligncenter size-full wp-image-2422\" src=\"https:\/\/graphiste.com\/blog\/wp-content\/uploads\/sites\/4\/2016\/10\/images-libre-exemple.jpg\" alt=\"\" width=\"850\" height=\"524\" \/><\/p>\n<p>C\u2019est pourtant dans cette facilit\u00e9 que le risque se cache\u00a0: respectez scrupuleusement les droits d\u2019attribution et d\u2019exploitation\u00a0!<\/p>\n<p>Pour plus de s\u00fbret\u00e9, les banques d\u2019images g\u00e8rent pour vous les droits des photographes qui leur c\u00e8dent leurs \u0153uvres. Il sera cependant parfois n\u00e9cessaire d\u2019apposer un copyright sur l\u2019image s\u00e9lectionn\u00e9e avant de la diffuser.<\/p>\n<p>Les images disponibles sous licence Creative Commons ne sont r\u00e9ellement exploitables que s\u2019il est indiqu\u00e9 \u00ab\u00a0libre de droit d&#8217;utilisation, de distribution ou de modification\u00a0\u00bb.<\/p>\n<p>Il faut cependant reconna\u00eetre que la qualit\u00e9 de ces images en ligne n\u2019est pas toujours assur\u00e9e, tant d\u2019un point de vue technique (niveau de d\u00e9finition) qu\u2019esth\u00e9tique.<\/p>\n<p>&nbsp;<\/p>\n<h2>Il n\u2019existe pas de photos libres de droits<\/h2>\n<p>Les mauvaises <a href=\"https:\/\/traduc.com\/pages\/traduction-document-institutionnel\">traductions en ligne<\/a> conduisent parfois \u00e0 des interpr\u00e9tations fallacieuses. Ce n\u2019est pas parce qu\u2019une photo est gratuite qu\u2019elle est libre de droits\u00a0!<\/p>\n<p>Contrairement \u00e0 ce que certains ont cru en lisant l\u2019expression anglo-saxonne <em>Royalties Free<\/em>\u00a0(<em>libre de redevances)<\/em>, un photographe conservera toujours son <a href=\"https:\/\/graphiste.com\/blog\/protection-creations-droit-auteur\" target=\"_blank\" rel=\"noopener noreferrer\">droit d\u2019auteur<\/a>, qu\u2019il soit r\u00e9mun\u00e9r\u00e9 ou non pour son travail\u00a0!<\/p>\n<p>D\u2019o\u00f9 l\u2019int\u00e9r\u00eat de mentionner le nom du photographe par un copyright (qui ne saurait se r\u00e9sumer par DR ni par Tous droits r\u00e9serv\u00e9s). Un nom qui reste bien trop souvent manquant des visuels disponibles sur internet\u2026<\/p>\n<p>&nbsp;<\/p>\n<p>La gestion des images reste donc un processus qui demande de l\u2019attention. M\u00eame si vous ne pensez pas avoir les moyens de faire appel \u00e0 un photographe, ne vous contentez pas du premier clich\u00e9 qui vous pla\u00eet\u00a0: prenez le temps de v\u00e9rifier que vous pouvez r\u00e9ellement l\u2019utiliser\u00a0!<\/p>\n","protected":false},"excerpt":{"rendered":"<p>Les images, vous en avez besoin. Pour votre site, vos documents imprim\u00e9s, vos r\u00e9seaux sociaux\u2026 Tous les jours (si vous \u00eates tr\u00e8s actif), vous \u00eates amen\u00e9 \u00e0 manipuler et \u00e0 utiliser de nouvelles photographies ou illustrations. Que vous vous contentiez de les reprendre telles quelles ou que vous les manipuliez (ne serait-ce que pour y [&hellip;]<\/p>\n","protected":false},"author":5,"featured_media":3537,"comment_status":"open","ping_status":"open","sticky":false,"template":"","format":"standard","meta":{"_acf_changed":false,"inline_featured_image":false,"footnotes":""},"categories":[14],"tags":[42],"class_list":["post-3536","post","type-post","status-publish","format-standard","has-post-thumbnail","hentry","category-photographie","tag-creer-marque"],"acf":[],"yoast_head":"<!-- This site is optimized with the Yoast SEO plugin v25.9 - https:\/\/yoast.com\/wordpress\/plugins\/seo\/ -->\n<title>Droit \u00e0 l&#039;image\u00a0: comment utiliser une image sans violer le droit d&#039;auteur\u00a0? - Graphiste Blog<\/title>\n<meta name=\"description\" content=\"Les images, vous en avez besoin. Pour votre site, vos documents imprim\u00e9s, vos r\u00e9seaux sociaux\u2026 Tous les jours (si vous \u00eates tr\u00e8s actif), vous \u00eates amen\u00e9 \u00e0\" \/>\n<meta name=\"robots\" content=\"index, follow, max-snippet:-1, max-image-preview:large, max-video-preview:-1\" \/>\n<link rel=\"canonical\" href=\"https:\/\/graphiste.com\/blog\/droit-image-personne-batiment\/\" \/>\n<meta property=\"og:locale\" content=\"fr_FR\" \/>\n<meta property=\"og:type\" content=\"article\" \/>\n<meta property=\"og:title\" content=\"Droit \u00e0 l&#039;image\u00a0: comment utiliser une image sans violer le droit d&#039;auteur\u00a0? - Graphiste Blog\" \/>\n<meta property=\"og:description\" content=\"Les images, vous en avez besoin. Pour votre site, vos documents imprim\u00e9s, vos r\u00e9seaux sociaux\u2026 Tous les jours (si vous \u00eates tr\u00e8s actif), vous \u00eates amen\u00e9 \u00e0\" \/>\n<meta property=\"og:url\" content=\"https:\/\/graphiste.com\/blog\/droit-image-personne-batiment\/\" \/>\n<meta property=\"og:site_name\" content=\"Graphiste.com\" \/>\n<meta property=\"article:publisher\" content=\"https:\/\/www.facebook.com\/graphistesfreelances\" \/>\n<meta property=\"article:published_time\" content=\"2017-03-30T08:40:42+00:00\" \/>\n<meta property=\"article:modified_time\" content=\"2025-08-20T15:22:41+00:00\" \/>\n<meta property=\"og:image\" content=\"https:\/\/graphiste.com\/blog\/wp-content\/uploads\/sites\/4\/2017\/03\/droit-image-1.jpg\" \/>\n\t<meta property=\"og:image:width\" content=\"850\" \/>\n\t<meta property=\"og:image:height\" content=\"423\" \/>\n\t<meta property=\"og:image:type\" content=\"image\/jpeg\" \/>\n<meta name=\"author\" content=\"Thomas Lazzaroni\" \/>\n<meta name=\"twitter:card\" content=\"summary_large_image\" \/>\n<meta name=\"twitter:creator\" content=\"@totolazza\" \/>\n<meta name=\"twitter:site\" content=\"@Graphistecom\" \/>\n<meta name=\"twitter:label1\" content=\"\u00c9crit par\" \/>\n\t<meta name=\"twitter:data1\" content=\"Thomas Lazzaroni\" \/>\n\t<meta name=\"twitter:label2\" content=\"Dur\u00e9e de lecture estim\u00e9e\" \/>\n\t<meta name=\"twitter:data2\" content=\"4 minutes\" \/>\n<script type=\"application\/ld+json\" class=\"yoast-schema-graph\">{\"@context\":\"https:\/\/schema.org\",\"@graph\":[{\"@type\":\"Article\",\"@id\":\"https:\/\/graphiste.com\/blog\/droit-image-personne-batiment\/#article\",\"isPartOf\":{\"@id\":\"https:\/\/graphiste.com\/blog\/droit-image-personne-batiment\/\"},\"author\":{\"name\":\"Thomas Lazzaroni\",\"@id\":\"https:\/\/graphiste.com\/blog\/#\/schema\/person\/cc3b0a678aeffcae19ecc599eaf679e5\"},\"headline\":\"Droit \u00e0 l&#8217;image\u00a0: comment utiliser une image sans violer le droit d&#8217;auteur\u00a0?\",\"datePublished\":\"2017-03-30T08:40:42+00:00\",\"dateModified\":\"2025-08-20T15:22:41+00:00\",\"mainEntityOfPage\":{\"@id\":\"https:\/\/graphiste.com\/blog\/droit-image-personne-batiment\/\"},\"wordCount\":729,\"commentCount\":0,\"publisher\":{\"@id\":\"https:\/\/graphiste.com\/blog\/#organization\"},\"image\":{\"@id\":\"https:\/\/graphiste.com\/blog\/droit-image-personne-batiment\/#primaryimage\"},\"thumbnailUrl\":\"https:\/\/graphiste.com\/blog\/wp-content\/uploads\/sites\/4\/2017\/03\/droit-image-1.jpg\",\"keywords\":[\"Cr\u00e9er votre marque\"],\"articleSection\":[\"Photographie\"],\"inLanguage\":\"fr-FR\",\"potentialAction\":[{\"@type\":\"CommentAction\",\"name\":\"Comment\",\"target\":[\"https:\/\/graphiste.com\/blog\/droit-image-personne-batiment\/#respond\"]}]},{\"@type\":\"WebPage\",\"@id\":\"https:\/\/graphiste.com\/blog\/droit-image-personne-batiment\/\",\"url\":\"https:\/\/graphiste.com\/blog\/droit-image-personne-batiment\/\",\"name\":\"Droit \u00e0 l'image\u00a0: comment utiliser une image sans violer le droit d'auteur\u00a0? - Graphiste Blog\",\"isPartOf\":{\"@id\":\"https:\/\/graphiste.com\/blog\/#website\"},\"primaryImageOfPage\":{\"@id\":\"https:\/\/graphiste.com\/blog\/droit-image-personne-batiment\/#primaryimage\"},\"image\":{\"@id\":\"https:\/\/graphiste.com\/blog\/droit-image-personne-batiment\/#primaryimage\"},\"thumbnailUrl\":\"https:\/\/graphiste.com\/blog\/wp-content\/uploads\/sites\/4\/2017\/03\/droit-image-1.jpg\",\"datePublished\":\"2017-03-30T08:40:42+00:00\",\"dateModified\":\"2025-08-20T15:22:41+00:00\",\"description\":\"Les images, vous en avez besoin. Pour votre site, vos documents imprim\u00e9s, vos r\u00e9seaux sociaux\u2026 Tous les jours (si vous \u00eates tr\u00e8s actif), vous \u00eates amen\u00e9 \u00e0\",\"breadcrumb\":{\"@id\":\"https:\/\/graphiste.com\/blog\/droit-image-personne-batiment\/#breadcrumb\"},\"inLanguage\":\"fr-FR\",\"potentialAction\":[{\"@type\":\"ReadAction\",\"target\":[\"https:\/\/graphiste.com\/blog\/droit-image-personne-batiment\/\"]}]},{\"@type\":\"ImageObject\",\"inLanguage\":\"fr-FR\",\"@id\":\"https:\/\/graphiste.com\/blog\/droit-image-personne-batiment\/#primaryimage\",\"url\":\"https:\/\/graphiste.com\/blog\/wp-content\/uploads\/sites\/4\/2017\/03\/droit-image-1.jpg\",\"contentUrl\":\"https:\/\/graphiste.com\/blog\/wp-content\/uploads\/sites\/4\/2017\/03\/droit-image-1.jpg\",\"width\":850,\"height\":423},{\"@type\":\"BreadcrumbList\",\"@id\":\"https:\/\/graphiste.com\/blog\/droit-image-personne-batiment\/#breadcrumb\",\"itemListElement\":[{\"@type\":\"ListItem\",\"position\":1,\"name\":\"Blog\",\"item\":\"https:\/\/graphiste.com\/blog\/\"},{\"@type\":\"ListItem\",\"position\":2,\"name\":\"Photographie\",\"item\":\"https:\/\/graphiste.com\/blog\/photographie\/\"},{\"@type\":\"ListItem\",\"position\":3,\"name\":\"Droit \u00e0 l&#8217;image\u00a0: comment utiliser une image sans violer le droit d&#8217;auteur\u00a0?\"}]},{\"@type\":\"WebSite\",\"@id\":\"https:\/\/graphiste.com\/blog\/#website\",\"url\":\"https:\/\/graphiste.com\/blog\/\",\"name\":\"Graphiste.com\",\"description\":\"graphiste\",\"publisher\":{\"@id\":\"https:\/\/graphiste.com\/blog\/#organization\"},\"potentialAction\":[{\"@type\":\"SearchAction\",\"target\":{\"@type\":\"EntryPoint\",\"urlTemplate\":\"https:\/\/graphiste.com\/blog\/?s={search_term_string}\"},\"query-input\":{\"@type\":\"PropertyValueSpecification\",\"valueRequired\":true,\"valueName\":\"search_term_string\"}}],\"inLanguage\":\"fr-FR\"},{\"@type\":\"Organization\",\"@id\":\"https:\/\/graphiste.com\/blog\/#organization\",\"name\":\"Graphiste.com\",\"url\":\"https:\/\/graphiste.com\/blog\/\",\"logo\":{\"@type\":\"ImageObject\",\"inLanguage\":\"fr-FR\",\"@id\":\"https:\/\/graphiste.com\/blog\/#\/schema\/logo\/image\/\",\"url\":\"https:\/\/graphiste.com\/blog\/wp-content\/uploads\/sites\/4\/2022\/07\/logo-blog-graphiste.svg\",\"contentUrl\":\"https:\/\/graphiste.com\/blog\/wp-content\/uploads\/sites\/4\/2022\/07\/logo-blog-graphiste.svg\",\"width\":1,\"height\":1,\"caption\":\"Graphiste.com\"},\"image\":{\"@id\":\"https:\/\/graphiste.com\/blog\/#\/schema\/logo\/image\/\"},\"sameAs\":[\"https:\/\/www.facebook.com\/graphistesfreelances\",\"https:\/\/x.com\/Graphistecom\",\"https:\/\/www.linkedin.com\/company\/graphiste-com\/\",\"https:\/\/fr.pinterest.com\/Graphiste_Com\",\"https:\/\/www.instagram.com\/graphiste_com\/\"]},{\"@type\":\"Person\",\"@id\":\"https:\/\/graphiste.com\/blog\/#\/schema\/person\/cc3b0a678aeffcae19ecc599eaf679e5\",\"name\":\"Thomas Lazzaroni\",\"image\":{\"@type\":\"ImageObject\",\"inLanguage\":\"fr-FR\",\"@id\":\"https:\/\/graphiste.com\/blog\/#\/schema\/person\/image\/\",\"url\":\"https:\/\/secure.gravatar.com\/avatar\/7306fb87b7017ab0955d07c2f2b771ac79e91965a2fca514df0c043f7c087fd2?s=96&d=mm&r=g\",\"contentUrl\":\"https:\/\/secure.gravatar.com\/avatar\/7306fb87b7017ab0955d07c2f2b771ac79e91965a2fca514df0c043f7c087fd2?s=96&d=mm&r=g\",\"caption\":\"Thomas Lazzaroni\"},\"description\":\"Depuis plus de 10 ans, je contribue \u00e0 faire rayonner nos sites en imaginant des strat\u00e9gies qui renforcent notre visibilit\u00e9 et notre position de r\u00e9f\u00e9rence.\",\"sameAs\":[\"https:\/\/totolazza.com\",\"https:\/\/www.linkedin.com\/in\/thomaslazzaroni\/\",\"https:\/\/x.com\/totolazza\"],\"url\":\"https:\/\/graphiste.com\/blog\/author\/thomas\/\"}]}<\/script>\n<!-- \/ Yoast SEO plugin. -->","yoast_head_json":{"title":"Droit \u00e0 l'image\u00a0: comment utiliser une image sans violer le droit d'auteur\u00a0? - Graphiste Blog","description":"Les images, vous en avez besoin. Pour votre site, vos documents imprim\u00e9s, vos r\u00e9seaux sociaux\u2026 Tous les jours (si vous \u00eates tr\u00e8s actif), vous \u00eates amen\u00e9 \u00e0","robots":{"index":"index","follow":"follow","max-snippet":"max-snippet:-1","max-image-preview":"max-image-preview:large","max-video-preview":"max-video-preview:-1"},"canonical":"https:\/\/graphiste.com\/blog\/droit-image-personne-batiment\/","og_locale":"fr_FR","og_type":"article","og_title":"Droit \u00e0 l'image\u00a0: comment utiliser une image sans violer le droit d'auteur\u00a0? - Graphiste Blog","og_description":"Les images, vous en avez besoin. Pour votre site, vos documents imprim\u00e9s, vos r\u00e9seaux sociaux\u2026 Tous les jours (si vous \u00eates tr\u00e8s actif), vous \u00eates amen\u00e9 \u00e0","og_url":"https:\/\/graphiste.com\/blog\/droit-image-personne-batiment\/","og_site_name":"Graphiste.com","article_publisher":"https:\/\/www.facebook.com\/graphistesfreelances","article_published_time":"2017-03-30T08:40:42+00:00","article_modified_time":"2025-08-20T15:22:41+00:00","og_image":[{"width":850,"height":423,"url":"https:\/\/graphiste.com\/blog\/wp-content\/uploads\/sites\/4\/2017\/03\/droit-image-1.jpg","type":"image\/jpeg"}],"author":"Thomas Lazzaroni","twitter_card":"summary_large_image","twitter_creator":"@totolazza","twitter_site":"@Graphistecom","twitter_misc":{"\u00c9crit par":"Thomas Lazzaroni","Dur\u00e9e de lecture estim\u00e9e":"4 minutes"},"schema":{"@context":"https:\/\/schema.org","@graph":[{"@type":"Article","@id":"https:\/\/graphiste.com\/blog\/droit-image-personne-batiment\/#article","isPartOf":{"@id":"https:\/\/graphiste.com\/blog\/droit-image-personne-batiment\/"},"author":{"name":"Thomas Lazzaroni","@id":"https:\/\/graphiste.com\/blog\/#\/schema\/person\/cc3b0a678aeffcae19ecc599eaf679e5"},"headline":"Droit \u00e0 l&#8217;image\u00a0: comment utiliser une image sans violer le droit d&#8217;auteur\u00a0?","datePublished":"2017-03-30T08:40:42+00:00","dateModified":"2025-08-20T15:22:41+00:00","mainEntityOfPage":{"@id":"https:\/\/graphiste.com\/blog\/droit-image-personne-batiment\/"},"wordCount":729,"commentCount":0,"publisher":{"@id":"https:\/\/graphiste.com\/blog\/#organization"},"image":{"@id":"https:\/\/graphiste.com\/blog\/droit-image-personne-batiment\/#primaryimage"},"thumbnailUrl":"https:\/\/graphiste.com\/blog\/wp-content\/uploads\/sites\/4\/2017\/03\/droit-image-1.jpg","keywords":["Cr\u00e9er votre marque"],"articleSection":["Photographie"],"inLanguage":"fr-FR","potentialAction":[{"@type":"CommentAction","name":"Comment","target":["https:\/\/graphiste.com\/blog\/droit-image-personne-batiment\/#respond"]}]},{"@type":"WebPage","@id":"https:\/\/graphiste.com\/blog\/droit-image-personne-batiment\/","url":"https:\/\/graphiste.com\/blog\/droit-image-personne-batiment\/","name":"Droit \u00e0 l'image\u00a0: comment utiliser une image sans violer le droit d'auteur\u00a0? - Graphiste Blog","isPartOf":{"@id":"https:\/\/graphiste.com\/blog\/#website"},"primaryImageOfPage":{"@id":"https:\/\/graphiste.com\/blog\/droit-image-personne-batiment\/#primaryimage"},"image":{"@id":"https:\/\/graphiste.com\/blog\/droit-image-personne-batiment\/#primaryimage"},"thumbnailUrl":"https:\/\/graphiste.com\/blog\/wp-content\/uploads\/sites\/4\/2017\/03\/droit-image-1.jpg","datePublished":"2017-03-30T08:40:42+00:00","dateModified":"2025-08-20T15:22:41+00:00","description":"Les images, vous en avez besoin. Pour votre site, vos documents imprim\u00e9s, vos r\u00e9seaux sociaux\u2026 Tous les jours (si vous \u00eates tr\u00e8s actif), vous \u00eates amen\u00e9 \u00e0","breadcrumb":{"@id":"https:\/\/graphiste.com\/blog\/droit-image-personne-batiment\/#breadcrumb"},"inLanguage":"fr-FR","potentialAction":[{"@type":"ReadAction","target":["https:\/\/graphiste.com\/blog\/droit-image-personne-batiment\/"]}]},{"@type":"ImageObject","inLanguage":"fr-FR","@id":"https:\/\/graphiste.com\/blog\/droit-image-personne-batiment\/#primaryimage","url":"https:\/\/graphiste.com\/blog\/wp-content\/uploads\/sites\/4\/2017\/03\/droit-image-1.jpg","contentUrl":"https:\/\/graphiste.com\/blog\/wp-content\/uploads\/sites\/4\/2017\/03\/droit-image-1.jpg","width":850,"height":423},{"@type":"BreadcrumbList","@id":"https:\/\/graphiste.com\/blog\/droit-image-personne-batiment\/#breadcrumb","itemListElement":[{"@type":"ListItem","position":1,"name":"Blog","item":"https:\/\/graphiste.com\/blog\/"},{"@type":"ListItem","position":2,"name":"Photographie","item":"https:\/\/graphiste.com\/blog\/photographie\/"},{"@type":"ListItem","position":3,"name":"Droit \u00e0 l&#8217;image\u00a0: comment utiliser une image sans violer le droit d&#8217;auteur\u00a0?"}]},{"@type":"WebSite","@id":"https:\/\/graphiste.com\/blog\/#website","url":"https:\/\/graphiste.com\/blog\/","name":"Graphiste.com","description":"graphiste","publisher":{"@id":"https:\/\/graphiste.com\/blog\/#organization"},"potentialAction":[{"@type":"SearchAction","target":{"@type":"EntryPoint","urlTemplate":"https:\/\/graphiste.com\/blog\/?s={search_term_string}"},"query-input":{"@type":"PropertyValueSpecification","valueRequired":true,"valueName":"search_term_string"}}],"inLanguage":"fr-FR"},{"@type":"Organization","@id":"https:\/\/graphiste.com\/blog\/#organization","name":"Graphiste.com","url":"https:\/\/graphiste.com\/blog\/","logo":{"@type":"ImageObject","inLanguage":"fr-FR","@id":"https:\/\/graphiste.com\/blog\/#\/schema\/logo\/image\/","url":"https:\/\/graphiste.com\/blog\/wp-content\/uploads\/sites\/4\/2022\/07\/logo-blog-graphiste.svg","contentUrl":"https:\/\/graphiste.com\/blog\/wp-content\/uploads\/sites\/4\/2022\/07\/logo-blog-graphiste.svg","width":1,"height":1,"caption":"Graphiste.com"},"image":{"@id":"https:\/\/graphiste.com\/blog\/#\/schema\/logo\/image\/"},"sameAs":["https:\/\/www.facebook.com\/graphistesfreelances","https:\/\/x.com\/Graphistecom","https:\/\/www.linkedin.com\/company\/graphiste-com\/","https:\/\/fr.pinterest.com\/Graphiste_Com","https:\/\/www.instagram.com\/graphiste_com\/"]},{"@type":"Person","@id":"https:\/\/graphiste.com\/blog\/#\/schema\/person\/cc3b0a678aeffcae19ecc599eaf679e5","name":"Thomas Lazzaroni","image":{"@type":"ImageObject","inLanguage":"fr-FR","@id":"https:\/\/graphiste.com\/blog\/#\/schema\/person\/image\/","url":"https:\/\/secure.gravatar.com\/avatar\/7306fb87b7017ab0955d07c2f2b771ac79e91965a2fca514df0c043f7c087fd2?s=96&d=mm&r=g","contentUrl":"https:\/\/secure.gravatar.com\/avatar\/7306fb87b7017ab0955d07c2f2b771ac79e91965a2fca514df0c043f7c087fd2?s=96&d=mm&r=g","caption":"Thomas Lazzaroni"},"description":"Depuis plus de 10 ans, je contribue \u00e0 faire rayonner nos sites en imaginant des strat\u00e9gies qui renforcent notre visibilit\u00e9 et notre position de r\u00e9f\u00e9rence.","sameAs":["https:\/\/totolazza.com","https:\/\/www.linkedin.com\/in\/thomaslazzaroni\/","https:\/\/x.com\/totolazza"],"url":"https:\/\/graphiste.com\/blog\/author\/thomas\/"}]}},"_links":{"self":[{"href":"https:\/\/graphiste.com\/blog\/wp-json\/wp\/v2\/posts\/3536","targetHints":{"allow":["GET"]}}],"collection":[{"href":"https:\/\/graphiste.com\/blog\/wp-json\/wp\/v2\/posts"}],"about":[{"href":"https:\/\/graphiste.com\/blog\/wp-json\/wp\/v2\/types\/post"}],"author":[{"embeddable":true,"href":"https:\/\/graphiste.com\/blog\/wp-json\/wp\/v2\/users\/5"}],"replies":[{"embeddable":true,"href":"https:\/\/graphiste.com\/blog\/wp-json\/wp\/v2\/comments?post=3536"}],"version-history":[{"count":0,"href":"https:\/\/graphiste.com\/blog\/wp-json\/wp\/v2\/posts\/3536\/revisions"}],"wp:featuredmedia":[{"embeddable":true,"href":"https:\/\/graphiste.com\/blog\/wp-json\/wp\/v2\/media\/3537"}],"wp:attachment":[{"href":"https:\/\/graphiste.com\/blog\/wp-json\/wp\/v2\/media?parent=3536"}],"wp:term":[{"taxonomy":"category","embeddable":true,"href":"https:\/\/graphiste.com\/blog\/wp-json\/wp\/v2\/categories?post=3536"},{"taxonomy":"post_tag","embeddable":true,"href":"https:\/\/graphiste.com\/blog\/wp-json\/wp\/v2\/tags?post=3536"}],"curies":[{"name":"wp","href":"https:\/\/api.w.org\/{rel}","templated":true}]}}