{"id":35102,"date":"2022-05-01T01:00:00","date_gmt":"2022-04-30T23:00:00","guid":{"rendered":"https:\/\/graphiste.com\/blog\/?p=35102"},"modified":"2022-11-03T11:09:36","modified_gmt":"2022-11-03T10:09:36","slug":"comment-utiliser-couleurs-primaires","status":"publish","type":"post","link":"https:\/\/graphiste.com\/blog\/comment-utiliser-couleurs-primaires\/","title":{"rendered":"Couleurs primaires&nbsp;: comment bien les conna\u00eetre et les utiliser"},"content":{"rendered":"<p>Savez-vous qu\u2019\u00e0 partir des seules couleurs primaires, il est possible d\u2019obtenir absolument tous les autres coloris\u00a0? Des couleurs que nous percevons en fonction des mati\u00e8res qui absorbent et refl\u00e8tent diff\u00e9remment les ondes lumineuses, et que notre cerveau vient ensuite interpr\u00e9ter.<\/p>\n<p>Voici comment bien conna\u00eetre et utiliser les <a href=\"https:\/\/graphiste.com\/blog\/trouver-combinaison-couleurs\">couleurs primaires<\/a>, \u00e9galement appel\u00e9es couleurs \u00e9l\u00e9mentaires.<\/p>\n<p>&nbsp;<\/p>\n<h2>Bien conna\u00eetre les couleurs primaires<\/h2>\n<p>Prenons d\u2019abord le temps de bien d\u00e9finir ce qu\u2019est une couleur primaire&nbsp;: il s\u2019agit d\u2019un coloris qui ne peut en aucun cas \u00eatre reproduit par le m\u00e9lange d\u2019autres couleurs.<\/p>\n<p>Voici donc la principale distinction qui existe entre les couleurs \u00e9l\u00e9mentaires et les couleurs secondaires et tertiaires, ces derni\u00e8res \u00e9tant justement obtenues gr\u00e2ce au m\u00e9lange des dites couleurs primaires.<\/p>\n<p>On consid\u00e8re souvent \u00e0 tort la couleur verte comme une couleur primaire, alors qu\u2019il s\u2019agit d\u2019une nuance qui r\u00e9sulte du m\u00e9lange d\u2019autres coloris (le jaune et le bleu pour \u00eatre pr\u00e9cis). Une confusion qui vient de l\u2019omnipr\u00e9sence du vert dans les cr\u00e9ations graphiques, mais aussi de la mod\u00e9lisation RVB qui utilise, non pas des mati\u00e8res picturales, mais des lumi\u00e8res color\u00e9es. Ainsi, il convient de distinguer les couleurs primaires r\u00e9v\u00e9l\u00e9es par les faisceaux lumineux, de celles utilis\u00e9es dans les m\u00e9langes de mati\u00e8res pigment\u00e9es.<\/p>\n<p>&nbsp;<\/p>\n<h3>Les couleurs primaires sur les supports num\u00e9riques<\/h3>\n<p>Selon le contexte, les couleurs \u00e9l\u00e9mentaires ne sont donc pas les m\u00eames. En effet, lorsqu\u2019on travaille \u00e0 partir d\u2019un support num\u00e9rique (comme un \u00e9cran, une t\u00e9l\u00e9vision ou un smartphone) les couleurs sont alors mod\u00e9lis\u00e9es en RVB\u00a0:<\/p>\n<div class=\"page\" title=\"Page 1\">\n<div class=\"layoutArea\">\n<div class=\"column\">\n<ul>\n<li>#FF0000 (Rouge)<\/li>\n<li>#008000 (Vert)<\/li>\n<li>#0000FF (Bleu)<\/li>\n<\/ul>\n<\/div>\n<\/div>\n<\/div>\n<div class=\"page\" title=\"Page 1\">\n<div class=\"layoutArea\">\n<div class=\"column\">\n<figure id=\"attachment_35116\" aria-describedby=\"caption-attachment-35116\" style=\"width: 700px\" class=\"wp-caption aligncenter\"><img decoding=\"async\" class=\"wp-image-35116 size-full\" src=\"https:\/\/graphiste.com\/blog\/wp-content\/uploads\/sites\/4\/2022\/01\/RVB.jpg\" alt=\"bien-connaitre-bien-utiliser-couleurs-primaires\" width=\"700\" height=\"229\" \/><figcaption id=\"caption-attachment-35116\" class=\"wp-caption-text\">RVB<\/figcaption><\/figure>\n<\/div>\n<\/div>\n<\/div>\n<p>Les supports num\u00e9riques utilisent ainsi un proc\u00e9d\u00e9 appel\u00e9 \u00ab\u00a0synth\u00e8se additive\u00a0\u00bb. En combinant simultan\u00e9ment les trois lumi\u00e8res color\u00e9es RVB, on obtient la lumi\u00e8re blanche. Leur absence permet au contraire d\u2019obtenir le noir. Par d\u00e9faut, on part donc du noir et on lui ajoute nos lumi\u00e8res teint\u00e9es afin d\u2019obtenir la nuance souhait\u00e9e.<\/p>\n<p>&nbsp;<\/p>\n<h3>Les couleurs primaires dans le secteur de la peinture et de l\u2019impression<\/h3>\n<p>Ici, ce sont les mati\u00e8res pigment\u00e9es opaques qui sont utilis\u00e9es en lieu et place des faisceaux lumineux. En effet, dans ces circonstances, le m\u00e9lange du rouge, du vert et du bleu va tr\u00e8s rapidement tendre vers des nuances de marron et de noir.<\/p>\n<p>On utilise donc une mod\u00e9lisation CMJ en lieu et place d\u2019une mod\u00e9lisation RVB. Celle-ci utilise alors les trois couleurs primaires suivantes\u00a0:<\/p>\n<div class=\"page\" title=\"Page 1\">\n<div class=\"layoutArea\">\n<div class=\"column\">\n<ul>\n<li>#00FFFF (bleu cyan)<\/li>\n<li>#FF00FF (rouge magenta)<\/li>\n<li>#FFFF00 (jaune).<\/li>\n<\/ul>\n<\/div>\n<\/div>\n<\/div>\n<div class=\"page\" title=\"Page 1\">\n<div class=\"layoutArea\">\n<div class=\"column\">\n<\/div>\n<\/div>\n<\/div>\n<figure id=\"attachment_35109\" aria-describedby=\"caption-attachment-35109\" style=\"width: 700px\" class=\"wp-caption aligncenter\"><img decoding=\"async\" class=\"size-full wp-image-35109\" src=\"https:\/\/graphiste.com\/blog\/wp-content\/uploads\/sites\/4\/2022\/01\/CMJ.jpg\" alt=\"bien-connaitre-bien-utiliser-couleurs-primaires\" width=\"700\" height=\"229\" \/><figcaption id=\"caption-attachment-35109\" class=\"wp-caption-text\">CMJ<\/figcaption><\/figure>\n<p>Dans le secteur de la peinture donc, du moment que vous poss\u00e9dez ces trois couleurs \u00e9l\u00e9mentaires sur votre palette, vous \u00eates en mesure de recr\u00e9er toutes les autres nuances possibles et imaginables sur vos toiles.<\/p>\n<p>Dans le cas pr\u00e9cis du print, on utilise davantage une mod\u00e9lisation CMJN, qui n\u00e9cessite donc quatre encres color\u00e9es diff\u00e9rentes et non trois. On retrouve donc quatre cartouches d\u2019encre diff\u00e9rentes\u00a0en bleu cyan, rouge magenta, jaune, et noir (#000000).<\/p>\n<figure id=\"attachment_35110\" aria-describedby=\"caption-attachment-35110\" style=\"width: 700px\" class=\"wp-caption aligncenter\"><img decoding=\"async\" class=\"size-full wp-image-35110\" src=\"https:\/\/graphiste.com\/blog\/wp-content\/uploads\/sites\/4\/2022\/01\/CMJN.jpg\" alt=\"bien-connaitre-bien-utiliser-couleurs-primaires\" width=\"700\" height=\"429\" \/><figcaption id=\"caption-attachment-35110\" class=\"wp-caption-text\">CMJN<\/figcaption><\/figure>\n<p>Le noir n\u2019est \u00e9videmment pas une couleur primaire, et il peut tout \u00e0 fait \u00eatre obtenu en m\u00e9langeant les trois coloris pr\u00e9c\u00e9dents. Toutefois, l\u2019op\u00e9ration est loin d\u2019\u00eatre \u00e9conomique, et l\u2019utilisation d\u2019une cartouche noire permet donc d\u2019\u00e9conomiser les pigments.<\/p>\n<p>&nbsp;<\/p>\n<h2>Utiliser les couleurs primaires pour obtenir d\u2019autres coloris<\/h2>\n<p>Nous l\u2019avons vu, les couleurs primaires permettent d\u2019obtenir n\u2019importe quelles nuances, appel\u00e9es couleurs secondaires et tertiaires.<\/p>\n<p>&nbsp;<\/p>\n<h3>Utiliser les teintes \u00e9l\u00e9mentaires pour obtenir les couleurs secondaires<\/h3>\n<p>Les couleurs secondaires sont au nombre de trois, et sont obtenues en m\u00e9langeant deux couleurs primaires \u00e0 parts \u00e9gales\u00a0:<\/p>\n<div class=\"page\" title=\"Page 1\">\n<div class=\"layoutArea\">\n<div class=\"column\">\n<ul>\n<li>#FF00FF (rouge magenta) + #FFFF00 (jaune) = #FFA500 (orange)<\/li>\n<li>#FFFF00 (jaune) + #00FFFF (bleu cyan) = #008000 (vert)<\/li>\n<li>#00FFFF (bleu cyan) + #FF00FF (rouge magenta) = #EE82EE (violet)<\/li>\n<\/ul>\n<\/div>\n<\/div>\n<\/div>\n<div class=\"page\" title=\"Page 1\">\n<div class=\"layoutArea\">\n<div class=\"column\">\n<p>&nbsp;<\/p>\n<\/div>\n<\/div>\n<\/div>\n<h3>Utiliser les couleurs primaires pour obtenir les couleurs tertiaires<\/h3>\n<p>Les couleurs tertiaires sont pour leur part au nombre de six, et sont obtenues en m\u00e9langeant une couleur secondaire \u00e0 une couleur primaire\u00a0:<\/p>\n<div class=\"page\" title=\"Page 1\">\n<div class=\"layoutArea\">\n<div class=\"column\">\n<ul>\n<li>#FF00FF (rouge magenta) + #FFA500 (orange) = rouge-orang\u00e9<\/li>\n<li>#FFFF00 (jaune) + #FFA500 (orange) = jaune-orang\u00e9<\/li>\n<li>#FFFF00 (jaune) + #008000 (vert) = vert clair<\/li>\n<li>#00FFFF (bleu cyan) + #008000 (vert) = turquoise<\/li>\n<li>#00FFFF (bleu cyan) + #EE82EE (violet) = indigo<\/li>\n<li>#EE82EE (violet) + #FF00FF (rouge magenta) = pourpre<\/li>\n<\/ul>\n<\/div>\n<\/div>\n<\/div>\n<div class=\"page\" title=\"Page 1\">\n<div class=\"layoutArea\">\n<div class=\"column\">\n<p>&nbsp;<\/p>\n<\/div>\n<\/div>\n<\/div>\n<h3>Les couleurs primaires et le cercle chromatique<\/h3>\n<p><a href=\"https:\/\/graphiste.com\/blog\/couleurs-tendances-2022\">L\u2019ensemble des couleurs<\/a> sont organis\u00e9es sur le cercle chromatique, repr\u00e9sentation sch\u00e9matique et ordonn\u00e9e qui se compose des trois couleurs primaires, des trois couleurs secondaires, et des six couleurs tertiaires.<\/p>\n<p>Le cercle est ensuite divis\u00e9 en deux, les couleurs chaudes d\u2019un c\u00f4t\u00e9, et les couleurs froides de l\u2019autre.<\/p>\n<figure id=\"attachment_35108\" aria-describedby=\"caption-attachment-35108\" style=\"width: 700px\" class=\"wp-caption aligncenter\"><img decoding=\"async\" class=\"size-full wp-image-35108\" src=\"https:\/\/graphiste.com\/blog\/wp-content\/uploads\/sites\/4\/2022\/01\/cercle-chromatique-itten.jpg\" alt=\"bien-connaitre-bien-utiliser-couleurs-primaires\" width=\"700\" height=\"510\" \/><figcaption id=\"caption-attachment-35108\" class=\"wp-caption-text\">Cercle chromatique selon Itten<\/figcaption><\/figure>\n<p>Ces douze teintes sont appel\u00e9es des couleurs pures ou franches. En effet, elles ne sont d\u00e9natur\u00e9es par aucun ajout de blanc, noir ou gris. Ce cercle se compose donc uniquement des versions les plus satur\u00e9es* de chacune des nuances existantes.<\/p>\n<p>*La saturation fait ici r\u00e9f\u00e9rence \u00e0 l\u2019intensit\u00e9 de coloration d\u2019une teinte. Ainsi, plus la luminosit\u00e9 est importante, plus la couleur en question est vive. \u00c0 l\u2019inverse, moins la luminosit\u00e9 est intense, et plus la couleur para\u00eet terne.<\/p>\n<p>Les couleurs neutres, qui sont au nombre de trois, ne sont donc pas repr\u00e9sent\u00e9es sur le cercle chromatique&nbsp;:<\/p>\n<div class=\"page\" title=\"Page 1\">\n<div class=\"layoutArea\">\n<div class=\"column\">\n<ul>\n<li>#000000 (noir)<\/li>\n<li>#FFFFFF (blanc)<\/li>\n<li>#808080 (gris)<\/li>\n<\/ul>\n<\/div>\n<\/div>\n<\/div>\n<div class=\"page\" title=\"Page 1\">\n<div class=\"layoutArea\">\n<div class=\"column\">\n<figure id=\"attachment_35113\" aria-describedby=\"caption-attachment-35113\" style=\"width: 700px\" class=\"wp-caption aligncenter\"><img decoding=\"async\" class=\"size-full wp-image-35113\" src=\"https:\/\/graphiste.com\/blog\/wp-content\/uploads\/sites\/4\/2022\/01\/Couleurs-neutres.jpg\" alt=\"bien-connaitre-bien-utiliser-couleurs-primaires\" width=\"700\" height=\"229\" \/><figcaption id=\"caption-attachment-35113\" class=\"wp-caption-text\">Couleurs neutres<\/figcaption><\/figure>\n<div class=\"page\" title=\"Page 2\">\n<div class=\"layoutArea\">\n<div class=\"column\">\n<blockquote>\n<p>Signalons ici que, d\u2019un point de vue scientifique, le blanc et le noir ne sont pas des couleurs. Il s\u2019agit davantage du t\u00e9moignage de la pr\u00e9sence (pour le blanc), ou de l\u2019absence (pour le noir), de lumi\u00e8re.<\/p>\n<ul>\n<li>Le blanc est ainsi obtenu en additionnant l\u2019ensemble des longueurs d\u2019onde de la lumi\u00e8re, c&#8217;est-\u00e0-dire en m\u00e9langeant toutes les lumi\u00e8res color\u00e9es.<\/li>\n<li>Le noir, r\u00e9sulte quant \u00e0 lui de l\u2019interpr\u00e9tation de notre cerveau face \u00e0 une absence totale de lumi\u00e8re. Ainsi, un objet nous appara\u00eet noir s\u2019il n\u2019\u00e9met pas, ou ne refl\u00e8te pas de lumi\u00e8re.<\/li>\n<li>Le gris s\u2019av\u00e8re \u00e9galement \u00eatre le r\u00e9sultat d\u2019une variation lumineuse. Il est toutefois souvent assimil\u00e9 \u00e0 une couleur, puisque hormis le gris neutre, il est g\u00e9n\u00e9ralement obtenu \u00e0 partir d\u2019une couleur d\u00e9satur\u00e9e.<\/li>\n<\/ul>\n<\/blockquote>\n<\/div>\n<\/div>\n<\/div>\n<\/div>\n<\/div>\n<\/div>\n<p>Par exemple, pour obtenir du marron, une nuance absente du cercle chromatique, il est n\u00e9cessaire d\u2019ajouter du noir \u00e0 la couleur orange en plus ou moins grande proportion&nbsp;:Ces teintes neutres peuvent \u00eatre m\u00e9lang\u00e9es aux couleurs primaires, secondaires et tertiaires afin d\u2019atteindre des nuances \u00e9claircies (ajout de blanc), assombries (ajout de noir) ou ternies (ajout de gris). Les variations sont infinies.<\/p>\n<ul>\n<li>#FF00FF (rouge magenta) + #FFFF00 (jaune) + #000000 (noir) = marron<\/li>\n<\/ul>\n<p>&nbsp;<\/p>\n<p>En graphisme, on utilise \u00e9galement tr\u00e8s couramment les couleurs neutres afin de cr\u00e9er des contrastes saisissants qui viennent souligner et mettre en exergue les autres teintes.<\/p>\n<p>&nbsp;<\/p>\n<h2>Construire une palette chromatique \u00e0 partir des couleurs primaires<\/h2>\n<p>Maintenant que vous \u00eates capables de cr\u00e9er toutes les nuances de couleurs \u00e0 partir des couleurs primaires, il est temps d\u2019apprendre \u00e0 concevoir une palette chromatique parfaitement harmonieuse. Cr\u00e9er une <a href=\"https:\/\/graphiste.com\/blog\/comment-utiliser-cercle-chromatique\">palette chromatique<\/a> n\u00e9cessite en effet une connaissance aigu\u00eb des principes th\u00e9oriques de base de la colorim\u00e9trie, tels que ceux \u00e9nonc\u00e9s pr\u00e9c\u00e9demment. En effet, l\u2019op\u00e9ration n\u2019a rien d\u2019anodine et peut rapidement tourner \u00e0 la faute de go\u00fbt. Pour l\u2019\u00e9viter, il existe quatre techniques efficaces qui se basent toutes sur l\u2019utilisation du cercle chromatique vu pr\u00e9c\u00e9demment.<\/p>\n<p>&nbsp;<\/p>\n<h3>Les couleurs primaires et leurs compl\u00e9mentaires<\/h3>\n<p>Les palettes chromatiques bas\u00e9es sur les couleurs compl\u00e9mentaires sont largement utilis\u00e9es par les graphistes qui choisissent ici des couleurs diam\u00e9tralement oppos\u00e9es sur le cercle chromatique. Ce type de palette en dyade mise alors sur deux coloris suffisamment contrast\u00e9s et qui se soutiennent mutuellement.<\/p>\n<p>Ainsi, pour les couleurs primaires\u00a0:<\/p>\n<ul>\n<li>la couleur compl\u00e9mentaire du bleu cyan est l\u2019orange.<\/li>\n<li>La couleur compl\u00e9mentaire du rouge magenta est le vert.<\/li>\n<li>La couleur compl\u00e9mentaire du jaune est le violet.<\/li>\n<\/ul>\n<figure id=\"attachment_35112\" aria-describedby=\"caption-attachment-35112\" style=\"width: 700px\" class=\"wp-caption aligncenter\"><img decoding=\"async\" class=\"size-full wp-image-35112\" src=\"https:\/\/graphiste.com\/blog\/wp-content\/uploads\/sites\/4\/2022\/01\/Couleurs-complementaires.jpg\" alt=\"bien-connaitre-bien-utiliser-couleurs-primaires\" width=\"700\" height=\"229\" \/><figcaption id=\"caption-attachment-35112\" class=\"wp-caption-text\">Couleurs compl\u00e9mentaires<\/figcaption><\/figure>\n<p>&nbsp;<\/p>\n<h3>Associer les trois couleurs primaires pour former une palette triadique<\/h3>\n<p>Une palette triadique se compose de trois couleurs \u00e9quilat\u00e9ralement espac\u00e9es sur le cercle chromatique. On obtient alors une palette tr\u00e8s tranch\u00e9e, audacieuse et dynamique. Les trois couleurs primaires forment ainsi naturellement une palette triadique.<\/p>\n<figure id=\"attachment_35114\" aria-describedby=\"caption-attachment-35114\" style=\"width: 700px\" class=\"wp-caption aligncenter\"><img decoding=\"async\" class=\"size-full wp-image-35114\" src=\"https:\/\/graphiste.com\/blog\/wp-content\/uploads\/sites\/4\/2022\/01\/Palette-triadique.jpg\" alt=\"bien-connaitre-bien-utiliser-couleurs-primaires\" width=\"700\" height=\"492\" \/><figcaption id=\"caption-attachment-35114\" class=\"wp-caption-text\">Palette triadique<\/figcaption><\/figure>\n<p>&nbsp;<\/p>\n<h3>Couleurs primaires et palette monochrome<\/h3>\n<p>Autre m\u00e9thode, on opte pour une couleur dominante \u00e0 laquelle on apporte des variations afin d\u2019obtenir un effet d\u00e9grad\u00e9.<\/p>\n<p>Exemple de palettes monochromes obtenues \u00e0 partir des teintes \u00e9l\u00e9mentaires\u00a0:<\/p>\n<figure id=\"attachment_35115\" aria-describedby=\"caption-attachment-35115\" style=\"width: 700px\" class=\"wp-caption aligncenter\"><img decoding=\"async\" class=\"size-full wp-image-35115\" src=\"https:\/\/graphiste.com\/blog\/wp-content\/uploads\/sites\/4\/2022\/01\/palettes-monochromes.jpg\" alt=\"bien-connaitre-bien-utiliser-couleurs-primaires\" width=\"700\" height=\"492\" \/><figcaption id=\"caption-attachment-35115\" class=\"wp-caption-text\">Palettes monochromes<\/figcaption><\/figure>\n<p>Les couleurs primaires et leurs couleurs analogues<\/p>\n<p>Les couleurs analogues sont celles qui se trouvent \u00e0 proximit\u00e9 les unes des autres sur la roue chromatique. En les associant, on obtient ais\u00e9ment une palette harmonieuse.<\/p>\n<p>Par exemple, les couleurs analogues au jaune sont le vert et l\u2019orange.<\/p>\n<figure id=\"attachment_35111\" aria-describedby=\"caption-attachment-35111\" style=\"width: 700px\" class=\"wp-caption aligncenter\"><img decoding=\"async\" class=\"size-full wp-image-35111\" src=\"https:\/\/graphiste.com\/blog\/wp-content\/uploads\/sites\/4\/2022\/01\/Couleurs-analogues.jpg\" alt=\"bien-connaitre-bien-utiliser-couleurs-primaires\" width=\"700\" height=\"476\" \/><figcaption id=\"caption-attachment-35111\" class=\"wp-caption-text\">Couleurs analogues<\/figcaption><\/figure>\n<p>&nbsp;<\/p>\n<h2>Conclusion<\/h2>\n<p>Les couleurs primaires forment la base immuable de toutes les pratiques artistiques et de tous les m\u00e9tiers du graphisme. C\u2019est en effet \u00e0 partir de ses coloris \u00e9l\u00e9mentaires que l\u2019on obtient toutes les autres nuances.<\/p>\n<p>En apprenant \u00e0 les manier, vous apprendrez donc aussi \u00e0 ma\u00eetriser toutes les autres couleurs, mais aussi \u00e0 cr\u00e9er des palettes chromatiques harmonieuses. Au-del\u00e0 de cet aspect \u00ab\u00a0esth\u00e9tique\u00a0\u00bb, penchez-vous \u00e9galement sur la signification des couleurs que vous utilisez. En effet, chacune d\u2019entre elles dispose d\u2019une identit\u00e9 qui lui est propre.<\/p>\n<p>Ainsi, l\u00e0 o\u00f9 le bleu cyan est \u00e9vocateur de r\u00eave, d\u2019\u00e9vasion, de paix et de fra\u00eecheur, le rouge magenta se rapporte \u00e0 la passion, au f\u00e9minin, \u00e0 la sensualit\u00e9 et \u00e0 la fougue, tandis que le jaune \u00e9voque la lumi\u00e8re, la richesse, la prosp\u00e9rit\u00e9, la joie et l\u2019\u00e9nergie.<\/p>\n<p>Vous souhaitez confier la cr\u00e9ation de la charte graphique de votre entreprise \u00e0 un professionnel exp\u00e9riment\u00e9&nbsp;? Faites appel \u00e0 un graphiste freelance <a href=\"https:\/\/graphiste.com\">Graphiste.com<\/a>. Sa ma\u00eetrise des couleurs primaires lui permettra de cr\u00e9er une charte parfaitement en ad\u00e9quation avec votre identit\u00e9 de marque.<\/p>\n","protected":false},"excerpt":{"rendered":"<p>Savez-vous qu\u2019\u00e0 partir des seules couleurs primaires, il est possible d\u2019obtenir absolument tous les autres coloris\u00a0? Des couleurs que nous percevons en fonction des mati\u00e8res qui absorbent et refl\u00e8tent diff\u00e9remment les ondes lumineuses, et que notre cerveau vient ensuite interpr\u00e9ter. Voici comment bien conna\u00eetre et utiliser les couleurs primaires, \u00e9galement appel\u00e9es couleurs \u00e9l\u00e9mentaires. &nbsp; Bien [&hellip;]<\/p>\n","protected":false},"author":54,"featured_media":35107,"comment_status":"open","ping_status":"open","sticky":false,"template":"","format":"standard","meta":{"_acf_changed":false,"inline_featured_image":false,"footnotes":""},"categories":[104],"tags":[69],"class_list":["post-35102","post","type-post","status-publish","format-standard","has-post-thumbnail","hentry","category-colorimetrie","tag-graphisme"],"acf":[],"yoast_head":"<!-- This site is optimized with the Yoast SEO plugin v25.9 - https:\/\/yoast.com\/wordpress\/plugins\/seo\/ -->\n<title>Couleurs primaires : comment bien les conna\u00eetre et les utiliser - Graphiste Blog<\/title>\n<meta name=\"description\" content=\"Savez-vous qu\u2019\u00e0 partir des seules couleurs primaires, il est possible d\u2019obtenir absolument tous les autres coloris\u00a0? Des couleurs que nous percevons en\" \/>\n<meta name=\"robots\" content=\"index, follow, max-snippet:-1, max-image-preview:large, max-video-preview:-1\" \/>\n<link rel=\"canonical\" href=\"https:\/\/graphiste.com\/blog\/comment-utiliser-couleurs-primaires\/\" \/>\n<meta property=\"og:locale\" content=\"fr_FR\" \/>\n<meta property=\"og:type\" content=\"article\" \/>\n<meta property=\"og:title\" content=\"Couleurs primaires : comment bien les conna\u00eetre et les utiliser - Graphiste Blog\" \/>\n<meta property=\"og:description\" content=\"Savez-vous qu\u2019\u00e0 partir des seules couleurs primaires, il est possible d\u2019obtenir absolument tous les autres coloris\u00a0? Des couleurs que nous percevons en\" \/>\n<meta property=\"og:url\" content=\"https:\/\/graphiste.com\/blog\/comment-utiliser-couleurs-primaires\/\" \/>\n<meta property=\"og:site_name\" content=\"Graphiste.com\" \/>\n<meta property=\"article:publisher\" content=\"https:\/\/www.facebook.com\/graphistesfreelances\" \/>\n<meta property=\"article:published_time\" content=\"2022-04-30T23:00:00+00:00\" \/>\n<meta property=\"article:modified_time\" content=\"2022-11-03T10:09:36+00:00\" \/>\n<meta property=\"og:image\" content=\"https:\/\/graphiste.com\/blog\/wp-content\/uploads\/sites\/4\/2022\/01\/bien-connaitre-bien-utiliser-couleurs-primaires-1.jpg\" \/>\n\t<meta property=\"og:image:width\" content=\"850\" \/>\n\t<meta property=\"og:image:height\" content=\"423\" \/>\n\t<meta property=\"og:image:type\" content=\"image\/jpeg\" \/>\n<meta name=\"author\" content=\"Solenne Ricard\" \/>\n<meta name=\"twitter:card\" content=\"summary_large_image\" \/>\n<meta name=\"twitter:creator\" content=\"@Graphistecom\" \/>\n<meta name=\"twitter:site\" content=\"@Graphistecom\" \/>\n<meta name=\"twitter:label1\" content=\"\u00c9crit par\" \/>\n\t<meta name=\"twitter:data1\" content=\"Solenne Ricard\" \/>\n\t<meta name=\"twitter:label2\" content=\"Dur\u00e9e de lecture estim\u00e9e\" \/>\n\t<meta name=\"twitter:data2\" content=\"9 minutes\" \/>\n<script type=\"application\/ld+json\" class=\"yoast-schema-graph\">{\"@context\":\"https:\/\/schema.org\",\"@graph\":[{\"@type\":\"Article\",\"@id\":\"https:\/\/graphiste.com\/blog\/comment-utiliser-couleurs-primaires\/#article\",\"isPartOf\":{\"@id\":\"https:\/\/graphiste.com\/blog\/comment-utiliser-couleurs-primaires\/\"},\"author\":{\"name\":\"Solenne Ricard\",\"@id\":\"https:\/\/graphiste.com\/blog\/#\/schema\/person\/d32851799b2f02a17a0e64f98fe5def4\"},\"headline\":\"Couleurs primaires&nbsp;: comment bien les conna\u00eetre et les utiliser\",\"datePublished\":\"2022-04-30T23:00:00+00:00\",\"dateModified\":\"2022-11-03T10:09:36+00:00\",\"mainEntityOfPage\":{\"@id\":\"https:\/\/graphiste.com\/blog\/comment-utiliser-couleurs-primaires\/\"},\"wordCount\":1777,\"commentCount\":0,\"publisher\":{\"@id\":\"https:\/\/graphiste.com\/blog\/#organization\"},\"image\":{\"@id\":\"https:\/\/graphiste.com\/blog\/comment-utiliser-couleurs-primaires\/#primaryimage\"},\"thumbnailUrl\":\"https:\/\/graphiste.com\/blog\/wp-content\/uploads\/sites\/4\/2022\/01\/bien-connaitre-bien-utiliser-couleurs-primaires-1.jpg\",\"keywords\":[\"Tout savoir sur le Graphisme\"],\"articleSection\":[\"Colorim\u00e9trie\"],\"inLanguage\":\"fr-FR\",\"potentialAction\":[{\"@type\":\"CommentAction\",\"name\":\"Comment\",\"target\":[\"https:\/\/graphiste.com\/blog\/comment-utiliser-couleurs-primaires\/#respond\"]}]},{\"@type\":\"WebPage\",\"@id\":\"https:\/\/graphiste.com\/blog\/comment-utiliser-couleurs-primaires\/\",\"url\":\"https:\/\/graphiste.com\/blog\/comment-utiliser-couleurs-primaires\/\",\"name\":\"Couleurs primaires : comment bien les conna\u00eetre et les utiliser - Graphiste Blog\",\"isPartOf\":{\"@id\":\"https:\/\/graphiste.com\/blog\/#website\"},\"primaryImageOfPage\":{\"@id\":\"https:\/\/graphiste.com\/blog\/comment-utiliser-couleurs-primaires\/#primaryimage\"},\"image\":{\"@id\":\"https:\/\/graphiste.com\/blog\/comment-utiliser-couleurs-primaires\/#primaryimage\"},\"thumbnailUrl\":\"https:\/\/graphiste.com\/blog\/wp-content\/uploads\/sites\/4\/2022\/01\/bien-connaitre-bien-utiliser-couleurs-primaires-1.jpg\",\"datePublished\":\"2022-04-30T23:00:00+00:00\",\"dateModified\":\"2022-11-03T10:09:36+00:00\",\"description\":\"Savez-vous qu\u2019\u00e0 partir des seules couleurs primaires, il est possible d\u2019obtenir absolument tous les autres coloris\u00a0? Des couleurs que nous percevons en\",\"breadcrumb\":{\"@id\":\"https:\/\/graphiste.com\/blog\/comment-utiliser-couleurs-primaires\/#breadcrumb\"},\"inLanguage\":\"fr-FR\",\"potentialAction\":[{\"@type\":\"ReadAction\",\"target\":[\"https:\/\/graphiste.com\/blog\/comment-utiliser-couleurs-primaires\/\"]}]},{\"@type\":\"ImageObject\",\"inLanguage\":\"fr-FR\",\"@id\":\"https:\/\/graphiste.com\/blog\/comment-utiliser-couleurs-primaires\/#primaryimage\",\"url\":\"https:\/\/graphiste.com\/blog\/wp-content\/uploads\/sites\/4\/2022\/01\/bien-connaitre-bien-utiliser-couleurs-primaires-1.jpg\",\"contentUrl\":\"https:\/\/graphiste.com\/blog\/wp-content\/uploads\/sites\/4\/2022\/01\/bien-connaitre-bien-utiliser-couleurs-primaires-1.jpg\",\"width\":850,\"height\":423,\"caption\":\"bien-connaitre-bien-utiliser-couleurs-primaires\"},{\"@type\":\"BreadcrumbList\",\"@id\":\"https:\/\/graphiste.com\/blog\/comment-utiliser-couleurs-primaires\/#breadcrumb\",\"itemListElement\":[{\"@type\":\"ListItem\",\"position\":1,\"name\":\"Blog\",\"item\":\"https:\/\/graphiste.com\/blog\/\"},{\"@type\":\"ListItem\",\"position\":2,\"name\":\"Branding\",\"item\":\"https:\/\/graphiste.com\/blog\/branding\/\"},{\"@type\":\"ListItem\",\"position\":3,\"name\":\"Colorim\u00e9trie\",\"item\":\"https:\/\/graphiste.com\/blog\/branding\/colorimetrie\/\"},{\"@type\":\"ListItem\",\"position\":4,\"name\":\"Couleurs primaires : comment bien les conna\u00eetre et les utiliser\"}]},{\"@type\":\"WebSite\",\"@id\":\"https:\/\/graphiste.com\/blog\/#website\",\"url\":\"https:\/\/graphiste.com\/blog\/\",\"name\":\"Graphiste.com\",\"description\":\"graphiste\",\"publisher\":{\"@id\":\"https:\/\/graphiste.com\/blog\/#organization\"},\"potentialAction\":[{\"@type\":\"SearchAction\",\"target\":{\"@type\":\"EntryPoint\",\"urlTemplate\":\"https:\/\/graphiste.com\/blog\/?s={search_term_string}\"},\"query-input\":{\"@type\":\"PropertyValueSpecification\",\"valueRequired\":true,\"valueName\":\"search_term_string\"}}],\"inLanguage\":\"fr-FR\"},{\"@type\":\"Organization\",\"@id\":\"https:\/\/graphiste.com\/blog\/#organization\",\"name\":\"Graphiste.com\",\"url\":\"https:\/\/graphiste.com\/blog\/\",\"logo\":{\"@type\":\"ImageObject\",\"inLanguage\":\"fr-FR\",\"@id\":\"https:\/\/graphiste.com\/blog\/#\/schema\/logo\/image\/\",\"url\":\"https:\/\/graphiste.com\/blog\/wp-content\/uploads\/sites\/4\/2022\/07\/logo-blog-graphiste.svg\",\"contentUrl\":\"https:\/\/graphiste.com\/blog\/wp-content\/uploads\/sites\/4\/2022\/07\/logo-blog-graphiste.svg\",\"width\":1,\"height\":1,\"caption\":\"Graphiste.com\"},\"image\":{\"@id\":\"https:\/\/graphiste.com\/blog\/#\/schema\/logo\/image\/\"},\"sameAs\":[\"https:\/\/www.facebook.com\/graphistesfreelances\",\"https:\/\/x.com\/Graphistecom\",\"https:\/\/www.linkedin.com\/company\/graphiste-com\/\",\"https:\/\/fr.pinterest.com\/Graphiste_Com\",\"https:\/\/www.instagram.com\/graphiste_com\/\"]},{\"@type\":\"Person\",\"@id\":\"https:\/\/graphiste.com\/blog\/#\/schema\/person\/d32851799b2f02a17a0e64f98fe5def4\",\"name\":\"Solenne Ricard\",\"image\":{\"@type\":\"ImageObject\",\"inLanguage\":\"fr-FR\",\"@id\":\"https:\/\/graphiste.com\/blog\/#\/schema\/person\/image\/\",\"url\":\"https:\/\/secure.gravatar.com\/avatar\/89317884380ee1cf794e2e807f66c0d7d6ccf7fe2779b34a087382d27c0f12ee?s=96&d=mm&r=g\",\"contentUrl\":\"https:\/\/secure.gravatar.com\/avatar\/89317884380ee1cf794e2e807f66c0d7d6ccf7fe2779b34a087382d27c0f12ee?s=96&d=mm&r=g\",\"caption\":\"Solenne Ricard\"},\"description\":\"Dipl\u00f4m\u00e9e d'une licence d'Histoire de l'Art, Solenne propose un point de vue expert sur le graphisme et les outils cr\u00e9atifs.\",\"sameAs\":[\"https:\/\/www.linkedin.com\/in\/solennericard\/\"],\"url\":\"https:\/\/graphiste.com\/blog\/author\/solenne-ricard\/\"}]}<\/script>\n<!-- \/ Yoast SEO plugin. -->","yoast_head_json":{"title":"Couleurs primaires : comment bien les conna\u00eetre et les utiliser - Graphiste Blog","description":"Savez-vous qu\u2019\u00e0 partir des seules couleurs primaires, il est possible d\u2019obtenir absolument tous les autres coloris\u00a0? Des couleurs que nous percevons en","robots":{"index":"index","follow":"follow","max-snippet":"max-snippet:-1","max-image-preview":"max-image-preview:large","max-video-preview":"max-video-preview:-1"},"canonical":"https:\/\/graphiste.com\/blog\/comment-utiliser-couleurs-primaires\/","og_locale":"fr_FR","og_type":"article","og_title":"Couleurs primaires : comment bien les conna\u00eetre et les utiliser - Graphiste Blog","og_description":"Savez-vous qu\u2019\u00e0 partir des seules couleurs primaires, il est possible d\u2019obtenir absolument tous les autres coloris\u00a0? Des couleurs que nous percevons en","og_url":"https:\/\/graphiste.com\/blog\/comment-utiliser-couleurs-primaires\/","og_site_name":"Graphiste.com","article_publisher":"https:\/\/www.facebook.com\/graphistesfreelances","article_published_time":"2022-04-30T23:00:00+00:00","article_modified_time":"2022-11-03T10:09:36+00:00","og_image":[{"width":850,"height":423,"url":"https:\/\/graphiste.com\/blog\/wp-content\/uploads\/sites\/4\/2022\/01\/bien-connaitre-bien-utiliser-couleurs-primaires-1.jpg","type":"image\/jpeg"}],"author":"Solenne Ricard","twitter_card":"summary_large_image","twitter_creator":"@Graphistecom","twitter_site":"@Graphistecom","twitter_misc":{"\u00c9crit par":"Solenne Ricard","Dur\u00e9e de lecture estim\u00e9e":"9 minutes"},"schema":{"@context":"https:\/\/schema.org","@graph":[{"@type":"Article","@id":"https:\/\/graphiste.com\/blog\/comment-utiliser-couleurs-primaires\/#article","isPartOf":{"@id":"https:\/\/graphiste.com\/blog\/comment-utiliser-couleurs-primaires\/"},"author":{"name":"Solenne Ricard","@id":"https:\/\/graphiste.com\/blog\/#\/schema\/person\/d32851799b2f02a17a0e64f98fe5def4"},"headline":"Couleurs primaires&nbsp;: comment bien les conna\u00eetre et les utiliser","datePublished":"2022-04-30T23:00:00+00:00","dateModified":"2022-11-03T10:09:36+00:00","mainEntityOfPage":{"@id":"https:\/\/graphiste.com\/blog\/comment-utiliser-couleurs-primaires\/"},"wordCount":1777,"commentCount":0,"publisher":{"@id":"https:\/\/graphiste.com\/blog\/#organization"},"image":{"@id":"https:\/\/graphiste.com\/blog\/comment-utiliser-couleurs-primaires\/#primaryimage"},"thumbnailUrl":"https:\/\/graphiste.com\/blog\/wp-content\/uploads\/sites\/4\/2022\/01\/bien-connaitre-bien-utiliser-couleurs-primaires-1.jpg","keywords":["Tout savoir sur le Graphisme"],"articleSection":["Colorim\u00e9trie"],"inLanguage":"fr-FR","potentialAction":[{"@type":"CommentAction","name":"Comment","target":["https:\/\/graphiste.com\/blog\/comment-utiliser-couleurs-primaires\/#respond"]}]},{"@type":"WebPage","@id":"https:\/\/graphiste.com\/blog\/comment-utiliser-couleurs-primaires\/","url":"https:\/\/graphiste.com\/blog\/comment-utiliser-couleurs-primaires\/","name":"Couleurs primaires : comment bien les conna\u00eetre et les utiliser - Graphiste Blog","isPartOf":{"@id":"https:\/\/graphiste.com\/blog\/#website"},"primaryImageOfPage":{"@id":"https:\/\/graphiste.com\/blog\/comment-utiliser-couleurs-primaires\/#primaryimage"},"image":{"@id":"https:\/\/graphiste.com\/blog\/comment-utiliser-couleurs-primaires\/#primaryimage"},"thumbnailUrl":"https:\/\/graphiste.com\/blog\/wp-content\/uploads\/sites\/4\/2022\/01\/bien-connaitre-bien-utiliser-couleurs-primaires-1.jpg","datePublished":"2022-04-30T23:00:00+00:00","dateModified":"2022-11-03T10:09:36+00:00","description":"Savez-vous qu\u2019\u00e0 partir des seules couleurs primaires, il est possible d\u2019obtenir absolument tous les autres coloris\u00a0? Des couleurs que nous percevons en","breadcrumb":{"@id":"https:\/\/graphiste.com\/blog\/comment-utiliser-couleurs-primaires\/#breadcrumb"},"inLanguage":"fr-FR","potentialAction":[{"@type":"ReadAction","target":["https:\/\/graphiste.com\/blog\/comment-utiliser-couleurs-primaires\/"]}]},{"@type":"ImageObject","inLanguage":"fr-FR","@id":"https:\/\/graphiste.com\/blog\/comment-utiliser-couleurs-primaires\/#primaryimage","url":"https:\/\/graphiste.com\/blog\/wp-content\/uploads\/sites\/4\/2022\/01\/bien-connaitre-bien-utiliser-couleurs-primaires-1.jpg","contentUrl":"https:\/\/graphiste.com\/blog\/wp-content\/uploads\/sites\/4\/2022\/01\/bien-connaitre-bien-utiliser-couleurs-primaires-1.jpg","width":850,"height":423,"caption":"bien-connaitre-bien-utiliser-couleurs-primaires"},{"@type":"BreadcrumbList","@id":"https:\/\/graphiste.com\/blog\/comment-utiliser-couleurs-primaires\/#breadcrumb","itemListElement":[{"@type":"ListItem","position":1,"name":"Blog","item":"https:\/\/graphiste.com\/blog\/"},{"@type":"ListItem","position":2,"name":"Branding","item":"https:\/\/graphiste.com\/blog\/branding\/"},{"@type":"ListItem","position":3,"name":"Colorim\u00e9trie","item":"https:\/\/graphiste.com\/blog\/branding\/colorimetrie\/"},{"@type":"ListItem","position":4,"name":"Couleurs primaires : comment bien les conna\u00eetre et les utiliser"}]},{"@type":"WebSite","@id":"https:\/\/graphiste.com\/blog\/#website","url":"https:\/\/graphiste.com\/blog\/","name":"Graphiste.com","description":"graphiste","publisher":{"@id":"https:\/\/graphiste.com\/blog\/#organization"},"potentialAction":[{"@type":"SearchAction","target":{"@type":"EntryPoint","urlTemplate":"https:\/\/graphiste.com\/blog\/?s={search_term_string}"},"query-input":{"@type":"PropertyValueSpecification","valueRequired":true,"valueName":"search_term_string"}}],"inLanguage":"fr-FR"},{"@type":"Organization","@id":"https:\/\/graphiste.com\/blog\/#organization","name":"Graphiste.com","url":"https:\/\/graphiste.com\/blog\/","logo":{"@type":"ImageObject","inLanguage":"fr-FR","@id":"https:\/\/graphiste.com\/blog\/#\/schema\/logo\/image\/","url":"https:\/\/graphiste.com\/blog\/wp-content\/uploads\/sites\/4\/2022\/07\/logo-blog-graphiste.svg","contentUrl":"https:\/\/graphiste.com\/blog\/wp-content\/uploads\/sites\/4\/2022\/07\/logo-blog-graphiste.svg","width":1,"height":1,"caption":"Graphiste.com"},"image":{"@id":"https:\/\/graphiste.com\/blog\/#\/schema\/logo\/image\/"},"sameAs":["https:\/\/www.facebook.com\/graphistesfreelances","https:\/\/x.com\/Graphistecom","https:\/\/www.linkedin.com\/company\/graphiste-com\/","https:\/\/fr.pinterest.com\/Graphiste_Com","https:\/\/www.instagram.com\/graphiste_com\/"]},{"@type":"Person","@id":"https:\/\/graphiste.com\/blog\/#\/schema\/person\/d32851799b2f02a17a0e64f98fe5def4","name":"Solenne Ricard","image":{"@type":"ImageObject","inLanguage":"fr-FR","@id":"https:\/\/graphiste.com\/blog\/#\/schema\/person\/image\/","url":"https:\/\/secure.gravatar.com\/avatar\/89317884380ee1cf794e2e807f66c0d7d6ccf7fe2779b34a087382d27c0f12ee?s=96&d=mm&r=g","contentUrl":"https:\/\/secure.gravatar.com\/avatar\/89317884380ee1cf794e2e807f66c0d7d6ccf7fe2779b34a087382d27c0f12ee?s=96&d=mm&r=g","caption":"Solenne Ricard"},"description":"Dipl\u00f4m\u00e9e d'une licence d'Histoire de l'Art, Solenne propose un point de vue expert sur le graphisme et les outils cr\u00e9atifs.","sameAs":["https:\/\/www.linkedin.com\/in\/solennericard\/"],"url":"https:\/\/graphiste.com\/blog\/author\/solenne-ricard\/"}]}},"_links":{"self":[{"href":"https:\/\/graphiste.com\/blog\/wp-json\/wp\/v2\/posts\/35102","targetHints":{"allow":["GET"]}}],"collection":[{"href":"https:\/\/graphiste.com\/blog\/wp-json\/wp\/v2\/posts"}],"about":[{"href":"https:\/\/graphiste.com\/blog\/wp-json\/wp\/v2\/types\/post"}],"author":[{"embeddable":true,"href":"https:\/\/graphiste.com\/blog\/wp-json\/wp\/v2\/users\/54"}],"replies":[{"embeddable":true,"href":"https:\/\/graphiste.com\/blog\/wp-json\/wp\/v2\/comments?post=35102"}],"version-history":[{"count":0,"href":"https:\/\/graphiste.com\/blog\/wp-json\/wp\/v2\/posts\/35102\/revisions"}],"wp:featuredmedia":[{"embeddable":true,"href":"https:\/\/graphiste.com\/blog\/wp-json\/wp\/v2\/media\/35107"}],"wp:attachment":[{"href":"https:\/\/graphiste.com\/blog\/wp-json\/wp\/v2\/media?parent=35102"}],"wp:term":[{"taxonomy":"category","embeddable":true,"href":"https:\/\/graphiste.com\/blog\/wp-json\/wp\/v2\/categories?post=35102"},{"taxonomy":"post_tag","embeddable":true,"href":"https:\/\/graphiste.com\/blog\/wp-json\/wp\/v2\/tags?post=35102"}],"curies":[{"name":"wp","href":"https:\/\/api.w.org\/{rel}","templated":true}]}}