{"id":31809,"date":"2025-11-10T09:00:00","date_gmt":"2025-11-10T08:00:00","guid":{"rendered":"https:\/\/graphiste.com\/blog\/?p=31809"},"modified":"2025-11-10T09:00:00","modified_gmt":"2025-11-10T08:00:00","slug":"calendrier-avent-digital","status":"publish","type":"post","link":"https:\/\/graphiste.com\/blog\/calendrier-avent-digital\/","title":{"rendered":"Cr\u00e9er votre calendrier de l&#8217;avent digital\u00a0: 9 astuces"},"content":{"rendered":"\n<p>Et si vous ajoutiez un peu de magie \u00e0 votre communication de fin d\u2019ann\u00e9e&nbsp;? Le <strong>calendrier de l\u2019avent digital<\/strong> est un excellent moyen d\u2019<a href=\"https:\/\/graphiste.com\/blog\/idees-creatives-communication-noel\/\">animer votre communaut\u00e9 avant No\u00ebl<\/a>, tout en valorisant votre marque.<\/p>\n\n\n\n<p>Chaque jour, vos abonn\u00e9s d\u00e9couvrent une surprise&nbsp;: astuce, promotion, cadeau ou contenu exclusif. Bien con\u00e7u, ce format ludique et interactif vous aide \u00e0 booster l\u2019engagement, augmenter votre visibilit\u00e9 et renforcer votre image de marque.<\/p>\n\n\n\n<p>Voici 9 astuces pour <strong>cr\u00e9er un calendrier de l\u2019avent digital<\/strong> attractif et efficace.<\/p>\n\n\n<div class=\"wp-block-image\">\n<figure class=\"aligncenter\"><img decoding=\"async\" width=\"700\" height=\"467\" src=\"https:\/\/graphiste.com\/blog\/wp-content\/uploads\/sites\/4\/2021\/10\/calendri-avent-digital-1.jpg\" alt=\"calendrier de l'avent digital\" class=\"wp-image-31811\" srcset=\"https:\/\/graphiste.com\/blog\/wp-content\/uploads\/sites\/4\/2021\/10\/calendri-avent-digital-1.jpg 700w, https:\/\/graphiste.com\/blog\/wp-content\/uploads\/sites\/4\/2021\/10\/calendri-avent-digital-1-300x200.jpg 300w, https:\/\/graphiste.com\/blog\/wp-content\/uploads\/sites\/4\/2021\/10\/calendri-avent-digital-1-60x40.jpg 60w, https:\/\/graphiste.com\/blog\/wp-content\/uploads\/sites\/4\/2021\/10\/calendri-avent-digital-1-370x247.jpg 370w, https:\/\/graphiste.com\/blog\/wp-content\/uploads\/sites\/4\/2021\/10\/calendri-avent-digital-1-270x180.jpg 270w, https:\/\/graphiste.com\/blog\/wp-content\/uploads\/sites\/4\/2021\/10\/calendri-avent-digital-1-570x380.jpg 570w\" sizes=\"(max-width: 700px) 100vw, 700px\" \/><\/figure><\/div>\n\n\n<h2 class=\"wp-block-heading\">1. Identifier un objectif<\/h2>\n\n\n\n<p>Si vous d\u00e9cidez de cr\u00e9er un calendrier de l\u2019avent digital, c\u2019est parce qu\u2019il pr\u00e9sente une utilit\u00e9 pour votre strat\u00e9gie de communication. Voici la liste des objectifs que vous pouvez atteindre en cr\u00e9ant un calendrier de l\u2019avent&nbsp;:<\/p>\n\n\n\n<ul class=\"wp-block-list\">\n<li>Am\u00e9liorer et augmenter la&nbsp;<a href=\"https:\/\/graphiste.com\/blog\/design-content-marketing\">notori\u00e9t\u00e9 de votre marque<\/a>\u2009;<\/li>\n\n\n\n<li>Augmenter le taux d\u2019engagement de votre public\u2009;<\/li>\n\n\n\n<li>Booster les ventes de&nbsp;<a href=\"https:\/\/graphiste.com\/blog\/packs-icones-gratuits-noel\">No\u00ebl<\/a>\u2009;<\/li>\n\n\n\n<li>D\u00e9velopper votre mailing list\u2009;<\/li>\n\n\n\n<li>Influencer positivement l\u2019image de votre marque\u2026<\/li>\n<\/ul>\n\n\n\n<p>D\u00e9finir votre objectif vous permettra de concevoir votre calendrier en fonction de ce dernier et d\u2019adapter vos contenus.<\/p>\n\n\n\n<h3 class=\"wp-block-heading\">2. D\u00e9finir le nombre de contenus \u00e0 cr\u00e9er<\/h3>\n\n\n\n<p>Avant de vous lancer dans la cr\u00e9ation, fixez un rythme r\u00e9aliste.<\/p>\n\n\n\n<p>Souhaitez-vous un calendrier complet de 24 portes, ou pr\u00e9f\u00e9rez-vous publier 4 \u00e0 5 surprises par semaine pour all\u00e9ger la charge de travail\u2009?<\/p>\n\n\n\n<p>L\u2019essentiel est d\u2019\u00eatre coh\u00e9rent et r\u00e9gulier dans vos publications. Si votre audience s\u2019attend \u00e0 une nouvelle porte chaque jour, respectez ce rythme. Dans le cas contraire, annoncez clairement votre fr\u00e9quence d\u00e8s le d\u00e9part pour maintenir l\u2019engagement.<\/p>\n\n\n\n<p>\ud83d\udca1 Astuce&nbsp;: un calendrier simplifi\u00e9 avec 7 \u00e0 12 portes, bien pens\u00e9es et riches en contenu, peut \u00eatre tout aussi efficace qu\u2019un format quotidien.<\/p>\n\n\n\n<p>Une fois le nombre de portes d\u00e9fini, vous saurez exactement combien de contenus cr\u00e9er et pourrez planifier leur production sereinement.<\/p>\n\n\n\n<h3 class=\"wp-block-heading\">3. Cr\u00e9er le design du calendrier de l\u2019avent<\/h3>\n\n\n\n<p>L\u2019apparence est essentielle\u2009! Le design doit refl\u00e9ter l\u2019esprit de No\u00ebl tout en restant fid\u00e8le \u00e0 votre identit\u00e9 visuelle.<\/p>\n\n\n\n<p>Privil\u00e9giez&nbsp;:<\/p>\n\n\n\n<ul class=\"wp-block-list\">\n<li>une palette de couleurs chaleureuse\u2009;<\/li>\n\n\n\n<li>des illustrations festives (sapin, guirlandes, neige\u2026)\u2009;<\/li>\n\n\n\n<li>votre logo, int\u00e9gr\u00e9 avec subtilit\u00e9.<\/li>\n<\/ul>\n\n\n\n<p>Faites appel \u00e0 un <a href=\"https:\/\/graphiste.com\/#open-fast\">graphiste freelance<\/a> pour cr\u00e9er un visuel original et impactant.<\/p>\n\n\n\n<h3 class=\"wp-block-heading\">4. Int\u00e9grer un formulaire pour g\u00e9n\u00e9rer des leads<\/h3>\n\n\n\n<p>Si votre objectif principal est d\u2019augmenter votre mailing list, l\u2019int\u00e9gration d\u2019un formulaire de lead est une \u00e9vidence. Cependant, ce formulaire ne doit pas bloquer l\u2019acc\u00e8s \u00e0 l\u2019ouverture des premi\u00e8res portes du calendrier&nbsp;: vous risqueriez de frustrer votre audience.<\/p>\n\n\n\n<p>Proposez-lui plut\u00f4t de remplir le formulaire au bout de quelques jours sans le lui imposer. Vous aurez plus de chances d\u2019obtenir des coordonn\u00e9es.<\/p>\n\n\n\n<p>Une remise exclusive ou un cadeau digital peut aussi inciter \u00e0 laisser une adresse mail.<\/p>\n\n\n\n<h3 class=\"wp-block-heading\">5. Mettre en avant vos produits dans le calendrier de l\u2019avent<\/h3>\n\n\n\n<p>Avez-vous r\u00e9fl\u00e9chi \u00e0 la meilleure fa\u00e7on d\u2019exploiter le calendrier pour mettre en avant votre offre ou vos produits\u2009? Et d\u2019ailleurs, est-il possible d\u2019int\u00e9grer vos annonces dans les contenus du calendrier de l\u2019avent\u2009?<\/p>\n\n\n\n<p>Le calendrier de l\u2019avent digital peut aussi devenir un <strong>outil de vente subtil<\/strong>.<\/p>\n\n\n\n<p>Mettez en avant vos produits via des encarts discrets ou des suggestions \u00e0 la fin de chaque contenu.<br>Si votre objectif n\u2019est pas commercial, gardez une approche plus inspirationnelle ou \u00e9ducative.<\/p>\n\n\n\n<h3 class=\"wp-block-heading\">6. Cr\u00e9er du contenu de valeur<\/h3>\n\n\n\n<p>Le contenu est le c\u0153ur de votre calendrier. Variez les formats pour garder l\u2019int\u00e9r\u00eat&nbsp;:<\/p>\n\n\n\n<ul class=\"wp-block-list\">\n<li>conseils pratiques, tutos, mini-guides\u2009;<\/li>\n\n\n\n<li>ebooks, templates ou ressources gratuites\u2009;<\/li>\n\n\n\n<li>vid\u00e9os, quiz ou jeux interactifs.<\/li>\n<\/ul>\n\n\n\n<p><strong>Astuces&nbsp;:<\/strong><\/p>\n\n\n\n<ul class=\"wp-block-list\">\n<li>Faites appel \u00e0 des partenaires pour diversifier les expertises.<\/li>\n\n\n\n<li>Recyclez vos contenus performants en les adaptant \u00e0 la p\u00e9riode de No\u00ebl.<\/li>\n<\/ul>\n\n\n\n<h3 class=\"wp-block-heading\">7. Organiser des concours<\/h3>\n\n\n<div class=\"wp-block-image\">\n<figure class=\"aligncenter\"><img decoding=\"async\" width=\"700\" height=\"583\" src=\"https:\/\/graphiste.com\/blog\/wp-content\/uploads\/sites\/4\/2021\/10\/calendrier-avent-carrefour-1.jpg\" alt=\"calendrier de l'avent\" class=\"wp-image-31812\" srcset=\"https:\/\/graphiste.com\/blog\/wp-content\/uploads\/sites\/4\/2021\/10\/calendrier-avent-carrefour-1.jpg 700w, https:\/\/graphiste.com\/blog\/wp-content\/uploads\/sites\/4\/2021\/10\/calendrier-avent-carrefour-1-300x250.jpg 300w, https:\/\/graphiste.com\/blog\/wp-content\/uploads\/sites\/4\/2021\/10\/calendrier-avent-carrefour-1-60x50.jpg 60w, https:\/\/graphiste.com\/blog\/wp-content\/uploads\/sites\/4\/2021\/10\/calendrier-avent-carrefour-1-370x308.jpg 370w, https:\/\/graphiste.com\/blog\/wp-content\/uploads\/sites\/4\/2021\/10\/calendrier-avent-carrefour-1-270x225.jpg 270w, https:\/\/graphiste.com\/blog\/wp-content\/uploads\/sites\/4\/2021\/10\/calendrier-avent-carrefour-1-570x475.jpg 570w\" sizes=\"(max-width: 700px) 100vw, 700px\" \/><\/figure><\/div>\n\n\n<p>Pour animer votre communaut\u00e9, vous pouvez inclure des concours dans votre calendrier de l\u2019avent digital. Choisissez le type de concours qui correspond \u00e0 votre objectif principal et \u00e0 votre public.<\/p>\n\n\n\n<p>Vous pouvez par exemple int\u00e9grer un concours hebdomadaire ou mensuel selon le nombre de portes cr\u00e9\u00e9es lors de la conception du calendrier. D\u00e9terminez ensuite le nombre de participants pouvant gagner pour chaque concours et, \u00e9videmment, les prix de r\u00e9compense.<\/p>\n\n\n\n<h3 class=\"wp-block-heading\">8. Choisir le bon support pour cr\u00e9er votre calendrier digital<\/h3>\n\n\n\n<p>Si vous souhaitez vous concentrer sur la cr\u00e9ation de contenu et ne pas perdre votre pr\u00e9cieux temps avec la conception graphique du calendrier de l\u2019avent, <a href=\"https:\/\/www.codeur.com\/fonctionnement-codeur?source=mag-text\" target=\"_blank\" rel=\"noopener noreferrer\">vous pouvez faire appel \u00e0 un designer ou d\u00e9veloppeur web<\/a>.<\/p>\n\n\n\n<p>Autrement, il existe des solutions d\u00e9di\u00e9es et simples \u00e0 prendre en main pour cr\u00e9er rapidement votre calendrier de l\u2019avent digital&nbsp;:<\/p>\n\n\n\n<ul class=\"wp-block-list\">\n<li>Si vous avez un site WordPress, choisissez un&nbsp;<strong>plug-in<\/strong>&nbsp;pour concevoir simplement votre calendrier&nbsp;: WP Advent, Xmas Advent Calendar&#8230;<\/li>\n\n\n\n<li>Vous pouvez trouver des solutions d\u00e9di\u00e9es sur des&nbsp;<strong>plateformes marketing<\/strong>.<\/li>\n\n\n\n<li>Il est \u00e9galement possible de cr\u00e9er&nbsp;votre calendrier sous forme de&nbsp;<strong>posts<\/strong>&nbsp;partag\u00e9s chaque jour sur vos r\u00e9seaux sociaux. Il suffit de cr\u00e9er un post de m\u00eame format avec un visuel facilement identifiable, puis de partager vos surprises, promotions, concours et autres contenus chaque jour.<\/li>\n\n\n\n<li>Des&nbsp;<strong>outils sociaux<\/strong>&nbsp;comme Kontest et Socialshaker permettent de cr\u00e9er des calendriers de l\u2019avent que vous pouvez int\u00e9grer sur votre page Facebook. En revanche, ils sont surtout ax\u00e9s sur les promotions.<\/li>\n\n\n\n<li>Choisir l\u2019<strong>email<\/strong>&nbsp;comme support pour votre calendrier est aussi une id\u00e9e \u00e0 prendre en compte. Cependant, un email par jour risque de provoquer des d\u00e9sabonnements en cascade. Si vous choisissez ce support, un ou deux emails par semaine sont suffisants.<\/li>\n<\/ul>\n\n\n\n<p>Choisissez le support qui convient le mieux \u00e0 vos besoins, \u00e0 votre organisation et \u00e0 votre domaine de comp\u00e9tence pour cr\u00e9er votre calendrier de l\u2019avent.<\/p>\n\n\n\n<h3 class=\"wp-block-heading\">9. Promouvoir votre calendrier de l\u2019avent digital<\/h3>\n\n\n\n<p>\u00c0 pr\u00e9sent que votre calendrier de l\u2019avent est op\u00e9rationnel, c\u2019est le moment d\u2019en faire la promotion et de le diffuser aupr\u00e8s d\u2019un maximum de personnes\u2009!<\/p>\n\n\n\n<p>Un calendrier, m\u00eame parfait, doit \u00eatre vu\u2009! Lancez la promotion d\u00e8s la fin novembre via&nbsp;:<\/p>\n\n\n\n<ul class=\"wp-block-list\">\n<li>vos r\u00e9seaux sociaux<\/li>\n\n\n\n<li>votre newsletter<\/li>\n\n\n\n<li>votre site web ou blog<\/li>\n\n\n\n<li>des partenariats avec d\u2019autres marques ou cr\u00e9ateurs.<\/li>\n<\/ul>\n\n\n\n<p>Pendant d\u00e9cembre, relancez r\u00e9guli\u00e8rement votre communaut\u00e9 et partagez par exemple les gagnants des concours pour maintenir l\u2019enthousiasme.<\/p>\n\n\n\n<h2 class=\"wp-block-heading\">10. Analyser les performances de votre calendrier de l&#8217;avent digital<\/h2>\n\n\n\n<p>Une fois votre calendrier de l\u2019avent digital termin\u00e9, prenez le temps d\u2019en \u00e9valuer les retomb\u00e9es. Cette \u00e9tape est essentielle pour mesurer l\u2019efficacit\u00e9 de votre campagne et pr\u00e9parer la prochaine \u00e9dition.<\/p>\n\n\n\n<p>Suivez des indicateurs cl\u00e9s comme&nbsp;:<\/p>\n\n\n\n<ul class=\"wp-block-list\">\n<li>le taux d\u2019ouverture et le taux de clics (si le calendrier est diffus\u00e9 par email)\u2009;<\/li>\n\n\n\n<li>le taux d\u2019engagement sur vos r\u00e9seaux sociaux\u2009;<\/li>\n\n\n\n<li>le nombre de leads collect\u00e9s\u2009;<\/li>\n\n\n\n<li>le trafic g\u00e9n\u00e9r\u00e9 sur votre site\u2009;<\/li>\n\n\n\n<li>les ventes r\u00e9alis\u00e9es gr\u00e2ce \u00e0 vos offres.<\/li>\n<\/ul>\n\n\n\n<p>Identifiez les contenus ou formats qui ont le mieux fonctionn\u00e9 (quiz, concours, conseils, vid\u00e9os\u2026) pour les r\u00e9utiliser ou les adapter dans vos futures actions marketing.<\/p>\n\n\n\n<p>Analyser les performances, c\u2019est transformer une belle op\u00e9ration de communication en v\u00e9ritable levier de croissance pour votre marque.<\/p>\n\n\n\n<h2 class=\"wp-block-heading\">Qu\u2019est-ce qu\u2019un calendrier de l\u2019avent digital\u2009?<\/h2>\n\n\n\n<p>Un <strong>calendrier de l\u2019avent digital<\/strong> propose des contenus interactifs \u00e0 d\u00e9bloquer chaque jour pour les visiteurs de votre site web entre le 1er&nbsp;d\u00e9cembre et le jour de No\u00ebl. Votre public peut alors acc\u00e9der \u00e0 un nouveau jeu, un bonus, un cadeau ou une promotion chaque jour pour patienter jusqu\u2019\u00e0 No\u00ebl\u2009!<\/p>\n\n\n\n<p>C\u2019est une formidable opportunit\u00e9 pour <a href=\"https:\/\/graphiste.com\/blog\/donner-images-professionnelle-marque\">renforcer votre image de marque<\/a> et cr\u00e9er un lien fort avec votre cible.<\/p>\n\n\n\n<p>Vous connaissez d\u00e9j\u00e0 le calendrier de l\u2019avent physique qui permet aux enfants d\u2019attendre No\u00ebl. Le calendrier digital fonctionne de la m\u00eame fa\u00e7on sauf qu\u2019il propose des contenus de valeur interactifs.<\/p>\n\n\n\n<p>Selon votre objectif, il permet d\u2019animer une communaut\u00e9, de r\u00e9colter des emails ou de convertir des prospects en acheteur surtout \u00e0 la veille de No\u00ebl\u2009!<\/p>\n\n\n\n<h2 class=\"wp-block-heading\">Pourquoi cr\u00e9er un calendrier de l\u2019avent digital\u2009?<\/h2>\n\n\n\n<p>Ce concept permet avant tout d\u2019engager et de fid\u00e9liser votre client\u00e8le. Vous n\u2019\u00eates cependant pas oblig\u00e9 de proposer des promotions dans votre calendrier de l\u2019avent. Un contenu ludique ou de valeur peut suffire \u00e0 captiver votre audience comme un concours ou un article de blog.<\/p>\n\n\n\n<p>Cr\u00e9er un calendrier de l\u2019avent digital vous permet aussi d\u2019\u00eatre cr\u00e9atif. Ce concept est d\u2019ailleurs pris\u00e9 et utilis\u00e9 par des artistes&nbsp;: c\u2019est un excellent moyen de montrer l\u2019\u00e9tendue de leur talent et de leurs comp\u00e9tences.<\/p>\n\n\n\n<p>Voici 4&nbsp;bonnes raisons de concevoir votre calendrier de l\u2019avent digital&nbsp;:<\/p>\n\n\n\n<ul class=\"wp-block-list\">\n<li>Cr\u00e9er de l\u2019attente et du plaisir chaque jour pour plaire \u00e0 vos prospects\u2009;<\/li>\n\n\n\n<li>Un calendrier de l\u2019avent peut devenir viral, car le public n\u2019h\u00e9sitera pas \u00e0 le partager \u00e0 la famille et aux amis\u2009;<\/li>\n\n\n\n<li>C\u2019est un excellent moyen d\u2019obtenir plus de followers sur vos r\u00e9seaux sociaux\u2009;<\/li>\n\n\n\n<li>Le concept du calendrier de l\u2019avent est li\u00e9 \u00e0 des souvenirs positifs de l\u2019enfance.<\/li>\n<\/ul>\n\n\n\n<h2 class=\"wp-block-heading\">Faites de votre calendrier de l\u2019avent digital un levier puissant pour votre marque<\/h2>\n\n\n\n<p>Le calendrier de l\u2019avent digital est un levier marketing original et cr\u00e9atif pour marquer les esprits avant No\u00ebl.<\/p>\n\n\n\n<p>Soignez son design, variez les contenus et adaptez le rythme \u00e0 votre capacit\u00e9 de production. Et si vous souhaitez un rendu professionnel, <a href=\"https:\/\/graphiste.com\/#open-fast\">faites appel \u00e0 un graphiste ou un webdesigner freelance<\/a> pour concevoir un calendrier \u00e0 votre image.<\/p>\n\n\n\n<p>Faites briller votre marque avant No\u00ebl avec une exp\u00e9rience digitale unique et festive\u2009!<\/p>\n","protected":false},"excerpt":{"rendered":"<p>Et si vous ajoutiez un peu de magie \u00e0 votre communication de fin d\u2019ann\u00e9e&nbsp;? Le calendrier de l\u2019avent digital est un excellent moyen d\u2019animer votre communaut\u00e9 avant No\u00ebl, tout en valorisant votre marque. Chaque jour, vos abonn\u00e9s d\u00e9couvrent une surprise&nbsp;: astuce, promotion, cadeau ou contenu exclusif. Bien con\u00e7u, ce format ludique et interactif vous aide [&hellip;]<\/p>\n","protected":false},"author":1,"featured_media":58107,"comment_status":"open","ping_status":"open","sticky":false,"template":"","format":"standard","meta":{"_acf_changed":false,"inline_featured_image":false,"footnotes":""},"categories":[27],"tags":[40],"class_list":["post-31809","post","type-post","status-publish","format-standard","has-post-thumbnail","hentry","category-webdesign","tag-booster-agence"],"acf":[],"yoast_head":"<!-- This site is optimized with the Yoast SEO plugin v25.9 - https:\/\/yoast.com\/wordpress\/plugins\/seo\/ -->\n<title>Cr\u00e9er votre calendrier de l&#039;avent digital\u00a0: 9 astuces - Graphiste Blog<\/title>\n<meta name=\"description\" content=\"Et si vous ajoutiez un peu de magie \u00e0 votre communication de fin d\u2019ann\u00e9e ? Le calendrier de l\u2019avent digital est un excellent moyen d\u2019animer votre\" \/>\n<meta name=\"robots\" content=\"index, follow, max-snippet:-1, max-image-preview:large, max-video-preview:-1\" \/>\n<link rel=\"canonical\" href=\"https:\/\/graphiste.com\/blog\/calendrier-avent-digital\/\" \/>\n<meta property=\"og:locale\" content=\"fr_FR\" \/>\n<meta property=\"og:type\" content=\"article\" \/>\n<meta property=\"og:title\" content=\"Cr\u00e9er votre calendrier de l&#039;avent digital\u00a0: 9 astuces - Graphiste Blog\" \/>\n<meta property=\"og:description\" content=\"Et si vous ajoutiez un peu de magie \u00e0 votre communication de fin d\u2019ann\u00e9e ? Le calendrier de l\u2019avent digital est un excellent moyen d\u2019animer votre\" \/>\n<meta property=\"og:url\" content=\"https:\/\/graphiste.com\/blog\/calendrier-avent-digital\/\" \/>\n<meta property=\"og:site_name\" content=\"Graphiste.com\" \/>\n<meta property=\"article:publisher\" content=\"https:\/\/www.facebook.com\/graphistesfreelances\" \/>\n<meta property=\"article:published_time\" content=\"2025-11-10T08:00:00+00:00\" \/>\n<meta property=\"og:image\" content=\"https:\/\/graphiste.com\/blog\/wp-content\/uploads\/sites\/4\/2023\/11\/calendrier-avent-digital.png\" \/>\n\t<meta property=\"og:image:width\" content=\"1200\" \/>\n\t<meta property=\"og:image:height\" content=\"675\" \/>\n\t<meta property=\"og:image:type\" content=\"image\/png\" \/>\n<meta name=\"author\" content=\"Laura Michaud\" \/>\n<meta name=\"twitter:card\" content=\"summary_large_image\" \/>\n<meta name=\"twitter:creator\" content=\"@Graphistecom\" \/>\n<meta name=\"twitter:site\" content=\"@Graphistecom\" \/>\n<meta name=\"twitter:label1\" content=\"\u00c9crit par\" \/>\n\t<meta name=\"twitter:data1\" content=\"Laura Michaud\" \/>\n\t<meta name=\"twitter:label2\" content=\"Dur\u00e9e de lecture estim\u00e9e\" \/>\n\t<meta name=\"twitter:data2\" content=\"9 minutes\" \/>\n<script type=\"application\/ld+json\" class=\"yoast-schema-graph\">{\"@context\":\"https:\/\/schema.org\",\"@graph\":[{\"@type\":\"Article\",\"@id\":\"https:\/\/graphiste.com\/blog\/calendrier-avent-digital\/#article\",\"isPartOf\":{\"@id\":\"https:\/\/graphiste.com\/blog\/calendrier-avent-digital\/\"},\"author\":{\"name\":\"Laura Michaud\",\"@id\":\"https:\/\/graphiste.com\/blog\/#\/schema\/person\/33c0ef04707fbe50a096f282050bb5f2\"},\"headline\":\"Cr\u00e9er votre calendrier de l&#8217;avent digital\u00a0: 9 astuces\",\"datePublished\":\"2025-11-10T08:00:00+00:00\",\"mainEntityOfPage\":{\"@id\":\"https:\/\/graphiste.com\/blog\/calendrier-avent-digital\/\"},\"wordCount\":1647,\"commentCount\":0,\"publisher\":{\"@id\":\"https:\/\/graphiste.com\/blog\/#organization\"},\"image\":{\"@id\":\"https:\/\/graphiste.com\/blog\/calendrier-avent-digital\/#primaryimage\"},\"thumbnailUrl\":\"https:\/\/graphiste.com\/blog\/wp-content\/uploads\/sites\/4\/2023\/11\/calendrier-avent-digital.png\",\"keywords\":[\"Booster votre agence\"],\"articleSection\":[\"Webdesign\"],\"inLanguage\":\"fr-FR\",\"potentialAction\":[{\"@type\":\"CommentAction\",\"name\":\"Comment\",\"target\":[\"https:\/\/graphiste.com\/blog\/calendrier-avent-digital\/#respond\"]}]},{\"@type\":\"WebPage\",\"@id\":\"https:\/\/graphiste.com\/blog\/calendrier-avent-digital\/\",\"url\":\"https:\/\/graphiste.com\/blog\/calendrier-avent-digital\/\",\"name\":\"Cr\u00e9er votre calendrier de l'avent digital\u00a0: 9 astuces - Graphiste Blog\",\"isPartOf\":{\"@id\":\"https:\/\/graphiste.com\/blog\/#website\"},\"primaryImageOfPage\":{\"@id\":\"https:\/\/graphiste.com\/blog\/calendrier-avent-digital\/#primaryimage\"},\"image\":{\"@id\":\"https:\/\/graphiste.com\/blog\/calendrier-avent-digital\/#primaryimage\"},\"thumbnailUrl\":\"https:\/\/graphiste.com\/blog\/wp-content\/uploads\/sites\/4\/2023\/11\/calendrier-avent-digital.png\",\"datePublished\":\"2025-11-10T08:00:00+00:00\",\"description\":\"Et si vous ajoutiez un peu de magie \u00e0 votre communication de fin d\u2019ann\u00e9e ? Le calendrier de l\u2019avent digital est un excellent moyen d\u2019animer votre\",\"breadcrumb\":{\"@id\":\"https:\/\/graphiste.com\/blog\/calendrier-avent-digital\/#breadcrumb\"},\"inLanguage\":\"fr-FR\",\"potentialAction\":[{\"@type\":\"ReadAction\",\"target\":[\"https:\/\/graphiste.com\/blog\/calendrier-avent-digital\/\"]}]},{\"@type\":\"ImageObject\",\"inLanguage\":\"fr-FR\",\"@id\":\"https:\/\/graphiste.com\/blog\/calendrier-avent-digital\/#primaryimage\",\"url\":\"https:\/\/graphiste.com\/blog\/wp-content\/uploads\/sites\/4\/2023\/11\/calendrier-avent-digital.png\",\"contentUrl\":\"https:\/\/graphiste.com\/blog\/wp-content\/uploads\/sites\/4\/2023\/11\/calendrier-avent-digital.png\",\"width\":1200,\"height\":675,\"caption\":\"calendrier de l'avent digital\"},{\"@type\":\"BreadcrumbList\",\"@id\":\"https:\/\/graphiste.com\/blog\/calendrier-avent-digital\/#breadcrumb\",\"itemListElement\":[{\"@type\":\"ListItem\",\"position\":1,\"name\":\"Blog\",\"item\":\"https:\/\/graphiste.com\/blog\/\"},{\"@type\":\"ListItem\",\"position\":2,\"name\":\"Webdesign\",\"item\":\"https:\/\/graphiste.com\/blog\/webdesign\/\"},{\"@type\":\"ListItem\",\"position\":3,\"name\":\"Cr\u00e9er votre calendrier de l&#8217;avent digital\u00a0: 9 astuces\"}]},{\"@type\":\"WebSite\",\"@id\":\"https:\/\/graphiste.com\/blog\/#website\",\"url\":\"https:\/\/graphiste.com\/blog\/\",\"name\":\"Graphiste.com\",\"description\":\"graphiste\",\"publisher\":{\"@id\":\"https:\/\/graphiste.com\/blog\/#organization\"},\"potentialAction\":[{\"@type\":\"SearchAction\",\"target\":{\"@type\":\"EntryPoint\",\"urlTemplate\":\"https:\/\/graphiste.com\/blog\/?s={search_term_string}\"},\"query-input\":{\"@type\":\"PropertyValueSpecification\",\"valueRequired\":true,\"valueName\":\"search_term_string\"}}],\"inLanguage\":\"fr-FR\"},{\"@type\":\"Organization\",\"@id\":\"https:\/\/graphiste.com\/blog\/#organization\",\"name\":\"Graphiste.com\",\"url\":\"https:\/\/graphiste.com\/blog\/\",\"logo\":{\"@type\":\"ImageObject\",\"inLanguage\":\"fr-FR\",\"@id\":\"https:\/\/graphiste.com\/blog\/#\/schema\/logo\/image\/\",\"url\":\"https:\/\/graphiste.com\/blog\/wp-content\/uploads\/sites\/4\/2022\/07\/logo-blog-graphiste.svg\",\"contentUrl\":\"https:\/\/graphiste.com\/blog\/wp-content\/uploads\/sites\/4\/2022\/07\/logo-blog-graphiste.svg\",\"width\":1,\"height\":1,\"caption\":\"Graphiste.com\"},\"image\":{\"@id\":\"https:\/\/graphiste.com\/blog\/#\/schema\/logo\/image\/\"},\"sameAs\":[\"https:\/\/www.facebook.com\/graphistesfreelances\",\"https:\/\/x.com\/Graphistecom\",\"https:\/\/www.linkedin.com\/company\/graphiste-com\/\",\"https:\/\/fr.pinterest.com\/Graphiste_Com\",\"https:\/\/www.instagram.com\/graphiste_com\/\"]},{\"@type\":\"Person\",\"@id\":\"https:\/\/graphiste.com\/blog\/#\/schema\/person\/33c0ef04707fbe50a096f282050bb5f2\",\"name\":\"Laura Michaud\",\"image\":{\"@type\":\"ImageObject\",\"inLanguage\":\"fr-FR\",\"@id\":\"https:\/\/graphiste.com\/blog\/#\/schema\/person\/image\/\",\"url\":\"https:\/\/secure.gravatar.com\/avatar\/c3328cc0c887f98cec6b2979af3311ab6333fc7cc2d4847514cfec6a56fa08a7?s=96&d=mm&r=g\",\"contentUrl\":\"https:\/\/secure.gravatar.com\/avatar\/c3328cc0c887f98cec6b2979af3311ab6333fc7cc2d4847514cfec6a56fa08a7?s=96&d=mm&r=g\",\"caption\":\"Laura Michaud\"},\"description\":\"Laura connait tous les meilleurs outils pour g\u00e9rer des projets et une entreprise. Cr\u00e9ative, c'est aussi une sp\u00e9cialiste des outils de cr\u00e9ation graphique pour faire briller une entreprise.\",\"sameAs\":[\"https:\/\/www.linkedin.com\/in\/michaudlaura\/\"],\"url\":\"https:\/\/graphiste.com\/blog\/author\/laura\/\"}]}<\/script>\n<!-- \/ Yoast SEO plugin. -->","yoast_head_json":{"title":"Cr\u00e9er votre calendrier de l'avent digital\u00a0: 9 astuces - Graphiste Blog","description":"Et si vous ajoutiez un peu de magie \u00e0 votre communication de fin d\u2019ann\u00e9e ? Le calendrier de l\u2019avent digital est un excellent moyen d\u2019animer votre","robots":{"index":"index","follow":"follow","max-snippet":"max-snippet:-1","max-image-preview":"max-image-preview:large","max-video-preview":"max-video-preview:-1"},"canonical":"https:\/\/graphiste.com\/blog\/calendrier-avent-digital\/","og_locale":"fr_FR","og_type":"article","og_title":"Cr\u00e9er votre calendrier de l'avent digital\u00a0: 9 astuces - Graphiste Blog","og_description":"Et si vous ajoutiez un peu de magie \u00e0 votre communication de fin d\u2019ann\u00e9e ? Le calendrier de l\u2019avent digital est un excellent moyen d\u2019animer votre","og_url":"https:\/\/graphiste.com\/blog\/calendrier-avent-digital\/","og_site_name":"Graphiste.com","article_publisher":"https:\/\/www.facebook.com\/graphistesfreelances","article_published_time":"2025-11-10T08:00:00+00:00","og_image":[{"width":1200,"height":675,"url":"https:\/\/graphiste.com\/blog\/wp-content\/uploads\/sites\/4\/2023\/11\/calendrier-avent-digital.png","type":"image\/png"}],"author":"Laura Michaud","twitter_card":"summary_large_image","twitter_creator":"@Graphistecom","twitter_site":"@Graphistecom","twitter_misc":{"\u00c9crit par":"Laura Michaud","Dur\u00e9e de lecture estim\u00e9e":"9 minutes"},"schema":{"@context":"https:\/\/schema.org","@graph":[{"@type":"Article","@id":"https:\/\/graphiste.com\/blog\/calendrier-avent-digital\/#article","isPartOf":{"@id":"https:\/\/graphiste.com\/blog\/calendrier-avent-digital\/"},"author":{"name":"Laura Michaud","@id":"https:\/\/graphiste.com\/blog\/#\/schema\/person\/33c0ef04707fbe50a096f282050bb5f2"},"headline":"Cr\u00e9er votre calendrier de l&#8217;avent digital\u00a0: 9 astuces","datePublished":"2025-11-10T08:00:00+00:00","mainEntityOfPage":{"@id":"https:\/\/graphiste.com\/blog\/calendrier-avent-digital\/"},"wordCount":1647,"commentCount":0,"publisher":{"@id":"https:\/\/graphiste.com\/blog\/#organization"},"image":{"@id":"https:\/\/graphiste.com\/blog\/calendrier-avent-digital\/#primaryimage"},"thumbnailUrl":"https:\/\/graphiste.com\/blog\/wp-content\/uploads\/sites\/4\/2023\/11\/calendrier-avent-digital.png","keywords":["Booster votre agence"],"articleSection":["Webdesign"],"inLanguage":"fr-FR","potentialAction":[{"@type":"CommentAction","name":"Comment","target":["https:\/\/graphiste.com\/blog\/calendrier-avent-digital\/#respond"]}]},{"@type":"WebPage","@id":"https:\/\/graphiste.com\/blog\/calendrier-avent-digital\/","url":"https:\/\/graphiste.com\/blog\/calendrier-avent-digital\/","name":"Cr\u00e9er votre calendrier de l'avent digital\u00a0: 9 astuces - Graphiste Blog","isPartOf":{"@id":"https:\/\/graphiste.com\/blog\/#website"},"primaryImageOfPage":{"@id":"https:\/\/graphiste.com\/blog\/calendrier-avent-digital\/#primaryimage"},"image":{"@id":"https:\/\/graphiste.com\/blog\/calendrier-avent-digital\/#primaryimage"},"thumbnailUrl":"https:\/\/graphiste.com\/blog\/wp-content\/uploads\/sites\/4\/2023\/11\/calendrier-avent-digital.png","datePublished":"2025-11-10T08:00:00+00:00","description":"Et si vous ajoutiez un peu de magie \u00e0 votre communication de fin d\u2019ann\u00e9e ? Le calendrier de l\u2019avent digital est un excellent moyen d\u2019animer votre","breadcrumb":{"@id":"https:\/\/graphiste.com\/blog\/calendrier-avent-digital\/#breadcrumb"},"inLanguage":"fr-FR","potentialAction":[{"@type":"ReadAction","target":["https:\/\/graphiste.com\/blog\/calendrier-avent-digital\/"]}]},{"@type":"ImageObject","inLanguage":"fr-FR","@id":"https:\/\/graphiste.com\/blog\/calendrier-avent-digital\/#primaryimage","url":"https:\/\/graphiste.com\/blog\/wp-content\/uploads\/sites\/4\/2023\/11\/calendrier-avent-digital.png","contentUrl":"https:\/\/graphiste.com\/blog\/wp-content\/uploads\/sites\/4\/2023\/11\/calendrier-avent-digital.png","width":1200,"height":675,"caption":"calendrier de l'avent digital"},{"@type":"BreadcrumbList","@id":"https:\/\/graphiste.com\/blog\/calendrier-avent-digital\/#breadcrumb","itemListElement":[{"@type":"ListItem","position":1,"name":"Blog","item":"https:\/\/graphiste.com\/blog\/"},{"@type":"ListItem","position":2,"name":"Webdesign","item":"https:\/\/graphiste.com\/blog\/webdesign\/"},{"@type":"ListItem","position":3,"name":"Cr\u00e9er votre calendrier de l&#8217;avent digital\u00a0: 9 astuces"}]},{"@type":"WebSite","@id":"https:\/\/graphiste.com\/blog\/#website","url":"https:\/\/graphiste.com\/blog\/","name":"Graphiste.com","description":"graphiste","publisher":{"@id":"https:\/\/graphiste.com\/blog\/#organization"},"potentialAction":[{"@type":"SearchAction","target":{"@type":"EntryPoint","urlTemplate":"https:\/\/graphiste.com\/blog\/?s={search_term_string}"},"query-input":{"@type":"PropertyValueSpecification","valueRequired":true,"valueName":"search_term_string"}}],"inLanguage":"fr-FR"},{"@type":"Organization","@id":"https:\/\/graphiste.com\/blog\/#organization","name":"Graphiste.com","url":"https:\/\/graphiste.com\/blog\/","logo":{"@type":"ImageObject","inLanguage":"fr-FR","@id":"https:\/\/graphiste.com\/blog\/#\/schema\/logo\/image\/","url":"https:\/\/graphiste.com\/blog\/wp-content\/uploads\/sites\/4\/2022\/07\/logo-blog-graphiste.svg","contentUrl":"https:\/\/graphiste.com\/blog\/wp-content\/uploads\/sites\/4\/2022\/07\/logo-blog-graphiste.svg","width":1,"height":1,"caption":"Graphiste.com"},"image":{"@id":"https:\/\/graphiste.com\/blog\/#\/schema\/logo\/image\/"},"sameAs":["https:\/\/www.facebook.com\/graphistesfreelances","https:\/\/x.com\/Graphistecom","https:\/\/www.linkedin.com\/company\/graphiste-com\/","https:\/\/fr.pinterest.com\/Graphiste_Com","https:\/\/www.instagram.com\/graphiste_com\/"]},{"@type":"Person","@id":"https:\/\/graphiste.com\/blog\/#\/schema\/person\/33c0ef04707fbe50a096f282050bb5f2","name":"Laura Michaud","image":{"@type":"ImageObject","inLanguage":"fr-FR","@id":"https:\/\/graphiste.com\/blog\/#\/schema\/person\/image\/","url":"https:\/\/secure.gravatar.com\/avatar\/c3328cc0c887f98cec6b2979af3311ab6333fc7cc2d4847514cfec6a56fa08a7?s=96&d=mm&r=g","contentUrl":"https:\/\/secure.gravatar.com\/avatar\/c3328cc0c887f98cec6b2979af3311ab6333fc7cc2d4847514cfec6a56fa08a7?s=96&d=mm&r=g","caption":"Laura Michaud"},"description":"Laura connait tous les meilleurs outils pour g\u00e9rer des projets et une entreprise. Cr\u00e9ative, c'est aussi une sp\u00e9cialiste des outils de cr\u00e9ation graphique pour faire briller une entreprise.","sameAs":["https:\/\/www.linkedin.com\/in\/michaudlaura\/"],"url":"https:\/\/graphiste.com\/blog\/author\/laura\/"}]}},"_links":{"self":[{"href":"https:\/\/graphiste.com\/blog\/wp-json\/wp\/v2\/posts\/31809","targetHints":{"allow":["GET"]}}],"collection":[{"href":"https:\/\/graphiste.com\/blog\/wp-json\/wp\/v2\/posts"}],"about":[{"href":"https:\/\/graphiste.com\/blog\/wp-json\/wp\/v2\/types\/post"}],"author":[{"embeddable":true,"href":"https:\/\/graphiste.com\/blog\/wp-json\/wp\/v2\/users\/1"}],"replies":[{"embeddable":true,"href":"https:\/\/graphiste.com\/blog\/wp-json\/wp\/v2\/comments?post=31809"}],"version-history":[{"count":0,"href":"https:\/\/graphiste.com\/blog\/wp-json\/wp\/v2\/posts\/31809\/revisions"}],"wp:featuredmedia":[{"embeddable":true,"href":"https:\/\/graphiste.com\/blog\/wp-json\/wp\/v2\/media\/58107"}],"wp:attachment":[{"href":"https:\/\/graphiste.com\/blog\/wp-json\/wp\/v2\/media?parent=31809"}],"wp:term":[{"taxonomy":"category","embeddable":true,"href":"https:\/\/graphiste.com\/blog\/wp-json\/wp\/v2\/categories?post=31809"},{"taxonomy":"post_tag","embeddable":true,"href":"https:\/\/graphiste.com\/blog\/wp-json\/wp\/v2\/tags?post=31809"}],"curies":[{"name":"wp","href":"https:\/\/api.w.org\/{rel}","templated":true}]}}