{"id":30329,"date":"2022-10-17T10:30:00","date_gmt":"2022-10-17T08:30:00","guid":{"rendered":"https:\/\/graphiste.com\/blog\/?p=30329"},"modified":"2025-08-20T17:23:39","modified_gmt":"2025-08-20T15:23:39","slug":"format-flyer","status":"publish","type":"post","link":"https:\/\/graphiste.com\/blog\/format-flyer\/","title":{"rendered":"Quel format de flyer choisir\u00a0?"},"content":{"rendered":"<p>M\u00eame avec la digitalisation des campagnes marketing, le <a href=\"https:\/\/graphiste.com\/blog\/guide-complet-realiser-flyer-creatif\">flyer<\/a> conserve toujours une place importante dans toute communication publicitaire, quel que soit votre domaine d\u2019activit\u00e9.<\/p>\n<p>Mais avant de vous lancer dans le graphisme de vos tracts, sachez que la taille des prospectus ne doit pas \u00eatre choisie au hasard. Il faut qu\u2019elle soit adapt\u00e9e \u00e0 votre strat\u00e9gie publicitaire, \u00e0 votre budget et \u00e0 votre cible\u2009!<\/p>\n<p>Alors, si vous h\u00e9sitez sur quel format de flyer choisir, voici nos conseils pour une campagne de <a href=\"https:\/\/graphiste.com\/blog\/inspiration-exemples-publicites-street-marketing\">street-marketing<\/a> r\u00e9ussie\u2009!<\/p>\n<p>&nbsp;<\/p>\n<h2>Choisir le bon format de flyer en fonction de sa cible<\/h2>\n<p>Avant la distribution des flyers, il y a toute une \u00e9tape de cr\u00e9ation lors de laquelle votre \u00e9quipe marketing va devoir r\u00e9fl\u00e9chir au meilleur design, au meilleur message promotionnel\u2026 Mais, il y a un \u00e9l\u00e9ment souvent n\u00e9glig\u00e9\u00a0: le format du support de communication\u2009!<\/p>\n<p>Pourtant, si vous voulez atteindre votre public cible, il est un composant essentiel de votre strat\u00e9gie.<\/p>\n<p>Pour <a href=\"https:\/\/graphiste.com\/blog\/realiser-flyer-parfait\">r\u00e9aliser un flyer efficace et pertinent<\/a>, vous devez conna\u00eetre votre cible et vos objectifs\u00a0:<\/p>\n<ul>\n<li>Si vos prospects sont en BtoB\u00a0: privil\u00e9giez les grands formats afin de pouvoir int\u00e9grer un maximum d\u2019informations. Vous allez avoir besoin d\u2019espace pour d\u00e9ployer tous vos arguments de vente aux professionnels afin de les convaincre.<\/li>\n<li>Si vous ciblez des particuliers\u00a0: alors, pr\u00e9f\u00e9rez des petits formats, faciles \u00e0 mettre dans un <a href=\"https:\/\/graphiste.com\/blog\/packaging-sac-design-creatif\">sac<\/a>.<\/li>\n<\/ul>\n<p>&nbsp;<\/p>\n<h2>Trouver le format de flyer correspondant \u00e0 la m\u00e9thode de distribution envisag\u00e9e<\/h2>\n<p>Bien s\u00fbr, il ne vous serait pas venu \u00e0 l\u2019esprit d\u2019\u00e9diter des flyers papier grands formats pour les glisser derri\u00e8re un essuie-glace de voiture\u2009! Si\u2009?<\/p>\n<p>Alors voici quelques conseils pour choisir le bon format de flyer publicitaire\u00a0:<\/p>\n<div class=\"page\" title=\"Page 1\">\n<div class=\"layoutArea\">\n<div class=\"column\">\n<ul>\n<li>Pour une <strong>distribution dans la rue<\/strong>, optez pour un petit format A5 ou A6. Les grands formats ont tendance \u00e0 effrayer les passants\u2009!<\/li>\n<li>Si vous souhaitez <strong>exp\u00e9dier vos tracts par la poste<\/strong>, choisissez un format r\u00e9duit. Sinon, vous risquez de voir les frais d\u2019envoi grimper en fl\u00e8che\u2009!<\/li>\n<li>Par contre, pour une <strong>publicit\u00e9 sur un lieu de vente<\/strong>, comme sur un pr\u00e9sentoir ou sur un stand, tout est permis\u2009!<\/li>\n<li>Quant au <strong>tractage sur les pare-brises<\/strong>\u00a0: restez sur un petit ou moyen format.<\/li>\n<\/ul>\n<\/div>\n<\/div>\n<\/div>\n<div class=\"page\" title=\"Page 1\"><\/div>\n<p>&nbsp;<\/p>\n<h2>Les diff\u00e9rents formats de flyer<\/h2>\n<p>La taille du <a href=\"https:\/\/graphiste.com\/blog\/supports-de-communication-pour-votre-entreprise\">support marketing<\/a> est donc tr\u00e8s importante, elle aura un impact direct sur l\u2019image que votre public cible va avoir de vous et des produits ou services que vous souhaitez lui vendre.<\/p>\n<p>Chaque format de flyer v\u00e9hicule un message diff\u00e9rent. Nous avons s\u00e9lectionn\u00e9 les plus pertinents pour vos campagnes publicitaires parmi les nombreux formats.<\/p>\n<p>&nbsp;<\/p>\n<h3>Le flyer en format\u00a0A6<\/h3>\n<figure id=\"attachment_30333\" aria-describedby=\"caption-attachment-30333\" style=\"width: 700px\" class=\"wp-caption aligncenter\"><img decoding=\"async\" class=\"size-full wp-image-30333\" src=\"https:\/\/graphiste.com\/blog\/wp-content\/uploads\/sites\/4\/2021\/09\/flyer-A6.jpg\" alt=\"choisir-format-flyer\" width=\"700\" height=\"350\" \/><figcaption id=\"caption-attachment-30333\" class=\"wp-caption-text\">R\u00e9alis\u00e9 par <a href=\"https:\/\/graphiste.com\/pictures\/217450\" target=\"blank\" rel=\"noopener noreferrer\">Cr\u00e9aplume<\/a><\/figcaption><\/figure>\n<p>Ce format carte postale est le plus utilis\u00e9. Il a l\u2019avantage d\u2019\u00eatre passe-partout et de pouvoir se glisser aussi bien dans un sac \u00e0 main que dans les bo\u00eetes aux lettres.<\/p>\n<p>C\u2019est le format parfait pour promouvoir votre produit, une offre ponctuelle ou un \u00e9v\u00e9nement (pr\u00e9sentation de produits, mais aussi concerts et soir\u00e9es). Mais attention, sa petite taille vous oblige \u00e0 \u00eatre concis et \u00e0 cr\u00e9er un visuel accrocheur si vous voulez attirer l\u2019attention de votre prospect.<\/p>\n<div class=\"page\" title=\"Page 3\">\n<div class=\"layoutArea\">\n<div class=\"column\">\n<blockquote><p>Ses dimensions\u00a0: 10,5\u00a0cm x 14,8\u00a0cm<\/p><\/blockquote>\n<p>&nbsp;<\/p>\n<\/div>\n<\/div>\n<\/div>\n<h3>Le format\u00a0A5<\/h3>\n<figure id=\"attachment_30334\" aria-describedby=\"caption-attachment-30334\" style=\"width: 700px\" class=\"wp-caption aligncenter\"><img decoding=\"async\" class=\"size-full wp-image-30334\" src=\"https:\/\/graphiste.com\/blog\/wp-content\/uploads\/sites\/4\/2021\/09\/flyer-A5.jpg\" alt=\"choisir-format-flyer\" width=\"700\" height=\"466\" \/><figcaption id=\"caption-attachment-30334\" class=\"wp-caption-text\">R\u00e9alis\u00e9 par <a href=\"https:\/\/graphiste.com\/pictures\/290228\" target=\"blank\" rel=\"noopener noreferrer\">Carr\u00e9 d\u2019Ange<\/a><\/figcaption><\/figure>\n<p>Tr\u00e8s populaire \u00e9galement, c\u2019est le <a href=\"https:\/\/graphiste.com\/blog\/7-conseils-creer-flyer\">format id\u00e9al<\/a> pour les foires, les salons ou les congr\u00e8s. Cette plaquette publicitaire s\u2019imprime g\u00e9n\u00e9ralement en recto verso, vous laissant plus de place pour d\u00e9tailler votre message marketing et d\u00e9velopper la notori\u00e9t\u00e9 de votre entreprise.<\/p>\n<blockquote><p>Ses dimensions\u00a0: 14,8\u00a0cm x 21\u00a0cm.<\/p><\/blockquote>\n<p>&nbsp;<\/p>\n<h3>Le flyer en A4<\/h3>\n<figure id=\"attachment_30335\" aria-describedby=\"caption-attachment-30335\" style=\"width: 700px\" class=\"wp-caption aligncenter\"><img decoding=\"async\" class=\"size-full wp-image-30335\" src=\"https:\/\/graphiste.com\/blog\/wp-content\/uploads\/sites\/4\/2021\/09\/flyer-A4.jpg\" alt=\"choisir-format-flyer\" width=\"700\" height=\"372\" \/><figcaption id=\"caption-attachment-30335\" class=\"wp-caption-text\">R\u00e9alis\u00e9 par <a href=\"https:\/\/graphiste.com\/pictures\/224475\" target=\"blank\" rel=\"noopener noreferrer\">Carine1<\/a><\/figcaption><\/figure>\n<p>C\u2019est le format des professionnels\u00a0! On le retrouve beaucoup sur les bureaux des chefs d\u2019entreprises ou des responsables des achats. Il a l\u2019avantage de vous permettre de d\u00e9tailler votre offre et d\u2019appuyer sur les nombreux b\u00e9n\u00e9fices de votre produit ou service.<\/p>\n<blockquote><p>Ses dimensions\u00a0: 21\u00a0cm x 29,7\u00a0cm.<\/p><\/blockquote>\n<p>&nbsp;<\/p>\n<h3>Le format\u00a0A3<\/h3>\n<p>La taille du flyer le place plus dans la section <a href=\"https:\/\/graphiste.com\/blog\/construire-une-affiche-publicitaire\">affiche<\/a>. Ce grand format est plus rare, mais il peut trouver son int\u00e9r\u00eat lors de spectacle ou de s\u00e9minaire. L\u2019affichette vous laisse suffisamment de place pour une mise en page qui int\u00e8gre toutes vos informations et un design attractif.<\/p>\n<blockquote><p>Ses dimensions\u00a0: 29,7\u00a0cm x 42\u00a0cm.<\/p><\/blockquote>\n<p>&nbsp;<\/p>\n<h3>Les formats carr\u00e9s ou ronds<\/h3>\n<figure id=\"attachment_30332\" aria-describedby=\"caption-attachment-30332\" style=\"width: 700px\" class=\"wp-caption aligncenter\"><img decoding=\"async\" class=\"size-full wp-image-30332\" src=\"https:\/\/graphiste.com\/blog\/wp-content\/uploads\/sites\/4\/2021\/09\/flyer-carre\u0301.jpg\" alt=\"choisir-format-flyer\" width=\"700\" height=\"522\" srcset=\"https:\/\/graphiste.com\/blog\/wp-content\/uploads\/sites\/4\/2021\/09\/flyer-carre\u0301.jpg 700w, https:\/\/graphiste.com\/blog\/wp-content\/uploads\/sites\/4\/2021\/09\/flyer-carre\u0301-300x224.jpg 300w, https:\/\/graphiste.com\/blog\/wp-content\/uploads\/sites\/4\/2021\/09\/flyer-carre\u0301-60x45.jpg 60w, https:\/\/graphiste.com\/blog\/wp-content\/uploads\/sites\/4\/2021\/09\/flyer-carre\u0301-370x276.jpg 370w, https:\/\/graphiste.com\/blog\/wp-content\/uploads\/sites\/4\/2021\/09\/flyer-carre\u0301-270x201.jpg 270w, https:\/\/graphiste.com\/blog\/wp-content\/uploads\/sites\/4\/2021\/09\/flyer-carre\u0301-570x425.jpg 570w, https:\/\/graphiste.com\/blog\/wp-content\/uploads\/sites\/4\/2021\/09\/flyer-carre\u0301-80x60.jpg 80w\" sizes=\"(max-width: 700px) 100vw, 700px\" \/><figcaption id=\"caption-attachment-30332\" class=\"wp-caption-text\">R\u00e9alis\u00e9 par <a href=\"https:\/\/graphiste.com\/pictures\/71158\" target=\"blank\" rel=\"noopener noreferrer\">Cr\u00e9ative Obsession<\/a><\/figcaption><\/figure>\n<figure id=\"attachment_30331\" aria-describedby=\"caption-attachment-30331\" style=\"width: 700px\" class=\"wp-caption aligncenter\"><img decoding=\"async\" class=\"size-full wp-image-30331\" src=\"https:\/\/graphiste.com\/blog\/wp-content\/uploads\/sites\/4\/2021\/09\/flyer-rond.jpg\" alt=\"choisir-format-flyer\" width=\"700\" height=\"467\" \/><figcaption id=\"caption-attachment-30331\" class=\"wp-caption-text\">R\u00e9alis\u00e9 par <a href=\"https:\/\/graphiste.com\/pictures\/232128\" target=\"blank\" rel=\"noopener noreferrer\">Ik Communication<\/a><\/figcaption><\/figure>\n<p>Ce type de format est plus atypique et va vous permettre de vous d\u00e9marquer de vos concurrents&nbsp;!<\/p>\n<p>Tr\u00e8s peu utilis\u00e9s, ils sont pourtant tr\u00e8s tendance. Ces <a href=\"https:\/\/graphiste.com\/blog\/guide-complet-reussir-plaquette-commerciale\">plaquettes commerciales<\/a> vont mettre en valeur votre cr\u00e9ativit\u00e9, surtout si vous optez pour des flyers arrondis.<\/p>\n<p>Les formes rondes et carr\u00e9es sont tr\u00e8s appropri\u00e9es pour des invitations \u00e0 des soir\u00e9es ou pour des entr\u00e9es de bo\u00eete de nuit.<\/p>\n<blockquote><p><strong>\u00c0 lire aussi\u00a0: <\/strong><a href=\"https:\/\/graphiste.com\/blog\/impression-preparer-fichiers-grands-formats\">Impression\u00a0: 6 conseils pour pr\u00e9parer un fichier grand format<\/a><\/p><\/blockquote>\n<p>&nbsp;<\/p>\n<h2>Notre conseil pour choisir le bon format de flyer<\/h2>\n<p>Quel que soit le format de flyer choisi, n\u2019oubliez pas d\u2019y inclure les <a href=\"https:\/\/graphiste.com\/blog\/mentions-legales-flyers\">mentions l\u00e9gales obligatoires<\/a>. Le format du flyer doit \u00eatre adapt\u00e9 \u00e0 l&#8217;endroit o\u00f9 vous comptez le diffuser.<\/p>\n<p>Pour une action marketing r\u00e9ussie, confiez votre projet \u00e0 nos <a href=\"https:\/\/graphiste.com\/\">graphistes professionnels<\/a>. Nos cr\u00e9atifs sauront mettre votre image de marque en valeur tout en s\u2019appuyant sur votre charte graphique&nbsp;! Si vous ne savez pas dans quelle direction partir, ils sauront \u00e9galement vous conseiller pour la r\u00e9alisation de votre flyer.<\/p>\n","protected":false},"excerpt":{"rendered":"<p>M\u00eame avec la digitalisation des campagnes marketing, le flyer conserve toujours une place importante dans toute communication publicitaire, quel que soit votre domaine d\u2019activit\u00e9. Mais avant de vous lancer dans le graphisme de vos tracts, sachez que la taille des prospectus ne doit pas \u00eatre choisie au hasard. Il faut qu\u2019elle soit adapt\u00e9e \u00e0 votre [&hellip;]<\/p>\n","protected":false},"author":1,"featured_media":32429,"comment_status":"open","ping_status":"open","sticky":false,"template":"","format":"standard","meta":{"_acf_changed":false,"inline_featured_image":false,"footnotes":""},"categories":[95,8],"tags":[43],"class_list":["post-30329","post","type-post","status-publish","format-standard","has-post-thumbnail","hentry","category-flyer","category-print","tag-developper-entreprise"],"acf":[],"yoast_head":"<!-- This site is optimized with the Yoast SEO plugin v25.9 - https:\/\/yoast.com\/wordpress\/plugins\/seo\/ -->\n<title>Quel format de flyer choisir\u00a0? - Graphiste Blog<\/title>\n<meta name=\"description\" content=\"M\u00eame avec la digitalisation des campagnes marketing, le flyer conserve toujours une place importante dans toute communication publicitaire, quel que soit\" \/>\n<meta name=\"robots\" content=\"index, follow, max-snippet:-1, max-image-preview:large, max-video-preview:-1\" \/>\n<link rel=\"canonical\" href=\"https:\/\/graphiste.com\/blog\/format-flyer\/\" \/>\n<meta property=\"og:locale\" content=\"fr_FR\" \/>\n<meta property=\"og:type\" content=\"article\" \/>\n<meta property=\"og:title\" content=\"Quel format de flyer choisir\u00a0? - Graphiste Blog\" \/>\n<meta property=\"og:description\" content=\"M\u00eame avec la digitalisation des campagnes marketing, le flyer conserve toujours une place importante dans toute communication publicitaire, quel que soit\" \/>\n<meta property=\"og:url\" content=\"https:\/\/graphiste.com\/blog\/format-flyer\/\" \/>\n<meta property=\"og:site_name\" content=\"Graphiste.com\" \/>\n<meta property=\"article:publisher\" content=\"https:\/\/www.facebook.com\/graphistesfreelances\" \/>\n<meta property=\"article:published_time\" content=\"2022-10-17T08:30:00+00:00\" \/>\n<meta property=\"article:modified_time\" content=\"2025-08-20T15:23:39+00:00\" \/>\n<meta property=\"og:image\" content=\"https:\/\/graphiste.com\/blog\/wp-content\/uploads\/sites\/4\/2021\/09\/flyer-1.jpg\" \/>\n\t<meta property=\"og:image:width\" content=\"850\" \/>\n\t<meta property=\"og:image:height\" content=\"423\" \/>\n\t<meta property=\"og:image:type\" content=\"image\/jpeg\" \/>\n<meta name=\"author\" content=\"Laura Michaud\" \/>\n<meta name=\"twitter:card\" content=\"summary_large_image\" \/>\n<meta name=\"twitter:creator\" content=\"@Graphistecom\" \/>\n<meta name=\"twitter:site\" content=\"@Graphistecom\" \/>\n<meta name=\"twitter:label1\" content=\"\u00c9crit par\" \/>\n\t<meta name=\"twitter:data1\" content=\"Laura Michaud\" \/>\n\t<meta name=\"twitter:label2\" content=\"Dur\u00e9e de lecture estim\u00e9e\" \/>\n\t<meta name=\"twitter:data2\" content=\"5 minutes\" \/>\n<script type=\"application\/ld+json\" class=\"yoast-schema-graph\">{\"@context\":\"https:\/\/schema.org\",\"@graph\":[{\"@type\":\"Article\",\"@id\":\"https:\/\/graphiste.com\/blog\/format-flyer\/#article\",\"isPartOf\":{\"@id\":\"https:\/\/graphiste.com\/blog\/format-flyer\/\"},\"author\":{\"name\":\"Laura Michaud\",\"@id\":\"https:\/\/graphiste.com\/blog\/#\/schema\/person\/33c0ef04707fbe50a096f282050bb5f2\"},\"headline\":\"Quel format de flyer choisir\u00a0?\",\"datePublished\":\"2022-10-17T08:30:00+00:00\",\"dateModified\":\"2025-08-20T15:23:39+00:00\",\"mainEntityOfPage\":{\"@id\":\"https:\/\/graphiste.com\/blog\/format-flyer\/\"},\"wordCount\":972,\"commentCount\":0,\"publisher\":{\"@id\":\"https:\/\/graphiste.com\/blog\/#organization\"},\"image\":{\"@id\":\"https:\/\/graphiste.com\/blog\/format-flyer\/#primaryimage\"},\"thumbnailUrl\":\"https:\/\/graphiste.com\/blog\/wp-content\/uploads\/sites\/4\/2021\/09\/flyer-1.jpg\",\"keywords\":[\"D\u00e9velopper son entreprise\"],\"articleSection\":[\"Flyer\",\"Print\"],\"inLanguage\":\"fr-FR\",\"potentialAction\":[{\"@type\":\"CommentAction\",\"name\":\"Comment\",\"target\":[\"https:\/\/graphiste.com\/blog\/format-flyer\/#respond\"]}]},{\"@type\":\"WebPage\",\"@id\":\"https:\/\/graphiste.com\/blog\/format-flyer\/\",\"url\":\"https:\/\/graphiste.com\/blog\/format-flyer\/\",\"name\":\"Quel format de flyer choisir\u00a0? - Graphiste Blog\",\"isPartOf\":{\"@id\":\"https:\/\/graphiste.com\/blog\/#website\"},\"primaryImageOfPage\":{\"@id\":\"https:\/\/graphiste.com\/blog\/format-flyer\/#primaryimage\"},\"image\":{\"@id\":\"https:\/\/graphiste.com\/blog\/format-flyer\/#primaryimage\"},\"thumbnailUrl\":\"https:\/\/graphiste.com\/blog\/wp-content\/uploads\/sites\/4\/2021\/09\/flyer-1.jpg\",\"datePublished\":\"2022-10-17T08:30:00+00:00\",\"dateModified\":\"2025-08-20T15:23:39+00:00\",\"description\":\"M\u00eame avec la digitalisation des campagnes marketing, le flyer conserve toujours une place importante dans toute communication publicitaire, quel que soit\",\"breadcrumb\":{\"@id\":\"https:\/\/graphiste.com\/blog\/format-flyer\/#breadcrumb\"},\"inLanguage\":\"fr-FR\",\"potentialAction\":[{\"@type\":\"ReadAction\",\"target\":[\"https:\/\/graphiste.com\/blog\/format-flyer\/\"]}]},{\"@type\":\"ImageObject\",\"inLanguage\":\"fr-FR\",\"@id\":\"https:\/\/graphiste.com\/blog\/format-flyer\/#primaryimage\",\"url\":\"https:\/\/graphiste.com\/blog\/wp-content\/uploads\/sites\/4\/2021\/09\/flyer-1.jpg\",\"contentUrl\":\"https:\/\/graphiste.com\/blog\/wp-content\/uploads\/sites\/4\/2021\/09\/flyer-1.jpg\",\"width\":850,\"height\":423,\"caption\":\"format flyer\"},{\"@type\":\"BreadcrumbList\",\"@id\":\"https:\/\/graphiste.com\/blog\/format-flyer\/#breadcrumb\",\"itemListElement\":[{\"@type\":\"ListItem\",\"position\":1,\"name\":\"Blog\",\"item\":\"https:\/\/graphiste.com\/blog\/\"},{\"@type\":\"ListItem\",\"position\":2,\"name\":\"Quel format de flyer choisir\u00a0?\"}]},{\"@type\":\"WebSite\",\"@id\":\"https:\/\/graphiste.com\/blog\/#website\",\"url\":\"https:\/\/graphiste.com\/blog\/\",\"name\":\"Graphiste.com\",\"description\":\"graphiste\",\"publisher\":{\"@id\":\"https:\/\/graphiste.com\/blog\/#organization\"},\"potentialAction\":[{\"@type\":\"SearchAction\",\"target\":{\"@type\":\"EntryPoint\",\"urlTemplate\":\"https:\/\/graphiste.com\/blog\/?s={search_term_string}\"},\"query-input\":{\"@type\":\"PropertyValueSpecification\",\"valueRequired\":true,\"valueName\":\"search_term_string\"}}],\"inLanguage\":\"fr-FR\"},{\"@type\":\"Organization\",\"@id\":\"https:\/\/graphiste.com\/blog\/#organization\",\"name\":\"Graphiste.com\",\"url\":\"https:\/\/graphiste.com\/blog\/\",\"logo\":{\"@type\":\"ImageObject\",\"inLanguage\":\"fr-FR\",\"@id\":\"https:\/\/graphiste.com\/blog\/#\/schema\/logo\/image\/\",\"url\":\"https:\/\/graphiste.com\/blog\/wp-content\/uploads\/sites\/4\/2022\/07\/logo-blog-graphiste.svg\",\"contentUrl\":\"https:\/\/graphiste.com\/blog\/wp-content\/uploads\/sites\/4\/2022\/07\/logo-blog-graphiste.svg\",\"width\":1,\"height\":1,\"caption\":\"Graphiste.com\"},\"image\":{\"@id\":\"https:\/\/graphiste.com\/blog\/#\/schema\/logo\/image\/\"},\"sameAs\":[\"https:\/\/www.facebook.com\/graphistesfreelances\",\"https:\/\/x.com\/Graphistecom\",\"https:\/\/www.linkedin.com\/company\/graphiste-com\/\",\"https:\/\/fr.pinterest.com\/Graphiste_Com\",\"https:\/\/www.instagram.com\/graphiste_com\/\"]},{\"@type\":\"Person\",\"@id\":\"https:\/\/graphiste.com\/blog\/#\/schema\/person\/33c0ef04707fbe50a096f282050bb5f2\",\"name\":\"Laura Michaud\",\"image\":{\"@type\":\"ImageObject\",\"inLanguage\":\"fr-FR\",\"@id\":\"https:\/\/graphiste.com\/blog\/#\/schema\/person\/image\/\",\"url\":\"https:\/\/secure.gravatar.com\/avatar\/c3328cc0c887f98cec6b2979af3311ab6333fc7cc2d4847514cfec6a56fa08a7?s=96&d=mm&r=g\",\"contentUrl\":\"https:\/\/secure.gravatar.com\/avatar\/c3328cc0c887f98cec6b2979af3311ab6333fc7cc2d4847514cfec6a56fa08a7?s=96&d=mm&r=g\",\"caption\":\"Laura Michaud\"},\"description\":\"Laura connait tous les meilleurs outils pour g\u00e9rer des projets et une entreprise. Cr\u00e9ative, c'est aussi une sp\u00e9cialiste des outils de cr\u00e9ation graphique pour faire briller une entreprise.\",\"sameAs\":[\"https:\/\/www.linkedin.com\/in\/michaudlaura\/\"],\"url\":\"https:\/\/graphiste.com\/blog\/author\/laura\/\"}]}<\/script>\n<!-- \/ Yoast SEO plugin. -->","yoast_head_json":{"title":"Quel format de flyer choisir\u00a0? - Graphiste Blog","description":"M\u00eame avec la digitalisation des campagnes marketing, le flyer conserve toujours une place importante dans toute communication publicitaire, quel que soit","robots":{"index":"index","follow":"follow","max-snippet":"max-snippet:-1","max-image-preview":"max-image-preview:large","max-video-preview":"max-video-preview:-1"},"canonical":"https:\/\/graphiste.com\/blog\/format-flyer\/","og_locale":"fr_FR","og_type":"article","og_title":"Quel format de flyer choisir\u00a0? - Graphiste Blog","og_description":"M\u00eame avec la digitalisation des campagnes marketing, le flyer conserve toujours une place importante dans toute communication publicitaire, quel que soit","og_url":"https:\/\/graphiste.com\/blog\/format-flyer\/","og_site_name":"Graphiste.com","article_publisher":"https:\/\/www.facebook.com\/graphistesfreelances","article_published_time":"2022-10-17T08:30:00+00:00","article_modified_time":"2025-08-20T15:23:39+00:00","og_image":[{"width":850,"height":423,"url":"https:\/\/graphiste.com\/blog\/wp-content\/uploads\/sites\/4\/2021\/09\/flyer-1.jpg","type":"image\/jpeg"}],"author":"Laura Michaud","twitter_card":"summary_large_image","twitter_creator":"@Graphistecom","twitter_site":"@Graphistecom","twitter_misc":{"\u00c9crit par":"Laura Michaud","Dur\u00e9e de lecture estim\u00e9e":"5 minutes"},"schema":{"@context":"https:\/\/schema.org","@graph":[{"@type":"Article","@id":"https:\/\/graphiste.com\/blog\/format-flyer\/#article","isPartOf":{"@id":"https:\/\/graphiste.com\/blog\/format-flyer\/"},"author":{"name":"Laura Michaud","@id":"https:\/\/graphiste.com\/blog\/#\/schema\/person\/33c0ef04707fbe50a096f282050bb5f2"},"headline":"Quel format de flyer choisir\u00a0?","datePublished":"2022-10-17T08:30:00+00:00","dateModified":"2025-08-20T15:23:39+00:00","mainEntityOfPage":{"@id":"https:\/\/graphiste.com\/blog\/format-flyer\/"},"wordCount":972,"commentCount":0,"publisher":{"@id":"https:\/\/graphiste.com\/blog\/#organization"},"image":{"@id":"https:\/\/graphiste.com\/blog\/format-flyer\/#primaryimage"},"thumbnailUrl":"https:\/\/graphiste.com\/blog\/wp-content\/uploads\/sites\/4\/2021\/09\/flyer-1.jpg","keywords":["D\u00e9velopper son entreprise"],"articleSection":["Flyer","Print"],"inLanguage":"fr-FR","potentialAction":[{"@type":"CommentAction","name":"Comment","target":["https:\/\/graphiste.com\/blog\/format-flyer\/#respond"]}]},{"@type":"WebPage","@id":"https:\/\/graphiste.com\/blog\/format-flyer\/","url":"https:\/\/graphiste.com\/blog\/format-flyer\/","name":"Quel format de flyer choisir\u00a0? - Graphiste Blog","isPartOf":{"@id":"https:\/\/graphiste.com\/blog\/#website"},"primaryImageOfPage":{"@id":"https:\/\/graphiste.com\/blog\/format-flyer\/#primaryimage"},"image":{"@id":"https:\/\/graphiste.com\/blog\/format-flyer\/#primaryimage"},"thumbnailUrl":"https:\/\/graphiste.com\/blog\/wp-content\/uploads\/sites\/4\/2021\/09\/flyer-1.jpg","datePublished":"2022-10-17T08:30:00+00:00","dateModified":"2025-08-20T15:23:39+00:00","description":"M\u00eame avec la digitalisation des campagnes marketing, le flyer conserve toujours une place importante dans toute communication publicitaire, quel que soit","breadcrumb":{"@id":"https:\/\/graphiste.com\/blog\/format-flyer\/#breadcrumb"},"inLanguage":"fr-FR","potentialAction":[{"@type":"ReadAction","target":["https:\/\/graphiste.com\/blog\/format-flyer\/"]}]},{"@type":"ImageObject","inLanguage":"fr-FR","@id":"https:\/\/graphiste.com\/blog\/format-flyer\/#primaryimage","url":"https:\/\/graphiste.com\/blog\/wp-content\/uploads\/sites\/4\/2021\/09\/flyer-1.jpg","contentUrl":"https:\/\/graphiste.com\/blog\/wp-content\/uploads\/sites\/4\/2021\/09\/flyer-1.jpg","width":850,"height":423,"caption":"format flyer"},{"@type":"BreadcrumbList","@id":"https:\/\/graphiste.com\/blog\/format-flyer\/#breadcrumb","itemListElement":[{"@type":"ListItem","position":1,"name":"Blog","item":"https:\/\/graphiste.com\/blog\/"},{"@type":"ListItem","position":2,"name":"Quel format de flyer choisir\u00a0?"}]},{"@type":"WebSite","@id":"https:\/\/graphiste.com\/blog\/#website","url":"https:\/\/graphiste.com\/blog\/","name":"Graphiste.com","description":"graphiste","publisher":{"@id":"https:\/\/graphiste.com\/blog\/#organization"},"potentialAction":[{"@type":"SearchAction","target":{"@type":"EntryPoint","urlTemplate":"https:\/\/graphiste.com\/blog\/?s={search_term_string}"},"query-input":{"@type":"PropertyValueSpecification","valueRequired":true,"valueName":"search_term_string"}}],"inLanguage":"fr-FR"},{"@type":"Organization","@id":"https:\/\/graphiste.com\/blog\/#organization","name":"Graphiste.com","url":"https:\/\/graphiste.com\/blog\/","logo":{"@type":"ImageObject","inLanguage":"fr-FR","@id":"https:\/\/graphiste.com\/blog\/#\/schema\/logo\/image\/","url":"https:\/\/graphiste.com\/blog\/wp-content\/uploads\/sites\/4\/2022\/07\/logo-blog-graphiste.svg","contentUrl":"https:\/\/graphiste.com\/blog\/wp-content\/uploads\/sites\/4\/2022\/07\/logo-blog-graphiste.svg","width":1,"height":1,"caption":"Graphiste.com"},"image":{"@id":"https:\/\/graphiste.com\/blog\/#\/schema\/logo\/image\/"},"sameAs":["https:\/\/www.facebook.com\/graphistesfreelances","https:\/\/x.com\/Graphistecom","https:\/\/www.linkedin.com\/company\/graphiste-com\/","https:\/\/fr.pinterest.com\/Graphiste_Com","https:\/\/www.instagram.com\/graphiste_com\/"]},{"@type":"Person","@id":"https:\/\/graphiste.com\/blog\/#\/schema\/person\/33c0ef04707fbe50a096f282050bb5f2","name":"Laura Michaud","image":{"@type":"ImageObject","inLanguage":"fr-FR","@id":"https:\/\/graphiste.com\/blog\/#\/schema\/person\/image\/","url":"https:\/\/secure.gravatar.com\/avatar\/c3328cc0c887f98cec6b2979af3311ab6333fc7cc2d4847514cfec6a56fa08a7?s=96&d=mm&r=g","contentUrl":"https:\/\/secure.gravatar.com\/avatar\/c3328cc0c887f98cec6b2979af3311ab6333fc7cc2d4847514cfec6a56fa08a7?s=96&d=mm&r=g","caption":"Laura Michaud"},"description":"Laura connait tous les meilleurs outils pour g\u00e9rer des projets et une entreprise. Cr\u00e9ative, c'est aussi une sp\u00e9cialiste des outils de cr\u00e9ation graphique pour faire briller une entreprise.","sameAs":["https:\/\/www.linkedin.com\/in\/michaudlaura\/"],"url":"https:\/\/graphiste.com\/blog\/author\/laura\/"}]}},"_links":{"self":[{"href":"https:\/\/graphiste.com\/blog\/wp-json\/wp\/v2\/posts\/30329","targetHints":{"allow":["GET"]}}],"collection":[{"href":"https:\/\/graphiste.com\/blog\/wp-json\/wp\/v2\/posts"}],"about":[{"href":"https:\/\/graphiste.com\/blog\/wp-json\/wp\/v2\/types\/post"}],"author":[{"embeddable":true,"href":"https:\/\/graphiste.com\/blog\/wp-json\/wp\/v2\/users\/1"}],"replies":[{"embeddable":true,"href":"https:\/\/graphiste.com\/blog\/wp-json\/wp\/v2\/comments?post=30329"}],"version-history":[{"count":0,"href":"https:\/\/graphiste.com\/blog\/wp-json\/wp\/v2\/posts\/30329\/revisions"}],"wp:featuredmedia":[{"embeddable":true,"href":"https:\/\/graphiste.com\/blog\/wp-json\/wp\/v2\/media\/32429"}],"wp:attachment":[{"href":"https:\/\/graphiste.com\/blog\/wp-json\/wp\/v2\/media?parent=30329"}],"wp:term":[{"taxonomy":"category","embeddable":true,"href":"https:\/\/graphiste.com\/blog\/wp-json\/wp\/v2\/categories?post=30329"},{"taxonomy":"post_tag","embeddable":true,"href":"https:\/\/graphiste.com\/blog\/wp-json\/wp\/v2\/tags?post=30329"}],"curies":[{"name":"wp","href":"https:\/\/api.w.org\/{rel}","templated":true}]}}