{"id":29117,"date":"2023-09-14T10:30:00","date_gmt":"2023-09-14T08:30:00","guid":{"rendered":"https:\/\/graphiste.com\/blog\/?p=29117"},"modified":"2025-08-20T17:16:04","modified_gmt":"2025-08-20T15:16:04","slug":"adaptation-logo-international","status":"publish","type":"post","link":"https:\/\/graphiste.com\/blog\/adaptation-logo-international\/","title":{"rendered":"D\u00e9veloppement international\u00a0: 5 raisons d\u2019adapter votre logo au pays cibl\u00e9"},"content":{"rendered":"<p>Votre <a href=\"https:\/\/graphiste.com\/blog\/logiciels-logo-anime\">logo<\/a>, c\u2019est votre identit\u00e9 visuelle, celle qui v\u00e9hicule votre marque et donc votre notori\u00e9t\u00e9 dans l\u2019esprit des consommateurs.<\/p>\n<p>Vous l\u2019avez soigneusement \u00e9tudi\u00e9 et peaufin\u00e9 pour qu\u2019il repr\u00e9sente parfaitement les valeurs de votre entreprise. Maintenant, vous avez pris de l\u2019ampleur et visez d\u00e9sormais le march\u00e9 international. Mais votre logo est-il exportable&nbsp;?<\/p>\n<p>Voici 5 raisons d\u2019adapter votre <a href=\"https:\/\/graphiste.com\/blog\/creer-un-logo-qui-fait-vendre\">logo<\/a> au pays cibl\u00e9 pour un d\u00e9veloppement international optimal&nbsp;!<\/p>\n<h2><\/h2>\n<h2>1. Votre logo est d\u00e9j\u00e0 utilis\u00e9 \u00e0 l\u2019\u00e9tranger<\/h2>\n<p>C\u2019est la premi\u00e8re raison qui pousse les entreprises \u00e0 adapter leur logo au pays cibl\u00e9. Vous avez s\u00fbrement fait toutes les recherches n\u00e9cessaires pour cr\u00e9er un design de logo de marque unique sur le territoire fran\u00e7ais. Malheureusement, une marque \u00e9trang\u00e8re a eu la m\u00eame id\u00e9e de design ou a d\u00e9j\u00e0 enregistr\u00e9 un nom de marque identique au v\u00f4tre&nbsp;!<\/p>\n<p>Ce fut le cas pour la marque Dunkin Donuts qui a d\u00fb modifier son nom en Espagne. Donut \u00e9tant d\u00e9j\u00e0 enregistr\u00e9 par une autre entreprise, Dunkin Donuts est ainsi devenu Dunkin Coffee pour poursuivre son activit\u00e9 sur le sol espagnol.<\/p>\n<p><img decoding=\"async\" class=\"aligncenter wp-image-29118 size-full\" src=\"https:\/\/graphiste.com\/blog\/wp-content\/uploads\/sites\/4\/2021\/07\/logo-dunkin-donut-name-1.png\" alt=\"adapter-logo-pays-international\" width=\"666\" height=\"300\" srcset=\"https:\/\/graphiste.com\/blog\/wp-content\/uploads\/sites\/4\/2021\/07\/logo-dunkin-donut-name-1.png 666w, https:\/\/graphiste.com\/blog\/wp-content\/uploads\/sites\/4\/2021\/07\/logo-dunkin-donut-name-1-300x135.png 300w, https:\/\/graphiste.com\/blog\/wp-content\/uploads\/sites\/4\/2021\/07\/logo-dunkin-donut-name-1-60x27.png 60w, https:\/\/graphiste.com\/blog\/wp-content\/uploads\/sites\/4\/2021\/07\/logo-dunkin-donut-name-1-370x167.png 370w, https:\/\/graphiste.com\/blog\/wp-content\/uploads\/sites\/4\/2021\/07\/logo-dunkin-donut-name-1-270x122.png 270w, https:\/\/graphiste.com\/blog\/wp-content\/uploads\/sites\/4\/2021\/07\/logo-dunkin-donut-name-1-570x257.png 570w\" sizes=\"(max-width: 666px) 100vw, 666px\" \/><\/p>\n<h2>2. Une signification diff\u00e9rente<\/h2>\n<p>La langue du pays vis\u00e9 peut parfois transformer le logo d\u2019une marque s\u00e9rieuse et r\u00e9put\u00e9e en farce&nbsp;!<\/p>\n<p><img decoding=\"async\" class=\"aligncenter wp-image-29120 size-full\" src=\"https:\/\/graphiste.com\/blog\/wp-content\/uploads\/sites\/4\/2021\/07\/logo-magnum-world-name-1.png\" alt=\"adapter-logo-pays-international\" width=\"666\" height=\"370\" srcset=\"https:\/\/graphiste.com\/blog\/wp-content\/uploads\/sites\/4\/2021\/07\/logo-magnum-world-name-1.png 666w, https:\/\/graphiste.com\/blog\/wp-content\/uploads\/sites\/4\/2021\/07\/logo-magnum-world-name-1-300x167.png 300w, https:\/\/graphiste.com\/blog\/wp-content\/uploads\/sites\/4\/2021\/07\/logo-magnum-world-name-1-60x33.png 60w, https:\/\/graphiste.com\/blog\/wp-content\/uploads\/sites\/4\/2021\/07\/logo-magnum-world-name-1-370x206.png 370w, https:\/\/graphiste.com\/blog\/wp-content\/uploads\/sites\/4\/2021\/07\/logo-magnum-world-name-1-270x150.png 270w, https:\/\/graphiste.com\/blog\/wp-content\/uploads\/sites\/4\/2021\/07\/logo-magnum-world-name-1-570x317.png 570w\" sizes=\"(max-width: 666px) 100vw, 666px\" \/><\/p>\n<p>Voici quelques exemples cocasses&nbsp;:<\/p>\n<ul>\n<li>Bledina signifie \u00ab prostitu\u00e9e \u00bb en russe ;<\/li>\n<li>Le UNO de la Fiat se traduit par \u00ab ordure \u00bb en finlandais ;<\/li>\n<li>Dans le m\u00eame ordre d\u2019esprit, le MOCO de la Nissan donne \u00ab crotte de nez \u00bb en espagnol ;<\/li>\n<li>Quant \u00e0 la marque japonaise de lunettes Hypercon, elle n\u2019a jamais r\u00e9ussi \u00e0 s\u2019implanter en France, on se demande pourquoi&nbsp;!<\/li>\n<\/ul>\n<p>Il n\u2019est pas toujours \u00e9vident de promouvoir son produit sous un autre nom, mais parfois les efforts <a href=\"https:\/\/graphiste.com\/blog\/creer-strategie-marketing-visuel\">marketing<\/a> suppl\u00e9mentaires sont amplement justifi\u00e9s&nbsp;!<\/p>\n<blockquote><p><a href=\"https:\/\/traduc.com\/?utm_source=Graphiste&amp;utm_medium=blog&amp;utm_campaign=logo-international\" target=\"_blank\" rel=\"noopener noreferrer\">Faites appel \u00e0 des traducteurs<\/a> pour v\u00e9rifier la signification de votre marque, mais aussi faire traduire votre slogan et vos produits pour qu&#8217;ils s&#8217;adaptent \u00e0 la culture locale.<\/p><\/blockquote>\n<blockquote><p>\u00c0 lire aussi&nbsp;: <a href=\"https:\/\/graphiste.com\/blog\/renouveler-ou-changer-logo\">Renouveler votre logo ou le changer&nbsp;: comment choisir&nbsp;?<\/a><\/p><\/blockquote>\n<h2>3. Faire plus local<\/h2>\n<p>Si votre marque commercialise des produits locaux ou de fabrication locale, vous allez s\u00fbrement appuyer votre communication marketing sur cette particularit\u00e9. Il est int\u00e9ressant de pouvoir l\u2019int\u00e9grer aussi dans votre logo.<\/p>\n<p>La marque espagnole Frigo qui vend des glaces locales a ainsi conserv\u00e9 son design de logo, mais elle porte un nom de marque diff\u00e9rent pour chaque pays (Miko en France). Elle reste ainsi identifiable partout o\u00f9 elle s\u2019implante, tout en se positionnant sur le local.<\/p>\n<p><img decoding=\"async\" class=\"aligncenter size-full wp-image-29888\" src=\"https:\/\/graphiste.com\/blog\/wp-content\/uploads\/sites\/4\/2021\/07\/miko.jpg\" alt=\"logo Miko international\" width=\"500\" height=\"563\"><\/p>\n<h2>4. S\u2019attacher \u00e0 l\u2019identit\u00e9 du pays \u00e9tranger<\/h2>\n<p>Chaque pays poss\u00e8de sa culture et son histoire et il peut \u00eatre judicieux de travailler votre logo ou votre nom de marque pour qu\u2019il soit en coh\u00e9rence avec les pays cibles.<\/p>\n<p>Cr\u00e9er un logo ax\u00e9 sur les diff\u00e9rentes habitudes et coutumes de consommation vous permettra de toucher une grande part de la population et de vous connecter au march\u00e9 national.<\/p>\n<h2>5. Fusionner sans perdre son identit\u00e9 visuelle<\/h2>\n<p>Certaines entreprises doivent <a href=\"https:\/\/graphiste.com\/blog\/logo-rebranding-marque-entreprise\">red\u00e9finir leur logo<\/a> suite \u00e0 une fusion avec une soci\u00e9t\u00e9 locale. Si c\u2019est votre cas, l\u2019objectif sera alors d\u2019int\u00e9grer l\u2019autre entreprise sans perdre votre image de marque.<\/p>\n<p>Vodafone, par exemple, a d\u00fb renommer son logo apr\u00e8s avoir fusionn\u00e9 avec Telecom en Afrique. Ainsi, l\u2019entreprise a un logo sp\u00e9cifique au continent africain. Par contre, pour \u00e9viter de perdre son identit\u00e9 de marque, elle a conserv\u00e9 son anagramme.<\/p>\n<p><img decoding=\"async\" class=\"aligncenter wp-image-29121 size-full\" src=\"https:\/\/graphiste.com\/blog\/wp-content\/uploads\/sites\/4\/2021\/07\/logo-vodafone-world-1.png\" alt=\"adapter-logo-pays-international\" width=\"666\" height=\"370\" srcset=\"https:\/\/graphiste.com\/blog\/wp-content\/uploads\/sites\/4\/2021\/07\/logo-vodafone-world-1.png 666w, https:\/\/graphiste.com\/blog\/wp-content\/uploads\/sites\/4\/2021\/07\/logo-vodafone-world-1-300x167.png 300w, https:\/\/graphiste.com\/blog\/wp-content\/uploads\/sites\/4\/2021\/07\/logo-vodafone-world-1-60x33.png 60w, https:\/\/graphiste.com\/blog\/wp-content\/uploads\/sites\/4\/2021\/07\/logo-vodafone-world-1-370x206.png 370w, https:\/\/graphiste.com\/blog\/wp-content\/uploads\/sites\/4\/2021\/07\/logo-vodafone-world-1-270x150.png 270w, https:\/\/graphiste.com\/blog\/wp-content\/uploads\/sites\/4\/2021\/07\/logo-vodafone-world-1-570x317.png 570w\" sizes=\"(max-width: 666px) 100vw, 666px\" \/><\/p>\n<h2>Comment adapter votre logo au pays cibl\u00e9 avec succ\u00e8s<\/h2>\n<p><img decoding=\"async\" class=\"aligncenter wp-image-29122 size-full\" src=\"https:\/\/graphiste.com\/blog\/wp-content\/uploads\/sites\/4\/2021\/07\/logo-axe-name-international-1.png\" alt=\"adapter-logo-pays-international\" width=\"666\" height=\"300\" srcset=\"https:\/\/graphiste.com\/blog\/wp-content\/uploads\/sites\/4\/2021\/07\/logo-axe-name-international-1.png 666w, https:\/\/graphiste.com\/blog\/wp-content\/uploads\/sites\/4\/2021\/07\/logo-axe-name-international-1-300x135.png 300w, https:\/\/graphiste.com\/blog\/wp-content\/uploads\/sites\/4\/2021\/07\/logo-axe-name-international-1-60x27.png 60w, https:\/\/graphiste.com\/blog\/wp-content\/uploads\/sites\/4\/2021\/07\/logo-axe-name-international-1-370x167.png 370w, https:\/\/graphiste.com\/blog\/wp-content\/uploads\/sites\/4\/2021\/07\/logo-axe-name-international-1-270x122.png 270w, https:\/\/graphiste.com\/blog\/wp-content\/uploads\/sites\/4\/2021\/07\/logo-axe-name-international-1-570x257.png 570w\" sizes=\"(max-width: 666px) 100vw, 666px\" \/><\/p>\n<p>Utiliser des logos ou des noms de marque diff\u00e9rents sur les march\u00e9s internationaux demande un investissement marketing important. Il faut rassurer vos clients pour qu\u2019ils aient la conviction d\u2019acheter le m\u00eame produit ou service partout o\u00f9 ils se trouvent.<\/p>\n<p>Voici quelques conseils pour que le changement de votre logo d\u2019entreprise soit pertinent.<\/p>\n<h3>1. Conserver son identit\u00e9 de marque \u00e0 l\u2019international<\/h3>\n<p>Ne transformez pas radicalement votre logo et votre nom de marque. Gardez suffisamment d\u2019\u00e9l\u00e9ments visuels identiques pour \u00eatre reconnaissable partout.<\/p>\n<p>Par exemple, vous pouvez conserver votre <a href=\"https:\/\/graphiste.com\/blog\/brief-charte-graphique\">charte graphique<\/a> ou accoler un mot local \u00e0 votre marque\u2026<\/p>\n<h3>2. Un produit identique partout dans le monde<\/h3>\n<p>Vos clients ne doivent pas avoir l\u2019impression d\u2019acheter un produit diff\u00e9rent d\u2019un pays \u00e0 l\u2019autre. Il est important que la qualit\u00e9 de fabrication de vos produits soit la m\u00eame partout. Il en va de m\u00eame avec les services fournis.<\/p>\n<p>Non seulement vous risqueriez de r\u00e9colter des plaintes des consommateurs, voire des contestations judiciaires, mais vous perdriez l\u2019estime de vos clients. N\u2019oubliez pas que la mondialisation concerne aussi la mauvaise publicit\u00e9 sur les r\u00e9seaux sociaux&nbsp;!<\/p>\n<h3>3. Traiter tous ses clients de la m\u00eame fa\u00e7on<\/h3>\n<p>M\u00eame si votre logo s\u2019est adapt\u00e9 \u00e0 la population locale, vous devez par contre ne pas faire de discrimination sur les diff\u00e9rents march\u00e9s.<\/p>\n<p>Si vos clients se sentent trait\u00e9s aussi bien que le sont vos clients fran\u00e7ais, vous vous assurez leur fid\u00e9lit\u00e9. Et un client fid\u00e8le sera votre meilleur ambassadeur&nbsp;!<\/p>\n<h3>4. Respecter la r\u00e9glementation en vigueur dans le pays vis\u00e9<\/h3>\n<p>Lorsqu\u2019une entreprise s\u2019implante dans un nouveau pays, elle est particuli\u00e8rement surveill\u00e9e par les institutions.<\/p>\n<p>Cela peut para\u00eetre une \u00e9vidence, mais veillez \u00e0 bien respecter la l\u00e9gislation du pays si vous ne souhaitez pas subir des proc\u00e9dures judiciaires, qui en plus impacteraient votre image de marque.<\/p>\n<h2>Conclusion<\/h2>\n<p>Adapter votre logo au pays cibl\u00e9 signifie aussi des budgets marketing plus cons\u00e9quents. Qui dit logos diff\u00e9rents, dit campagnes publicitaires diff\u00e9rentes&nbsp;!<\/p>\n<p>D\u00e8s la conception de votre logo, essayez d\u2019imaginer un visuel qui puisse s\u2019expatrier facilement lors de votre d\u00e9veloppement international. Si vous \u00eates pr\u00eat \u00e0 conqu\u00e9rir de nouveaux march\u00e9s, nos <a href=\"https:\/\/graphiste.com\/\">graphistes professionnels<\/a> sauront r\u00e9aliser le logo parfait pour traverser les fronti\u00e8res en toute s\u00e9r\u00e9nit\u00e9&nbsp;!<\/p>\n<p>N&#8217;oubliez pas \u00e9galement de faire traduire vos packagings, slogans, communications et contenus par des <a href=\"https:\/\/traduc.com\/?utm_source=Graphiste&amp;utm_medium=blog&amp;utm_campaign=logo-international\" target=\"_blank\" rel=\"noopener noreferrer\">traducteurs professionnels<\/a>, en commandant par exemple vos textes sur <a href=\"https:\/\/traduc.com\/?utm_source=Graphiste&amp;utm_medium=blog&amp;utm_campaign=logo-international\" target=\"_blank\" rel=\"noopener noreferrer\">Traduc.com<\/a>. Cette plateforme de traduction professionnelle s&#8217;assure des comp\u00e9tences et du niveau linguistique de tous les traducteurs freelances avant de les proposer aux clients&nbsp;: une qualit\u00e9 de traduction assur\u00e9e pour vos supports marketing&nbsp;!<\/p>\n","protected":false},"excerpt":{"rendered":"<p>Votre logo, c\u2019est votre identit\u00e9 visuelle, celle qui v\u00e9hicule votre marque et donc votre notori\u00e9t\u00e9 dans l\u2019esprit des consommateurs. Vous l\u2019avez soigneusement \u00e9tudi\u00e9 et peaufin\u00e9 pour qu\u2019il repr\u00e9sente parfaitement les valeurs de votre entreprise. Maintenant, vous avez pris de l\u2019ampleur et visez d\u00e9sormais le march\u00e9 international. Mais votre logo est-il exportable&nbsp;? Voici 5 raisons d\u2019adapter [&hellip;]<\/p>\n","protected":false},"author":69,"featured_media":51118,"comment_status":"open","ping_status":"open","sticky":false,"template":"","format":"standard","meta":{"_acf_changed":false,"inline_featured_image":false,"footnotes":""},"categories":[11],"tags":[43],"class_list":["post-29117","post","type-post","status-publish","format-standard","has-post-thumbnail","hentry","category-logo","tag-developper-entreprise"],"acf":[],"yoast_head":"<!-- This site is optimized with the Yoast SEO plugin v25.9 - https:\/\/yoast.com\/wordpress\/plugins\/seo\/ -->\n<title>D\u00e9veloppement international\u00a0: 5 raisons d\u2019adapter votre logo au pays cibl\u00e9 - Graphiste Blog<\/title>\n<meta name=\"description\" content=\"Votre logo, c\u2019est votre identit\u00e9 visuelle, celle qui v\u00e9hicule votre marque et donc votre notori\u00e9t\u00e9 dans l\u2019esprit des consommateurs. Vous l\u2019avez\" \/>\n<meta name=\"robots\" content=\"index, follow, max-snippet:-1, max-image-preview:large, max-video-preview:-1\" \/>\n<link rel=\"canonical\" href=\"https:\/\/graphiste.com\/blog\/adaptation-logo-international\/\" \/>\n<meta property=\"og:locale\" content=\"fr_FR\" \/>\n<meta property=\"og:type\" content=\"article\" \/>\n<meta property=\"og:title\" content=\"D\u00e9veloppement international\u00a0: 5 raisons d\u2019adapter votre logo au pays cibl\u00e9 - Graphiste Blog\" \/>\n<meta property=\"og:description\" content=\"Votre logo, c\u2019est votre identit\u00e9 visuelle, celle qui v\u00e9hicule votre marque et donc votre notori\u00e9t\u00e9 dans l\u2019esprit des consommateurs. Vous l\u2019avez\" \/>\n<meta property=\"og:url\" content=\"https:\/\/graphiste.com\/blog\/adaptation-logo-international\/\" \/>\n<meta property=\"og:site_name\" content=\"Graphiste.com\" \/>\n<meta property=\"article:publisher\" content=\"https:\/\/www.facebook.com\/graphistesfreelances\" \/>\n<meta property=\"article:published_time\" content=\"2023-09-14T08:30:00+00:00\" \/>\n<meta property=\"article:modified_time\" content=\"2025-08-20T15:16:04+00:00\" \/>\n<meta property=\"og:image\" content=\"https:\/\/graphiste.com\/blog\/wp-content\/uploads\/sites\/4\/2022\/01\/Image-a-la-une-nom-marques-traduction.png\" \/>\n\t<meta property=\"og:image:width\" content=\"1024\" \/>\n\t<meta property=\"og:image:height\" content=\"618\" \/>\n\t<meta property=\"og:image:type\" content=\"image\/png\" \/>\n<meta name=\"author\" content=\"C\u00e9dric Reymbaut\" \/>\n<meta name=\"twitter:card\" content=\"summary_large_image\" \/>\n<meta name=\"twitter:creator\" content=\"@Graphistecom\" \/>\n<meta name=\"twitter:site\" content=\"@Graphistecom\" \/>\n<meta name=\"twitter:label1\" content=\"\u00c9crit par\" \/>\n\t<meta name=\"twitter:data1\" content=\"C\u00e9dric Reymbaut\" \/>\n\t<meta name=\"twitter:label2\" content=\"Dur\u00e9e de lecture estim\u00e9e\" \/>\n\t<meta name=\"twitter:data2\" content=\"6 minutes\" \/>\n<script type=\"application\/ld+json\" class=\"yoast-schema-graph\">{\"@context\":\"https:\/\/schema.org\",\"@graph\":[{\"@type\":\"Article\",\"@id\":\"https:\/\/graphiste.com\/blog\/adaptation-logo-international\/#article\",\"isPartOf\":{\"@id\":\"https:\/\/graphiste.com\/blog\/adaptation-logo-international\/\"},\"author\":{\"name\":\"C\u00e9dric Reymbaut\",\"@id\":\"https:\/\/graphiste.com\/blog\/#\/schema\/person\/fd068361dcde9cff7ed7697f613f839c\"},\"headline\":\"D\u00e9veloppement international\u00a0: 5 raisons d\u2019adapter votre logo au pays cibl\u00e9\",\"datePublished\":\"2023-09-14T08:30:00+00:00\",\"dateModified\":\"2025-08-20T15:16:04+00:00\",\"mainEntityOfPage\":{\"@id\":\"https:\/\/graphiste.com\/blog\/adaptation-logo-international\/\"},\"wordCount\":1070,\"commentCount\":0,\"publisher\":{\"@id\":\"https:\/\/graphiste.com\/blog\/#organization\"},\"image\":{\"@id\":\"https:\/\/graphiste.com\/blog\/adaptation-logo-international\/#primaryimage\"},\"thumbnailUrl\":\"https:\/\/graphiste.com\/blog\/wp-content\/uploads\/sites\/4\/2022\/01\/Image-a-la-une-nom-marques-traduction.png\",\"keywords\":[\"D\u00e9velopper son entreprise\"],\"articleSection\":[\"Logo\"],\"inLanguage\":\"fr-FR\",\"potentialAction\":[{\"@type\":\"CommentAction\",\"name\":\"Comment\",\"target\":[\"https:\/\/graphiste.com\/blog\/adaptation-logo-international\/#respond\"]}]},{\"@type\":\"WebPage\",\"@id\":\"https:\/\/graphiste.com\/blog\/adaptation-logo-international\/\",\"url\":\"https:\/\/graphiste.com\/blog\/adaptation-logo-international\/\",\"name\":\"D\u00e9veloppement international\u00a0: 5 raisons d\u2019adapter votre logo au pays cibl\u00e9 - Graphiste Blog\",\"isPartOf\":{\"@id\":\"https:\/\/graphiste.com\/blog\/#website\"},\"primaryImageOfPage\":{\"@id\":\"https:\/\/graphiste.com\/blog\/adaptation-logo-international\/#primaryimage\"},\"image\":{\"@id\":\"https:\/\/graphiste.com\/blog\/adaptation-logo-international\/#primaryimage\"},\"thumbnailUrl\":\"https:\/\/graphiste.com\/blog\/wp-content\/uploads\/sites\/4\/2022\/01\/Image-a-la-une-nom-marques-traduction.png\",\"datePublished\":\"2023-09-14T08:30:00+00:00\",\"dateModified\":\"2025-08-20T15:16:04+00:00\",\"description\":\"Votre logo, c\u2019est votre identit\u00e9 visuelle, celle qui v\u00e9hicule votre marque et donc votre notori\u00e9t\u00e9 dans l\u2019esprit des consommateurs. Vous l\u2019avez\",\"breadcrumb\":{\"@id\":\"https:\/\/graphiste.com\/blog\/adaptation-logo-international\/#breadcrumb\"},\"inLanguage\":\"fr-FR\",\"potentialAction\":[{\"@type\":\"ReadAction\",\"target\":[\"https:\/\/graphiste.com\/blog\/adaptation-logo-international\/\"]}]},{\"@type\":\"ImageObject\",\"inLanguage\":\"fr-FR\",\"@id\":\"https:\/\/graphiste.com\/blog\/adaptation-logo-international\/#primaryimage\",\"url\":\"https:\/\/graphiste.com\/blog\/wp-content\/uploads\/sites\/4\/2022\/01\/Image-a-la-une-nom-marques-traduction.png\",\"contentUrl\":\"https:\/\/graphiste.com\/blog\/wp-content\/uploads\/sites\/4\/2022\/01\/Image-a-la-une-nom-marques-traduction.png\",\"width\":1024,\"height\":618},{\"@type\":\"BreadcrumbList\",\"@id\":\"https:\/\/graphiste.com\/blog\/adaptation-logo-international\/#breadcrumb\",\"itemListElement\":[{\"@type\":\"ListItem\",\"position\":1,\"name\":\"Blog\",\"item\":\"https:\/\/graphiste.com\/blog\/\"},{\"@type\":\"ListItem\",\"position\":2,\"name\":\"Branding\",\"item\":\"https:\/\/graphiste.com\/blog\/branding\/\"},{\"@type\":\"ListItem\",\"position\":3,\"name\":\"Logo\",\"item\":\"https:\/\/graphiste.com\/blog\/branding\/logo\/\"},{\"@type\":\"ListItem\",\"position\":4,\"name\":\"D\u00e9veloppement international\u00a0: 5 raisons d\u2019adapter votre logo au pays cibl\u00e9\"}]},{\"@type\":\"WebSite\",\"@id\":\"https:\/\/graphiste.com\/blog\/#website\",\"url\":\"https:\/\/graphiste.com\/blog\/\",\"name\":\"Graphiste.com\",\"description\":\"graphiste\",\"publisher\":{\"@id\":\"https:\/\/graphiste.com\/blog\/#organization\"},\"potentialAction\":[{\"@type\":\"SearchAction\",\"target\":{\"@type\":\"EntryPoint\",\"urlTemplate\":\"https:\/\/graphiste.com\/blog\/?s={search_term_string}\"},\"query-input\":{\"@type\":\"PropertyValueSpecification\",\"valueRequired\":true,\"valueName\":\"search_term_string\"}}],\"inLanguage\":\"fr-FR\"},{\"@type\":\"Organization\",\"@id\":\"https:\/\/graphiste.com\/blog\/#organization\",\"name\":\"Graphiste.com\",\"url\":\"https:\/\/graphiste.com\/blog\/\",\"logo\":{\"@type\":\"ImageObject\",\"inLanguage\":\"fr-FR\",\"@id\":\"https:\/\/graphiste.com\/blog\/#\/schema\/logo\/image\/\",\"url\":\"https:\/\/graphiste.com\/blog\/wp-content\/uploads\/sites\/4\/2022\/07\/logo-blog-graphiste.svg\",\"contentUrl\":\"https:\/\/graphiste.com\/blog\/wp-content\/uploads\/sites\/4\/2022\/07\/logo-blog-graphiste.svg\",\"width\":1,\"height\":1,\"caption\":\"Graphiste.com\"},\"image\":{\"@id\":\"https:\/\/graphiste.com\/blog\/#\/schema\/logo\/image\/\"},\"sameAs\":[\"https:\/\/www.facebook.com\/graphistesfreelances\",\"https:\/\/x.com\/Graphistecom\",\"https:\/\/www.linkedin.com\/company\/graphiste-com\/\",\"https:\/\/fr.pinterest.com\/Graphiste_Com\",\"https:\/\/www.instagram.com\/graphiste_com\/\"]},{\"@type\":\"Person\",\"@id\":\"https:\/\/graphiste.com\/blog\/#\/schema\/person\/fd068361dcde9cff7ed7697f613f839c\",\"name\":\"C\u00e9dric Reymbaut\",\"image\":{\"@type\":\"ImageObject\",\"inLanguage\":\"fr-FR\",\"@id\":\"https:\/\/graphiste.com\/blog\/#\/schema\/person\/image\/\",\"url\":\"https:\/\/secure.gravatar.com\/avatar\/e5c5c5ea80ab9004dec5ca778b3a0296920ea60943b147078d0f7e299e2a8f6f?s=96&d=mm&r=g\",\"contentUrl\":\"https:\/\/secure.gravatar.com\/avatar\/e5c5c5ea80ab9004dec5ca778b3a0296920ea60943b147078d0f7e299e2a8f6f?s=96&d=mm&r=g\",\"caption\":\"C\u00e9dric Reymbaut\"},\"description\":\"Je suis UX\/UI designer, passionn\u00e9 par les outils comme Figma et Framer. Le week-end, je m\u2019amuse \u00e0 concevoir des SaaS sur Lovable.\",\"sameAs\":[\"https:\/\/www.linkedin.com\/in\/cedricreymbaut74\/\"],\"url\":\"https:\/\/graphiste.com\/blog\/author\/cedric\/\"}]}<\/script>\n<!-- \/ Yoast SEO plugin. -->","yoast_head_json":{"title":"D\u00e9veloppement international\u00a0: 5 raisons d\u2019adapter votre logo au pays cibl\u00e9 - Graphiste Blog","description":"Votre logo, c\u2019est votre identit\u00e9 visuelle, celle qui v\u00e9hicule votre marque et donc votre notori\u00e9t\u00e9 dans l\u2019esprit des consommateurs. Vous l\u2019avez","robots":{"index":"index","follow":"follow","max-snippet":"max-snippet:-1","max-image-preview":"max-image-preview:large","max-video-preview":"max-video-preview:-1"},"canonical":"https:\/\/graphiste.com\/blog\/adaptation-logo-international\/","og_locale":"fr_FR","og_type":"article","og_title":"D\u00e9veloppement international\u00a0: 5 raisons d\u2019adapter votre logo au pays cibl\u00e9 - Graphiste Blog","og_description":"Votre logo, c\u2019est votre identit\u00e9 visuelle, celle qui v\u00e9hicule votre marque et donc votre notori\u00e9t\u00e9 dans l\u2019esprit des consommateurs. Vous l\u2019avez","og_url":"https:\/\/graphiste.com\/blog\/adaptation-logo-international\/","og_site_name":"Graphiste.com","article_publisher":"https:\/\/www.facebook.com\/graphistesfreelances","article_published_time":"2023-09-14T08:30:00+00:00","article_modified_time":"2025-08-20T15:16:04+00:00","og_image":[{"width":1024,"height":618,"url":"https:\/\/graphiste.com\/blog\/wp-content\/uploads\/sites\/4\/2022\/01\/Image-a-la-une-nom-marques-traduction.png","type":"image\/png"}],"author":"C\u00e9dric Reymbaut","twitter_card":"summary_large_image","twitter_creator":"@Graphistecom","twitter_site":"@Graphistecom","twitter_misc":{"\u00c9crit par":"C\u00e9dric Reymbaut","Dur\u00e9e de lecture estim\u00e9e":"6 minutes"},"schema":{"@context":"https:\/\/schema.org","@graph":[{"@type":"Article","@id":"https:\/\/graphiste.com\/blog\/adaptation-logo-international\/#article","isPartOf":{"@id":"https:\/\/graphiste.com\/blog\/adaptation-logo-international\/"},"author":{"name":"C\u00e9dric Reymbaut","@id":"https:\/\/graphiste.com\/blog\/#\/schema\/person\/fd068361dcde9cff7ed7697f613f839c"},"headline":"D\u00e9veloppement international\u00a0: 5 raisons d\u2019adapter votre logo au pays cibl\u00e9","datePublished":"2023-09-14T08:30:00+00:00","dateModified":"2025-08-20T15:16:04+00:00","mainEntityOfPage":{"@id":"https:\/\/graphiste.com\/blog\/adaptation-logo-international\/"},"wordCount":1070,"commentCount":0,"publisher":{"@id":"https:\/\/graphiste.com\/blog\/#organization"},"image":{"@id":"https:\/\/graphiste.com\/blog\/adaptation-logo-international\/#primaryimage"},"thumbnailUrl":"https:\/\/graphiste.com\/blog\/wp-content\/uploads\/sites\/4\/2022\/01\/Image-a-la-une-nom-marques-traduction.png","keywords":["D\u00e9velopper son entreprise"],"articleSection":["Logo"],"inLanguage":"fr-FR","potentialAction":[{"@type":"CommentAction","name":"Comment","target":["https:\/\/graphiste.com\/blog\/adaptation-logo-international\/#respond"]}]},{"@type":"WebPage","@id":"https:\/\/graphiste.com\/blog\/adaptation-logo-international\/","url":"https:\/\/graphiste.com\/blog\/adaptation-logo-international\/","name":"D\u00e9veloppement international\u00a0: 5 raisons d\u2019adapter votre logo au pays cibl\u00e9 - Graphiste Blog","isPartOf":{"@id":"https:\/\/graphiste.com\/blog\/#website"},"primaryImageOfPage":{"@id":"https:\/\/graphiste.com\/blog\/adaptation-logo-international\/#primaryimage"},"image":{"@id":"https:\/\/graphiste.com\/blog\/adaptation-logo-international\/#primaryimage"},"thumbnailUrl":"https:\/\/graphiste.com\/blog\/wp-content\/uploads\/sites\/4\/2022\/01\/Image-a-la-une-nom-marques-traduction.png","datePublished":"2023-09-14T08:30:00+00:00","dateModified":"2025-08-20T15:16:04+00:00","description":"Votre logo, c\u2019est votre identit\u00e9 visuelle, celle qui v\u00e9hicule votre marque et donc votre notori\u00e9t\u00e9 dans l\u2019esprit des consommateurs. Vous l\u2019avez","breadcrumb":{"@id":"https:\/\/graphiste.com\/blog\/adaptation-logo-international\/#breadcrumb"},"inLanguage":"fr-FR","potentialAction":[{"@type":"ReadAction","target":["https:\/\/graphiste.com\/blog\/adaptation-logo-international\/"]}]},{"@type":"ImageObject","inLanguage":"fr-FR","@id":"https:\/\/graphiste.com\/blog\/adaptation-logo-international\/#primaryimage","url":"https:\/\/graphiste.com\/blog\/wp-content\/uploads\/sites\/4\/2022\/01\/Image-a-la-une-nom-marques-traduction.png","contentUrl":"https:\/\/graphiste.com\/blog\/wp-content\/uploads\/sites\/4\/2022\/01\/Image-a-la-une-nom-marques-traduction.png","width":1024,"height":618},{"@type":"BreadcrumbList","@id":"https:\/\/graphiste.com\/blog\/adaptation-logo-international\/#breadcrumb","itemListElement":[{"@type":"ListItem","position":1,"name":"Blog","item":"https:\/\/graphiste.com\/blog\/"},{"@type":"ListItem","position":2,"name":"Branding","item":"https:\/\/graphiste.com\/blog\/branding\/"},{"@type":"ListItem","position":3,"name":"Logo","item":"https:\/\/graphiste.com\/blog\/branding\/logo\/"},{"@type":"ListItem","position":4,"name":"D\u00e9veloppement international\u00a0: 5 raisons d\u2019adapter votre logo au pays cibl\u00e9"}]},{"@type":"WebSite","@id":"https:\/\/graphiste.com\/blog\/#website","url":"https:\/\/graphiste.com\/blog\/","name":"Graphiste.com","description":"graphiste","publisher":{"@id":"https:\/\/graphiste.com\/blog\/#organization"},"potentialAction":[{"@type":"SearchAction","target":{"@type":"EntryPoint","urlTemplate":"https:\/\/graphiste.com\/blog\/?s={search_term_string}"},"query-input":{"@type":"PropertyValueSpecification","valueRequired":true,"valueName":"search_term_string"}}],"inLanguage":"fr-FR"},{"@type":"Organization","@id":"https:\/\/graphiste.com\/blog\/#organization","name":"Graphiste.com","url":"https:\/\/graphiste.com\/blog\/","logo":{"@type":"ImageObject","inLanguage":"fr-FR","@id":"https:\/\/graphiste.com\/blog\/#\/schema\/logo\/image\/","url":"https:\/\/graphiste.com\/blog\/wp-content\/uploads\/sites\/4\/2022\/07\/logo-blog-graphiste.svg","contentUrl":"https:\/\/graphiste.com\/blog\/wp-content\/uploads\/sites\/4\/2022\/07\/logo-blog-graphiste.svg","width":1,"height":1,"caption":"Graphiste.com"},"image":{"@id":"https:\/\/graphiste.com\/blog\/#\/schema\/logo\/image\/"},"sameAs":["https:\/\/www.facebook.com\/graphistesfreelances","https:\/\/x.com\/Graphistecom","https:\/\/www.linkedin.com\/company\/graphiste-com\/","https:\/\/fr.pinterest.com\/Graphiste_Com","https:\/\/www.instagram.com\/graphiste_com\/"]},{"@type":"Person","@id":"https:\/\/graphiste.com\/blog\/#\/schema\/person\/fd068361dcde9cff7ed7697f613f839c","name":"C\u00e9dric Reymbaut","image":{"@type":"ImageObject","inLanguage":"fr-FR","@id":"https:\/\/graphiste.com\/blog\/#\/schema\/person\/image\/","url":"https:\/\/secure.gravatar.com\/avatar\/e5c5c5ea80ab9004dec5ca778b3a0296920ea60943b147078d0f7e299e2a8f6f?s=96&d=mm&r=g","contentUrl":"https:\/\/secure.gravatar.com\/avatar\/e5c5c5ea80ab9004dec5ca778b3a0296920ea60943b147078d0f7e299e2a8f6f?s=96&d=mm&r=g","caption":"C\u00e9dric Reymbaut"},"description":"Je suis UX\/UI designer, passionn\u00e9 par les outils comme Figma et Framer. Le week-end, je m\u2019amuse \u00e0 concevoir des SaaS sur Lovable.","sameAs":["https:\/\/www.linkedin.com\/in\/cedricreymbaut74\/"],"url":"https:\/\/graphiste.com\/blog\/author\/cedric\/"}]}},"_links":{"self":[{"href":"https:\/\/graphiste.com\/blog\/wp-json\/wp\/v2\/posts\/29117","targetHints":{"allow":["GET"]}}],"collection":[{"href":"https:\/\/graphiste.com\/blog\/wp-json\/wp\/v2\/posts"}],"about":[{"href":"https:\/\/graphiste.com\/blog\/wp-json\/wp\/v2\/types\/post"}],"author":[{"embeddable":true,"href":"https:\/\/graphiste.com\/blog\/wp-json\/wp\/v2\/users\/69"}],"replies":[{"embeddable":true,"href":"https:\/\/graphiste.com\/blog\/wp-json\/wp\/v2\/comments?post=29117"}],"version-history":[{"count":0,"href":"https:\/\/graphiste.com\/blog\/wp-json\/wp\/v2\/posts\/29117\/revisions"}],"wp:featuredmedia":[{"embeddable":true,"href":"https:\/\/graphiste.com\/blog\/wp-json\/wp\/v2\/media\/51118"}],"wp:attachment":[{"href":"https:\/\/graphiste.com\/blog\/wp-json\/wp\/v2\/media?parent=29117"}],"wp:term":[{"taxonomy":"category","embeddable":true,"href":"https:\/\/graphiste.com\/blog\/wp-json\/wp\/v2\/categories?post=29117"},{"taxonomy":"post_tag","embeddable":true,"href":"https:\/\/graphiste.com\/blog\/wp-json\/wp\/v2\/tags?post=29117"}],"curies":[{"name":"wp","href":"https:\/\/api.w.org\/{rel}","templated":true}]}}