{"id":27759,"date":"2022-08-01T01:00:00","date_gmt":"2022-07-31T23:00:00","guid":{"rendered":"https:\/\/graphiste.com\/blog\/?p=27759"},"modified":"2022-11-03T09:10:56","modified_gmt":"2022-11-03T08:10:56","slug":"bande-sonore-video","status":"publish","type":"post","link":"https:\/\/graphiste.com\/blog\/bande-sonore-video\/","title":{"rendered":"Montage vid\u00e9o\u00a0: 9 conseils pour r\u00e9ussir votre bande-sonore"},"content":{"rendered":"<p>Une vid\u00e9o r\u00e9ussie a n\u00e9cessairement besoin d\u2019une bande-son parfaitement choisie. Avec son impact \u00e9motionnel puissant, et son action stimulante sur la m\u00e9moire, la <a href=\"https:\/\/graphiste.com\/blog\/playlists-ameliorer-creativite-musique\">musique<\/a> est une alli\u00e9e de poids pour transmettre votre message de marque \u00e0 votre public cible.<\/p>\n<p>Une bande-son bien choisie et int\u00e9gr\u00e9e au montage, vous assure d\u2019obtenir une vid\u00e9o \u00e0 la fois \u00e9mouvante et dynamique qui marquera les m\u00e9moires.<\/p>\n<p>Voici 9 conseils pratiques pour r\u00e9ussir la bande-sonore de votre <a href=\"https:\/\/graphiste.com\/blog\/montage-video-erreurs-a-eviter\">montage vid\u00e9o<\/a>\u00a0!<\/p>\n<p>&nbsp;<\/p>\n<h2>1. Opter pour une musique libre de droits<\/h2>\n<p>Cela peut para\u00eetre \u00e9vident (ou non), mais vous devez avant tout \u00eatre libre d\u2019utiliser la musique choisie pour vos projets audiovisuels. Optez donc toujours pour une bande-son &#8220;royalty free&#8221;.<\/p>\n<p>YouTube, Free Music Archive, Incompetech&#8230; Les biblioth\u00e8ques audio au contenu libre de droits et gratuit sont nombreuses sur la toile. Toutefois, pour vous assurer de la qualit\u00e9 de votre bande-son, favorisez <a href=\"https:\/\/graphiste.com\/blog\/7-ressources-pour-telecharger-de-la-musique-libre-de-droit\">les banques de donn\u00e9es musicales payantes et libres de droits<\/a>, comme Art List, PremiumBeat, Jamendo, ou encore Au Bout Du Fil.<\/p>\n<p>\u00c0 noter\u00a0: acqu\u00e9rir une musique libre de droits ne fait pas de vous son propri\u00e9taire. Qu\u2019elle soit gratuite ou payante, la licence Creative Commons vous indique les limites d\u2019utilisations de la bande-son choisie. De m\u00eame, vous devez toujours cr\u00e9diter la musique du nom de son auteur.<\/p>\n<p>&nbsp;<\/p>\n<h2>2. Choisir une bande-son \u00e9motionnellement adapt\u00e9e<\/h2>\n<figure id=\"attachment_27767\" aria-describedby=\"caption-attachment-27767\" style=\"width: 700px\" class=\"wp-caption aligncenter\"><img decoding=\"async\" class=\"size-full wp-image-27767\" src=\"https:\/\/graphiste.com\/blog\/wp-content\/uploads\/sites\/4\/2021\/06\/reussir-bande-son-montage-video-emotions.jpg\" alt=\"reussir-bande-son-montage-video-emotions\" width=\"700\" height=\"394\" \/><figcaption id=\"caption-attachment-27767\" class=\"wp-caption-text\">Musique photo cr\u00e9\u00e9 par wayhomestudio &#8211; fr.freepik.com<\/figcaption><\/figure>\n<p>Les \u00e9motions transmises au public sont tr\u00e8s diff\u00e9rentes d\u2019un genre musical \u00e0 l\u2019autre. Dans les grandes lignes, sachez que la musique pop et la musique disco est exaltantes et joviales, l\u00e0 o\u00f9 la musique classique cr\u00e9er la <a href=\"https:\/\/graphiste.com\/blog\/generer-emotions-nostalgie\">nostalgie<\/a> ou la f\u00e9erie. La musique Soul est suave et sensuelle, alors que le rock est \u00e9nergisant.<\/p>\n<p>Choisissez donc une musique qui corresponde aux \u00e9motions que vous souhaitez faire transpara\u00eetre dans votre vid\u00e9o.<\/p>\n<blockquote><p>\u00c0 lire aussi&nbsp;: <a href=\"https:\/\/graphiste.com\/blog\/showreel-video\">Vid\u00e9o&nbsp;: 9 conseils pour r\u00e9ussir votre showreel<\/a><\/p><\/blockquote>\n<p>&nbsp;<\/p>\n<h2>3. \u00c9viter de mixer les genres musicaux<\/h2>\n<p>Un genre musical donn\u00e9 est associ\u00e9 \u00e0 une ambiance ou \u00e0 une \u00e9motion bien sp\u00e9cifique, et en mixant ces genres, vous risquez de brouiller le message global de votre vid\u00e9o. Pr\u00e9f\u00e9rez donc n\u2019en utiliser qu\u2019un seul.<\/p>\n<p>&nbsp;<\/p>\n<h2>4. Veiller \u00e0 la dur\u00e9e id\u00e9ale de la musique<\/h2>\n<p>Autre conseil simple et pourtant essentiel, assurez-vous que la dur\u00e9e de votre musique est adapt\u00e9e \u00e0 celle de la <a href=\"https:\/\/graphiste.com\/blog\/tendances-video\">vid\u00e9o<\/a>.<\/p>\n<p>Choisissez donc toujours une bande-son suffisamment longue pour couvrir tout le projet audio (de dur\u00e9e \u00e9quivalente ou qui le d\u00e9passe).<\/p>\n<p>&nbsp;<\/p>\n<h2>5. Assurer la synchronisation entre images et sons<\/h2>\n<figure id=\"attachment_27004\" aria-describedby=\"caption-attachment-27004\" style=\"width: 700px\" class=\"wp-caption aligncenter\"><img decoding=\"async\" class=\"size-full wp-image-27004\" src=\"https:\/\/graphiste.com\/blog\/wp-content\/uploads\/sites\/4\/2021\/05\/montage_video.jpg\" alt=\"montage_video_conseils\" width=\"700\" height=\"455\" \/><figcaption id=\"caption-attachment-27004\" class=\"wp-caption-text\">Ordinateur photo cr\u00e9\u00e9 par ArthurHidden &#8211; fr.freepik.com<\/figcaption><\/figure>\n<p>Une vid\u00e9o est principalement compos\u00e9e de deux m\u00e9dias que sont l\u2019image et le son. Pour une vid\u00e9o r\u00e9ussie, ceux-ci doivent \u00eatre parfaitement synchronis\u00e9s.<\/p>\n<p>Il est essentiel de bien harmoniser le rythme de votre bande-son avec leurs visuels. Les sonorit\u00e9s les plus percutantes sont ainsi toujours synchronis\u00e9es avec les images les plus impactantes.<\/p>\n<p>Vous pourrez m\u00eame parfois avoir besoin de ralentir ou d\u2019acc\u00e9l\u00e9rer votre bande-son afin de l\u2019adapter au rythme de vos images.<\/p>\n<p>&nbsp;<\/p>\n<h2>6. Moduler le volume du son dans le montage<\/h2>\n<p>Quel que soit le type de vid\u00e9o con\u00e7ue, vous devez jouer sur le volume de sa bande-son tout au long du montage.<\/p>\n<p>Ce jeu vous permettra de placer correctement les voix de vos intervenants (acteurs ou voix-off) afin qu\u2019elles se d\u00e9tachent bien, et soient parfaitement audibles. Votre musique doit alors se fondre en arri\u00e8re-plan de votre vid\u00e9o, sans la dominer.<\/p>\n<p>Le volume du son peut, en revanche, \u00eatre augment\u00e9 en introduction, jouant un r\u00f4le <a href=\"https:\/\/graphiste.com\/blog\/comment-ajouter-son-video\">\u00e9motionnel<\/a> plus impactant. De m\u00eame, \u00e9vitez les fins abruptes en veillant \u00e0 faire baisser le son progressivement en intro.<\/p>\n<p>&nbsp;<\/p>\n<h2>7. Int\u00e9grer des temps de silence<\/h2>\n<p>Cr\u00e9er de l\u2019emphase, ou un effet de surprise, n\u2019est parfois possible qu\u2019en stoppant la musique durant quelques secondes.<\/p>\n<p>Ces instants de calmes permettent de mettre l\u2019accent sur un moment fort de votre vid\u00e9o. N\u2019h\u00e9sitez donc pas \u00e0 en tester l\u2019effet dans la v\u00f4tre.<\/p>\n<p>&nbsp;<\/p>\n<h2>8. Veiller \u00e0 la pertinence des effets sonores<\/h2>\n<p>Lorsque la vid\u00e9o s\u2019y pr\u00eate, il est possible de lui ajouter des bruitages et autres effets sonores. Ces effets offrent m\u00eame parfois un bon moyen de conserver plus longtemps l\u2019attention du spectateur.<\/p>\n<p>On les utilise par exemple pour mettre l\u2019accent sur un titre ou un sous-titre important, ou pour accentuer l\u2019effet d\u2019une phrase cit\u00e9e en interview.<\/p>\n<p>&nbsp;<\/p>\n<h2>9. Opter pour un format de fichier sonore de qualit\u00e9<\/h2>\n<figure id=\"attachment_27768\" aria-describedby=\"caption-attachment-27768\" style=\"width: 700px\" class=\"wp-caption alignnone\"><img decoding=\"async\" class=\"wp-image-27768 size-full\" src=\"https:\/\/graphiste.com\/blog\/wp-content\/uploads\/sites\/4\/2021\/06\/reussir-bande-son-montage-video-wav.jpg\" alt=\"reussir-bande-son-montage-video-wav\" width=\"700\" height=\"394\" \/><figcaption id=\"caption-attachment-27768\" class=\"wp-caption-text\">Icons made by Vitaly Gorbachev from www.flaticon.com<\/figcaption><\/figure>\n<p>D\u2019un point de vue pragmatique, il est \u00e9galement essentiel de choisir un format de fichier sonore qui vous assure d\u2019un son homog\u00e8ne et toujours optimal, et ce, quel que soit le volume d\u2019\u00e9coute de la vid\u00e9o.<\/p>\n<p>Pr\u00e9f\u00e9rez donc utiliser un format .wav, et \u00e9vitez les formats .mp3 et .<a href=\"https:\/\/graphiste.com\/blog\/mov-avi-mp4-format-video-choisir\">mp4<\/a>.<\/p>\n<p>&nbsp;<\/p>\n<h2>Conclusion<\/h2>\n<p>Avec son effet dynamisant, la musique dispose d\u2019une r\u00e9elle capacit\u00e9 \u00e0 <a href=\"https:\/\/graphiste.com\/blog\/comment-creer-la-video-parfaite-sur-youtube\">booster l\u2019engagement<\/a> de votre cible, tout en aidant vos spectateurs \u00e0 m\u00e9moriser plus facilement les messages-cl\u00e9s de votre clip. De plus, une vid\u00e9o ponctu\u00e9e d\u2019une bande-son adapt\u00e9e permet d\u2019optimiser votre image de marque, tout en affirmant votre positionnement d\u2019entreprise.<\/p>\n<p>Le choix d\u2019une bande-son adapt\u00e9e, et d\u2019un montage soign\u00e9, s\u2019av\u00e8re donc primordial pour atteindre les objectifs de votre vid\u00e9o. Vous pouvez confier cette \u00e9tape d\u00e9licate de la r\u00e9alisation de votre vid\u00e9o \u00e0 un freelance de <a href=\"https:\/\/graphiste.com\/#open-fast?source=blog-text\">Graphiste.com<\/a>.<\/p>\n","protected":false},"excerpt":{"rendered":"<p>Une vid\u00e9o r\u00e9ussie a n\u00e9cessairement besoin d\u2019une bande-son parfaitement choisie. Avec son impact \u00e9motionnel puissant, et son action stimulante sur la m\u00e9moire, la musique est une alli\u00e9e de poids pour transmettre votre message de marque \u00e0 votre public cible. Une bande-son bien choisie et int\u00e9gr\u00e9e au montage, vous assure d\u2019obtenir une vid\u00e9o \u00e0 la fois [&hellip;]<\/p>\n","protected":false},"author":54,"featured_media":27766,"comment_status":"open","ping_status":"open","sticky":false,"template":"","format":"standard","meta":{"_acf_changed":false,"inline_featured_image":false,"footnotes":""},"categories":[24],"tags":[69],"class_list":["post-27759","post","type-post","status-publish","format-standard","has-post-thumbnail","hentry","category-video","tag-graphisme"],"acf":[],"yoast_head":"<!-- This site is optimized with the Yoast SEO plugin v25.9 - https:\/\/yoast.com\/wordpress\/plugins\/seo\/ -->\n<title>Montage vid\u00e9o\u00a0: 9 conseils pour r\u00e9ussir votre bande-sonore - Graphiste Blog<\/title>\n<meta name=\"description\" content=\"Une vid\u00e9o r\u00e9ussie a n\u00e9cessairement besoin d\u2019une bande-son parfaitement choisie. Avec son impact \u00e9motionnel puissant, et son action stimulante sur la\" \/>\n<meta name=\"robots\" content=\"index, follow, max-snippet:-1, max-image-preview:large, max-video-preview:-1\" \/>\n<link rel=\"canonical\" href=\"https:\/\/graphiste.com\/blog\/bande-sonore-video\/\" \/>\n<meta property=\"og:locale\" content=\"fr_FR\" \/>\n<meta property=\"og:type\" content=\"article\" \/>\n<meta property=\"og:title\" content=\"Montage vid\u00e9o\u00a0: 9 conseils pour r\u00e9ussir votre bande-sonore - Graphiste Blog\" \/>\n<meta property=\"og:description\" content=\"Une vid\u00e9o r\u00e9ussie a n\u00e9cessairement besoin d\u2019une bande-son parfaitement choisie. Avec son impact \u00e9motionnel puissant, et son action stimulante sur la\" \/>\n<meta property=\"og:url\" content=\"https:\/\/graphiste.com\/blog\/bande-sonore-video\/\" \/>\n<meta property=\"og:site_name\" content=\"Graphiste.com\" \/>\n<meta property=\"article:publisher\" content=\"https:\/\/www.facebook.com\/graphistesfreelances\" \/>\n<meta property=\"article:published_time\" content=\"2022-07-31T23:00:00+00:00\" \/>\n<meta property=\"article:modified_time\" content=\"2022-11-03T08:10:56+00:00\" \/>\n<meta property=\"og:image\" content=\"https:\/\/graphiste.com\/blog\/wp-content\/uploads\/sites\/4\/2021\/06\/reussir-bande-son-montage-video-1.jpg\" \/>\n\t<meta property=\"og:image:width\" content=\"850\" \/>\n\t<meta property=\"og:image:height\" content=\"423\" \/>\n\t<meta property=\"og:image:type\" content=\"image\/jpeg\" \/>\n<meta name=\"author\" content=\"Solenne Ricard\" \/>\n<meta name=\"twitter:card\" content=\"summary_large_image\" \/>\n<meta name=\"twitter:creator\" content=\"@Graphistecom\" \/>\n<meta name=\"twitter:site\" content=\"@Graphistecom\" \/>\n<meta name=\"twitter:label1\" content=\"\u00c9crit par\" \/>\n\t<meta name=\"twitter:data1\" content=\"Solenne Ricard\" \/>\n\t<meta name=\"twitter:label2\" content=\"Dur\u00e9e de lecture estim\u00e9e\" \/>\n\t<meta name=\"twitter:data2\" content=\"5 minutes\" \/>\n<script type=\"application\/ld+json\" class=\"yoast-schema-graph\">{\"@context\":\"https:\/\/schema.org\",\"@graph\":[{\"@type\":\"Article\",\"@id\":\"https:\/\/graphiste.com\/blog\/bande-sonore-video\/#article\",\"isPartOf\":{\"@id\":\"https:\/\/graphiste.com\/blog\/bande-sonore-video\/\"},\"author\":{\"name\":\"Solenne Ricard\",\"@id\":\"https:\/\/graphiste.com\/blog\/#\/schema\/person\/d32851799b2f02a17a0e64f98fe5def4\"},\"headline\":\"Montage vid\u00e9o\u00a0: 9 conseils pour r\u00e9ussir votre bande-sonore\",\"datePublished\":\"2022-07-31T23:00:00+00:00\",\"dateModified\":\"2022-11-03T08:10:56+00:00\",\"mainEntityOfPage\":{\"@id\":\"https:\/\/graphiste.com\/blog\/bande-sonore-video\/\"},\"wordCount\":986,\"commentCount\":0,\"publisher\":{\"@id\":\"https:\/\/graphiste.com\/blog\/#organization\"},\"image\":{\"@id\":\"https:\/\/graphiste.com\/blog\/bande-sonore-video\/#primaryimage\"},\"thumbnailUrl\":\"https:\/\/graphiste.com\/blog\/wp-content\/uploads\/sites\/4\/2021\/06\/reussir-bande-son-montage-video-1.jpg\",\"keywords\":[\"Tout savoir sur le Graphisme\"],\"articleSection\":[\"Vid\u00e9o\"],\"inLanguage\":\"fr-FR\",\"potentialAction\":[{\"@type\":\"CommentAction\",\"name\":\"Comment\",\"target\":[\"https:\/\/graphiste.com\/blog\/bande-sonore-video\/#respond\"]}]},{\"@type\":\"WebPage\",\"@id\":\"https:\/\/graphiste.com\/blog\/bande-sonore-video\/\",\"url\":\"https:\/\/graphiste.com\/blog\/bande-sonore-video\/\",\"name\":\"Montage vid\u00e9o\u00a0: 9 conseils pour r\u00e9ussir votre bande-sonore - Graphiste Blog\",\"isPartOf\":{\"@id\":\"https:\/\/graphiste.com\/blog\/#website\"},\"primaryImageOfPage\":{\"@id\":\"https:\/\/graphiste.com\/blog\/bande-sonore-video\/#primaryimage\"},\"image\":{\"@id\":\"https:\/\/graphiste.com\/blog\/bande-sonore-video\/#primaryimage\"},\"thumbnailUrl\":\"https:\/\/graphiste.com\/blog\/wp-content\/uploads\/sites\/4\/2021\/06\/reussir-bande-son-montage-video-1.jpg\",\"datePublished\":\"2022-07-31T23:00:00+00:00\",\"dateModified\":\"2022-11-03T08:10:56+00:00\",\"description\":\"Une vid\u00e9o r\u00e9ussie a n\u00e9cessairement besoin d\u2019une bande-son parfaitement choisie. Avec son impact \u00e9motionnel puissant, et son action stimulante sur la\",\"breadcrumb\":{\"@id\":\"https:\/\/graphiste.com\/blog\/bande-sonore-video\/#breadcrumb\"},\"inLanguage\":\"fr-FR\",\"potentialAction\":[{\"@type\":\"ReadAction\",\"target\":[\"https:\/\/graphiste.com\/blog\/bande-sonore-video\/\"]}]},{\"@type\":\"ImageObject\",\"inLanguage\":\"fr-FR\",\"@id\":\"https:\/\/graphiste.com\/blog\/bande-sonore-video\/#primaryimage\",\"url\":\"https:\/\/graphiste.com\/blog\/wp-content\/uploads\/sites\/4\/2021\/06\/reussir-bande-son-montage-video-1.jpg\",\"contentUrl\":\"https:\/\/graphiste.com\/blog\/wp-content\/uploads\/sites\/4\/2021\/06\/reussir-bande-son-montage-video-1.jpg\",\"width\":850,\"height\":423,\"caption\":\"Fond vecteur cr\u00e9\u00e9 par macrovector - fr.freepik.com\"},{\"@type\":\"BreadcrumbList\",\"@id\":\"https:\/\/graphiste.com\/blog\/bande-sonore-video\/#breadcrumb\",\"itemListElement\":[{\"@type\":\"ListItem\",\"position\":1,\"name\":\"Blog\",\"item\":\"https:\/\/graphiste.com\/blog\/\"},{\"@type\":\"ListItem\",\"position\":2,\"name\":\"Montage vid\u00e9o\u00a0: 9 conseils pour r\u00e9ussir votre bande-sonore\"}]},{\"@type\":\"WebSite\",\"@id\":\"https:\/\/graphiste.com\/blog\/#website\",\"url\":\"https:\/\/graphiste.com\/blog\/\",\"name\":\"Graphiste.com\",\"description\":\"graphiste\",\"publisher\":{\"@id\":\"https:\/\/graphiste.com\/blog\/#organization\"},\"potentialAction\":[{\"@type\":\"SearchAction\",\"target\":{\"@type\":\"EntryPoint\",\"urlTemplate\":\"https:\/\/graphiste.com\/blog\/?s={search_term_string}\"},\"query-input\":{\"@type\":\"PropertyValueSpecification\",\"valueRequired\":true,\"valueName\":\"search_term_string\"}}],\"inLanguage\":\"fr-FR\"},{\"@type\":\"Organization\",\"@id\":\"https:\/\/graphiste.com\/blog\/#organization\",\"name\":\"Graphiste.com\",\"url\":\"https:\/\/graphiste.com\/blog\/\",\"logo\":{\"@type\":\"ImageObject\",\"inLanguage\":\"fr-FR\",\"@id\":\"https:\/\/graphiste.com\/blog\/#\/schema\/logo\/image\/\",\"url\":\"https:\/\/graphiste.com\/blog\/wp-content\/uploads\/sites\/4\/2022\/07\/logo-blog-graphiste.svg\",\"contentUrl\":\"https:\/\/graphiste.com\/blog\/wp-content\/uploads\/sites\/4\/2022\/07\/logo-blog-graphiste.svg\",\"width\":1,\"height\":1,\"caption\":\"Graphiste.com\"},\"image\":{\"@id\":\"https:\/\/graphiste.com\/blog\/#\/schema\/logo\/image\/\"},\"sameAs\":[\"https:\/\/www.facebook.com\/graphistesfreelances\",\"https:\/\/x.com\/Graphistecom\",\"https:\/\/www.linkedin.com\/company\/graphiste-com\/\",\"https:\/\/fr.pinterest.com\/Graphiste_Com\",\"https:\/\/www.instagram.com\/graphiste_com\/\"]},{\"@type\":\"Person\",\"@id\":\"https:\/\/graphiste.com\/blog\/#\/schema\/person\/d32851799b2f02a17a0e64f98fe5def4\",\"name\":\"Solenne Ricard\",\"image\":{\"@type\":\"ImageObject\",\"inLanguage\":\"fr-FR\",\"@id\":\"https:\/\/graphiste.com\/blog\/#\/schema\/person\/image\/\",\"url\":\"https:\/\/secure.gravatar.com\/avatar\/89317884380ee1cf794e2e807f66c0d7d6ccf7fe2779b34a087382d27c0f12ee?s=96&d=mm&r=g\",\"contentUrl\":\"https:\/\/secure.gravatar.com\/avatar\/89317884380ee1cf794e2e807f66c0d7d6ccf7fe2779b34a087382d27c0f12ee?s=96&d=mm&r=g\",\"caption\":\"Solenne Ricard\"},\"description\":\"Dipl\u00f4m\u00e9e d'une licence d'Histoire de l'Art, Solenne propose un point de vue expert sur le graphisme et les outils cr\u00e9atifs.\",\"sameAs\":[\"https:\/\/www.linkedin.com\/in\/solennericard\/\"],\"url\":\"https:\/\/graphiste.com\/blog\/author\/solenne-ricard\/\"}]}<\/script>\n<!-- \/ Yoast SEO plugin. -->","yoast_head_json":{"title":"Montage vid\u00e9o\u00a0: 9 conseils pour r\u00e9ussir votre bande-sonore - Graphiste Blog","description":"Une vid\u00e9o r\u00e9ussie a n\u00e9cessairement besoin d\u2019une bande-son parfaitement choisie. Avec son impact \u00e9motionnel puissant, et son action stimulante sur la","robots":{"index":"index","follow":"follow","max-snippet":"max-snippet:-1","max-image-preview":"max-image-preview:large","max-video-preview":"max-video-preview:-1"},"canonical":"https:\/\/graphiste.com\/blog\/bande-sonore-video\/","og_locale":"fr_FR","og_type":"article","og_title":"Montage vid\u00e9o\u00a0: 9 conseils pour r\u00e9ussir votre bande-sonore - Graphiste Blog","og_description":"Une vid\u00e9o r\u00e9ussie a n\u00e9cessairement besoin d\u2019une bande-son parfaitement choisie. Avec son impact \u00e9motionnel puissant, et son action stimulante sur la","og_url":"https:\/\/graphiste.com\/blog\/bande-sonore-video\/","og_site_name":"Graphiste.com","article_publisher":"https:\/\/www.facebook.com\/graphistesfreelances","article_published_time":"2022-07-31T23:00:00+00:00","article_modified_time":"2022-11-03T08:10:56+00:00","og_image":[{"width":850,"height":423,"url":"https:\/\/graphiste.com\/blog\/wp-content\/uploads\/sites\/4\/2021\/06\/reussir-bande-son-montage-video-1.jpg","type":"image\/jpeg"}],"author":"Solenne Ricard","twitter_card":"summary_large_image","twitter_creator":"@Graphistecom","twitter_site":"@Graphistecom","twitter_misc":{"\u00c9crit par":"Solenne Ricard","Dur\u00e9e de lecture estim\u00e9e":"5 minutes"},"schema":{"@context":"https:\/\/schema.org","@graph":[{"@type":"Article","@id":"https:\/\/graphiste.com\/blog\/bande-sonore-video\/#article","isPartOf":{"@id":"https:\/\/graphiste.com\/blog\/bande-sonore-video\/"},"author":{"name":"Solenne Ricard","@id":"https:\/\/graphiste.com\/blog\/#\/schema\/person\/d32851799b2f02a17a0e64f98fe5def4"},"headline":"Montage vid\u00e9o\u00a0: 9 conseils pour r\u00e9ussir votre bande-sonore","datePublished":"2022-07-31T23:00:00+00:00","dateModified":"2022-11-03T08:10:56+00:00","mainEntityOfPage":{"@id":"https:\/\/graphiste.com\/blog\/bande-sonore-video\/"},"wordCount":986,"commentCount":0,"publisher":{"@id":"https:\/\/graphiste.com\/blog\/#organization"},"image":{"@id":"https:\/\/graphiste.com\/blog\/bande-sonore-video\/#primaryimage"},"thumbnailUrl":"https:\/\/graphiste.com\/blog\/wp-content\/uploads\/sites\/4\/2021\/06\/reussir-bande-son-montage-video-1.jpg","keywords":["Tout savoir sur le Graphisme"],"articleSection":["Vid\u00e9o"],"inLanguage":"fr-FR","potentialAction":[{"@type":"CommentAction","name":"Comment","target":["https:\/\/graphiste.com\/blog\/bande-sonore-video\/#respond"]}]},{"@type":"WebPage","@id":"https:\/\/graphiste.com\/blog\/bande-sonore-video\/","url":"https:\/\/graphiste.com\/blog\/bande-sonore-video\/","name":"Montage vid\u00e9o\u00a0: 9 conseils pour r\u00e9ussir votre bande-sonore - Graphiste Blog","isPartOf":{"@id":"https:\/\/graphiste.com\/blog\/#website"},"primaryImageOfPage":{"@id":"https:\/\/graphiste.com\/blog\/bande-sonore-video\/#primaryimage"},"image":{"@id":"https:\/\/graphiste.com\/blog\/bande-sonore-video\/#primaryimage"},"thumbnailUrl":"https:\/\/graphiste.com\/blog\/wp-content\/uploads\/sites\/4\/2021\/06\/reussir-bande-son-montage-video-1.jpg","datePublished":"2022-07-31T23:00:00+00:00","dateModified":"2022-11-03T08:10:56+00:00","description":"Une vid\u00e9o r\u00e9ussie a n\u00e9cessairement besoin d\u2019une bande-son parfaitement choisie. Avec son impact \u00e9motionnel puissant, et son action stimulante sur la","breadcrumb":{"@id":"https:\/\/graphiste.com\/blog\/bande-sonore-video\/#breadcrumb"},"inLanguage":"fr-FR","potentialAction":[{"@type":"ReadAction","target":["https:\/\/graphiste.com\/blog\/bande-sonore-video\/"]}]},{"@type":"ImageObject","inLanguage":"fr-FR","@id":"https:\/\/graphiste.com\/blog\/bande-sonore-video\/#primaryimage","url":"https:\/\/graphiste.com\/blog\/wp-content\/uploads\/sites\/4\/2021\/06\/reussir-bande-son-montage-video-1.jpg","contentUrl":"https:\/\/graphiste.com\/blog\/wp-content\/uploads\/sites\/4\/2021\/06\/reussir-bande-son-montage-video-1.jpg","width":850,"height":423,"caption":"Fond vecteur cr\u00e9\u00e9 par macrovector - fr.freepik.com"},{"@type":"BreadcrumbList","@id":"https:\/\/graphiste.com\/blog\/bande-sonore-video\/#breadcrumb","itemListElement":[{"@type":"ListItem","position":1,"name":"Blog","item":"https:\/\/graphiste.com\/blog\/"},{"@type":"ListItem","position":2,"name":"Montage vid\u00e9o\u00a0: 9 conseils pour r\u00e9ussir votre bande-sonore"}]},{"@type":"WebSite","@id":"https:\/\/graphiste.com\/blog\/#website","url":"https:\/\/graphiste.com\/blog\/","name":"Graphiste.com","description":"graphiste","publisher":{"@id":"https:\/\/graphiste.com\/blog\/#organization"},"potentialAction":[{"@type":"SearchAction","target":{"@type":"EntryPoint","urlTemplate":"https:\/\/graphiste.com\/blog\/?s={search_term_string}"},"query-input":{"@type":"PropertyValueSpecification","valueRequired":true,"valueName":"search_term_string"}}],"inLanguage":"fr-FR"},{"@type":"Organization","@id":"https:\/\/graphiste.com\/blog\/#organization","name":"Graphiste.com","url":"https:\/\/graphiste.com\/blog\/","logo":{"@type":"ImageObject","inLanguage":"fr-FR","@id":"https:\/\/graphiste.com\/blog\/#\/schema\/logo\/image\/","url":"https:\/\/graphiste.com\/blog\/wp-content\/uploads\/sites\/4\/2022\/07\/logo-blog-graphiste.svg","contentUrl":"https:\/\/graphiste.com\/blog\/wp-content\/uploads\/sites\/4\/2022\/07\/logo-blog-graphiste.svg","width":1,"height":1,"caption":"Graphiste.com"},"image":{"@id":"https:\/\/graphiste.com\/blog\/#\/schema\/logo\/image\/"},"sameAs":["https:\/\/www.facebook.com\/graphistesfreelances","https:\/\/x.com\/Graphistecom","https:\/\/www.linkedin.com\/company\/graphiste-com\/","https:\/\/fr.pinterest.com\/Graphiste_Com","https:\/\/www.instagram.com\/graphiste_com\/"]},{"@type":"Person","@id":"https:\/\/graphiste.com\/blog\/#\/schema\/person\/d32851799b2f02a17a0e64f98fe5def4","name":"Solenne Ricard","image":{"@type":"ImageObject","inLanguage":"fr-FR","@id":"https:\/\/graphiste.com\/blog\/#\/schema\/person\/image\/","url":"https:\/\/secure.gravatar.com\/avatar\/89317884380ee1cf794e2e807f66c0d7d6ccf7fe2779b34a087382d27c0f12ee?s=96&d=mm&r=g","contentUrl":"https:\/\/secure.gravatar.com\/avatar\/89317884380ee1cf794e2e807f66c0d7d6ccf7fe2779b34a087382d27c0f12ee?s=96&d=mm&r=g","caption":"Solenne Ricard"},"description":"Dipl\u00f4m\u00e9e d'une licence d'Histoire de l'Art, Solenne propose un point de vue expert sur le graphisme et les outils cr\u00e9atifs.","sameAs":["https:\/\/www.linkedin.com\/in\/solennericard\/"],"url":"https:\/\/graphiste.com\/blog\/author\/solenne-ricard\/"}]}},"_links":{"self":[{"href":"https:\/\/graphiste.com\/blog\/wp-json\/wp\/v2\/posts\/27759","targetHints":{"allow":["GET"]}}],"collection":[{"href":"https:\/\/graphiste.com\/blog\/wp-json\/wp\/v2\/posts"}],"about":[{"href":"https:\/\/graphiste.com\/blog\/wp-json\/wp\/v2\/types\/post"}],"author":[{"embeddable":true,"href":"https:\/\/graphiste.com\/blog\/wp-json\/wp\/v2\/users\/54"}],"replies":[{"embeddable":true,"href":"https:\/\/graphiste.com\/blog\/wp-json\/wp\/v2\/comments?post=27759"}],"version-history":[{"count":0,"href":"https:\/\/graphiste.com\/blog\/wp-json\/wp\/v2\/posts\/27759\/revisions"}],"wp:featuredmedia":[{"embeddable":true,"href":"https:\/\/graphiste.com\/blog\/wp-json\/wp\/v2\/media\/27766"}],"wp:attachment":[{"href":"https:\/\/graphiste.com\/blog\/wp-json\/wp\/v2\/media?parent=27759"}],"wp:term":[{"taxonomy":"category","embeddable":true,"href":"https:\/\/graphiste.com\/blog\/wp-json\/wp\/v2\/categories?post=27759"},{"taxonomy":"post_tag","embeddable":true,"href":"https:\/\/graphiste.com\/blog\/wp-json\/wp\/v2\/tags?post=27759"}],"curies":[{"name":"wp","href":"https:\/\/api.w.org\/{rel}","templated":true}]}}