{"id":27702,"date":"2022-06-01T01:00:00","date_gmt":"2022-05-31T23:00:00","guid":{"rendered":"https:\/\/graphiste.com\/blog\/?p=27702"},"modified":"2026-01-09T15:14:41","modified_gmt":"2026-01-09T14:14:41","slug":"differentes-versions-logo","status":"publish","type":"post","link":"https:\/\/graphiste.com\/blog\/differentes-versions-logo\/","title":{"rendered":"9 versions de votre logo \u00e0 cr\u00e9er pour am\u00e9liorer votre visibilit\u00e9"},"content":{"rendered":"<p>Les entreprises de tous les secteurs ne peuvent plus d\u00e9sormais se contenter d\u2019un logo \u00e0 taille unique. La multitude de canaux de communication (num\u00e9riques et print) et de <a href=\"https:\/\/graphiste.com\/blog\/supports-de-communication-pour-votre-entreprise\">supports<\/a> (\u00e9crans, papiers\u2026) demandent d\u00e9sormais un <a href=\"https:\/\/graphiste.com\/blog\/creer-un-logo-responsive\">logo adaptatif<\/a>. En effet, pour des questions de lisibilit\u00e9, vous n\u2019utiliserez pas la m\u00eame version de votre logo sur vos r\u00e9seaux sociaux, votre site web, votre papeterie d\u2019entreprise, le packaging de vos produits, vos affiches publicitaires, etc. Ainsi, pour des besoins purement pragmatiques, le logo se d\u00e9cline aujourd\u2019hui dans de nombreuses versions, changeant de forme tant dans ses dimensions que dans sa complexit\u00e9 et sa couleur, afin de s\u2019adapter \u00e0 l\u2019environnement dans lequel il est utilis\u00e9. Voici donc les 9 versions de votre logo \u00e0 cr\u00e9er absolument afin d\u2019am\u00e9liorer votre visibilit\u00e9.<\/p>\n<h2>1. Le logo principal<\/h2>\n<p>Le logo principal est donc, comme son nom l\u2019indique, la version initiale du logo, celle que le designer pr\u00e9sente en tout premier \u00e0 son client.<\/p>\n<figure id=\"attachment_27709\" aria-describedby=\"caption-attachment-27709\" style=\"width: 700px\" class=\"wp-caption aligncenter\"><img decoding=\"async\" class=\"size-full wp-image-27709\" src=\"https:\/\/graphiste.com\/blog\/wp-content\/uploads\/sites\/4\/2021\/06\/Rodolphe_Arnaud.jpg\" alt=\"ameliorer-visibilite\u0301-logo\" width=\"700\" height=\"486\" \/><figcaption id=\"caption-attachment-27709\" class=\"wp-caption-text\">Logo principal H\u00e9liantis exp\u00e9rimentations, et sa charte &#8211; \u00a9 <a href=\"https:\/\/graphiste.com\/pictures\/283686-logo-heliantis\" target=\"_blank\" rel=\"noopener noreferrer\">Rodolphe Arnaud<\/a><\/figcaption><\/figure>\n<p>Les diff\u00e9rentes versions du logo sont d\u00e9clin\u00e9es \u00e0 partir de ce logo \u00ab\u00a0mod\u00e8le\u00a0\u00bb, avec des couleurs, des tailles ou des positions diff\u00e9rentes.<\/p>\n<h2>2. Le logo secondaire<\/h2>\n<p>Le logo secondaire utilise tous les \u00e9l\u00e9ments pr\u00e9sents dans le logo principal, mais ceux-ci sont dispos\u00e9s de mani\u00e8re diff\u00e9rente pour former une composition proche et n\u00e9anmoins distincte. Ce logo alternatif vous permet d\u2019acqu\u00e9rir plus de flexibilit\u00e9.<\/p>\n<figure id=\"attachment_27704\" aria-describedby=\"caption-attachment-27704\" style=\"width: 700px\" class=\"wp-caption aligncenter\"><img decoding=\"async\" class=\"size-full wp-image-27704\" src=\"https:\/\/graphiste.com\/blog\/wp-content\/uploads\/sites\/4\/2021\/06\/cecile_sanles.jpg\" alt=\"ameliorer-visibilite\u0301-logo\" width=\"700\" height=\"490\" \/><figcaption id=\"caption-attachment-27704\" class=\"wp-caption-text\">Variations du logo Paradores &#8211; \u00a9 <a href=\"https:\/\/graphiste.com\/pictures\/284207-logo-hotel\" target=\"_blank\" rel=\"noopener noreferrer\">Cecile Sanles<\/a><\/figcaption><\/figure>\n<p>Notons que dans certains cas, votre logo secondaire offre une version simplifi\u00e9e du logo principal afin de s\u2019adapter \u00e0 l\u2019espace disponible. On pense notamment aux profils des m\u00e9dias sociaux qui demande des versions plus compactes du logo, pour lesquels les \u00e9l\u00e9ments les moins prioritaires sont m\u00eame supprim\u00e9s.<\/p>\n<blockquote><p>\u00c0 lire aussi&nbsp;: <a href=\"https:\/\/graphiste.com\/blog\/adaptation-logo-international\">D\u00e9veloppement international&nbsp;: 5 raisons d\u2019adapter votre logo au pays cibl\u00e9<\/a><\/p><\/blockquote>\n<h2>3. Le logo en version horizontale<\/h2>\n<p>La version horizontale du logo principal fait partie des d\u00e9clinaisons incontournables. En effet, cette version permet d\u2019ins\u00e9rer le logo au bas des publicit\u00e9s imprim\u00e9es, mais aussi sur de tr\u00e8s nombreuses plateformes sociales. Ces derni\u00e8res pr\u00e9sentent en effet bien souvent un en-t\u00eate horizontal destin\u00e9 \u00e0 l\u2019int\u00e9gration de votre logo.<\/p>\n<figure id=\"attachment_27708\" aria-describedby=\"caption-attachment-27708\" style=\"width: 700px\" class=\"wp-caption aligncenter\"><img decoding=\"async\" class=\"size-full wp-image-27708\" src=\"https:\/\/graphiste.com\/blog\/wp-content\/uploads\/sites\/4\/2021\/06\/Patrice_De_Caro.jpg\" alt=\"ameliorer-visibilite\u0301-logo\" width=\"700\" height=\"431\" \/><figcaption id=\"caption-attachment-27708\" class=\"wp-caption-text\">Logo S\u00e9ch\u00e9 Group en version horizontale &#8211; \u00a9 <a href=\"https:\/\/graphiste.com\/pictures\/280139-logo-seche-environnement\" target=\"_blank\" rel=\"noopener noreferrer\">Patrice De Caro<\/a><\/figcaption><\/figure>\n<h2>4. Le logo empil\u00e9<\/h2>\n<p>La version empil\u00e9e du logo a sans doute une importance \u00e9quivalente \u00e0 celle du logo horizontal. En effet, le logo empil\u00e9 est souvent utilis\u00e9 sur les supports imprim\u00e9s qui n\u2019offrent pas un espace suffisant pour le logo horizontal.<\/p>\n<figure id=\"attachment_27706\" aria-describedby=\"caption-attachment-27706\" style=\"width: 700px\" class=\"wp-caption aligncenter\"><img decoding=\"async\" class=\"size-full wp-image-27706\" src=\"https:\/\/graphiste.com\/blog\/wp-content\/uploads\/sites\/4\/2021\/06\/Laurence_Barrau.jpg\" alt=\"ameliorer-visibilite\u0301-logo\" width=\"700\" height=\"490\" \/><figcaption id=\"caption-attachment-27706\" class=\"wp-caption-text\">Logo empil\u00e9 La Casita Cempasuchil &#8211; <a href=\"https:\/\/graphiste.com\/pictures\/283063-la-casita-cempasuchil\" target=\"_blank\" rel=\"noopener noreferrer\">\u00a9 Laurence Barrau<\/a><\/figcaption><\/figure>\n<p>On retrouve \u00e9galement tr\u00e8s souvent ce type de logo pour former le favicon des sites internet, ainsi qu\u2019en avatars.<\/p>\n<h2>5. Le logo monochrome<\/h2>\n<figure id=\"attachment_27711\" aria-describedby=\"caption-attachment-27711\" style=\"width: 700px\" class=\"wp-caption aligncenter\"><img decoding=\"async\" class=\"size-full wp-image-27711\" src=\"https:\/\/graphiste.com\/blog\/wp-content\/uploads\/sites\/4\/2021\/06\/Sifeddine_Idir.jpg\" alt=\"ameliorer-visibilite\u0301-logo\" width=\"700\" height=\"486\" \/><figcaption id=\"caption-attachment-27711\" class=\"wp-caption-text\">Logo monochrome Chameleon &#8211; \u00a9 <a href=\"https:\/\/graphiste.com\/pictures\/284804\" target=\"_blank\" rel=\"noopener noreferrer\">Sifeddine Idir<\/a><\/figcaption><\/figure>\n<p>Le logo en version monochrome est \u00e9galement essentiel, puisqu\u2019il permet de charter votre logo pour toute int\u00e9gration qui requiert un fond diff\u00e9rent de celui que vous aviez initialement pr\u00e9vu.<\/p>\n<p>Le logo s\u2019adapte ainsi \u00e0 toute insertion sur des cartes de visite, des en-t\u00eates, ou des emballages, par exemple.<\/p>\n<h2>6. Le logo de couleurs vari\u00e9es<\/h2>\n<figure id=\"attachment_27707\" aria-describedby=\"caption-attachment-27707\" style=\"width: 700px\" class=\"wp-caption aligncenter\"><img decoding=\"async\" class=\"size-full wp-image-27707\" src=\"https:\/\/graphiste.com\/blog\/wp-content\/uploads\/sites\/4\/2021\/06\/Marianne__C3_A7uko.jpg\" alt=\"ameliorer-visibilite\u0301-logo\" width=\"700\" height=\"490\" \/><figcaption id=\"caption-attachment-27707\" class=\"wp-caption-text\">Variations de couleurs et motifs du logo Caf\u00e9 du progr\u00e8s &#8211; \u00a9 <a href=\"https:\/\/graphiste.com\/pictures\/285152-cafe-du-progres\" target=\"_blank\" rel=\"noopener noreferrer\">Marianne \u00e7uko<\/a><\/figcaption><\/figure>\n<p>D\u00e9cliner votre <a href=\"https:\/\/graphiste.com\/blog\/exemples-couleurs-associer-concevoir-logo\">logo<\/a> en plusieurs versions color\u00e9es peut \u00e9galement s\u2019av\u00e9rer un atout pour votre marque, en particulier si vous travaillez dans le commerce de produits, avec diff\u00e9rents conditionnements. Vous pouvez, par exemple, diff\u00e9rencier vos ventes en gros ou au d\u00e9tail gr\u00e2ce \u00e0 cette repr\u00e9sentation diff\u00e9rente de votre logo.<\/p>\n<h2>7. Le logo carr\u00e9<\/h2>\n<p>Une version carr\u00e9e de votre logo est une option utile pour personnaliser les ic\u00f4nes de vos m\u00e9dias sociaux.<\/p>\n<figure id=\"attachment_27712\" aria-describedby=\"caption-attachment-27712\" style=\"width: 700px\" class=\"wp-caption alignnone\"><img decoding=\"async\" class=\"size-full wp-image-27712\" src=\"https:\/\/graphiste.com\/blog\/wp-content\/uploads\/sites\/4\/2021\/06\/Wafa_Adjeroudi.jpg\" alt=\"ameliorer-visibilite\u0301-logo\" width=\"700\" height=\"486\" \/><figcaption id=\"caption-attachment-27712\" class=\"wp-caption-text\">Logos Against the grain, Chouk\u00e8t, Kenk\u00f4m, Matildae, Juju et Roberta &#8211; \u00a9 <a href=\"https:\/\/graphiste.com\/pictures\/283957-logofolio-plusieurs-projets\" target=\"_blank\" rel=\"noopener noreferrer\">Wafa Adjeroudi<\/a><\/figcaption><\/figure>\n<p>Difficile donc de se passer de cette variation devenue un incontournable de la communication digitald.<\/p>\n<h2>8. Le logo filigran\u00e9<\/h2>\n<p>Le <a href=\"https:\/\/graphiste.com\/blog\/guide-refonte-logo\">logo<\/a> filigran\u00e9 prend g\u00e9n\u00e9ralement une forme simplifi\u00e9e du logo principal. Il s\u2019agit m\u00eame, le plus souvent, d\u2019une ic\u00f4ne ou des initiales de la marque.<\/p>\n<figure id=\"attachment_27705\" aria-describedby=\"caption-attachment-27705\" style=\"width: 700px\" class=\"wp-caption aligncenter\"><img decoding=\"async\" class=\"size-full wp-image-27705\" src=\"https:\/\/graphiste.com\/blog\/wp-content\/uploads\/sites\/4\/2021\/06\/Elise_Loison.jpg\" alt=\"ameliorer-visibilite\u0301-logo\" width=\"700\" height=\"490\" \/><figcaption id=\"caption-attachment-27705\" class=\"wp-caption-text\">Logo de photographe utilisable en filigrane &#8211; \u00a9 <a href=\"https:\/\/graphiste.com\/pictures\/168348\" target=\"_blank\" rel=\"noopener noreferrer\">Elise Loison<\/a><\/figcaption><\/figure>\n<p>Cette d\u00e9clinaison est particuli\u00e8rement importante pour la protection de vos droits d&#8217;auteur, et pour la commercialisation de vos \u0153uvres num\u00e9riques. Elle est notamment tr\u00e8s usit\u00e9e chez les photographes.<\/p>\n<h2>9. Le logo de type monogramme<\/h2>\n<p>Le <a href=\"https:\/\/graphiste.com\/blog\/comment-creer-logo-monogramme\">monogramme<\/a> est une version tr\u00e8s compacte du logo, utilis\u00e9 dans les espaces les plus r\u00e9duits. Ce type de logo est con\u00e7u gr\u00e2ce \u00e0 la combinaison simple et \u00e9l\u00e9gante des initiales du nom de l\u2019entreprise.<\/p>\n<figure id=\"attachment_27710\" aria-describedby=\"caption-attachment-27710\" style=\"width: 700px\" class=\"wp-caption aligncenter\"><img decoding=\"async\" class=\"size-full wp-image-27710\" src=\"https:\/\/graphiste.com\/blog\/wp-content\/uploads\/sites\/4\/2021\/06\/Sarah_Adore.jpg\" alt=\"ameliorer-visibilite\u0301-logo\" width=\"700\" height=\"486\" \/><figcaption id=\"caption-attachment-27710\" class=\"wp-caption-text\">Monogramme pour un cabinet d&#8217;architecture &#8211; \u00a9 <a href=\"https:\/\/graphiste.com\/pictures\/270636\" target=\"_blank\" rel=\"noopener noreferrer\">Sarah Adore<\/a><\/figcaption><\/figure>\n<p>On l\u2019utilise notamment beaucoup en r\u00e9p\u00e9tition, de mani\u00e8re \u00e0 cr\u00e9er des motifs alors imprim\u00e9s sur les rubans d&#8217;emballage, la signal\u00e9tique, ou encore en papier peint\u2026<\/p>\n<blockquote><p>\u00c0 lire aussi&nbsp;: <a href=\"https:\/\/graphiste.com\/blog\/idees-video-entreprise\">10 id\u00e9es de vid\u00e9o pour augmenter la visibilit\u00e9 de votre entreprise<\/a><\/p><\/blockquote>\n<h2>Conclusion<\/h2>\n<p>\u00c0 priori, il semble plus simple de ne poss\u00e9der qu\u2019un seul logo. Toutefois, l\u2019\u00e9volution fulgurante et les innovations constantes connues par le secteur de la communication, ne vous permettent plus de vous contenter d\u2019un logo unique. Un logo adapt\u00e9 \u00e0 chaque situation vous permet ainsi de gagner en visibilit\u00e9, en diffusant votre image \u00e0 travers tous les canaux disponibles.<\/p>\n<p>Faites cr\u00e9er votre logo en diff\u00e9rentes versions sur <a href=\"https:\/\/graphiste.com\/#open-fast?source=blog-text\">Graphiste.com<\/a>. Postez votre annonce gratuitement et recevez les propositions de nombreux graphistes freelances.<\/p>\n","protected":false},"excerpt":{"rendered":"<p>Les entreprises de tous les secteurs ne peuvent plus d\u00e9sormais se contenter d\u2019un logo \u00e0 taille unique. La multitude de canaux de communication (num\u00e9riques et print) et de supports (\u00e9crans, papiers\u2026) demandent d\u00e9sormais un logo adaptatif. En effet, pour des questions de lisibilit\u00e9, vous n\u2019utiliserez pas la m\u00eame version de votre logo sur vos r\u00e9seaux [&hellip;]<\/p>\n","protected":false},"author":54,"featured_media":27703,"comment_status":"open","ping_status":"open","sticky":false,"template":"","format":"standard","meta":{"_acf_changed":false,"inline_featured_image":false,"footnotes":""},"categories":[11],"tags":[42],"class_list":["post-27702","post","type-post","status-publish","format-standard","has-post-thumbnail","hentry","category-logo","tag-creer-marque"],"acf":[],"yoast_head":"<!-- This site is optimized with the Yoast SEO plugin v25.9 - https:\/\/yoast.com\/wordpress\/plugins\/seo\/ -->\n<title>9 versions de votre logo \u00e0 cr\u00e9er pour am\u00e9liorer votre visibilit\u00e9 - Graphiste Blog<\/title>\n<meta name=\"description\" content=\"Les entreprises de tous les secteurs ne peuvent plus d\u00e9sormais se contenter d\u2019un logo \u00e0 taille unique. La multitude de canaux de communication (num\u00e9riques\" \/>\n<meta name=\"robots\" content=\"index, follow, max-snippet:-1, max-image-preview:large, max-video-preview:-1\" \/>\n<link rel=\"canonical\" href=\"https:\/\/graphiste.com\/blog\/differentes-versions-logo\/\" \/>\n<meta property=\"og:locale\" content=\"fr_FR\" \/>\n<meta property=\"og:type\" content=\"article\" \/>\n<meta property=\"og:title\" content=\"9 versions de votre logo \u00e0 cr\u00e9er pour am\u00e9liorer votre visibilit\u00e9 - Graphiste Blog\" \/>\n<meta property=\"og:description\" content=\"Les entreprises de tous les secteurs ne peuvent plus d\u00e9sormais se contenter d\u2019un logo \u00e0 taille unique. La multitude de canaux de communication (num\u00e9riques\" \/>\n<meta property=\"og:url\" content=\"https:\/\/graphiste.com\/blog\/differentes-versions-logo\/\" \/>\n<meta property=\"og:site_name\" content=\"Graphiste.com\" \/>\n<meta property=\"article:publisher\" content=\"https:\/\/www.facebook.com\/graphistesfreelances\" \/>\n<meta property=\"article:published_time\" content=\"2022-05-31T23:00:00+00:00\" \/>\n<meta property=\"article:modified_time\" content=\"2026-01-09T14:14:41+00:00\" \/>\n<meta property=\"og:image\" content=\"https:\/\/graphiste.com\/blog\/wp-content\/uploads\/sites\/4\/2021\/06\/ameliorer-visibilite\u0301-logo.jpg\" \/>\n\t<meta property=\"og:image:width\" content=\"850\" \/>\n\t<meta property=\"og:image:height\" content=\"423\" \/>\n\t<meta property=\"og:image:type\" content=\"image\/jpeg\" \/>\n<meta name=\"author\" content=\"Solenne Ricard\" \/>\n<meta name=\"twitter:card\" content=\"summary_large_image\" \/>\n<meta name=\"twitter:creator\" content=\"@Graphistecom\" \/>\n<meta name=\"twitter:site\" content=\"@Graphistecom\" \/>\n<meta name=\"twitter:label1\" content=\"\u00c9crit par\" \/>\n\t<meta name=\"twitter:data1\" content=\"Solenne Ricard\" \/>\n\t<meta name=\"twitter:label2\" content=\"Dur\u00e9e de lecture estim\u00e9e\" \/>\n\t<meta name=\"twitter:data2\" content=\"7 minutes\" \/>\n<script type=\"application\/ld+json\" class=\"yoast-schema-graph\">{\"@context\":\"https:\/\/schema.org\",\"@graph\":[{\"@type\":\"Article\",\"@id\":\"https:\/\/graphiste.com\/blog\/differentes-versions-logo\/#article\",\"isPartOf\":{\"@id\":\"https:\/\/graphiste.com\/blog\/differentes-versions-logo\/\"},\"author\":{\"name\":\"Solenne Ricard\",\"@id\":\"https:\/\/graphiste.com\/blog\/#\/schema\/person\/d32851799b2f02a17a0e64f98fe5def4\"},\"headline\":\"9 versions de votre logo \u00e0 cr\u00e9er pour am\u00e9liorer votre visibilit\u00e9\",\"datePublished\":\"2022-05-31T23:00:00+00:00\",\"dateModified\":\"2026-01-09T14:14:41+00:00\",\"mainEntityOfPage\":{\"@id\":\"https:\/\/graphiste.com\/blog\/differentes-versions-logo\/\"},\"wordCount\":999,\"commentCount\":0,\"publisher\":{\"@id\":\"https:\/\/graphiste.com\/blog\/#organization\"},\"image\":{\"@id\":\"https:\/\/graphiste.com\/blog\/differentes-versions-logo\/#primaryimage\"},\"thumbnailUrl\":\"https:\/\/graphiste.com\/blog\/wp-content\/uploads\/sites\/4\/2021\/06\/ameliorer-visibilite\u0301-logo.jpg\",\"keywords\":[\"Cr\u00e9er votre marque\"],\"articleSection\":[\"Logo\"],\"inLanguage\":\"fr-FR\",\"potentialAction\":[{\"@type\":\"CommentAction\",\"name\":\"Comment\",\"target\":[\"https:\/\/graphiste.com\/blog\/differentes-versions-logo\/#respond\"]}]},{\"@type\":\"WebPage\",\"@id\":\"https:\/\/graphiste.com\/blog\/differentes-versions-logo\/\",\"url\":\"https:\/\/graphiste.com\/blog\/differentes-versions-logo\/\",\"name\":\"9 versions de votre logo \u00e0 cr\u00e9er pour am\u00e9liorer votre visibilit\u00e9 - Graphiste Blog\",\"isPartOf\":{\"@id\":\"https:\/\/graphiste.com\/blog\/#website\"},\"primaryImageOfPage\":{\"@id\":\"https:\/\/graphiste.com\/blog\/differentes-versions-logo\/#primaryimage\"},\"image\":{\"@id\":\"https:\/\/graphiste.com\/blog\/differentes-versions-logo\/#primaryimage\"},\"thumbnailUrl\":\"https:\/\/graphiste.com\/blog\/wp-content\/uploads\/sites\/4\/2021\/06\/ameliorer-visibilite\u0301-logo.jpg\",\"datePublished\":\"2022-05-31T23:00:00+00:00\",\"dateModified\":\"2026-01-09T14:14:41+00:00\",\"description\":\"Les entreprises de tous les secteurs ne peuvent plus d\u00e9sormais se contenter d\u2019un logo \u00e0 taille unique. La multitude de canaux de communication (num\u00e9riques\",\"breadcrumb\":{\"@id\":\"https:\/\/graphiste.com\/blog\/differentes-versions-logo\/#breadcrumb\"},\"inLanguage\":\"fr-FR\",\"potentialAction\":[{\"@type\":\"ReadAction\",\"target\":[\"https:\/\/graphiste.com\/blog\/differentes-versions-logo\/\"]}]},{\"@type\":\"ImageObject\",\"inLanguage\":\"fr-FR\",\"@id\":\"https:\/\/graphiste.com\/blog\/differentes-versions-logo\/#primaryimage\",\"url\":\"https:\/\/graphiste.com\/blog\/wp-content\/uploads\/sites\/4\/2021\/06\/ameliorer-visibilite\u0301-logo.jpg\",\"contentUrl\":\"https:\/\/graphiste.com\/blog\/wp-content\/uploads\/sites\/4\/2021\/06\/ameliorer-visibilite\u0301-logo.jpg\",\"width\":850,\"height\":423,\"caption\":\"ameliorer-visibilite\u0301-logo\"},{\"@type\":\"BreadcrumbList\",\"@id\":\"https:\/\/graphiste.com\/blog\/differentes-versions-logo\/#breadcrumb\",\"itemListElement\":[{\"@type\":\"ListItem\",\"position\":1,\"name\":\"Blog\",\"item\":\"https:\/\/graphiste.com\/blog\/\"},{\"@type\":\"ListItem\",\"position\":2,\"name\":\"Branding\",\"item\":\"https:\/\/graphiste.com\/blog\/branding\/\"},{\"@type\":\"ListItem\",\"position\":3,\"name\":\"Logo\",\"item\":\"https:\/\/graphiste.com\/blog\/branding\/logo\/\"},{\"@type\":\"ListItem\",\"position\":4,\"name\":\"9 versions de votre logo \u00e0 cr\u00e9er pour am\u00e9liorer votre visibilit\u00e9\"}]},{\"@type\":\"WebSite\",\"@id\":\"https:\/\/graphiste.com\/blog\/#website\",\"url\":\"https:\/\/graphiste.com\/blog\/\",\"name\":\"Graphiste.com\",\"description\":\"graphiste\",\"publisher\":{\"@id\":\"https:\/\/graphiste.com\/blog\/#organization\"},\"potentialAction\":[{\"@type\":\"SearchAction\",\"target\":{\"@type\":\"EntryPoint\",\"urlTemplate\":\"https:\/\/graphiste.com\/blog\/?s={search_term_string}\"},\"query-input\":{\"@type\":\"PropertyValueSpecification\",\"valueRequired\":true,\"valueName\":\"search_term_string\"}}],\"inLanguage\":\"fr-FR\"},{\"@type\":\"Organization\",\"@id\":\"https:\/\/graphiste.com\/blog\/#organization\",\"name\":\"Graphiste.com\",\"url\":\"https:\/\/graphiste.com\/blog\/\",\"logo\":{\"@type\":\"ImageObject\",\"inLanguage\":\"fr-FR\",\"@id\":\"https:\/\/graphiste.com\/blog\/#\/schema\/logo\/image\/\",\"url\":\"https:\/\/graphiste.com\/blog\/wp-content\/uploads\/sites\/4\/2022\/07\/logo-blog-graphiste.svg\",\"contentUrl\":\"https:\/\/graphiste.com\/blog\/wp-content\/uploads\/sites\/4\/2022\/07\/logo-blog-graphiste.svg\",\"width\":1,\"height\":1,\"caption\":\"Graphiste.com\"},\"image\":{\"@id\":\"https:\/\/graphiste.com\/blog\/#\/schema\/logo\/image\/\"},\"sameAs\":[\"https:\/\/www.facebook.com\/graphistesfreelances\",\"https:\/\/x.com\/Graphistecom\",\"https:\/\/www.linkedin.com\/company\/graphiste-com\/\",\"https:\/\/fr.pinterest.com\/Graphiste_Com\",\"https:\/\/www.instagram.com\/graphiste_com\/\"]},{\"@type\":\"Person\",\"@id\":\"https:\/\/graphiste.com\/blog\/#\/schema\/person\/d32851799b2f02a17a0e64f98fe5def4\",\"name\":\"Solenne Ricard\",\"image\":{\"@type\":\"ImageObject\",\"inLanguage\":\"fr-FR\",\"@id\":\"https:\/\/graphiste.com\/blog\/#\/schema\/person\/image\/\",\"url\":\"https:\/\/secure.gravatar.com\/avatar\/89317884380ee1cf794e2e807f66c0d7d6ccf7fe2779b34a087382d27c0f12ee?s=96&d=mm&r=g\",\"contentUrl\":\"https:\/\/secure.gravatar.com\/avatar\/89317884380ee1cf794e2e807f66c0d7d6ccf7fe2779b34a087382d27c0f12ee?s=96&d=mm&r=g\",\"caption\":\"Solenne Ricard\"},\"description\":\"Dipl\u00f4m\u00e9e d'une licence d'Histoire de l'Art, Solenne propose un point de vue expert sur le graphisme et les outils cr\u00e9atifs.\",\"sameAs\":[\"https:\/\/www.linkedin.com\/in\/solennericard\/\"],\"url\":\"https:\/\/graphiste.com\/blog\/author\/solenne-ricard\/\"}]}<\/script>\n<!-- \/ Yoast SEO plugin. -->","yoast_head_json":{"title":"9 versions de votre logo \u00e0 cr\u00e9er pour am\u00e9liorer votre visibilit\u00e9 - Graphiste Blog","description":"Les entreprises de tous les secteurs ne peuvent plus d\u00e9sormais se contenter d\u2019un logo \u00e0 taille unique. La multitude de canaux de communication (num\u00e9riques","robots":{"index":"index","follow":"follow","max-snippet":"max-snippet:-1","max-image-preview":"max-image-preview:large","max-video-preview":"max-video-preview:-1"},"canonical":"https:\/\/graphiste.com\/blog\/differentes-versions-logo\/","og_locale":"fr_FR","og_type":"article","og_title":"9 versions de votre logo \u00e0 cr\u00e9er pour am\u00e9liorer votre visibilit\u00e9 - Graphiste Blog","og_description":"Les entreprises de tous les secteurs ne peuvent plus d\u00e9sormais se contenter d\u2019un logo \u00e0 taille unique. La multitude de canaux de communication (num\u00e9riques","og_url":"https:\/\/graphiste.com\/blog\/differentes-versions-logo\/","og_site_name":"Graphiste.com","article_publisher":"https:\/\/www.facebook.com\/graphistesfreelances","article_published_time":"2022-05-31T23:00:00+00:00","article_modified_time":"2026-01-09T14:14:41+00:00","og_image":[{"width":850,"height":423,"url":"https:\/\/graphiste.com\/blog\/wp-content\/uploads\/sites\/4\/2021\/06\/ameliorer-visibilite\u0301-logo.jpg","type":"image\/jpeg"}],"author":"Solenne Ricard","twitter_card":"summary_large_image","twitter_creator":"@Graphistecom","twitter_site":"@Graphistecom","twitter_misc":{"\u00c9crit par":"Solenne Ricard","Dur\u00e9e de lecture estim\u00e9e":"7 minutes"},"schema":{"@context":"https:\/\/schema.org","@graph":[{"@type":"Article","@id":"https:\/\/graphiste.com\/blog\/differentes-versions-logo\/#article","isPartOf":{"@id":"https:\/\/graphiste.com\/blog\/differentes-versions-logo\/"},"author":{"name":"Solenne Ricard","@id":"https:\/\/graphiste.com\/blog\/#\/schema\/person\/d32851799b2f02a17a0e64f98fe5def4"},"headline":"9 versions de votre logo \u00e0 cr\u00e9er pour am\u00e9liorer votre visibilit\u00e9","datePublished":"2022-05-31T23:00:00+00:00","dateModified":"2026-01-09T14:14:41+00:00","mainEntityOfPage":{"@id":"https:\/\/graphiste.com\/blog\/differentes-versions-logo\/"},"wordCount":999,"commentCount":0,"publisher":{"@id":"https:\/\/graphiste.com\/blog\/#organization"},"image":{"@id":"https:\/\/graphiste.com\/blog\/differentes-versions-logo\/#primaryimage"},"thumbnailUrl":"https:\/\/graphiste.com\/blog\/wp-content\/uploads\/sites\/4\/2021\/06\/ameliorer-visibilite\u0301-logo.jpg","keywords":["Cr\u00e9er votre marque"],"articleSection":["Logo"],"inLanguage":"fr-FR","potentialAction":[{"@type":"CommentAction","name":"Comment","target":["https:\/\/graphiste.com\/blog\/differentes-versions-logo\/#respond"]}]},{"@type":"WebPage","@id":"https:\/\/graphiste.com\/blog\/differentes-versions-logo\/","url":"https:\/\/graphiste.com\/blog\/differentes-versions-logo\/","name":"9 versions de votre logo \u00e0 cr\u00e9er pour am\u00e9liorer votre visibilit\u00e9 - Graphiste Blog","isPartOf":{"@id":"https:\/\/graphiste.com\/blog\/#website"},"primaryImageOfPage":{"@id":"https:\/\/graphiste.com\/blog\/differentes-versions-logo\/#primaryimage"},"image":{"@id":"https:\/\/graphiste.com\/blog\/differentes-versions-logo\/#primaryimage"},"thumbnailUrl":"https:\/\/graphiste.com\/blog\/wp-content\/uploads\/sites\/4\/2021\/06\/ameliorer-visibilite\u0301-logo.jpg","datePublished":"2022-05-31T23:00:00+00:00","dateModified":"2026-01-09T14:14:41+00:00","description":"Les entreprises de tous les secteurs ne peuvent plus d\u00e9sormais se contenter d\u2019un logo \u00e0 taille unique. La multitude de canaux de communication (num\u00e9riques","breadcrumb":{"@id":"https:\/\/graphiste.com\/blog\/differentes-versions-logo\/#breadcrumb"},"inLanguage":"fr-FR","potentialAction":[{"@type":"ReadAction","target":["https:\/\/graphiste.com\/blog\/differentes-versions-logo\/"]}]},{"@type":"ImageObject","inLanguage":"fr-FR","@id":"https:\/\/graphiste.com\/blog\/differentes-versions-logo\/#primaryimage","url":"https:\/\/graphiste.com\/blog\/wp-content\/uploads\/sites\/4\/2021\/06\/ameliorer-visibilite\u0301-logo.jpg","contentUrl":"https:\/\/graphiste.com\/blog\/wp-content\/uploads\/sites\/4\/2021\/06\/ameliorer-visibilite\u0301-logo.jpg","width":850,"height":423,"caption":"ameliorer-visibilite\u0301-logo"},{"@type":"BreadcrumbList","@id":"https:\/\/graphiste.com\/blog\/differentes-versions-logo\/#breadcrumb","itemListElement":[{"@type":"ListItem","position":1,"name":"Blog","item":"https:\/\/graphiste.com\/blog\/"},{"@type":"ListItem","position":2,"name":"Branding","item":"https:\/\/graphiste.com\/blog\/branding\/"},{"@type":"ListItem","position":3,"name":"Logo","item":"https:\/\/graphiste.com\/blog\/branding\/logo\/"},{"@type":"ListItem","position":4,"name":"9 versions de votre logo \u00e0 cr\u00e9er pour am\u00e9liorer votre visibilit\u00e9"}]},{"@type":"WebSite","@id":"https:\/\/graphiste.com\/blog\/#website","url":"https:\/\/graphiste.com\/blog\/","name":"Graphiste.com","description":"graphiste","publisher":{"@id":"https:\/\/graphiste.com\/blog\/#organization"},"potentialAction":[{"@type":"SearchAction","target":{"@type":"EntryPoint","urlTemplate":"https:\/\/graphiste.com\/blog\/?s={search_term_string}"},"query-input":{"@type":"PropertyValueSpecification","valueRequired":true,"valueName":"search_term_string"}}],"inLanguage":"fr-FR"},{"@type":"Organization","@id":"https:\/\/graphiste.com\/blog\/#organization","name":"Graphiste.com","url":"https:\/\/graphiste.com\/blog\/","logo":{"@type":"ImageObject","inLanguage":"fr-FR","@id":"https:\/\/graphiste.com\/blog\/#\/schema\/logo\/image\/","url":"https:\/\/graphiste.com\/blog\/wp-content\/uploads\/sites\/4\/2022\/07\/logo-blog-graphiste.svg","contentUrl":"https:\/\/graphiste.com\/blog\/wp-content\/uploads\/sites\/4\/2022\/07\/logo-blog-graphiste.svg","width":1,"height":1,"caption":"Graphiste.com"},"image":{"@id":"https:\/\/graphiste.com\/blog\/#\/schema\/logo\/image\/"},"sameAs":["https:\/\/www.facebook.com\/graphistesfreelances","https:\/\/x.com\/Graphistecom","https:\/\/www.linkedin.com\/company\/graphiste-com\/","https:\/\/fr.pinterest.com\/Graphiste_Com","https:\/\/www.instagram.com\/graphiste_com\/"]},{"@type":"Person","@id":"https:\/\/graphiste.com\/blog\/#\/schema\/person\/d32851799b2f02a17a0e64f98fe5def4","name":"Solenne Ricard","image":{"@type":"ImageObject","inLanguage":"fr-FR","@id":"https:\/\/graphiste.com\/blog\/#\/schema\/person\/image\/","url":"https:\/\/secure.gravatar.com\/avatar\/89317884380ee1cf794e2e807f66c0d7d6ccf7fe2779b34a087382d27c0f12ee?s=96&d=mm&r=g","contentUrl":"https:\/\/secure.gravatar.com\/avatar\/89317884380ee1cf794e2e807f66c0d7d6ccf7fe2779b34a087382d27c0f12ee?s=96&d=mm&r=g","caption":"Solenne Ricard"},"description":"Dipl\u00f4m\u00e9e d'une licence d'Histoire de l'Art, Solenne propose un point de vue expert sur le graphisme et les outils cr\u00e9atifs.","sameAs":["https:\/\/www.linkedin.com\/in\/solennericard\/"],"url":"https:\/\/graphiste.com\/blog\/author\/solenne-ricard\/"}]}},"_links":{"self":[{"href":"https:\/\/graphiste.com\/blog\/wp-json\/wp\/v2\/posts\/27702","targetHints":{"allow":["GET"]}}],"collection":[{"href":"https:\/\/graphiste.com\/blog\/wp-json\/wp\/v2\/posts"}],"about":[{"href":"https:\/\/graphiste.com\/blog\/wp-json\/wp\/v2\/types\/post"}],"author":[{"embeddable":true,"href":"https:\/\/graphiste.com\/blog\/wp-json\/wp\/v2\/users\/54"}],"replies":[{"embeddable":true,"href":"https:\/\/graphiste.com\/blog\/wp-json\/wp\/v2\/comments?post=27702"}],"version-history":[{"count":0,"href":"https:\/\/graphiste.com\/blog\/wp-json\/wp\/v2\/posts\/27702\/revisions"}],"wp:featuredmedia":[{"embeddable":true,"href":"https:\/\/graphiste.com\/blog\/wp-json\/wp\/v2\/media\/27703"}],"wp:attachment":[{"href":"https:\/\/graphiste.com\/blog\/wp-json\/wp\/v2\/media?parent=27702"}],"wp:term":[{"taxonomy":"category","embeddable":true,"href":"https:\/\/graphiste.com\/blog\/wp-json\/wp\/v2\/categories?post=27702"},{"taxonomy":"post_tag","embeddable":true,"href":"https:\/\/graphiste.com\/blog\/wp-json\/wp\/v2\/tags?post=27702"}],"curies":[{"name":"wp","href":"https:\/\/api.w.org\/{rel}","templated":true}]}}