{"id":27639,"date":"2023-07-26T10:30:00","date_gmt":"2023-07-26T08:30:00","guid":{"rendered":"https:\/\/graphiste.com\/blog\/?p=27639"},"modified":"2023-08-01T10:58:45","modified_gmt":"2023-08-01T08:58:45","slug":"choisir-couleurs-application-mobile","status":"publish","type":"post","link":"https:\/\/graphiste.com\/blog\/choisir-couleurs-application-mobile\/","title":{"rendered":"4 r\u00e8gles \u00e0 suivre pour bien choisir les couleurs de votre application mobile"},"content":{"rendered":"<p>(Illustration de l&#8217;article r\u00e9alis\u00e9e par <a href=\"https:\/\/www.linkedin.com\/in\/auxane-roche\/\">Auxane Roche<\/a>)<\/p>\n<p>Les <a href=\"https:\/\/graphiste.com\/blog\/couleurs-pantone-2021-design\">tendances en mati\u00e8re de couleurs<\/a> \u00e9voluent chaque ann\u00e9e. Des sch\u00e9mas colorim\u00e9triques standardis\u00e9s \u00e9mergent ainsi simultan\u00e9ment en fonction de ces tendances. Or, il vous faudra surtout choisir les couleurs de votre application mobile en fonction de quatre r\u00e8gles immuables, plut\u00f4t que de miser uniquement sur des tendances souvent \u00e9ph\u00e9m\u00e8res.<\/p>\n<p>Les couleurs sont notamment capables d\u2019affecter l\u2019humeur et le comportement des \u00eatres vivants, et donc de favoriser ou non l\u2019usage de votre application. Par cons\u00e9quent, votre palette chromatique s\u2019impose comme le second levier efficace pour favoriser l\u2019exp\u00e9rience utilisateur, juste apr\u00e8s les fonctionnalit\u00e9s elles-m\u00eames de l\u2019appli mobile.<\/p>\n<p>Voici donc 4\u00a0r\u00e8gles \u00e0 suivre pour bien choisir les couleurs de votre <a href=\"https:\/\/graphiste.com\/blog\/tendances-design-application-mobile\">application mobile<\/a>.<\/p>\n<h2>1. Choisir ses couleurs en fonction de l\u2019\u00e9motion recherch\u00e9e<\/h2>\n<p>Les couleurs de votre application mobile ont toujours un<a href=\"https:\/\/graphiste.com\/blog\/signification-des-couleurs\"> impact sur les \u00e9motions<\/a> de ses utilisateurs. La premi\u00e8re r\u00e8gle \u00e0 observer ici est donc de consid\u00e9rer en d\u00e9tail la signification de chacune des couleurs.<\/p>\n<div class=\"page\" title=\"Page 1\">\n<div class=\"layoutArea\">\n<div class=\"column\">\n<ul>\n<li>Le <a href=\"https:\/\/graphiste.com\/blog\/logo-rouge\">rouge<\/a> est traditionnellement associ\u00e9 \u00e0 l\u2019excitation, mais aussi \u00e0 la force et la stimulation. C\u2019est aussi le cas de l\u2019<a href=\"https:\/\/graphiste.com\/blog\/logo-orange\">orange<\/a>, dans une moindre mesure.<\/li>\n<li>Le <a href=\"https:\/\/graphiste.com\/blog\/logo-jaune\">jaune<\/a> est quant \u00e0 lui vecteur de sentiments de joie et d\u2019optimisme de par sa luminosit\u00e9.<\/li>\n<li>\u00c0 l\u2019inverse, le <a href=\"https:\/\/graphiste.com\/blog\/logo-bleu%e2%80%89\">bleu<\/a> transmet un sentiment de confiance et de qualit\u00e9. En fonction de ses nuances, il est capable d\u2019apaisement.<\/li>\n<li>Le <a href=\"https:\/\/graphiste.com\/blog\/logo-vert\">vert<\/a> est une couleur qui fait directement appel \u00e0 la nature, \u00e0 l\u2019environnement, ainsi qu\u2019\u00e0 la paix. Paradoxalement, certaines nuances de vert sont davantage associ\u00e9es \u00e0 des notions p\u00e9cuniaires.<\/li>\n<li>Etc.<\/li>\n<\/ul>\n<\/div>\n<\/div>\n<\/div>\n<figure id=\"attachment_50647\" aria-describedby=\"caption-attachment-50647\" style=\"width: 1276px\" class=\"wp-caption alignnone\"><img decoding=\"async\" class=\"wp-image-50647 size-full\" src=\"https:\/\/graphiste.com\/blog\/wp-content\/uploads\/sites\/4\/2022\/09\/Capture-decran-2023-07-18-a-10.50.43.png\" alt=\"\" width=\"1276\" height=\"956\" srcset=\"https:\/\/graphiste.com\/blog\/wp-content\/uploads\/sites\/4\/2022\/09\/Capture-decran-2023-07-18-a-10.50.43.png 1276w, https:\/\/graphiste.com\/blog\/wp-content\/uploads\/sites\/4\/2022\/09\/Capture-decran-2023-07-18-a-10.50.43-300x225.png 300w, https:\/\/graphiste.com\/blog\/wp-content\/uploads\/sites\/4\/2022\/09\/Capture-decran-2023-07-18-a-10.50.43-1024x767.png 1024w, https:\/\/graphiste.com\/blog\/wp-content\/uploads\/sites\/4\/2022\/09\/Capture-decran-2023-07-18-a-10.50.43-768x575.png 768w, https:\/\/graphiste.com\/blog\/wp-content\/uploads\/sites\/4\/2022\/09\/Capture-decran-2023-07-18-a-10.50.43-60x45.png 60w, https:\/\/graphiste.com\/blog\/wp-content\/uploads\/sites\/4\/2022\/09\/Capture-decran-2023-07-18-a-10.50.43-370x277.png 370w, https:\/\/graphiste.com\/blog\/wp-content\/uploads\/sites\/4\/2022\/09\/Capture-decran-2023-07-18-a-10.50.43-270x202.png 270w, https:\/\/graphiste.com\/blog\/wp-content\/uploads\/sites\/4\/2022\/09\/Capture-decran-2023-07-18-a-10.50.43-570x427.png 570w, https:\/\/graphiste.com\/blog\/wp-content\/uploads\/sites\/4\/2022\/09\/Capture-decran-2023-07-18-a-10.50.43-740x554.png 740w, https:\/\/graphiste.com\/blog\/wp-content\/uploads\/sites\/4\/2022\/09\/Capture-decran-2023-07-18-a-10.50.43-80x60.png 80w\" sizes=\"(max-width: 1276px) 100vw, 1276px\" \/><figcaption id=\"caption-attachment-50647\" class=\"wp-caption-text\">\u00a9 <a href=\"https:\/\/graphiste.com\/pictures\/340993-design-ui-pour-une-application-salomon\">Meredith Hoareau<\/a><\/figcaption><\/figure>\n<p>La couleur influence donc fortement les \u00e9motions de votre public. Choisir la bonne palette chromatique rev\u00eat ainsi d\u2019une grande importance, puisqu\u2019elle permet d\u2019influencer la fa\u00e7on dont votre application mobile est per\u00e7ue par son public.<\/p>\n<p>Choisissez donc d\u2019abord les v\u00f4tres en fonction des sentiments que vous souhaitez transmettre \u00e0 vos utilisateurs.<\/p>\n<h2>2. Opter pour des couleurs li\u00e9es au secteur d\u2019activit\u00e9 rattach\u00e9 \u00e0 votre application mobile<\/h2>\n<p>Relaxation, <a href=\"https:\/\/graphiste.com\/blog\/branding-elements-reussir-marque-alimentaire\">alimentaire<\/a>, jardinage, sport\u2026. On ne choisit pas les m\u00eames coloris selon l\u2019activit\u00e9 \u00e0 laquelle l\u2019application mobile est li\u00e9e. Dans l\u2019esprit collectif, chaque couleur est en effet associ\u00e9e \u00e0 une activit\u00e9 donn\u00e9e.<\/p>\n<p>Observons les deux exemples ci-dessous\u00a0:<\/p>\n<div class=\"page\" title=\"Page 1\">\n<div class=\"layoutArea\">\n<div class=\"column\">\n<ul>\n<li>Dans ce premier exemple, le graphiste associe le rouge et le jaune pour une application de restauration rapide. Une association m\u00fbrement r\u00e9fl\u00e9chie, puisque le rouge a tendance \u00e0 \u00e9veiller les app\u00e9tits, tandis que le jaune est associ\u00e9 \u00e0 la rapidit\u00e9 et au service de livraison.<\/li>\n<\/ul>\n<figure id=\"attachment_50646\" aria-describedby=\"caption-attachment-50646\" style=\"width: 1210px\" class=\"wp-caption alignnone\"><img decoding=\"async\" class=\"wp-image-50646 size-full\" src=\"https:\/\/graphiste.com\/blog\/wp-content\/uploads\/sites\/4\/2022\/09\/Capture-decran-2023-07-18-a-10.48.39.png\" alt=\"\" width=\"1210\" height=\"1166\" srcset=\"https:\/\/graphiste.com\/blog\/wp-content\/uploads\/sites\/4\/2022\/09\/Capture-decran-2023-07-18-a-10.48.39.png 1210w, https:\/\/graphiste.com\/blog\/wp-content\/uploads\/sites\/4\/2022\/09\/Capture-decran-2023-07-18-a-10.48.39-300x289.png 300w, https:\/\/graphiste.com\/blog\/wp-content\/uploads\/sites\/4\/2022\/09\/Capture-decran-2023-07-18-a-10.48.39-1024x987.png 1024w, https:\/\/graphiste.com\/blog\/wp-content\/uploads\/sites\/4\/2022\/09\/Capture-decran-2023-07-18-a-10.48.39-768x740.png 768w, https:\/\/graphiste.com\/blog\/wp-content\/uploads\/sites\/4\/2022\/09\/Capture-decran-2023-07-18-a-10.48.39-60x58.png 60w, https:\/\/graphiste.com\/blog\/wp-content\/uploads\/sites\/4\/2022\/09\/Capture-decran-2023-07-18-a-10.48.39-370x357.png 370w, https:\/\/graphiste.com\/blog\/wp-content\/uploads\/sites\/4\/2022\/09\/Capture-decran-2023-07-18-a-10.48.39-270x260.png 270w, https:\/\/graphiste.com\/blog\/wp-content\/uploads\/sites\/4\/2022\/09\/Capture-decran-2023-07-18-a-10.48.39-570x549.png 570w, https:\/\/graphiste.com\/blog\/wp-content\/uploads\/sites\/4\/2022\/09\/Capture-decran-2023-07-18-a-10.48.39-740x713.png 740w\" sizes=\"(max-width: 1210px) 100vw, 1210px\" \/><figcaption id=\"caption-attachment-50646\" class=\"wp-caption-text\">\u00a9 <a href=\"https:\/\/graphiste.com\/pictures\/343602-template-application-mobile\">Graphic Prod<\/a><\/figcaption><\/figure>\n<\/div>\n<\/div>\n<\/div>\n<ul>\n<li>Dans ce second exemple qui concerne cette fois une application de jardinage, le designer s\u2019est attach\u00e9 \u00e0 choisir des coloris proches de la nature et du v\u00e9g\u00e9tal, gr\u00e2ce \u00e0 l\u2019utilisation pr\u00e9dominante d\u2019un bleu vert, rehauss\u00e9 d\u2019un rose violac\u00e9 floral.<\/li>\n<\/ul>\n<figure id=\"attachment_50645\" aria-describedby=\"caption-attachment-50645\" style=\"width: 1274px\" class=\"wp-caption alignnone\"><img decoding=\"async\" class=\"wp-image-50645 size-full\" src=\"https:\/\/graphiste.com\/blog\/wp-content\/uploads\/sites\/4\/2022\/09\/Capture-decran-2023-07-18-a-10.47.29.png\" alt=\"\" width=\"1274\" height=\"848\" srcset=\"https:\/\/graphiste.com\/blog\/wp-content\/uploads\/sites\/4\/2022\/09\/Capture-decran-2023-07-18-a-10.47.29.png 1274w, https:\/\/graphiste.com\/blog\/wp-content\/uploads\/sites\/4\/2022\/09\/Capture-decran-2023-07-18-a-10.47.29-300x200.png 300w, https:\/\/graphiste.com\/blog\/wp-content\/uploads\/sites\/4\/2022\/09\/Capture-decran-2023-07-18-a-10.47.29-1024x682.png 1024w, https:\/\/graphiste.com\/blog\/wp-content\/uploads\/sites\/4\/2022\/09\/Capture-decran-2023-07-18-a-10.47.29-768x511.png 768w, https:\/\/graphiste.com\/blog\/wp-content\/uploads\/sites\/4\/2022\/09\/Capture-decran-2023-07-18-a-10.47.29-60x40.png 60w, https:\/\/graphiste.com\/blog\/wp-content\/uploads\/sites\/4\/2022\/09\/Capture-decran-2023-07-18-a-10.47.29-370x246.png 370w, https:\/\/graphiste.com\/blog\/wp-content\/uploads\/sites\/4\/2022\/09\/Capture-decran-2023-07-18-a-10.47.29-270x180.png 270w, https:\/\/graphiste.com\/blog\/wp-content\/uploads\/sites\/4\/2022\/09\/Capture-decran-2023-07-18-a-10.47.29-570x379.png 570w, https:\/\/graphiste.com\/blog\/wp-content\/uploads\/sites\/4\/2022\/09\/Capture-decran-2023-07-18-a-10.47.29-740x493.png 740w\" sizes=\"(max-width: 1274px) 100vw, 1274px\" \/><figcaption id=\"caption-attachment-50645\" class=\"wp-caption-text\">\u00a9<a href=\"https:\/\/graphiste.com\/pictures\/344544-flexipay\"> Meranda Takougang<\/a><\/figcaption><\/figure>\n<h2>3. Choisir un nombre limit\u00e9 de couleurs pour une application mobile<\/h2>\n<p>Gardez toujours en t\u00eate que vos utilisateurs pr\u00e9f\u00e8rent les applications avec un nombre r\u00e9duit de combinaisons de couleurs de base.<\/p>\n<p>L\u2019erreur classique est ici de cumuler les coloris dans le but de rendre l\u2019application mobile plus attrayante. Dans les faits, cette pratique a tendance \u00e0 la rendre confuse et brouillonne.<\/p>\n<p>Or, une appli r\u00e9ussie est une appli lisible, intuitive, avec une <a href=\"https:\/\/graphiste.com\/blog\/alternative-menu-hamburger\">navigation<\/a> claire afin de favoriser une bonne exp\u00e9rience utilisateur.<\/p>\n<figure id=\"attachment_27643\" aria-describedby=\"caption-attachment-27643\" style=\"width: 700px\" class=\"wp-caption aligncenter\"><img decoding=\"async\" class=\"size-full wp-image-27643\" src=\"https:\/\/graphiste.com\/blog\/wp-content\/uploads\/sites\/4\/2021\/06\/Estelle_Henrion.jpg\" alt=\"re\u0300gles-couleurs-application-mobile\" width=\"700\" height=\"600\" \/><figcaption id=\"caption-attachment-27643\" class=\"wp-caption-text\">\u00a9 <a href=\"https:\/\/graphiste.com\/pictures\/283777\" target=\"_blank\" rel=\"noopener noreferrer\">Estelle Henrion<\/a><\/figcaption><\/figure>\n<p>Pr\u00e9f\u00e9rez donc opter pour une couleur primaire de base, \u00e0 laquelle vous associerez quelques autres coloris compl\u00e9mentaires. Pour vous y aider, n\u2019h\u00e9sitez pas \u00e0 utiliser une <a href=\"https:\/\/graphiste.com\/blog\/comment-utiliser-cercle-chromatique\">roue chromatique<\/a>.<\/p>\n<p>Diff\u00e9rentes palettes de couleurs sont ici possibles\u00a0:<\/p>\n<div class=\"page\" title=\"Page 1\">\n<div class=\"layoutArea\">\n<div class=\"column\">\n<ul>\n<li>monochromatique\u2009;<\/li>\n<li>analogue\u2009;<\/li>\n<li>compl\u00e9mentaire\u2009;<\/li>\n<li>compl\u00e9mentaire fractionn\u00e9e\u2009;<\/li>\n<li>personnalis\u00e9e.<\/li>\n<\/ul>\n<\/div>\n<\/div>\n<\/div>\n<div class=\"page\" title=\"Page 1\">\n<div class=\"layoutArea\">\n<div class=\"column\"><\/div>\n<\/div>\n<\/div>\n<h2>4. Des couleurs choisies pour s\u2019int\u00e9grer \u00e0 l\u2019\u00e9cosyst\u00e8me de l\u2019application<\/h2>\n<p>La conception d\u2019une <a href=\"https:\/\/graphiste.com\/blog\/inspiration-design-creatifs-application-mobile\">application mobile<\/a> quelle qu\u2019elle soit, r\u00e9pond \u00e0 la r\u00e8gle des 3-C\u00a0: Coh\u00e9rence, Clart\u00e9 et Contenu, \u00e0 laquelle on devrait en r\u00e9alit\u00e9 ajouter un quatri\u00e8me C pour la Couleur.<\/p>\n<p>De fait, vous choisirez aussi vos couleurs en fonction du contenu et des fonctionnalit\u00e9s de votre application. Le choix des couleurs permet de <a href=\"https:\/\/graphiste.com\/blog\/hierarchie-visuelle-ameliorer-site\">cr\u00e9er une hi\u00e9rarchie visuelle<\/a> dans l\u2019application mobile, de composer sa structure avec des chemins de navigation fluides.<\/p>\n<figure id=\"attachment_27645\" aria-describedby=\"caption-attachment-27645\" style=\"width: 700px\" class=\"wp-caption aligncenter\"><img decoding=\"async\" class=\"size-full wp-image-27645\" src=\"https:\/\/graphiste.com\/blog\/wp-content\/uploads\/sites\/4\/2021\/06\/Webdesign_Consulting.jpg\" alt=\"re\u0300gles-couleurs-application-mobile\" width=\"700\" height=\"572\" \/><figcaption id=\"caption-attachment-27645\" class=\"wp-caption-text\">\u00a9 <a href=\"https:\/\/graphiste.com\/pictures\/283856\" target=\"_blank\" rel=\"noopener noreferrer\">Webdesign Consulting<\/a><\/figcaption><\/figure>\n<p>Votre sch\u00e9ma de couleurs doit ainsi parfaitement s\u2019int\u00e9grer \u00e0 la conception globale de votre interface visuelle, en favorisant notamment les interactions des utilisateurs, mais aussi l\u2019interaction des \u00e9l\u00e9ments de l\u2019interface entre eux, et du fonctionnement de l\u2019application dans l\u2019\u00e9cosyst\u00e8me de votre marque, de votre produit et de votre site Web.<\/p>\n<h2>Conclusion<\/h2>\n<p>Les <a href=\"https:\/\/graphiste.com\/blog\/couleurs-tendances-2021\">couleurs<\/a> jouent un r\u00f4le essentiel pour l\u2019exp\u00e9rience utilisateur d\u2019une application mobile. Mais un jeu de couleurs bien choisi permet \u00e9galement \u00e0 votre application de se d\u00e9marquer de la concurrence. Fondamentalement, son apparence est le tout premier \u00e9l\u00e9ment qui attire les utilisateurs et les pousses \u00e0 utiliser ses fonctionnalit\u00e9s plut\u00f4t que celles d\u2019une autre Trouvez des palettes de couleurs harmonieuses sur <a href=\"https:\/\/www.palettedecouleur.net\/?utm_source=Graphiste&amp;utm_medium=blog&amp;utm_campaign=couleur-appli\" target=\"_blank\" rel=\"noopener noreferrer\">PaletteDeCouleur.net<\/a>, notre outil 100\u00a0% gratuit\u2009!<\/p>\n<p>Vous \u00eates \u00e0 la recherche d\u2019un graphiste en mesure de cr\u00e9er le design de l\u2019interface de votre application mobile\u2009? Rendez-vous sur <a href=\"https:\/\/graphiste.com\/#open-fast?source=blog-text\">Graphiste.com.<\/a><\/p>\n","protected":false},"excerpt":{"rendered":"<p>(Illustration de l&#8217;article r\u00e9alis\u00e9e par Auxane Roche) Les tendances en mati\u00e8re de couleurs \u00e9voluent chaque ann\u00e9e. Des sch\u00e9mas colorim\u00e9triques standardis\u00e9s \u00e9mergent ainsi simultan\u00e9ment en fonction de ces tendances. Or, il vous faudra surtout choisir les couleurs de votre application mobile en fonction de quatre r\u00e8gles immuables, plut\u00f4t que de miser uniquement sur des tendances souvent [&hellip;]<\/p>\n","protected":false},"author":54,"featured_media":50649,"comment_status":"open","ping_status":"open","sticky":false,"template":"","format":"standard","meta":{"_acf_changed":false,"inline_featured_image":false,"footnotes":""},"categories":[29],"tags":[69],"class_list":["post-27639","post","type-post","status-publish","format-standard","has-post-thumbnail","hentry","category-application-mobile","tag-graphisme"],"acf":[],"yoast_head":"<!-- This site is optimized with the Yoast SEO plugin v25.9 - https:\/\/yoast.com\/wordpress\/plugins\/seo\/ -->\n<title>4 r\u00e8gles \u00e0 suivre pour bien choisir les couleurs de votre application mobile - Graphiste Blog<\/title>\n<meta name=\"description\" content=\"(Illustration de l&#039;article r\u00e9alis\u00e9e par Auxane Roche) Les tendances en mati\u00e8re de couleurs \u00e9voluent chaque ann\u00e9e. Des sch\u00e9mas colorim\u00e9triques standardis\u00e9s\" \/>\n<meta name=\"robots\" content=\"index, follow, max-snippet:-1, max-image-preview:large, max-video-preview:-1\" \/>\n<link rel=\"canonical\" href=\"https:\/\/graphiste.com\/blog\/choisir-couleurs-application-mobile\/\" \/>\n<meta property=\"og:locale\" content=\"fr_FR\" \/>\n<meta property=\"og:type\" content=\"article\" \/>\n<meta property=\"og:title\" content=\"4 r\u00e8gles \u00e0 suivre pour bien choisir les couleurs de votre application mobile - Graphiste Blog\" \/>\n<meta property=\"og:description\" content=\"(Illustration de l&#039;article r\u00e9alis\u00e9e par Auxane Roche) Les tendances en mati\u00e8re de couleurs \u00e9voluent chaque ann\u00e9e. Des sch\u00e9mas colorim\u00e9triques standardis\u00e9s\" \/>\n<meta property=\"og:url\" content=\"https:\/\/graphiste.com\/blog\/choisir-couleurs-application-mobile\/\" \/>\n<meta property=\"og:site_name\" content=\"Graphiste.com\" \/>\n<meta property=\"article:publisher\" content=\"https:\/\/www.facebook.com\/graphistesfreelances\" \/>\n<meta property=\"article:published_time\" content=\"2023-07-26T08:30:00+00:00\" \/>\n<meta property=\"article:modified_time\" content=\"2023-08-01T08:58:45+00:00\" \/>\n<meta property=\"og:image\" content=\"https:\/\/graphiste.com\/blog\/wp-content\/uploads\/sites\/4\/2022\/09\/Image-a-la-une-design-appli.png\" \/>\n\t<meta property=\"og:image:width\" content=\"1024\" \/>\n\t<meta property=\"og:image:height\" content=\"618\" \/>\n\t<meta property=\"og:image:type\" content=\"image\/png\" \/>\n<meta name=\"author\" content=\"Solenne Ricard\" \/>\n<meta name=\"twitter:card\" content=\"summary_large_image\" \/>\n<meta name=\"twitter:creator\" content=\"@Graphistecom\" \/>\n<meta name=\"twitter:site\" content=\"@Graphistecom\" \/>\n<meta name=\"twitter:label1\" content=\"\u00c9crit par\" \/>\n\t<meta name=\"twitter:data1\" content=\"Solenne Ricard\" \/>\n\t<meta name=\"twitter:label2\" content=\"Dur\u00e9e de lecture estim\u00e9e\" \/>\n\t<meta name=\"twitter:data2\" content=\"6 minutes\" \/>\n<script type=\"application\/ld+json\" class=\"yoast-schema-graph\">{\"@context\":\"https:\/\/schema.org\",\"@graph\":[{\"@type\":\"Article\",\"@id\":\"https:\/\/graphiste.com\/blog\/choisir-couleurs-application-mobile\/#article\",\"isPartOf\":{\"@id\":\"https:\/\/graphiste.com\/blog\/choisir-couleurs-application-mobile\/\"},\"author\":{\"name\":\"Solenne Ricard\",\"@id\":\"https:\/\/graphiste.com\/blog\/#\/schema\/person\/d32851799b2f02a17a0e64f98fe5def4\"},\"headline\":\"4 r\u00e8gles \u00e0 suivre pour bien choisir les couleurs de votre application mobile\",\"datePublished\":\"2023-07-26T08:30:00+00:00\",\"dateModified\":\"2023-08-01T08:58:45+00:00\",\"mainEntityOfPage\":{\"@id\":\"https:\/\/graphiste.com\/blog\/choisir-couleurs-application-mobile\/\"},\"wordCount\":931,\"commentCount\":0,\"publisher\":{\"@id\":\"https:\/\/graphiste.com\/blog\/#organization\"},\"image\":{\"@id\":\"https:\/\/graphiste.com\/blog\/choisir-couleurs-application-mobile\/#primaryimage\"},\"thumbnailUrl\":\"https:\/\/graphiste.com\/blog\/wp-content\/uploads\/sites\/4\/2022\/09\/Image-a-la-une-design-appli.png\",\"keywords\":[\"Tout savoir sur le Graphisme\"],\"articleSection\":[\"Application mobile\"],\"inLanguage\":\"fr-FR\",\"potentialAction\":[{\"@type\":\"CommentAction\",\"name\":\"Comment\",\"target\":[\"https:\/\/graphiste.com\/blog\/choisir-couleurs-application-mobile\/#respond\"]}]},{\"@type\":\"WebPage\",\"@id\":\"https:\/\/graphiste.com\/blog\/choisir-couleurs-application-mobile\/\",\"url\":\"https:\/\/graphiste.com\/blog\/choisir-couleurs-application-mobile\/\",\"name\":\"4 r\u00e8gles \u00e0 suivre pour bien choisir les couleurs de votre application mobile - Graphiste Blog\",\"isPartOf\":{\"@id\":\"https:\/\/graphiste.com\/blog\/#website\"},\"primaryImageOfPage\":{\"@id\":\"https:\/\/graphiste.com\/blog\/choisir-couleurs-application-mobile\/#primaryimage\"},\"image\":{\"@id\":\"https:\/\/graphiste.com\/blog\/choisir-couleurs-application-mobile\/#primaryimage\"},\"thumbnailUrl\":\"https:\/\/graphiste.com\/blog\/wp-content\/uploads\/sites\/4\/2022\/09\/Image-a-la-une-design-appli.png\",\"datePublished\":\"2023-07-26T08:30:00+00:00\",\"dateModified\":\"2023-08-01T08:58:45+00:00\",\"description\":\"(Illustration de l'article r\u00e9alis\u00e9e par Auxane Roche) Les tendances en mati\u00e8re de couleurs \u00e9voluent chaque ann\u00e9e. Des sch\u00e9mas colorim\u00e9triques standardis\u00e9s\",\"breadcrumb\":{\"@id\":\"https:\/\/graphiste.com\/blog\/choisir-couleurs-application-mobile\/#breadcrumb\"},\"inLanguage\":\"fr-FR\",\"potentialAction\":[{\"@type\":\"ReadAction\",\"target\":[\"https:\/\/graphiste.com\/blog\/choisir-couleurs-application-mobile\/\"]}]},{\"@type\":\"ImageObject\",\"inLanguage\":\"fr-FR\",\"@id\":\"https:\/\/graphiste.com\/blog\/choisir-couleurs-application-mobile\/#primaryimage\",\"url\":\"https:\/\/graphiste.com\/blog\/wp-content\/uploads\/sites\/4\/2022\/09\/Image-a-la-une-design-appli.png\",\"contentUrl\":\"https:\/\/graphiste.com\/blog\/wp-content\/uploads\/sites\/4\/2022\/09\/Image-a-la-une-design-appli.png\",\"width\":1024,\"height\":618},{\"@type\":\"BreadcrumbList\",\"@id\":\"https:\/\/graphiste.com\/blog\/choisir-couleurs-application-mobile\/#breadcrumb\",\"itemListElement\":[{\"@type\":\"ListItem\",\"position\":1,\"name\":\"Blog\",\"item\":\"https:\/\/graphiste.com\/blog\/\"},{\"@type\":\"ListItem\",\"position\":2,\"name\":\"Webdesign\",\"item\":\"https:\/\/graphiste.com\/blog\/webdesign\/\"},{\"@type\":\"ListItem\",\"position\":3,\"name\":\"Application mobile\",\"item\":\"https:\/\/graphiste.com\/blog\/webdesign\/application-mobile\/\"},{\"@type\":\"ListItem\",\"position\":4,\"name\":\"4 r\u00e8gles \u00e0 suivre pour bien choisir les couleurs de votre application mobile\"}]},{\"@type\":\"WebSite\",\"@id\":\"https:\/\/graphiste.com\/blog\/#website\",\"url\":\"https:\/\/graphiste.com\/blog\/\",\"name\":\"Graphiste.com\",\"description\":\"graphiste\",\"publisher\":{\"@id\":\"https:\/\/graphiste.com\/blog\/#organization\"},\"potentialAction\":[{\"@type\":\"SearchAction\",\"target\":{\"@type\":\"EntryPoint\",\"urlTemplate\":\"https:\/\/graphiste.com\/blog\/?s={search_term_string}\"},\"query-input\":{\"@type\":\"PropertyValueSpecification\",\"valueRequired\":true,\"valueName\":\"search_term_string\"}}],\"inLanguage\":\"fr-FR\"},{\"@type\":\"Organization\",\"@id\":\"https:\/\/graphiste.com\/blog\/#organization\",\"name\":\"Graphiste.com\",\"url\":\"https:\/\/graphiste.com\/blog\/\",\"logo\":{\"@type\":\"ImageObject\",\"inLanguage\":\"fr-FR\",\"@id\":\"https:\/\/graphiste.com\/blog\/#\/schema\/logo\/image\/\",\"url\":\"https:\/\/graphiste.com\/blog\/wp-content\/uploads\/sites\/4\/2022\/07\/logo-blog-graphiste.svg\",\"contentUrl\":\"https:\/\/graphiste.com\/blog\/wp-content\/uploads\/sites\/4\/2022\/07\/logo-blog-graphiste.svg\",\"width\":1,\"height\":1,\"caption\":\"Graphiste.com\"},\"image\":{\"@id\":\"https:\/\/graphiste.com\/blog\/#\/schema\/logo\/image\/\"},\"sameAs\":[\"https:\/\/www.facebook.com\/graphistesfreelances\",\"https:\/\/x.com\/Graphistecom\",\"https:\/\/www.linkedin.com\/company\/graphiste-com\/\",\"https:\/\/fr.pinterest.com\/Graphiste_Com\",\"https:\/\/www.instagram.com\/graphiste_com\/\"]},{\"@type\":\"Person\",\"@id\":\"https:\/\/graphiste.com\/blog\/#\/schema\/person\/d32851799b2f02a17a0e64f98fe5def4\",\"name\":\"Solenne Ricard\",\"image\":{\"@type\":\"ImageObject\",\"inLanguage\":\"fr-FR\",\"@id\":\"https:\/\/graphiste.com\/blog\/#\/schema\/person\/image\/\",\"url\":\"https:\/\/secure.gravatar.com\/avatar\/89317884380ee1cf794e2e807f66c0d7d6ccf7fe2779b34a087382d27c0f12ee?s=96&d=mm&r=g\",\"contentUrl\":\"https:\/\/secure.gravatar.com\/avatar\/89317884380ee1cf794e2e807f66c0d7d6ccf7fe2779b34a087382d27c0f12ee?s=96&d=mm&r=g\",\"caption\":\"Solenne Ricard\"},\"description\":\"Dipl\u00f4m\u00e9e d'une licence d'Histoire de l'Art, Solenne propose un point de vue expert sur le graphisme et les outils cr\u00e9atifs.\",\"sameAs\":[\"https:\/\/www.linkedin.com\/in\/solennericard\/\"],\"url\":\"https:\/\/graphiste.com\/blog\/author\/solenne-ricard\/\"}]}<\/script>\n<!-- \/ Yoast SEO plugin. -->","yoast_head_json":{"title":"4 r\u00e8gles \u00e0 suivre pour bien choisir les couleurs de votre application mobile - Graphiste Blog","description":"(Illustration de l'article r\u00e9alis\u00e9e par Auxane Roche) Les tendances en mati\u00e8re de couleurs \u00e9voluent chaque ann\u00e9e. Des sch\u00e9mas colorim\u00e9triques standardis\u00e9s","robots":{"index":"index","follow":"follow","max-snippet":"max-snippet:-1","max-image-preview":"max-image-preview:large","max-video-preview":"max-video-preview:-1"},"canonical":"https:\/\/graphiste.com\/blog\/choisir-couleurs-application-mobile\/","og_locale":"fr_FR","og_type":"article","og_title":"4 r\u00e8gles \u00e0 suivre pour bien choisir les couleurs de votre application mobile - Graphiste Blog","og_description":"(Illustration de l'article r\u00e9alis\u00e9e par Auxane Roche) Les tendances en mati\u00e8re de couleurs \u00e9voluent chaque ann\u00e9e. Des sch\u00e9mas colorim\u00e9triques standardis\u00e9s","og_url":"https:\/\/graphiste.com\/blog\/choisir-couleurs-application-mobile\/","og_site_name":"Graphiste.com","article_publisher":"https:\/\/www.facebook.com\/graphistesfreelances","article_published_time":"2023-07-26T08:30:00+00:00","article_modified_time":"2023-08-01T08:58:45+00:00","og_image":[{"width":1024,"height":618,"url":"https:\/\/graphiste.com\/blog\/wp-content\/uploads\/sites\/4\/2022\/09\/Image-a-la-une-design-appli.png","type":"image\/png"}],"author":"Solenne Ricard","twitter_card":"summary_large_image","twitter_creator":"@Graphistecom","twitter_site":"@Graphistecom","twitter_misc":{"\u00c9crit par":"Solenne Ricard","Dur\u00e9e de lecture estim\u00e9e":"6 minutes"},"schema":{"@context":"https:\/\/schema.org","@graph":[{"@type":"Article","@id":"https:\/\/graphiste.com\/blog\/choisir-couleurs-application-mobile\/#article","isPartOf":{"@id":"https:\/\/graphiste.com\/blog\/choisir-couleurs-application-mobile\/"},"author":{"name":"Solenne Ricard","@id":"https:\/\/graphiste.com\/blog\/#\/schema\/person\/d32851799b2f02a17a0e64f98fe5def4"},"headline":"4 r\u00e8gles \u00e0 suivre pour bien choisir les couleurs de votre application mobile","datePublished":"2023-07-26T08:30:00+00:00","dateModified":"2023-08-01T08:58:45+00:00","mainEntityOfPage":{"@id":"https:\/\/graphiste.com\/blog\/choisir-couleurs-application-mobile\/"},"wordCount":931,"commentCount":0,"publisher":{"@id":"https:\/\/graphiste.com\/blog\/#organization"},"image":{"@id":"https:\/\/graphiste.com\/blog\/choisir-couleurs-application-mobile\/#primaryimage"},"thumbnailUrl":"https:\/\/graphiste.com\/blog\/wp-content\/uploads\/sites\/4\/2022\/09\/Image-a-la-une-design-appli.png","keywords":["Tout savoir sur le Graphisme"],"articleSection":["Application mobile"],"inLanguage":"fr-FR","potentialAction":[{"@type":"CommentAction","name":"Comment","target":["https:\/\/graphiste.com\/blog\/choisir-couleurs-application-mobile\/#respond"]}]},{"@type":"WebPage","@id":"https:\/\/graphiste.com\/blog\/choisir-couleurs-application-mobile\/","url":"https:\/\/graphiste.com\/blog\/choisir-couleurs-application-mobile\/","name":"4 r\u00e8gles \u00e0 suivre pour bien choisir les couleurs de votre application mobile - Graphiste Blog","isPartOf":{"@id":"https:\/\/graphiste.com\/blog\/#website"},"primaryImageOfPage":{"@id":"https:\/\/graphiste.com\/blog\/choisir-couleurs-application-mobile\/#primaryimage"},"image":{"@id":"https:\/\/graphiste.com\/blog\/choisir-couleurs-application-mobile\/#primaryimage"},"thumbnailUrl":"https:\/\/graphiste.com\/blog\/wp-content\/uploads\/sites\/4\/2022\/09\/Image-a-la-une-design-appli.png","datePublished":"2023-07-26T08:30:00+00:00","dateModified":"2023-08-01T08:58:45+00:00","description":"(Illustration de l'article r\u00e9alis\u00e9e par Auxane Roche) Les tendances en mati\u00e8re de couleurs \u00e9voluent chaque ann\u00e9e. Des sch\u00e9mas colorim\u00e9triques standardis\u00e9s","breadcrumb":{"@id":"https:\/\/graphiste.com\/blog\/choisir-couleurs-application-mobile\/#breadcrumb"},"inLanguage":"fr-FR","potentialAction":[{"@type":"ReadAction","target":["https:\/\/graphiste.com\/blog\/choisir-couleurs-application-mobile\/"]}]},{"@type":"ImageObject","inLanguage":"fr-FR","@id":"https:\/\/graphiste.com\/blog\/choisir-couleurs-application-mobile\/#primaryimage","url":"https:\/\/graphiste.com\/blog\/wp-content\/uploads\/sites\/4\/2022\/09\/Image-a-la-une-design-appli.png","contentUrl":"https:\/\/graphiste.com\/blog\/wp-content\/uploads\/sites\/4\/2022\/09\/Image-a-la-une-design-appli.png","width":1024,"height":618},{"@type":"BreadcrumbList","@id":"https:\/\/graphiste.com\/blog\/choisir-couleurs-application-mobile\/#breadcrumb","itemListElement":[{"@type":"ListItem","position":1,"name":"Blog","item":"https:\/\/graphiste.com\/blog\/"},{"@type":"ListItem","position":2,"name":"Webdesign","item":"https:\/\/graphiste.com\/blog\/webdesign\/"},{"@type":"ListItem","position":3,"name":"Application mobile","item":"https:\/\/graphiste.com\/blog\/webdesign\/application-mobile\/"},{"@type":"ListItem","position":4,"name":"4 r\u00e8gles \u00e0 suivre pour bien choisir les couleurs de votre application mobile"}]},{"@type":"WebSite","@id":"https:\/\/graphiste.com\/blog\/#website","url":"https:\/\/graphiste.com\/blog\/","name":"Graphiste.com","description":"graphiste","publisher":{"@id":"https:\/\/graphiste.com\/blog\/#organization"},"potentialAction":[{"@type":"SearchAction","target":{"@type":"EntryPoint","urlTemplate":"https:\/\/graphiste.com\/blog\/?s={search_term_string}"},"query-input":{"@type":"PropertyValueSpecification","valueRequired":true,"valueName":"search_term_string"}}],"inLanguage":"fr-FR"},{"@type":"Organization","@id":"https:\/\/graphiste.com\/blog\/#organization","name":"Graphiste.com","url":"https:\/\/graphiste.com\/blog\/","logo":{"@type":"ImageObject","inLanguage":"fr-FR","@id":"https:\/\/graphiste.com\/blog\/#\/schema\/logo\/image\/","url":"https:\/\/graphiste.com\/blog\/wp-content\/uploads\/sites\/4\/2022\/07\/logo-blog-graphiste.svg","contentUrl":"https:\/\/graphiste.com\/blog\/wp-content\/uploads\/sites\/4\/2022\/07\/logo-blog-graphiste.svg","width":1,"height":1,"caption":"Graphiste.com"},"image":{"@id":"https:\/\/graphiste.com\/blog\/#\/schema\/logo\/image\/"},"sameAs":["https:\/\/www.facebook.com\/graphistesfreelances","https:\/\/x.com\/Graphistecom","https:\/\/www.linkedin.com\/company\/graphiste-com\/","https:\/\/fr.pinterest.com\/Graphiste_Com","https:\/\/www.instagram.com\/graphiste_com\/"]},{"@type":"Person","@id":"https:\/\/graphiste.com\/blog\/#\/schema\/person\/d32851799b2f02a17a0e64f98fe5def4","name":"Solenne Ricard","image":{"@type":"ImageObject","inLanguage":"fr-FR","@id":"https:\/\/graphiste.com\/blog\/#\/schema\/person\/image\/","url":"https:\/\/secure.gravatar.com\/avatar\/89317884380ee1cf794e2e807f66c0d7d6ccf7fe2779b34a087382d27c0f12ee?s=96&d=mm&r=g","contentUrl":"https:\/\/secure.gravatar.com\/avatar\/89317884380ee1cf794e2e807f66c0d7d6ccf7fe2779b34a087382d27c0f12ee?s=96&d=mm&r=g","caption":"Solenne Ricard"},"description":"Dipl\u00f4m\u00e9e d'une licence d'Histoire de l'Art, Solenne propose un point de vue expert sur le graphisme et les outils cr\u00e9atifs.","sameAs":["https:\/\/www.linkedin.com\/in\/solennericard\/"],"url":"https:\/\/graphiste.com\/blog\/author\/solenne-ricard\/"}]}},"_links":{"self":[{"href":"https:\/\/graphiste.com\/blog\/wp-json\/wp\/v2\/posts\/27639","targetHints":{"allow":["GET"]}}],"collection":[{"href":"https:\/\/graphiste.com\/blog\/wp-json\/wp\/v2\/posts"}],"about":[{"href":"https:\/\/graphiste.com\/blog\/wp-json\/wp\/v2\/types\/post"}],"author":[{"embeddable":true,"href":"https:\/\/graphiste.com\/blog\/wp-json\/wp\/v2\/users\/54"}],"replies":[{"embeddable":true,"href":"https:\/\/graphiste.com\/blog\/wp-json\/wp\/v2\/comments?post=27639"}],"version-history":[{"count":0,"href":"https:\/\/graphiste.com\/blog\/wp-json\/wp\/v2\/posts\/27639\/revisions"}],"wp:featuredmedia":[{"embeddable":true,"href":"https:\/\/graphiste.com\/blog\/wp-json\/wp\/v2\/media\/50649"}],"wp:attachment":[{"href":"https:\/\/graphiste.com\/blog\/wp-json\/wp\/v2\/media?parent=27639"}],"wp:term":[{"taxonomy":"category","embeddable":true,"href":"https:\/\/graphiste.com\/blog\/wp-json\/wp\/v2\/categories?post=27639"},{"taxonomy":"post_tag","embeddable":true,"href":"https:\/\/graphiste.com\/blog\/wp-json\/wp\/v2\/tags?post=27639"}],"curies":[{"name":"wp","href":"https:\/\/api.w.org\/{rel}","templated":true}]}}