{"id":27456,"date":"2023-06-30T10:30:00","date_gmt":"2023-06-30T08:30:00","guid":{"rendered":"https:\/\/graphiste.com\/blog\/?p=27456"},"modified":"2025-08-20T17:16:04","modified_gmt":"2025-08-20T15:16:04","slug":"charte-graphique-video","status":"publish","type":"post","link":"https:\/\/graphiste.com\/blog\/charte-graphique-video\/","title":{"rendered":"7 \u00e9l\u00e9ments \u00e0 int\u00e9grer absolument \u00e0 votre charte graphique vid\u00e9o"},"content":{"rendered":"<p>Au m\u00eame titre qu\u2019une charte graphique print ou web, la <a href=\"https:\/\/graphiste.com\/blog\/inspiration-modeles-de-chartes-graphiques-creatives\">charte graphique<\/a> vid\u00e9o est un outil indispensable \u00e0 votre entreprise. Celle-ci assure une approche coh\u00e9rente, fonctionnelle, et totalement raccord avec la <a href=\"https:\/\/graphiste.com\/blog\/supports-de-communication-pour-votre-entreprise\">strat\u00e9gie de communication<\/a> globale de votre marque.<\/p>\n<p>Si vous souhaitez lancer une campagne marketing ou de communication gr\u00e2ce \u00e0 la vid\u00e9o, faites-vous accompagner par un sp\u00e9cialiste en d\u00e9posant un projet sur <a href=\"http:\/\/graphiste.com\">Graphiste.com<\/a> et recevez des dizaines de devis en 5 min.<\/p>\n<p>Il s\u2019agit l\u00e0 du recueil de r\u00e9f\u00e9rence de toutes les bonnes pratiques \u00e0 suivre pour concevoir et diffuser vos vid\u00e9os.<\/p>\n<h2>1. Le logo<\/h2>\n<p><img decoding=\"async\" class=\"alignnone size-full wp-image-17384 aligncenter\" src=\"https:\/\/graphiste.com\/blog\/wp-content\/uploads\/sites\/4\/2016\/06\/charte-graphique.jpg\" alt=\"logo\" width=\"700\" height=\"467\"><\/p>\n<p>Dans le cadre d\u2019une vid\u00e9o, la question de l\u2019int\u00e9gration du logo se pose tr\u00e8s rapidement. La charte graphique doit donc imp\u00e9rativement pr\u00e9ciser o\u00f9 et quand utiliser cet \u00e9l\u00e9ment indispensable de votre identit\u00e9 visuelle. D\u2019autant que le logo doit \u00eatre parfaitement identifiable en vid\u00e9o, soit parfaitement lisible.<\/p>\n<p>Diff\u00e9rents cas de figure peuvent \u00eatre envisag\u00e9s&nbsp;:<\/p>\n<ul>\n<li>int\u00e9grer le logo d\u00e8s l\u2019introduction de vos vid\u00e9os ;<\/li>\n<li>l\u2019introduire dans un appel \u00e0 l\u2019action en fin de vid\u00e9o ;<\/li>\n<li>le laisser apparent tout au long du film dans un coin de l\u2019\u00e9cran ;<\/li>\n<li>ou encore l\u2019<a href=\"https:\/\/graphiste.com\/blog\/template-after-effects-animer-logo\">animer<\/a>&#8230;<\/li>\n<\/ul>\n<p>La charte pr\u00e9cise \u00e9galement les dimensions dans lesquelles le logo doit \u00eatre pr\u00e9sent\u00e9, ainsi que sa colorim\u00e9trie (int\u00e9gr\u00e9 dans sa version couleur, ou en noir et blanc).<\/p>\n<p>Soyez le plus pr\u00e9cis et didactique possible dans votre charte, afin que tous puissent l\u2019utiliser. Pr\u00e9ciser \u00e9galement vos \u201cinterdits\u201d. Par exemple&nbsp;: votre logo ne devra pas \u00eatre int\u00e9gr\u00e9 en basse r\u00e9solution.<\/p>\n<h2>2. Les couleurs<\/h2>\n<p>Pour assurer l\u2019homog\u00e9n\u00e9it\u00e9 de votre communication, vos vid\u00e9os peuvent \u00e9ventuellement reprendre fid\u00e8lement la <a href=\"https:\/\/graphiste.com\/blog\/construire-palette-couleurs\">palette colorim\u00e9trique<\/a> de tous vos autres <a href=\"https:\/\/graphiste.com\/blog\/techniques-impression-print\">supports print<\/a> et web. Mais vous pourriez aussi choisir d\u2019adopter une toute nouvelle palette pour vos vid\u00e9os. Ce cas de figure se pr\u00e9sente souvent en cas de lancement d\u2019un nouveau service, ou par souci de lisibilit\u00e9.<\/p>\n<p>Pr\u00e9cisez donc toujours dans votre <a href=\"https:\/\/graphiste.com\/blog\/comment-trouver-la-palette-ideale-pour-votre-charte-graphique\">charte graphique<\/a> vid\u00e9o&nbsp;les couleurs \u00e0 utiliser, ainsi que leurs codes associ\u00e9s (RVB et hexad\u00e9cimal).<\/p>\n<p>Comme pour l\u2019int\u00e9gration de votre logo, sp\u00e9cifiez ici le mode d\u2019utilisation de vos couleurs, visibles dans l\u2019introduction, la conclusion, les transitions, etc.<\/p>\n<h2>3. La typographie<\/h2>\n<p><img decoding=\"async\" class=\"alignnone size-full wp-image-21577 aligncenter\" src=\"https:\/\/graphiste.com\/blog\/wp-content\/uploads\/sites\/4\/2017\/10\/typographie-halloween.png\" alt=\"\" width=\"650\" height=\"371\"><\/p>\n<p>Au m\u00eame titre que la couleur, vous pouvez choisir de conserver la typographie usuelle de votre marque dans vos vid\u00e9os, ou opter pour une nouvelle police d\u2019\u00e9criture. On observe notamment que les <a href=\"https:\/\/graphiste.com\/blog\/typographies-a-empattements-gratuites-free\">polices avec empattement<\/a>, bien que tr\u00e8s s\u00e9duisantes sur un support print, sont bien moins lisibles sur un \u00e9cran que les polices sans empattement.<\/p>\n<p>Dans votre charte vid\u00e9o, pr\u00e9sentez visuellement les typographies \u00e0 utiliser. Pr\u00e9ciser leur niveau de graissage (regular, gras, italique), ainsi que les diff\u00e9rentes tailles de vos titres, sous-titres, du corps de texte, et de vos appels \u00e0 l\u2019action.<\/p>\n<blockquote><p>Pensez aussi \u00e0 pr\u00e9ciser dans votre charte vos diverses r\u00e8gles d\u2019<a href=\"https:\/\/graphiste.com\/blog\/accessibilite-site-internet-handicap\">accessibilit\u00e9<\/a>&nbsp;: taille de police adapt\u00e9e pour une lecture facile, contrastes, etc.<\/p><\/blockquote>\n<h2>4. Le ton<\/h2>\n<p>Le ton d\u2019une vid\u00e9o doit \u00eatre d\u00e9fini d\u00e8s sa <a href=\"https:\/\/graphiste.com\/blog\/erreurs-sur-charte-graphique\">charte graphique<\/a>, afin de s\u2019adapter parfaitement aux valeurs et \u00e0 la personnalit\u00e9 de votre marque, ainsi qu\u2019\u00e0 votre public cible. Il est \u00e9vident que le ton employ\u00e9 n\u2019est pas le m\u00eame en cas d\u2019audience jeune, ou de public plus \u00e2g\u00e9.<\/p>\n<p>Si vos vid\u00e9os de marque s\u2019inscrivent dans un contexte d\u00e9cal\u00e9 et dr\u00f4le, vous opterez naturellement pour un ton humoristique. \u00c0 l\u2019inverse, les vid\u00e9os qui promeuvent vos produits adopteront un ton plus formel, voire m\u00eame p\u00e9dagogique.<\/p>\n<p>Quelle que soit la tonalit\u00e9 finalement adopt\u00e9e, vous devez la faire figurer en premi\u00e8re ligne dans votre charte, afin que tous les acteurs de la production s\u2019y conforment.<\/p>\n<h2>5. Les types de vid\u00e9o<\/h2>\n<p><img decoding=\"async\" class=\"size-full wp-image-26871\" src=\"https:\/\/graphiste.com\/blog\/wp-content\/uploads\/sites\/4\/2021\/05\/script_video_film.jpg\" alt=\"script video charte graphique\" width=\"700\" height=\"560\"><\/p>\n<p>Vertical, horizontal, carr\u00e9\u2026 Votre charte graphique de vid\u00e9o doit \u00e9galement s\u2019attacher \u00e0 pr\u00e9ciser les formats \u00e0 utiliser en fonction des canaux de diffusion exploit\u00e9s (r\u00e9seaux sociaux, site web\u2026).<\/p>\n<p>De m\u00eame, c\u2019est ici que vous sp\u00e9cifierez les types de vid\u00e9os produites par votre marque qui pourront par exemple \u00eatre&nbsp;des <a href=\"https:\/\/graphiste.com\/blog\/exemples-design-temoignages-clients\">t\u00e9moignages<\/a>, des d\u00e9monstrations, des reportages, des interviews, des vid\u00e9os de marque ou \u00e9v\u00e9nementielles, des live, des tutoriels, etc.<\/p>\n<p>L\u2019inclusion d\u2019exemples dans votre charte est ici fortement recommand\u00e9e, afin d\u2019illustrer concr\u00e8tement votre propos.<\/p>\n<blockquote><p>\u00c0 lire aussi&nbsp;: <a href=\"https:\/\/graphiste.com\/blog\/teaser-video\">Vid\u00e9o&nbsp;: 5 astuces pour un teaser marketing r\u00e9ussi<\/a><\/p><\/blockquote>\n<h2>6. L\u2019habillage<\/h2>\n<p>L\u2019habillage de vos vid\u00e9os est un autre point incontournable \u00e0 aborder dans votre <a href=\"https:\/\/graphiste.com\/blog\/comment-reussir-la-charte-graphique-de-votre-marque\">charte graphique<\/a>. Pr\u00e9cisez donc&nbsp;:<\/p>\n<ul>\n<li>le type de musique qui doit et ne doit pas \u00eatre ici utilis\u00e9. Poussez le d\u00e9tail jusqu\u2019\u00e0 pr\u00e9ciser le nombre de d\u00e9cibels n\u00e9cessaires ;<\/li>\n<li>le type de transition et d\u2019<a href=\"https:\/\/graphiste.com\/blog\/after-effects-presets-gratuits-pour-motions-designs-et-animations\">animations<\/a> \u00e0 utiliser ;<\/li>\n<li>les types d\u2019images \u00e0 employer (<a href=\"https:\/\/graphiste.com\/blog\/image-gratuite-libre-de-droit\">photographies libres de droit<\/a>, images internes\u2026) ;<\/li>\n<li>les formes g\u00e9om\u00e9triques pour les bords de vos tiers inf\u00e9rieurs, et les pictogrammes envisageables ;<\/li>\n<li>la r\u00e9solution et le ratio (16:9 ; 4:3) de vos vid\u00e9os ;<\/li>\n<li>vos directives quant \u00e0 leur export (format, nom du fichier\u2026) ;<\/li>\n<li>et toutes donn\u00e9es qui vous semblent essentielles ici.<\/li>\n<\/ul>\n<h2>7. La diffusion<\/h2>\n<p>Enfin, pr\u00e9cisez aussi les modalit\u00e9s de diffusion de vos vid\u00e9os dans leur charte graphique&nbsp;:<\/p>\n<ul>\n<li>Mentionnez les types de <a href=\"https:\/\/graphiste.com\/blog\/youtube-ou-vimeo-qui-choisir-heberger-video\">plateformes sur lesquelles publier vos vid\u00e9os<\/a> (site web, newsletters, r\u00e9seaux sociaux, YouTube, etc.) ;<\/li>\n<li>Relayez la proc\u00e9dure d\u2019ajout de vid\u00e9o sur chacune de ces plateformes ;<\/li>\n<li>Pr\u00e9cisez les \u00e9l\u00e9ments connexes \u00e0 la diffusion&nbsp;: r\u00e8gle de r\u00e9f\u00e9rencement, choix de l\u2019image de couverture, thumbnails\u2026 ;<\/li>\n<li>Enfin, sp\u00e9cifiez les canaux promotionnels \u00e0 utiliser ou \u00e0 d\u00e9laisser.<\/li>\n<\/ul>\n<blockquote><p>\u00c0 lire aussi&nbsp;: <a href=\"https:\/\/graphiste.com\/blog\/accessibilite-site-internet-handicap\">Comment am\u00e9liorer l&#8217;accessibilit\u00e9 de son site internet&nbsp;?<\/a><\/p><\/blockquote>\n<h2>Conclusion<\/h2>\n<p>Se lancer dans la vid\u00e9o repr\u00e9sente une belle opportunit\u00e9 pour vous de toucher un public nouveau. Mais il ne faut surtout pas n\u00e9gliger la qualit\u00e9 de vos vid\u00e9os sous peine de voir des r\u00e9sultats plus que d\u00e9cevants.<\/p>\n<p>Une fois votre charte graphique vid\u00e9o \u00e9tablie, vous pourrez <a href=\"https:\/\/graphiste.com\/#open-fast?source=blog-text\">d\u00e9l\u00e9guer la r\u00e9alisation de vos vid\u00e9os \u00e0 des freelances<\/a> et obtenir rapidement un r\u00e9sultat r\u00e9pondant enti\u00e8rement \u00e0 vos attentes.<\/p>\n","protected":false},"excerpt":{"rendered":"<p>Au m\u00eame titre qu\u2019une charte graphique print ou web, la charte graphique vid\u00e9o est un outil indispensable \u00e0 votre entreprise. Celle-ci assure une approche coh\u00e9rente, fonctionnelle, et totalement raccord avec la strat\u00e9gie de communication globale de votre marque. Si vous souhaitez lancer une campagne marketing ou de communication gr\u00e2ce \u00e0 la vid\u00e9o, faites-vous accompagner par [&hellip;]<\/p>\n","protected":false},"author":69,"featured_media":50424,"comment_status":"open","ping_status":"open","sticky":false,"template":"","format":"standard","meta":{"_acf_changed":false,"inline_featured_image":false,"footnotes":""},"categories":[98,24],"tags":[42],"class_list":["post-27456","post","type-post","status-publish","format-standard","has-post-thumbnail","hentry","category-charte-graphique","category-video","tag-creer-marque"],"acf":[],"yoast_head":"<!-- This site is optimized with the Yoast SEO plugin v25.9 - https:\/\/yoast.com\/wordpress\/plugins\/seo\/ -->\n<title>7 \u00e9l\u00e9ments \u00e0 int\u00e9grer absolument \u00e0 votre charte graphique vid\u00e9o - Graphiste Blog<\/title>\n<meta name=\"description\" content=\"Au m\u00eame titre qu\u2019une charte graphique print ou web, la charte graphique vid\u00e9o est un outil indispensable \u00e0 votre entreprise. Celle-ci assure une approche\" \/>\n<meta name=\"robots\" content=\"index, follow, max-snippet:-1, max-image-preview:large, max-video-preview:-1\" \/>\n<link rel=\"canonical\" href=\"https:\/\/graphiste.com\/blog\/charte-graphique-video\/\" \/>\n<meta property=\"og:locale\" content=\"fr_FR\" \/>\n<meta property=\"og:type\" content=\"article\" \/>\n<meta property=\"og:title\" content=\"7 \u00e9l\u00e9ments \u00e0 int\u00e9grer absolument \u00e0 votre charte graphique vid\u00e9o - Graphiste Blog\" \/>\n<meta property=\"og:description\" content=\"Au m\u00eame titre qu\u2019une charte graphique print ou web, la charte graphique vid\u00e9o est un outil indispensable \u00e0 votre entreprise. Celle-ci assure une approche\" \/>\n<meta property=\"og:url\" content=\"https:\/\/graphiste.com\/blog\/charte-graphique-video\/\" \/>\n<meta property=\"og:site_name\" content=\"Graphiste.com\" \/>\n<meta property=\"article:publisher\" content=\"https:\/\/www.facebook.com\/graphistesfreelances\" \/>\n<meta property=\"article:published_time\" content=\"2023-06-30T08:30:00+00:00\" \/>\n<meta property=\"article:modified_time\" content=\"2025-08-20T15:16:04+00:00\" \/>\n<meta property=\"og:image\" content=\"https:\/\/graphiste.com\/blog\/wp-content\/uploads\/sites\/4\/2022\/05\/Image-a-la-une-charte-video.png\" \/>\n\t<meta property=\"og:image:width\" content=\"1024\" \/>\n\t<meta property=\"og:image:height\" content=\"618\" \/>\n\t<meta property=\"og:image:type\" content=\"image\/png\" \/>\n<meta name=\"author\" content=\"C\u00e9dric Reymbaut\" \/>\n<meta name=\"twitter:card\" content=\"summary_large_image\" \/>\n<meta name=\"twitter:creator\" content=\"@Graphistecom\" \/>\n<meta name=\"twitter:site\" content=\"@Graphistecom\" \/>\n<meta name=\"twitter:label1\" content=\"\u00c9crit par\" \/>\n\t<meta name=\"twitter:data1\" content=\"C\u00e9dric Reymbaut\" \/>\n\t<meta name=\"twitter:label2\" content=\"Dur\u00e9e de lecture estim\u00e9e\" \/>\n\t<meta name=\"twitter:data2\" content=\"6 minutes\" \/>\n<script type=\"application\/ld+json\" class=\"yoast-schema-graph\">{\"@context\":\"https:\/\/schema.org\",\"@graph\":[{\"@type\":\"Article\",\"@id\":\"https:\/\/graphiste.com\/blog\/charte-graphique-video\/#article\",\"isPartOf\":{\"@id\":\"https:\/\/graphiste.com\/blog\/charte-graphique-video\/\"},\"author\":{\"name\":\"C\u00e9dric Reymbaut\",\"@id\":\"https:\/\/graphiste.com\/blog\/#\/schema\/person\/fd068361dcde9cff7ed7697f613f839c\"},\"headline\":\"7 \u00e9l\u00e9ments \u00e0 int\u00e9grer absolument \u00e0 votre charte graphique vid\u00e9o\",\"datePublished\":\"2023-06-30T08:30:00+00:00\",\"dateModified\":\"2025-08-20T15:16:04+00:00\",\"mainEntityOfPage\":{\"@id\":\"https:\/\/graphiste.com\/blog\/charte-graphique-video\/\"},\"wordCount\":1064,\"commentCount\":0,\"publisher\":{\"@id\":\"https:\/\/graphiste.com\/blog\/#organization\"},\"image\":{\"@id\":\"https:\/\/graphiste.com\/blog\/charte-graphique-video\/#primaryimage\"},\"thumbnailUrl\":\"https:\/\/graphiste.com\/blog\/wp-content\/uploads\/sites\/4\/2022\/05\/Image-a-la-une-charte-video.png\",\"keywords\":[\"Cr\u00e9er votre marque\"],\"articleSection\":[\"Charte graphique\",\"Vid\u00e9o\"],\"inLanguage\":\"fr-FR\",\"potentialAction\":[{\"@type\":\"CommentAction\",\"name\":\"Comment\",\"target\":[\"https:\/\/graphiste.com\/blog\/charte-graphique-video\/#respond\"]}]},{\"@type\":\"WebPage\",\"@id\":\"https:\/\/graphiste.com\/blog\/charte-graphique-video\/\",\"url\":\"https:\/\/graphiste.com\/blog\/charte-graphique-video\/\",\"name\":\"7 \u00e9l\u00e9ments \u00e0 int\u00e9grer absolument \u00e0 votre charte graphique vid\u00e9o - Graphiste Blog\",\"isPartOf\":{\"@id\":\"https:\/\/graphiste.com\/blog\/#website\"},\"primaryImageOfPage\":{\"@id\":\"https:\/\/graphiste.com\/blog\/charte-graphique-video\/#primaryimage\"},\"image\":{\"@id\":\"https:\/\/graphiste.com\/blog\/charte-graphique-video\/#primaryimage\"},\"thumbnailUrl\":\"https:\/\/graphiste.com\/blog\/wp-content\/uploads\/sites\/4\/2022\/05\/Image-a-la-une-charte-video.png\",\"datePublished\":\"2023-06-30T08:30:00+00:00\",\"dateModified\":\"2025-08-20T15:16:04+00:00\",\"description\":\"Au m\u00eame titre qu\u2019une charte graphique print ou web, la charte graphique vid\u00e9o est un outil indispensable \u00e0 votre entreprise. Celle-ci assure une approche\",\"breadcrumb\":{\"@id\":\"https:\/\/graphiste.com\/blog\/charte-graphique-video\/#breadcrumb\"},\"inLanguage\":\"fr-FR\",\"potentialAction\":[{\"@type\":\"ReadAction\",\"target\":[\"https:\/\/graphiste.com\/blog\/charte-graphique-video\/\"]}]},{\"@type\":\"ImageObject\",\"inLanguage\":\"fr-FR\",\"@id\":\"https:\/\/graphiste.com\/blog\/charte-graphique-video\/#primaryimage\",\"url\":\"https:\/\/graphiste.com\/blog\/wp-content\/uploads\/sites\/4\/2022\/05\/Image-a-la-une-charte-video.png\",\"contentUrl\":\"https:\/\/graphiste.com\/blog\/wp-content\/uploads\/sites\/4\/2022\/05\/Image-a-la-une-charte-video.png\",\"width\":1024,\"height\":618},{\"@type\":\"BreadcrumbList\",\"@id\":\"https:\/\/graphiste.com\/blog\/charte-graphique-video\/#breadcrumb\",\"itemListElement\":[{\"@type\":\"ListItem\",\"position\":1,\"name\":\"Blog\",\"item\":\"https:\/\/graphiste.com\/blog\/\"},{\"@type\":\"ListItem\",\"position\":2,\"name\":\"Vid\u00e9o\",\"item\":\"https:\/\/graphiste.com\/blog\/video\/\"},{\"@type\":\"ListItem\",\"position\":3,\"name\":\"7 \u00e9l\u00e9ments \u00e0 int\u00e9grer absolument \u00e0 votre charte graphique vid\u00e9o\"}]},{\"@type\":\"WebSite\",\"@id\":\"https:\/\/graphiste.com\/blog\/#website\",\"url\":\"https:\/\/graphiste.com\/blog\/\",\"name\":\"Graphiste.com\",\"description\":\"graphiste\",\"publisher\":{\"@id\":\"https:\/\/graphiste.com\/blog\/#organization\"},\"potentialAction\":[{\"@type\":\"SearchAction\",\"target\":{\"@type\":\"EntryPoint\",\"urlTemplate\":\"https:\/\/graphiste.com\/blog\/?s={search_term_string}\"},\"query-input\":{\"@type\":\"PropertyValueSpecification\",\"valueRequired\":true,\"valueName\":\"search_term_string\"}}],\"inLanguage\":\"fr-FR\"},{\"@type\":\"Organization\",\"@id\":\"https:\/\/graphiste.com\/blog\/#organization\",\"name\":\"Graphiste.com\",\"url\":\"https:\/\/graphiste.com\/blog\/\",\"logo\":{\"@type\":\"ImageObject\",\"inLanguage\":\"fr-FR\",\"@id\":\"https:\/\/graphiste.com\/blog\/#\/schema\/logo\/image\/\",\"url\":\"https:\/\/graphiste.com\/blog\/wp-content\/uploads\/sites\/4\/2022\/07\/logo-blog-graphiste.svg\",\"contentUrl\":\"https:\/\/graphiste.com\/blog\/wp-content\/uploads\/sites\/4\/2022\/07\/logo-blog-graphiste.svg\",\"width\":1,\"height\":1,\"caption\":\"Graphiste.com\"},\"image\":{\"@id\":\"https:\/\/graphiste.com\/blog\/#\/schema\/logo\/image\/\"},\"sameAs\":[\"https:\/\/www.facebook.com\/graphistesfreelances\",\"https:\/\/x.com\/Graphistecom\",\"https:\/\/www.linkedin.com\/company\/graphiste-com\/\",\"https:\/\/fr.pinterest.com\/Graphiste_Com\",\"https:\/\/www.instagram.com\/graphiste_com\/\"]},{\"@type\":\"Person\",\"@id\":\"https:\/\/graphiste.com\/blog\/#\/schema\/person\/fd068361dcde9cff7ed7697f613f839c\",\"name\":\"C\u00e9dric Reymbaut\",\"image\":{\"@type\":\"ImageObject\",\"inLanguage\":\"fr-FR\",\"@id\":\"https:\/\/graphiste.com\/blog\/#\/schema\/person\/image\/\",\"url\":\"https:\/\/secure.gravatar.com\/avatar\/e5c5c5ea80ab9004dec5ca778b3a0296920ea60943b147078d0f7e299e2a8f6f?s=96&d=mm&r=g\",\"contentUrl\":\"https:\/\/secure.gravatar.com\/avatar\/e5c5c5ea80ab9004dec5ca778b3a0296920ea60943b147078d0f7e299e2a8f6f?s=96&d=mm&r=g\",\"caption\":\"C\u00e9dric Reymbaut\"},\"description\":\"Je suis UX\/UI designer, passionn\u00e9 par les outils comme Figma et Framer. Le week-end, je m\u2019amuse \u00e0 concevoir des SaaS sur Lovable.\",\"sameAs\":[\"https:\/\/www.linkedin.com\/in\/cedricreymbaut74\/\"],\"url\":\"https:\/\/graphiste.com\/blog\/author\/cedric\/\"}]}<\/script>\n<!-- \/ Yoast SEO plugin. -->","yoast_head_json":{"title":"7 \u00e9l\u00e9ments \u00e0 int\u00e9grer absolument \u00e0 votre charte graphique vid\u00e9o - Graphiste Blog","description":"Au m\u00eame titre qu\u2019une charte graphique print ou web, la charte graphique vid\u00e9o est un outil indispensable \u00e0 votre entreprise. Celle-ci assure une approche","robots":{"index":"index","follow":"follow","max-snippet":"max-snippet:-1","max-image-preview":"max-image-preview:large","max-video-preview":"max-video-preview:-1"},"canonical":"https:\/\/graphiste.com\/blog\/charte-graphique-video\/","og_locale":"fr_FR","og_type":"article","og_title":"7 \u00e9l\u00e9ments \u00e0 int\u00e9grer absolument \u00e0 votre charte graphique vid\u00e9o - Graphiste Blog","og_description":"Au m\u00eame titre qu\u2019une charte graphique print ou web, la charte graphique vid\u00e9o est un outil indispensable \u00e0 votre entreprise. Celle-ci assure une approche","og_url":"https:\/\/graphiste.com\/blog\/charte-graphique-video\/","og_site_name":"Graphiste.com","article_publisher":"https:\/\/www.facebook.com\/graphistesfreelances","article_published_time":"2023-06-30T08:30:00+00:00","article_modified_time":"2025-08-20T15:16:04+00:00","og_image":[{"width":1024,"height":618,"url":"https:\/\/graphiste.com\/blog\/wp-content\/uploads\/sites\/4\/2022\/05\/Image-a-la-une-charte-video.png","type":"image\/png"}],"author":"C\u00e9dric Reymbaut","twitter_card":"summary_large_image","twitter_creator":"@Graphistecom","twitter_site":"@Graphistecom","twitter_misc":{"\u00c9crit par":"C\u00e9dric Reymbaut","Dur\u00e9e de lecture estim\u00e9e":"6 minutes"},"schema":{"@context":"https:\/\/schema.org","@graph":[{"@type":"Article","@id":"https:\/\/graphiste.com\/blog\/charte-graphique-video\/#article","isPartOf":{"@id":"https:\/\/graphiste.com\/blog\/charte-graphique-video\/"},"author":{"name":"C\u00e9dric Reymbaut","@id":"https:\/\/graphiste.com\/blog\/#\/schema\/person\/fd068361dcde9cff7ed7697f613f839c"},"headline":"7 \u00e9l\u00e9ments \u00e0 int\u00e9grer absolument \u00e0 votre charte graphique vid\u00e9o","datePublished":"2023-06-30T08:30:00+00:00","dateModified":"2025-08-20T15:16:04+00:00","mainEntityOfPage":{"@id":"https:\/\/graphiste.com\/blog\/charte-graphique-video\/"},"wordCount":1064,"commentCount":0,"publisher":{"@id":"https:\/\/graphiste.com\/blog\/#organization"},"image":{"@id":"https:\/\/graphiste.com\/blog\/charte-graphique-video\/#primaryimage"},"thumbnailUrl":"https:\/\/graphiste.com\/blog\/wp-content\/uploads\/sites\/4\/2022\/05\/Image-a-la-une-charte-video.png","keywords":["Cr\u00e9er votre marque"],"articleSection":["Charte graphique","Vid\u00e9o"],"inLanguage":"fr-FR","potentialAction":[{"@type":"CommentAction","name":"Comment","target":["https:\/\/graphiste.com\/blog\/charte-graphique-video\/#respond"]}]},{"@type":"WebPage","@id":"https:\/\/graphiste.com\/blog\/charte-graphique-video\/","url":"https:\/\/graphiste.com\/blog\/charte-graphique-video\/","name":"7 \u00e9l\u00e9ments \u00e0 int\u00e9grer absolument \u00e0 votre charte graphique vid\u00e9o - Graphiste Blog","isPartOf":{"@id":"https:\/\/graphiste.com\/blog\/#website"},"primaryImageOfPage":{"@id":"https:\/\/graphiste.com\/blog\/charte-graphique-video\/#primaryimage"},"image":{"@id":"https:\/\/graphiste.com\/blog\/charte-graphique-video\/#primaryimage"},"thumbnailUrl":"https:\/\/graphiste.com\/blog\/wp-content\/uploads\/sites\/4\/2022\/05\/Image-a-la-une-charte-video.png","datePublished":"2023-06-30T08:30:00+00:00","dateModified":"2025-08-20T15:16:04+00:00","description":"Au m\u00eame titre qu\u2019une charte graphique print ou web, la charte graphique vid\u00e9o est un outil indispensable \u00e0 votre entreprise. Celle-ci assure une approche","breadcrumb":{"@id":"https:\/\/graphiste.com\/blog\/charte-graphique-video\/#breadcrumb"},"inLanguage":"fr-FR","potentialAction":[{"@type":"ReadAction","target":["https:\/\/graphiste.com\/blog\/charte-graphique-video\/"]}]},{"@type":"ImageObject","inLanguage":"fr-FR","@id":"https:\/\/graphiste.com\/blog\/charte-graphique-video\/#primaryimage","url":"https:\/\/graphiste.com\/blog\/wp-content\/uploads\/sites\/4\/2022\/05\/Image-a-la-une-charte-video.png","contentUrl":"https:\/\/graphiste.com\/blog\/wp-content\/uploads\/sites\/4\/2022\/05\/Image-a-la-une-charte-video.png","width":1024,"height":618},{"@type":"BreadcrumbList","@id":"https:\/\/graphiste.com\/blog\/charte-graphique-video\/#breadcrumb","itemListElement":[{"@type":"ListItem","position":1,"name":"Blog","item":"https:\/\/graphiste.com\/blog\/"},{"@type":"ListItem","position":2,"name":"Vid\u00e9o","item":"https:\/\/graphiste.com\/blog\/video\/"},{"@type":"ListItem","position":3,"name":"7 \u00e9l\u00e9ments \u00e0 int\u00e9grer absolument \u00e0 votre charte graphique vid\u00e9o"}]},{"@type":"WebSite","@id":"https:\/\/graphiste.com\/blog\/#website","url":"https:\/\/graphiste.com\/blog\/","name":"Graphiste.com","description":"graphiste","publisher":{"@id":"https:\/\/graphiste.com\/blog\/#organization"},"potentialAction":[{"@type":"SearchAction","target":{"@type":"EntryPoint","urlTemplate":"https:\/\/graphiste.com\/blog\/?s={search_term_string}"},"query-input":{"@type":"PropertyValueSpecification","valueRequired":true,"valueName":"search_term_string"}}],"inLanguage":"fr-FR"},{"@type":"Organization","@id":"https:\/\/graphiste.com\/blog\/#organization","name":"Graphiste.com","url":"https:\/\/graphiste.com\/blog\/","logo":{"@type":"ImageObject","inLanguage":"fr-FR","@id":"https:\/\/graphiste.com\/blog\/#\/schema\/logo\/image\/","url":"https:\/\/graphiste.com\/blog\/wp-content\/uploads\/sites\/4\/2022\/07\/logo-blog-graphiste.svg","contentUrl":"https:\/\/graphiste.com\/blog\/wp-content\/uploads\/sites\/4\/2022\/07\/logo-blog-graphiste.svg","width":1,"height":1,"caption":"Graphiste.com"},"image":{"@id":"https:\/\/graphiste.com\/blog\/#\/schema\/logo\/image\/"},"sameAs":["https:\/\/www.facebook.com\/graphistesfreelances","https:\/\/x.com\/Graphistecom","https:\/\/www.linkedin.com\/company\/graphiste-com\/","https:\/\/fr.pinterest.com\/Graphiste_Com","https:\/\/www.instagram.com\/graphiste_com\/"]},{"@type":"Person","@id":"https:\/\/graphiste.com\/blog\/#\/schema\/person\/fd068361dcde9cff7ed7697f613f839c","name":"C\u00e9dric Reymbaut","image":{"@type":"ImageObject","inLanguage":"fr-FR","@id":"https:\/\/graphiste.com\/blog\/#\/schema\/person\/image\/","url":"https:\/\/secure.gravatar.com\/avatar\/e5c5c5ea80ab9004dec5ca778b3a0296920ea60943b147078d0f7e299e2a8f6f?s=96&d=mm&r=g","contentUrl":"https:\/\/secure.gravatar.com\/avatar\/e5c5c5ea80ab9004dec5ca778b3a0296920ea60943b147078d0f7e299e2a8f6f?s=96&d=mm&r=g","caption":"C\u00e9dric Reymbaut"},"description":"Je suis UX\/UI designer, passionn\u00e9 par les outils comme Figma et Framer. Le week-end, je m\u2019amuse \u00e0 concevoir des SaaS sur Lovable.","sameAs":["https:\/\/www.linkedin.com\/in\/cedricreymbaut74\/"],"url":"https:\/\/graphiste.com\/blog\/author\/cedric\/"}]}},"_links":{"self":[{"href":"https:\/\/graphiste.com\/blog\/wp-json\/wp\/v2\/posts\/27456","targetHints":{"allow":["GET"]}}],"collection":[{"href":"https:\/\/graphiste.com\/blog\/wp-json\/wp\/v2\/posts"}],"about":[{"href":"https:\/\/graphiste.com\/blog\/wp-json\/wp\/v2\/types\/post"}],"author":[{"embeddable":true,"href":"https:\/\/graphiste.com\/blog\/wp-json\/wp\/v2\/users\/69"}],"replies":[{"embeddable":true,"href":"https:\/\/graphiste.com\/blog\/wp-json\/wp\/v2\/comments?post=27456"}],"version-history":[{"count":0,"href":"https:\/\/graphiste.com\/blog\/wp-json\/wp\/v2\/posts\/27456\/revisions"}],"wp:featuredmedia":[{"embeddable":true,"href":"https:\/\/graphiste.com\/blog\/wp-json\/wp\/v2\/media\/50424"}],"wp:attachment":[{"href":"https:\/\/graphiste.com\/blog\/wp-json\/wp\/v2\/media?parent=27456"}],"wp:term":[{"taxonomy":"category","embeddable":true,"href":"https:\/\/graphiste.com\/blog\/wp-json\/wp\/v2\/categories?post=27456"},{"taxonomy":"post_tag","embeddable":true,"href":"https:\/\/graphiste.com\/blog\/wp-json\/wp\/v2\/tags?post=27456"}],"curies":[{"name":"wp","href":"https:\/\/api.w.org\/{rel}","templated":true}]}}