{"id":27213,"date":"2023-06-19T10:30:00","date_gmt":"2023-06-19T08:30:00","guid":{"rendered":"https:\/\/graphiste.com\/blog\/?p=27213"},"modified":"2025-08-20T17:16:04","modified_gmt":"2025-08-20T15:16:04","slug":"brief-charte-graphique","status":"publish","type":"post","link":"https:\/\/graphiste.com\/blog\/brief-charte-graphique\/","title":{"rendered":"R\u00e9ussir le brief de votre charte graphique"},"content":{"rendered":"<p>Le but d\u2019une charte graphique est de communiquer votre <a href=\"https:\/\/graphiste.com\/blog\/creer-identite-visuelle-entreprise\/\">identit\u00e9 visuelle<\/a> \u00e0 l\u2019ensemble des cr\u00e9atifs qui vont \u00e9laborer votre logo, votre site internet, votre <a href=\"https:\/\/graphiste.com\/blog\/etapes-creation-catalogue-produit\">catalogue<\/a>\u2026 bref, tous vos <a href=\"https:\/\/graphiste.com\/blog\/supports-de-communication-pour-votre-entreprise\">supports de communication<\/a>.<\/p>\n<p>Graphistes, agence de communication ou encore webdesigners devront travailler de concert pour mettre en valeur votre image de marque et transmettre uniform\u00e9ment l\u2019univers graphique de votre entreprise.<\/p>\n<p>D\u2019o\u00f9 l\u2019importance de r\u00e9ussir le brief de votre charte graphique&nbsp;! Pour vous aider \u00e0 r\u00e9aliser un <a href=\"https:\/\/graphiste.com\/blog\/reussir-brief-creatif\">brief cr\u00e9atif<\/a> parfait, suivez le guide&nbsp;!<\/p>\n<h2>1. D\u00e9crivez votre entreprise dans les moindres d\u00e9tails<\/h2>\n<p>Si vous souhaitez que votre \u00e9quipe de cr\u00e9atifs r\u00e9alise une <a href=\"https:\/\/graphiste.com\/blog\/webdesign-charte-graphique-parfaite-site-web\">charte graphique<\/a> en ad\u00e9quation avec votre marque d\u2019entreprise, il est important qu\u2019ils en apprennent le plus possible sur elle&nbsp;:<\/p>\n<ul>\n<li>Racontez l\u2019histoire de votre entreprise, les valeurs que vous cherchez \u00e0 v\u00e9hiculer \u00e0 travers votre identit\u00e9 visuelle.<\/li>\n<li>D\u00e9crivez vos produits, les mat\u00e9riaux utilis\u00e9s et le processus de fabrication.<\/li>\n<li>Pr\u00e9cisez le nom de votre entreprise et votre <a href=\"https:\/\/graphiste.com\/blog\/creer-slogan-publicitaire\">slogan<\/a>, en pr\u00e9cisant comment vous voulez les voir appara\u00eetre (en majuscules, en minuscules, sur une ligne\u2026).<\/li>\n<\/ul>\n<h2>2. Dressez un portrait-robot pr\u00e9cis de votre buyer persona et de vos concurrents<\/h2>\n<figure id=\"attachment_27215\" aria-describedby=\"caption-attachment-27215\" style=\"width: 700px\" class=\"wp-caption aligncenter\"><img decoding=\"async\" class=\"size-full wp-image-27215\" src=\"https:\/\/graphiste.com\/blog\/wp-content\/uploads\/sites\/4\/2021\/05\/brief-charte-graphique.jpg\" alt=\"brief-charte-graphique\" width=\"700\" height=\"324\"><figcaption id=\"caption-attachment-27215\" class=\"wp-caption-text\">Affaires vecteur cr\u00e9\u00e9 par pch.vector &#8211; fr.freepik.com<\/figcaption><\/figure>\n<p>Aucune communication ne peut \u00eatre pertinente sans l\u2019\u00e9tude de votre persona.<\/p>\n<p>Deux raisons \u00e0 cela&nbsp;:<\/p>\n<ul>\n<li>Les couleurs, la typographie, les visuels, etc. seront diff\u00e9rents en fonction de la client\u00e8le cibl\u00e9e.<\/li>\n<li>Votre communication visuelle sera diff\u00e9rente selon les r\u00e9seaux sociaux fr\u00e9quent\u00e9s par votre public.<\/li>\n<\/ul>\n<p>Tous les \u00e9l\u00e9ments se rapportant \u00e0 votre audience devront appara\u00eetre dans le brief de votre <a href=\"https:\/\/graphiste.com\/blog\/comment-trouver-la-palette-ideale-pour-votre-charte-graphique\">charte graphique<\/a>&nbsp;:<\/p>\n<ul>\n<li>La carte d\u2019identit\u00e9 de votre persona si vous visez une client\u00e8le B2C (sexe, \u00e2ge, profession, centres d\u2019int\u00e9r\u00eat, attentes, habitudes d\u2019achat\u2026)<\/li>\n<li>La fiche de l\u2019entreprise cible si votre domaine d\u2019activit\u00e9 est en B2B (son activit\u00e9, sa client\u00e8le, ses services ou produits\u2026).<\/li>\n<li>Sans oublier le topo sur vos concurrents (leurs forces, leurs faiblesses, leur identit\u00e9 visuelle&#8230; tout ceci vous permettant de vous d\u00e9marquer).<\/li>\n<\/ul>\n<h2>3. D\u00e9taillez votre style graphique<\/h2>\n<p>Pour que vos cr\u00e9atifs puissent \u0153uvrer sur votre charte graphique, prenez le temps d\u2019en pr\u00e9ciser les moindres d\u00e9tails&nbsp;:<\/p>\n<ul>\n<li>Le type de logo que vous d\u00e9sirez ;<\/li>\n<li>Le style de votre identit\u00e9 visuelle&nbsp;: <a href=\"https:\/\/graphiste.com\/blog\/a-dit-vintage-etait-ancien\">vintage<\/a>, <a href=\"https:\/\/graphiste.com\/blog\/web-design-sites-minimalistes-inspirants\">minimaliste<\/a>, <a href=\"https:\/\/graphiste.com\/blog\/comment-creer-flat-illustrations\">flat<\/a>\u2026 ;<\/li>\n<li>Les couleurs \u00e0 utiliser et celles \u00e0 \u00e9viter ;<\/li>\n<li>La typographie \u00e0 int\u00e9grer ;<\/li>\n<li>Les diff\u00e9rents canaux de diffusion sur lesquels vous souhaitez transmettre vos informations&nbsp;: print, web, affichage urbain\u2026<\/li>\n<\/ul>\n<p>Ne soyez pas regardant sur les d\u00e9tails&nbsp;: plus votre <a href=\"https:\/\/cahiersdescharges.com\/telechargement\/cahier-des-charges-charte-graphique\/\" target=\"_blank\" rel=\"noopener noreferrer\">cahier des charges<\/a> sera d\u00e9taill\u00e9, plus votre charte graphique correspondra parfaitement \u00e0 votre identit\u00e9 visuelle et sera coh\u00e9rente sur l\u2019ensemble de vos supports marketing.<\/p>\n<h2>4. Pr\u00e9cisez vos contraintes<\/h2>\n<p>Avant de lancer votre \u00e9quipe graphique dans la conception de votre charte graphique, stipulez l\u2019ensemble de vos contraintes&nbsp;:<\/p>\n<h3>Vos imp\u00e9ratifs techniques<\/h3>\n<p>Normes environnementales, r\u00e9glementations sp\u00e9cifiques \u00e0 votre secteur d\u2019activit\u00e9\u2026 Stipulez tout ce qui peut limiter la cr\u00e9ativit\u00e9 de votre \u00e9quipe.<\/p>\n<h3>Votre budget<\/h3>\n<p>Essayez d\u2019\u00e9valuer votre budget marketing. Soyez le plus clair possible, surtout si vous avez un budget serr\u00e9.<\/p>\n<p>Indiquez les prestations attendues et le nombre de versions de votre projet pour que l\u2019agence graphique ou le <a href=\"https:\/\/graphiste.com\">graphiste freelance<\/a> puisse \u00e9tablir un devis r\u00e9aliste.<\/p>\n<h3>Vos d\u00e9lais<\/h3>\n<p>Pensez \u00e0 notifier les dates de livraison dans le brief de votre charte graphique.<\/p>\n<blockquote><p>N\u2019oubliez pas que plus vous laisserez de temps \u00e0 votre graphiste, plus il sera cr\u00e9atif&nbsp;!<\/p><\/blockquote>\n<h2>5. D\u00e9finissez vos objectifs<\/h2>\n<figure id=\"attachment_27216\" aria-describedby=\"caption-attachment-27216\" style=\"width: 700px\" class=\"wp-caption aligncenter\"><img decoding=\"async\" class=\"size-full wp-image-27216\" src=\"https:\/\/graphiste.com\/blog\/wp-content\/uploads\/sites\/4\/2021\/05\/brief-charte-graphique-objectifs.jpg\" alt=\"brief-charte-graphique-objectifs\" width=\"700\" height=\"500\"><figcaption id=\"caption-attachment-27216\" class=\"wp-caption-text\">Fond vecteur cr\u00e9\u00e9 par freepik &#8211; fr.freepik.com<\/figcaption><\/figure>\n<p>Cherchez-vous \u00e0 conqu\u00e9rir un nouveau march\u00e9&nbsp;? Votre objectif est-il de valoriser votre image de marque et augmenter votre notori\u00e9t\u00e9&nbsp;? Envisagez-vous de d\u00e9velopper une franchise&nbsp;?<\/p>\n<p>Il est important que votre \u00e9quipe connaisse le but de son travail pour coller au plus pr\u00e8s de votre strat\u00e9gie de communication.<\/p>\n<h2>6. R\u00e9partissez les r\u00f4les<\/h2>\n<p>Identifiez les r\u00f4les de chacun de vos intervenants afin qu\u2019ils prennent connaissance des missions qui leur sont allou\u00e9es.<\/p>\n<p>Notez dans votre <a href=\"https:\/\/cahiersdescharges.com\/telechargement\/cahier-des-charges-charte-graphique\/\" target=\"_blank\" rel=\"noopener noreferrer\">cahier des charges<\/a> vos ressources humaines existantes et les prestataires qu\u2019il vous manque pour concr\u00e9tiser votre projet&nbsp;: designer, infographiste, webmaster, d\u00e9veloppeur de site\u2026<\/p>\n<blockquote><p>Vous pouvez trouver vos prestataires graphiques sur <a href=\"https:\/\/graphiste.com\">Graphiste.com<\/a> et vos prestataires informatiques sur <a href=\"https:\/\/www.codeur.com\/?utm_source=Graphiste&amp;utm_medium=blog&amp;utm_campaign=brief-charte-graphique\" target=\"_blank\" rel=\"noopener noreferrer\">Codeur.com<\/a>.<\/p><\/blockquote>\n<h2>7. Communiquez avec votre \u00e9quipe graphique<\/h2>\n<p>Une fois le brief de votre charte graphique termin\u00e9, ne laissez pas votre prestataire sans r\u00e9ponse&nbsp;!<\/p>\n<ul>\n<li>Donnez-lui toutes les informations suppl\u00e9mentaires qu\u2019il vous demande. N\u2019oubliez pas qu\u2019il est un intervenant ext\u00e9rieur \u00e0 votre entreprise et qu\u2019il ne la conna\u00eet pas aussi bien que vous.<\/li>\n<li>Faites un point r\u00e9guli\u00e8rement avec lui pour \u00e9viter qu\u2019il n\u2019ait pas compris vos attentes. N\u2019h\u00e9sitez pas \u00e0 mettre un cadre en rappelant les deadlines \u00e0 respecter ou \u00e0 segmenter le projet pour \u00eatre s\u00fbr qu\u2019il suive la bonne direction<\/li>\n<\/ul>\n<blockquote><p>Pour vous aider \u00e0 r\u00e9ussir votre brief et \u00e9tablir votre charte graphique, nous mettons \u00e0 votre disposition un <a href=\"https:\/\/cahiersdescharges.com\/telechargement\/cahier-des-charges-charte-graphique\/\" target=\"_blank\" rel=\"noopener noreferrer\">mod\u00e8le de cahier des charges<\/a> \u00e0 t\u00e9l\u00e9charger gratuitement.<\/p><\/blockquote>\n<h2>Conclusion<\/h2>\n<p>R\u00e9ussir le brief de votre charte graphique et trouver le bon graphiste demande du temps.<\/p>\n<p>Chez <a href=\"https:\/\/graphiste.com\/#open-fast?source=blog-text\">Graphiste.com<\/a>, notre r\u00f4le est justement de vous aider \u00e0 trouver le graphiste qui saura r\u00e9pondre pr\u00e9cis\u00e9ment \u00e0 vos besoins marketing et cr\u00e9er une identit\u00e9 visuelle forte&nbsp;!<\/p>\n","protected":false},"excerpt":{"rendered":"<p>Le but d\u2019une charte graphique est de communiquer votre identit\u00e9 visuelle \u00e0 l\u2019ensemble des cr\u00e9atifs qui vont \u00e9laborer votre logo, votre site internet, votre catalogue\u2026 bref, tous vos supports de communication. Graphistes, agence de communication ou encore webdesigners devront travailler de concert pour mettre en valeur votre image de marque et transmettre uniform\u00e9ment l\u2019univers graphique [&hellip;]<\/p>\n","protected":false},"author":69,"featured_media":50394,"comment_status":"open","ping_status":"open","sticky":false,"template":"","format":"standard","meta":{"_acf_changed":false,"inline_featured_image":false,"footnotes":""},"categories":[98],"tags":[69],"class_list":["post-27213","post","type-post","status-publish","format-standard","has-post-thumbnail","hentry","category-charte-graphique","tag-graphisme"],"acf":[],"yoast_head":"<!-- This site is optimized with the Yoast SEO plugin v25.9 - https:\/\/yoast.com\/wordpress\/plugins\/seo\/ -->\n<title>R\u00e9ussir le brief de votre charte graphique - Graphiste Blog<\/title>\n<meta name=\"description\" content=\"Le but d\u2019une charte graphique est de communiquer votre identit\u00e9 visuelle \u00e0 l\u2019ensemble des cr\u00e9atifs qui vont \u00e9laborer votre logo, votre site internet,\" \/>\n<meta name=\"robots\" content=\"index, follow, max-snippet:-1, max-image-preview:large, max-video-preview:-1\" \/>\n<link rel=\"canonical\" href=\"https:\/\/graphiste.com\/blog\/brief-charte-graphique\/\" \/>\n<meta property=\"og:locale\" content=\"fr_FR\" \/>\n<meta property=\"og:type\" content=\"article\" \/>\n<meta property=\"og:title\" content=\"R\u00e9ussir le brief de votre charte graphique - Graphiste Blog\" \/>\n<meta property=\"og:description\" content=\"Le but d\u2019une charte graphique est de communiquer votre identit\u00e9 visuelle \u00e0 l\u2019ensemble des cr\u00e9atifs qui vont \u00e9laborer votre logo, votre site internet,\" \/>\n<meta property=\"og:url\" content=\"https:\/\/graphiste.com\/blog\/brief-charte-graphique\/\" \/>\n<meta property=\"og:site_name\" content=\"Graphiste.com\" \/>\n<meta property=\"article:publisher\" content=\"https:\/\/www.facebook.com\/graphistesfreelances\" \/>\n<meta property=\"article:published_time\" content=\"2023-06-19T08:30:00+00:00\" \/>\n<meta property=\"article:modified_time\" content=\"2025-08-20T15:16:04+00:00\" \/>\n<meta property=\"og:image\" content=\"https:\/\/graphiste.com\/blog\/wp-content\/uploads\/sites\/4\/2023\/06\/Image-a-la-une-brief-charte.png\" \/>\n\t<meta property=\"og:image:width\" content=\"1024\" \/>\n\t<meta property=\"og:image:height\" content=\"618\" \/>\n\t<meta property=\"og:image:type\" content=\"image\/png\" \/>\n<meta name=\"author\" content=\"C\u00e9dric Reymbaut\" \/>\n<meta name=\"twitter:card\" content=\"summary_large_image\" \/>\n<meta name=\"twitter:creator\" content=\"@Graphistecom\" \/>\n<meta name=\"twitter:site\" content=\"@Graphistecom\" \/>\n<meta name=\"twitter:label1\" content=\"\u00c9crit par\" \/>\n\t<meta name=\"twitter:data1\" content=\"C\u00e9dric Reymbaut\" \/>\n\t<meta name=\"twitter:label2\" content=\"Dur\u00e9e de lecture estim\u00e9e\" \/>\n\t<meta name=\"twitter:data2\" content=\"5 minutes\" \/>\n<script type=\"application\/ld+json\" class=\"yoast-schema-graph\">{\"@context\":\"https:\/\/schema.org\",\"@graph\":[{\"@type\":\"Article\",\"@id\":\"https:\/\/graphiste.com\/blog\/brief-charte-graphique\/#article\",\"isPartOf\":{\"@id\":\"https:\/\/graphiste.com\/blog\/brief-charte-graphique\/\"},\"author\":{\"name\":\"C\u00e9dric Reymbaut\",\"@id\":\"https:\/\/graphiste.com\/blog\/#\/schema\/person\/fd068361dcde9cff7ed7697f613f839c\"},\"headline\":\"R\u00e9ussir le brief de votre charte graphique\",\"datePublished\":\"2023-06-19T08:30:00+00:00\",\"dateModified\":\"2025-08-20T15:16:04+00:00\",\"mainEntityOfPage\":{\"@id\":\"https:\/\/graphiste.com\/blog\/brief-charte-graphique\/\"},\"wordCount\":929,\"commentCount\":0,\"publisher\":{\"@id\":\"https:\/\/graphiste.com\/blog\/#organization\"},\"image\":{\"@id\":\"https:\/\/graphiste.com\/blog\/brief-charte-graphique\/#primaryimage\"},\"thumbnailUrl\":\"https:\/\/graphiste.com\/blog\/wp-content\/uploads\/sites\/4\/2023\/06\/Image-a-la-une-brief-charte.png\",\"keywords\":[\"Tout savoir sur le Graphisme\"],\"articleSection\":[\"Charte graphique\"],\"inLanguage\":\"fr-FR\",\"potentialAction\":[{\"@type\":\"CommentAction\",\"name\":\"Comment\",\"target\":[\"https:\/\/graphiste.com\/blog\/brief-charte-graphique\/#respond\"]}]},{\"@type\":\"WebPage\",\"@id\":\"https:\/\/graphiste.com\/blog\/brief-charte-graphique\/\",\"url\":\"https:\/\/graphiste.com\/blog\/brief-charte-graphique\/\",\"name\":\"R\u00e9ussir le brief de votre charte graphique - Graphiste Blog\",\"isPartOf\":{\"@id\":\"https:\/\/graphiste.com\/blog\/#website\"},\"primaryImageOfPage\":{\"@id\":\"https:\/\/graphiste.com\/blog\/brief-charte-graphique\/#primaryimage\"},\"image\":{\"@id\":\"https:\/\/graphiste.com\/blog\/brief-charte-graphique\/#primaryimage\"},\"thumbnailUrl\":\"https:\/\/graphiste.com\/blog\/wp-content\/uploads\/sites\/4\/2023\/06\/Image-a-la-une-brief-charte.png\",\"datePublished\":\"2023-06-19T08:30:00+00:00\",\"dateModified\":\"2025-08-20T15:16:04+00:00\",\"description\":\"Le but d\u2019une charte graphique est de communiquer votre identit\u00e9 visuelle \u00e0 l\u2019ensemble des cr\u00e9atifs qui vont \u00e9laborer votre logo, votre site internet,\",\"breadcrumb\":{\"@id\":\"https:\/\/graphiste.com\/blog\/brief-charte-graphique\/#breadcrumb\"},\"inLanguage\":\"fr-FR\",\"potentialAction\":[{\"@type\":\"ReadAction\",\"target\":[\"https:\/\/graphiste.com\/blog\/brief-charte-graphique\/\"]}]},{\"@type\":\"ImageObject\",\"inLanguage\":\"fr-FR\",\"@id\":\"https:\/\/graphiste.com\/blog\/brief-charte-graphique\/#primaryimage\",\"url\":\"https:\/\/graphiste.com\/blog\/wp-content\/uploads\/sites\/4\/2023\/06\/Image-a-la-une-brief-charte.png\",\"contentUrl\":\"https:\/\/graphiste.com\/blog\/wp-content\/uploads\/sites\/4\/2023\/06\/Image-a-la-une-brief-charte.png\",\"width\":1024,\"height\":618},{\"@type\":\"BreadcrumbList\",\"@id\":\"https:\/\/graphiste.com\/blog\/brief-charte-graphique\/#breadcrumb\",\"itemListElement\":[{\"@type\":\"ListItem\",\"position\":1,\"name\":\"Blog\",\"item\":\"https:\/\/graphiste.com\/blog\/\"},{\"@type\":\"ListItem\",\"position\":2,\"name\":\"Branding\",\"item\":\"https:\/\/graphiste.com\/blog\/branding\/\"},{\"@type\":\"ListItem\",\"position\":3,\"name\":\"Charte graphique\",\"item\":\"https:\/\/graphiste.com\/blog\/branding\/charte-graphique\/\"},{\"@type\":\"ListItem\",\"position\":4,\"name\":\"R\u00e9ussir le brief de votre charte graphique\"}]},{\"@type\":\"WebSite\",\"@id\":\"https:\/\/graphiste.com\/blog\/#website\",\"url\":\"https:\/\/graphiste.com\/blog\/\",\"name\":\"Graphiste.com\",\"description\":\"graphiste\",\"publisher\":{\"@id\":\"https:\/\/graphiste.com\/blog\/#organization\"},\"potentialAction\":[{\"@type\":\"SearchAction\",\"target\":{\"@type\":\"EntryPoint\",\"urlTemplate\":\"https:\/\/graphiste.com\/blog\/?s={search_term_string}\"},\"query-input\":{\"@type\":\"PropertyValueSpecification\",\"valueRequired\":true,\"valueName\":\"search_term_string\"}}],\"inLanguage\":\"fr-FR\"},{\"@type\":\"Organization\",\"@id\":\"https:\/\/graphiste.com\/blog\/#organization\",\"name\":\"Graphiste.com\",\"url\":\"https:\/\/graphiste.com\/blog\/\",\"logo\":{\"@type\":\"ImageObject\",\"inLanguage\":\"fr-FR\",\"@id\":\"https:\/\/graphiste.com\/blog\/#\/schema\/logo\/image\/\",\"url\":\"https:\/\/graphiste.com\/blog\/wp-content\/uploads\/sites\/4\/2022\/07\/logo-blog-graphiste.svg\",\"contentUrl\":\"https:\/\/graphiste.com\/blog\/wp-content\/uploads\/sites\/4\/2022\/07\/logo-blog-graphiste.svg\",\"width\":1,\"height\":1,\"caption\":\"Graphiste.com\"},\"image\":{\"@id\":\"https:\/\/graphiste.com\/blog\/#\/schema\/logo\/image\/\"},\"sameAs\":[\"https:\/\/www.facebook.com\/graphistesfreelances\",\"https:\/\/x.com\/Graphistecom\",\"https:\/\/www.linkedin.com\/company\/graphiste-com\/\",\"https:\/\/fr.pinterest.com\/Graphiste_Com\",\"https:\/\/www.instagram.com\/graphiste_com\/\"]},{\"@type\":\"Person\",\"@id\":\"https:\/\/graphiste.com\/blog\/#\/schema\/person\/fd068361dcde9cff7ed7697f613f839c\",\"name\":\"C\u00e9dric Reymbaut\",\"image\":{\"@type\":\"ImageObject\",\"inLanguage\":\"fr-FR\",\"@id\":\"https:\/\/graphiste.com\/blog\/#\/schema\/person\/image\/\",\"url\":\"https:\/\/secure.gravatar.com\/avatar\/e5c5c5ea80ab9004dec5ca778b3a0296920ea60943b147078d0f7e299e2a8f6f?s=96&d=mm&r=g\",\"contentUrl\":\"https:\/\/secure.gravatar.com\/avatar\/e5c5c5ea80ab9004dec5ca778b3a0296920ea60943b147078d0f7e299e2a8f6f?s=96&d=mm&r=g\",\"caption\":\"C\u00e9dric Reymbaut\"},\"description\":\"Je suis UX\/UI designer, passionn\u00e9 par les outils comme Figma et Framer. Le week-end, je m\u2019amuse \u00e0 concevoir des SaaS sur Lovable.\",\"sameAs\":[\"https:\/\/www.linkedin.com\/in\/cedricreymbaut74\/\"],\"url\":\"https:\/\/graphiste.com\/blog\/author\/cedric\/\"}]}<\/script>\n<!-- \/ Yoast SEO plugin. -->","yoast_head_json":{"title":"R\u00e9ussir le brief de votre charte graphique - Graphiste Blog","description":"Le but d\u2019une charte graphique est de communiquer votre identit\u00e9 visuelle \u00e0 l\u2019ensemble des cr\u00e9atifs qui vont \u00e9laborer votre logo, votre site internet,","robots":{"index":"index","follow":"follow","max-snippet":"max-snippet:-1","max-image-preview":"max-image-preview:large","max-video-preview":"max-video-preview:-1"},"canonical":"https:\/\/graphiste.com\/blog\/brief-charte-graphique\/","og_locale":"fr_FR","og_type":"article","og_title":"R\u00e9ussir le brief de votre charte graphique - Graphiste Blog","og_description":"Le but d\u2019une charte graphique est de communiquer votre identit\u00e9 visuelle \u00e0 l\u2019ensemble des cr\u00e9atifs qui vont \u00e9laborer votre logo, votre site internet,","og_url":"https:\/\/graphiste.com\/blog\/brief-charte-graphique\/","og_site_name":"Graphiste.com","article_publisher":"https:\/\/www.facebook.com\/graphistesfreelances","article_published_time":"2023-06-19T08:30:00+00:00","article_modified_time":"2025-08-20T15:16:04+00:00","og_image":[{"width":1024,"height":618,"url":"https:\/\/graphiste.com\/blog\/wp-content\/uploads\/sites\/4\/2023\/06\/Image-a-la-une-brief-charte.png","type":"image\/png"}],"author":"C\u00e9dric Reymbaut","twitter_card":"summary_large_image","twitter_creator":"@Graphistecom","twitter_site":"@Graphistecom","twitter_misc":{"\u00c9crit par":"C\u00e9dric Reymbaut","Dur\u00e9e de lecture estim\u00e9e":"5 minutes"},"schema":{"@context":"https:\/\/schema.org","@graph":[{"@type":"Article","@id":"https:\/\/graphiste.com\/blog\/brief-charte-graphique\/#article","isPartOf":{"@id":"https:\/\/graphiste.com\/blog\/brief-charte-graphique\/"},"author":{"name":"C\u00e9dric Reymbaut","@id":"https:\/\/graphiste.com\/blog\/#\/schema\/person\/fd068361dcde9cff7ed7697f613f839c"},"headline":"R\u00e9ussir le brief de votre charte graphique","datePublished":"2023-06-19T08:30:00+00:00","dateModified":"2025-08-20T15:16:04+00:00","mainEntityOfPage":{"@id":"https:\/\/graphiste.com\/blog\/brief-charte-graphique\/"},"wordCount":929,"commentCount":0,"publisher":{"@id":"https:\/\/graphiste.com\/blog\/#organization"},"image":{"@id":"https:\/\/graphiste.com\/blog\/brief-charte-graphique\/#primaryimage"},"thumbnailUrl":"https:\/\/graphiste.com\/blog\/wp-content\/uploads\/sites\/4\/2023\/06\/Image-a-la-une-brief-charte.png","keywords":["Tout savoir sur le Graphisme"],"articleSection":["Charte graphique"],"inLanguage":"fr-FR","potentialAction":[{"@type":"CommentAction","name":"Comment","target":["https:\/\/graphiste.com\/blog\/brief-charte-graphique\/#respond"]}]},{"@type":"WebPage","@id":"https:\/\/graphiste.com\/blog\/brief-charte-graphique\/","url":"https:\/\/graphiste.com\/blog\/brief-charte-graphique\/","name":"R\u00e9ussir le brief de votre charte graphique - Graphiste Blog","isPartOf":{"@id":"https:\/\/graphiste.com\/blog\/#website"},"primaryImageOfPage":{"@id":"https:\/\/graphiste.com\/blog\/brief-charte-graphique\/#primaryimage"},"image":{"@id":"https:\/\/graphiste.com\/blog\/brief-charte-graphique\/#primaryimage"},"thumbnailUrl":"https:\/\/graphiste.com\/blog\/wp-content\/uploads\/sites\/4\/2023\/06\/Image-a-la-une-brief-charte.png","datePublished":"2023-06-19T08:30:00+00:00","dateModified":"2025-08-20T15:16:04+00:00","description":"Le but d\u2019une charte graphique est de communiquer votre identit\u00e9 visuelle \u00e0 l\u2019ensemble des cr\u00e9atifs qui vont \u00e9laborer votre logo, votre site internet,","breadcrumb":{"@id":"https:\/\/graphiste.com\/blog\/brief-charte-graphique\/#breadcrumb"},"inLanguage":"fr-FR","potentialAction":[{"@type":"ReadAction","target":["https:\/\/graphiste.com\/blog\/brief-charte-graphique\/"]}]},{"@type":"ImageObject","inLanguage":"fr-FR","@id":"https:\/\/graphiste.com\/blog\/brief-charte-graphique\/#primaryimage","url":"https:\/\/graphiste.com\/blog\/wp-content\/uploads\/sites\/4\/2023\/06\/Image-a-la-une-brief-charte.png","contentUrl":"https:\/\/graphiste.com\/blog\/wp-content\/uploads\/sites\/4\/2023\/06\/Image-a-la-une-brief-charte.png","width":1024,"height":618},{"@type":"BreadcrumbList","@id":"https:\/\/graphiste.com\/blog\/brief-charte-graphique\/#breadcrumb","itemListElement":[{"@type":"ListItem","position":1,"name":"Blog","item":"https:\/\/graphiste.com\/blog\/"},{"@type":"ListItem","position":2,"name":"Branding","item":"https:\/\/graphiste.com\/blog\/branding\/"},{"@type":"ListItem","position":3,"name":"Charte graphique","item":"https:\/\/graphiste.com\/blog\/branding\/charte-graphique\/"},{"@type":"ListItem","position":4,"name":"R\u00e9ussir le brief de votre charte graphique"}]},{"@type":"WebSite","@id":"https:\/\/graphiste.com\/blog\/#website","url":"https:\/\/graphiste.com\/blog\/","name":"Graphiste.com","description":"graphiste","publisher":{"@id":"https:\/\/graphiste.com\/blog\/#organization"},"potentialAction":[{"@type":"SearchAction","target":{"@type":"EntryPoint","urlTemplate":"https:\/\/graphiste.com\/blog\/?s={search_term_string}"},"query-input":{"@type":"PropertyValueSpecification","valueRequired":true,"valueName":"search_term_string"}}],"inLanguage":"fr-FR"},{"@type":"Organization","@id":"https:\/\/graphiste.com\/blog\/#organization","name":"Graphiste.com","url":"https:\/\/graphiste.com\/blog\/","logo":{"@type":"ImageObject","inLanguage":"fr-FR","@id":"https:\/\/graphiste.com\/blog\/#\/schema\/logo\/image\/","url":"https:\/\/graphiste.com\/blog\/wp-content\/uploads\/sites\/4\/2022\/07\/logo-blog-graphiste.svg","contentUrl":"https:\/\/graphiste.com\/blog\/wp-content\/uploads\/sites\/4\/2022\/07\/logo-blog-graphiste.svg","width":1,"height":1,"caption":"Graphiste.com"},"image":{"@id":"https:\/\/graphiste.com\/blog\/#\/schema\/logo\/image\/"},"sameAs":["https:\/\/www.facebook.com\/graphistesfreelances","https:\/\/x.com\/Graphistecom","https:\/\/www.linkedin.com\/company\/graphiste-com\/","https:\/\/fr.pinterest.com\/Graphiste_Com","https:\/\/www.instagram.com\/graphiste_com\/"]},{"@type":"Person","@id":"https:\/\/graphiste.com\/blog\/#\/schema\/person\/fd068361dcde9cff7ed7697f613f839c","name":"C\u00e9dric Reymbaut","image":{"@type":"ImageObject","inLanguage":"fr-FR","@id":"https:\/\/graphiste.com\/blog\/#\/schema\/person\/image\/","url":"https:\/\/secure.gravatar.com\/avatar\/e5c5c5ea80ab9004dec5ca778b3a0296920ea60943b147078d0f7e299e2a8f6f?s=96&d=mm&r=g","contentUrl":"https:\/\/secure.gravatar.com\/avatar\/e5c5c5ea80ab9004dec5ca778b3a0296920ea60943b147078d0f7e299e2a8f6f?s=96&d=mm&r=g","caption":"C\u00e9dric Reymbaut"},"description":"Je suis UX\/UI designer, passionn\u00e9 par les outils comme Figma et Framer. Le week-end, je m\u2019amuse \u00e0 concevoir des SaaS sur Lovable.","sameAs":["https:\/\/www.linkedin.com\/in\/cedricreymbaut74\/"],"url":"https:\/\/graphiste.com\/blog\/author\/cedric\/"}]}},"_links":{"self":[{"href":"https:\/\/graphiste.com\/blog\/wp-json\/wp\/v2\/posts\/27213","targetHints":{"allow":["GET"]}}],"collection":[{"href":"https:\/\/graphiste.com\/blog\/wp-json\/wp\/v2\/posts"}],"about":[{"href":"https:\/\/graphiste.com\/blog\/wp-json\/wp\/v2\/types\/post"}],"author":[{"embeddable":true,"href":"https:\/\/graphiste.com\/blog\/wp-json\/wp\/v2\/users\/69"}],"replies":[{"embeddable":true,"href":"https:\/\/graphiste.com\/blog\/wp-json\/wp\/v2\/comments?post=27213"}],"version-history":[{"count":0,"href":"https:\/\/graphiste.com\/blog\/wp-json\/wp\/v2\/posts\/27213\/revisions"}],"wp:featuredmedia":[{"embeddable":true,"href":"https:\/\/graphiste.com\/blog\/wp-json\/wp\/v2\/media\/50394"}],"wp:attachment":[{"href":"https:\/\/graphiste.com\/blog\/wp-json\/wp\/v2\/media?parent=27213"}],"wp:term":[{"taxonomy":"category","embeddable":true,"href":"https:\/\/graphiste.com\/blog\/wp-json\/wp\/v2\/categories?post=27213"},{"taxonomy":"post_tag","embeddable":true,"href":"https:\/\/graphiste.com\/blog\/wp-json\/wp\/v2\/tags?post=27213"}],"curies":[{"name":"wp","href":"https:\/\/api.w.org\/{rel}","templated":true}]}}