{"id":26125,"date":"2022-06-01T01:00:00","date_gmt":"2022-05-31T23:00:00","guid":{"rendered":"https:\/\/graphiste.com\/blog\/?p=26125"},"modified":"2023-10-04T08:40:44","modified_gmt":"2023-10-04T06:40:44","slug":"comment-combiner-vos-typographies-bonnes-pratiques-et-outils","status":"publish","type":"post","link":"https:\/\/graphiste.com\/blog\/comment-combiner-vos-typographies-bonnes-pratiques-et-outils\/","title":{"rendered":"Comment combiner vos typographies\u00a0? Bonnes pratiques et outils"},"content":{"rendered":"<p>Tous les graphistes connaissent l\u2019importance de <a href=\"https:\/\/graphiste.com\/blog\/conseils-choisir-typographie\">bien choisir leur typographie<\/a>. Celle-ci a en effet un impact direct sur le rendu professionnel de leur cr\u00e9ation. Une combinaison de polices bien choisie conf\u00e8re au design une bonne partie de son caract\u00e8re.<\/p>\n<p>Cependant, choisir la meilleure combinaison entre titre et paragraphe est une op\u00e9ration d\u00e9licate. D\u00e9couvrez ici comment combiner vos typographies pour un r\u00e9sultat parfait.<\/p>\n<h2>Les bonnes pratiques de combinaison typographique<\/h2>\n<p>Il existe trois principales <a href=\"https:\/\/graphiste.com\/blog\/email-typographie-regles\">r\u00e8gles typographiques<\/a> \u00e0 observer afin de vous aider \u00e0 produire un graphisme de qualit\u00e9, quel que soit le support auquel il se destine (<a href=\"https:\/\/graphiste.com\/blog\/choisir-typographie-site-web\">site web<\/a>, <a href=\"https:\/\/graphiste.com\/blog\/realiser-flyer-parfait\">flyer<\/a>, <a href=\"https:\/\/graphiste.com\/blog\/typographie-free-affiche-poster\">affiche<\/a>, etc.)<\/p>\n<h3>Le nombre de polices<\/h3>\n<p>En g\u00e9n\u00e9ral, il est recommand\u00e9 de rester sobre en optant pour deux polices maximum. La premi\u00e8re est utilis\u00e9e pour les titres et la seconde pour les paragraphes.<\/p>\n<p>Avoir beaucoup de polices d&#8217;\u00e9criture diff\u00e9rentes peut perdre votre visiteur sur votre site.<\/p>\n<h3>La lisibilit\u00e9<\/h3>\n<p>Vos <a href=\"https:\/\/graphiste.com\/blog\/typographie-comment-eviter-stereotypes\">choix typographiques<\/a> auront un impact important sur l\u2019effet de votre r\u00e9alisation graphique.<\/p>\n<p>Si vous souhaitez opter pour une police avec du caract\u00e8re, gardez toujours \u00e0 l\u2019esprit que celle-ci doit \u00eatre parfaitement lisible en toute situation.<\/p>\n<p>La lisibilit\u00e9 est, et doit \u00eatre, votre priorit\u00e9 absolue&nbsp;!<\/p>\n<h3>La couleur<\/h3>\n<p>La sobri\u00e9t\u00e9 est \u00e9galement de mise au moment de choisir la couleur de vos polices.<\/p>\n<p>Toujours dans un souci de lisibilit\u00e9, les couleurs de votre texte et du fond doivent \u00eatre bien <a href=\"https:\/\/graphiste.com\/blog\/ajouter-contraste-design\">contrast\u00e9es<\/a> pour \u00eatre lu ais\u00e9ment en toutes circonstances.<\/p>\n<p>Les polices tr\u00e8s contrast\u00e9es (Serif et sans Serif) s\u2019\u00e9quilibrent g\u00e9n\u00e9ralement bien.<\/p>\n<blockquote><p>\u00c0 lire aussi&nbsp;: <a href=\"https:\/\/graphiste.com\/blog\/effets-psychologiques-typographie\">Comprendre les effets psychologiques de la typographie sur le lecteur<\/a><\/p><\/blockquote>\n<h2>8 outils gratuits pour combiner vos typographies<\/h2>\n<p>Saviez-vous qu\u2019il existe de nombreux sites d&#8217;association de polices gratuits susceptibles de vous aider \u00e0 <a href=\"https:\/\/graphiste.com\/blog\/combiner-polices-caractere\">combiner vos typographies<\/a>&nbsp;? En voici une s\u00e9lection de qualit\u00e9.<\/p>\n<h3>1. Fonts in use<\/h3>\n<p><img decoding=\"async\" class=\"alignnone size-full wp-image-26133 aligncenter\" src=\"https:\/\/graphiste.com\/blog\/wp-content\/uploads\/sites\/4\/2021\/04\/fonts_in_use.jpg\" alt=\"combiner typographies fonts_in_use\" width=\"700\" height=\"500\"><\/p>\n<p><a href=\"https:\/\/fontsinuse.com\/?source=graphiste-com-blog&amp;utm_source=graphiste-com-blog\" target=\"_blank\" rel=\"nofollow noopener noreferrer\">Fonts in use<\/a> r\u00e9f\u00e9rence une multitude de polices utilisables sur tous vos supports graphiques, hormis le web.<\/p>\n<p>Le site se veut une v\u00e9ritable source d\u2019inspiration. Il propose de nombreuses mises en sc\u00e8ne des polices sous forme de magazines, produits et cartes de visite. Unique en son genre, cette ressource est parfaite pour d\u00e9nicher des polices de caract\u00e8res originales.<\/p>\n<h3>2. Typespiration<\/h3>\n<p><img decoding=\"async\" class=\"alignnone size-full wp-image-26132 aligncenter\" src=\"https:\/\/graphiste.com\/blog\/wp-content\/uploads\/sites\/4\/2021\/04\/typespiration.jpg\" alt=\"combiner typographies typespiration\" width=\"700\" height=\"360\"><\/p>\n<p>Inspirationnel, <a href=\"http:\/\/typespiration.com\/?source=graphiste-com-blog&amp;utm_source=graphiste-com-blog\" target=\"_blank\" rel=\"nofollow noopener noreferrer\">Typespiration<\/a> met \u00e0 votre disposition de nombreux exemples de combinaisons typographiques associant police d\u2019\u00e9criture et palette colorim\u00e9trique. Un outil bien pratique si vous d\u00e9butez tout juste votre charte graphique&nbsp;!<\/p>\n<p>Pour vos supports web, une fois vos s\u00e9lections faites, vous pourrez t\u00e9l\u00e9charger le fichier HTML\/CSS de votre combinaison afin de l\u2019int\u00e9grer \u00e0 vos webdesigns.<\/p>\n<h3>3. Canva Font Combinaisons<\/h3>\n<p><img decoding=\"async\" class=\"alignnone size-full wp-image-26131 aligncenter\" src=\"https:\/\/graphiste.com\/blog\/wp-content\/uploads\/sites\/4\/2021\/04\/canva_font.jpg\" alt=\"combiner typographies canva font\" width=\"700\" height=\"360\"><\/p>\n<p>La combinaison typographique est extr\u00eamement simple sur <a href=\"https:\/\/www.canva.com\/font-combinations\/?source=graphiste-com-blog&amp;utm_source=graphiste-com-blog\" target=\"_blank\" rel=\"nofollow noopener noreferrer\">Canva Font Combinaisons<\/a>. Une fois votre premi\u00e8re Font choisie parmi la s\u00e9lection fournie par les designers Canva, l\u2019outil met automatiquement \u00e0 votre disposition plusieurs polices compl\u00e9mentaires.<\/p>\n<p>Il ne vous reste plus alors qu\u2019\u00e0 tester les diff\u00e9rentes combinaisons mises en situation pour choisir celle qui vous correspond le mieux.<\/p>\n<h3>4. Google Font<\/h3>\n<p><img decoding=\"async\" class=\"alignnone size-full wp-image-26130 aligncenter\" src=\"https:\/\/graphiste.com\/blog\/wp-content\/uploads\/sites\/4\/2021\/04\/google_font.jpg\" alt=\"combiner typographies google fonts\" width=\"700\" height=\"360\"><\/p>\n<p>Vous connaissez sans doute <a href=\"https:\/\/fonts.google.com\/?source=graphiste-com-blog&amp;utm_source=graphiste-com-blog\" target=\"_blank\" rel=\"nofollow noopener noreferrer\">Google Font<\/a>, site de r\u00e9f\u00e9rence qui propose la liste de typographies gratuites la plus importante du web. Ce sont en effet plus de 800 webfonts Serif et Sans Serif qui y sont r\u00e9pertori\u00e9s.<\/p>\n<p>Clair et intuitif, le site vous permet de trouver la police qui correspond \u00e0 votre design, gr\u00e2ce \u00e0 ses nombreux crit\u00e8res de tri (tendance, populaire, nouveaut\u00e9s, ordre alphab\u00e9tique, \u00e9paisseur).<\/p>\n<p>En termes de combinaison de police, la s\u00e9lection d\u2019une premi\u00e8re Font vous permet d\u2019acc\u00e9der \u00e0 une liste de propositions de typographies compl\u00e9mentaires avec pr\u00e9visualisation.<\/p>\n<h3>5. Google Type<\/h3>\n<p><img decoding=\"async\" class=\"size-full wp-image-26129 aligncenter\" src=\"https:\/\/graphiste.com\/blog\/wp-content\/uploads\/sites\/4\/2021\/04\/google_tool.jpg\" alt=\"combiner typographies google type\" width=\"700\" height=\"360\"><\/p>\n<p><a href=\"http:\/\/femmebot.github.io\/google-type\/?source=graphiste-com-blog&amp;utm_source=graphiste-com-blog\" target=\"_blank\" rel=\"nofollow noopener noreferrer\">Google Type<\/a> a pour objectif de vous inspirer en vous donnant gratuitement acc\u00e8s au contenu Google Font. Le site \u00e9tant collaboratif, des designers de tous bords y proposent une combinaison de deux polices mises en valeur par une image de fond.<\/p>\n<p>Des exemples inspirationnels, originaux et tendances, qui vous permettront d\u2019apporter du style \u00e0 votre webdesign.<\/p>\n<h3>6. Fontpair<\/h3>\n<p><img decoding=\"async\" class=\"aligncenter wp-image-51181 size-full\" src=\"https:\/\/graphiste.com\/blog\/wp-content\/uploads\/sites\/4\/2022\/06\/Capture-decran-2023-09-08-a-15.09.21.png\" alt=\"\" width=\"1262\" height=\"621\" srcset=\"https:\/\/graphiste.com\/blog\/wp-content\/uploads\/sites\/4\/2022\/06\/Capture-decran-2023-09-08-a-15.09.21.png 1262w, https:\/\/graphiste.com\/blog\/wp-content\/uploads\/sites\/4\/2022\/06\/Capture-decran-2023-09-08-a-15.09.21-300x148.png 300w, https:\/\/graphiste.com\/blog\/wp-content\/uploads\/sites\/4\/2022\/06\/Capture-decran-2023-09-08-a-15.09.21-1024x504.png 1024w, https:\/\/graphiste.com\/blog\/wp-content\/uploads\/sites\/4\/2022\/06\/Capture-decran-2023-09-08-a-15.09.21-768x378.png 768w, https:\/\/graphiste.com\/blog\/wp-content\/uploads\/sites\/4\/2022\/06\/Capture-decran-2023-09-08-a-15.09.21-60x30.png 60w, https:\/\/graphiste.com\/blog\/wp-content\/uploads\/sites\/4\/2022\/06\/Capture-decran-2023-09-08-a-15.09.21-370x182.png 370w, https:\/\/graphiste.com\/blog\/wp-content\/uploads\/sites\/4\/2022\/06\/Capture-decran-2023-09-08-a-15.09.21-270x133.png 270w, https:\/\/graphiste.com\/blog\/wp-content\/uploads\/sites\/4\/2022\/06\/Capture-decran-2023-09-08-a-15.09.21-570x280.png 570w, https:\/\/graphiste.com\/blog\/wp-content\/uploads\/sites\/4\/2022\/06\/Capture-decran-2023-09-08-a-15.09.21-740x364.png 740w\" sizes=\"(max-width: 1262px) 100vw, 1262px\" \/><\/p>\n<p>Encore une fois, <a href=\"https:\/\/fontpair.co\/?source=graphiste-com-blog&amp;utm_source=graphiste-com-blog\" target=\"_blank\" rel=\"nofollow noopener noreferrer\">Font pair<\/a> propose une interface simple et lisible. Les exemples de combinaisons propos\u00e9s vous permettent de vous projeter et d\u2019imaginer leur effet sur votre site web.<\/p>\n<p>Pourvu d\u2019un moteur de recherche reli\u00e9 \u00e0 Google Font, l\u2019outil vous permet \u00e9galement de classer les typographies par cat\u00e9gorie Serif ou Sans Serif.<\/p>\n<h3>7. Typ.io<\/h3>\n<p><img decoding=\"async\" class=\"aligncenter wp-image-51182 size-full\" src=\"https:\/\/graphiste.com\/blog\/wp-content\/uploads\/sites\/4\/2022\/06\/Capture-decran-2023-09-08-a-15.10.13.png\" alt=\"\" width=\"1207\" height=\"831\" srcset=\"https:\/\/graphiste.com\/blog\/wp-content\/uploads\/sites\/4\/2022\/06\/Capture-decran-2023-09-08-a-15.10.13.png 1207w, https:\/\/graphiste.com\/blog\/wp-content\/uploads\/sites\/4\/2022\/06\/Capture-decran-2023-09-08-a-15.10.13-300x207.png 300w, https:\/\/graphiste.com\/blog\/wp-content\/uploads\/sites\/4\/2022\/06\/Capture-decran-2023-09-08-a-15.10.13-1024x705.png 1024w, https:\/\/graphiste.com\/blog\/wp-content\/uploads\/sites\/4\/2022\/06\/Capture-decran-2023-09-08-a-15.10.13-768x529.png 768w, https:\/\/graphiste.com\/blog\/wp-content\/uploads\/sites\/4\/2022\/06\/Capture-decran-2023-09-08-a-15.10.13-60x41.png 60w, https:\/\/graphiste.com\/blog\/wp-content\/uploads\/sites\/4\/2022\/06\/Capture-decran-2023-09-08-a-15.10.13-370x255.png 370w, https:\/\/graphiste.com\/blog\/wp-content\/uploads\/sites\/4\/2022\/06\/Capture-decran-2023-09-08-a-15.10.13-270x186.png 270w, https:\/\/graphiste.com\/blog\/wp-content\/uploads\/sites\/4\/2022\/06\/Capture-decran-2023-09-08-a-15.10.13-435x300.png 435w, https:\/\/graphiste.com\/blog\/wp-content\/uploads\/sites\/4\/2022\/06\/Capture-decran-2023-09-08-a-15.10.13-570x392.png 570w, https:\/\/graphiste.com\/blog\/wp-content\/uploads\/sites\/4\/2022\/06\/Capture-decran-2023-09-08-a-15.10.13-740x509.png 740w\" sizes=\"(max-width: 1207px) 100vw, 1207px\" \/><\/p>\n<p>Ce site d\u2019inspiration vous donne acc\u00e8s \u00e0 de nombreux exemples de sites web professionnels utilisant les combinaisons typographiques pr\u00e9sent\u00e9es sur <a href=\"https:\/\/typ.io\/samples\/?source=graphiste-com-blog&amp;utm_source=graphiste-com-blog\" target=\"_blank\" rel=\"nofollow noopener noreferrer\">Typ.io<\/a>.<\/p>\n<p>Gr\u00e2ce \u00e0 son syst\u00e8me de pr\u00e9visualisation clair, vous vous rendez compte de l\u2019effet de la combinaison de polices choisie. Des filtres par th\u00e9matique facilitent d\u2019autant votre recherche.<\/p>\n<h3>8. Dafont<\/h3>\n<p><img decoding=\"async\" class=\"aligncenter wp-image-51183 size-full\" src=\"https:\/\/graphiste.com\/blog\/wp-content\/uploads\/sites\/4\/2022\/06\/Capture-decran-2023-09-08-a-15.13.37.png\" alt=\"\" width=\"1661\" height=\"852\" srcset=\"https:\/\/graphiste.com\/blog\/wp-content\/uploads\/sites\/4\/2022\/06\/Capture-decran-2023-09-08-a-15.13.37.png 1661w, https:\/\/graphiste.com\/blog\/wp-content\/uploads\/sites\/4\/2022\/06\/Capture-decran-2023-09-08-a-15.13.37-300x154.png 300w, https:\/\/graphiste.com\/blog\/wp-content\/uploads\/sites\/4\/2022\/06\/Capture-decran-2023-09-08-a-15.13.37-1024x525.png 1024w, https:\/\/graphiste.com\/blog\/wp-content\/uploads\/sites\/4\/2022\/06\/Capture-decran-2023-09-08-a-15.13.37-768x394.png 768w, https:\/\/graphiste.com\/blog\/wp-content\/uploads\/sites\/4\/2022\/06\/Capture-decran-2023-09-08-a-15.13.37-1536x788.png 1536w, https:\/\/graphiste.com\/blog\/wp-content\/uploads\/sites\/4\/2022\/06\/Capture-decran-2023-09-08-a-15.13.37-60x31.png 60w, https:\/\/graphiste.com\/blog\/wp-content\/uploads\/sites\/4\/2022\/06\/Capture-decran-2023-09-08-a-15.13.37-370x190.png 370w, https:\/\/graphiste.com\/blog\/wp-content\/uploads\/sites\/4\/2022\/06\/Capture-decran-2023-09-08-a-15.13.37-270x138.png 270w, https:\/\/graphiste.com\/blog\/wp-content\/uploads\/sites\/4\/2022\/06\/Capture-decran-2023-09-08-a-15.13.37-585x300.png 585w, https:\/\/graphiste.com\/blog\/wp-content\/uploads\/sites\/4\/2022\/06\/Capture-decran-2023-09-08-a-15.13.37-570x292.png 570w, https:\/\/graphiste.com\/blog\/wp-content\/uploads\/sites\/4\/2022\/06\/Capture-decran-2023-09-08-a-15.13.37-740x380.png 740w\" sizes=\"(max-width: 1661px) 100vw, 1661px\" \/><\/p>\n<p><a href=\"https:\/\/www.dafont.com\/fr\/?source=graphiste-com-blog&amp;utm_source=graphiste-com-blog\" target=\"_blank\" rel=\"nofollow noopener noreferrer\">Dafont<\/a> est sans nul doute la r\u00e9f\u00e9rence pour chercher, trouver et utiliser des typographies sur le web. Profitant d&#8217;une banque de polices d&#8217;\u00e9critures tr\u00e8s importantes, Dafont vous permet de trouver la typographie id\u00e9ale pour votre cr\u00e9ation.<\/p>\n<p>De plus, Dafont met \u00e0 disposition des cat\u00e9gories o\u00f9 il regroupe l&#8217;ensemble de ses typographies par rapport \u00e0 leurs styles. Un bon moyen de chercher des polices d&#8217;\u00e9critures qui se marient \u00e0 la perfection.<\/p>\n<h2>Notre astuce pour vos typographies<\/h2>\n<p>Vous n&#8217;arrivez pas \u00e0 int\u00e9grer la combinaison de polices d&#8217;\u00e9critures s\u00e9lectionn\u00e9es sur votre site web&nbsp;?<\/p>\n<p>Des int\u00e9grateurs web freelances peuvent vous aider. <a href=\"https:\/\/www.codeur.com\/fonctionnement-codeur?utm_source=Graphiste&amp;utm_medium=blog&amp;utm_campaign=combinaison-typographie\">Postez votre projet gratuitement sur Codeur.com<\/a> pour recevoir leurs devis.<\/p>\n","protected":false},"excerpt":{"rendered":"<p>Tous les graphistes connaissent l\u2019importance de bien choisir leur typographie. Celle-ci a en effet un impact direct sur le rendu professionnel de leur cr\u00e9ation. Une combinaison de polices bien choisie conf\u00e8re au design une bonne partie de son caract\u00e8re. Cependant, choisir la meilleure combinaison entre titre et paragraphe est une op\u00e9ration d\u00e9licate. D\u00e9couvrez ici comment [&hellip;]<\/p>\n","protected":false},"author":54,"featured_media":51415,"comment_status":"open","ping_status":"open","sticky":false,"template":"","format":"standard","meta":{"_acf_changed":false,"inline_featured_image":false,"footnotes":""},"categories":[22],"tags":[69],"class_list":["post-26125","post","type-post","status-publish","format-standard","has-post-thumbnail","hentry","category-typographie","tag-graphisme"],"acf":[],"yoast_head":"<!-- This site is optimized with the Yoast SEO plugin v25.9 - https:\/\/yoast.com\/wordpress\/plugins\/seo\/ -->\n<title>Comment combiner vos typographies\u00a0? Bonnes pratiques et outils - Graphiste Blog<\/title>\n<meta name=\"description\" content=\"Tous les graphistes connaissent l\u2019importance de bien choisir leur typographie. Celle-ci a en effet un impact direct sur le rendu professionnel de leur\" \/>\n<meta name=\"robots\" content=\"index, follow, max-snippet:-1, max-image-preview:large, max-video-preview:-1\" \/>\n<link rel=\"canonical\" href=\"https:\/\/graphiste.com\/blog\/comment-combiner-vos-typographies-bonnes-pratiques-et-outils\/\" \/>\n<meta property=\"og:locale\" content=\"fr_FR\" \/>\n<meta property=\"og:type\" content=\"article\" \/>\n<meta property=\"og:title\" content=\"Comment combiner vos typographies\u00a0? Bonnes pratiques et outils - Graphiste Blog\" \/>\n<meta property=\"og:description\" content=\"Tous les graphistes connaissent l\u2019importance de bien choisir leur typographie. Celle-ci a en effet un impact direct sur le rendu professionnel de leur\" \/>\n<meta property=\"og:url\" content=\"https:\/\/graphiste.com\/blog\/comment-combiner-vos-typographies-bonnes-pratiques-et-outils\/\" \/>\n<meta property=\"og:site_name\" content=\"Graphiste.com\" \/>\n<meta property=\"article:publisher\" content=\"https:\/\/www.facebook.com\/graphistesfreelances\" \/>\n<meta property=\"article:published_time\" content=\"2022-05-31T23:00:00+00:00\" \/>\n<meta property=\"article:modified_time\" content=\"2023-10-04T06:40:44+00:00\" \/>\n<meta property=\"og:image\" content=\"https:\/\/graphiste.com\/blog\/wp-content\/uploads\/sites\/4\/2022\/06\/Image-a-la-une-combiner-typo.png\" \/>\n\t<meta property=\"og:image:width\" content=\"1024\" \/>\n\t<meta property=\"og:image:height\" content=\"618\" \/>\n\t<meta property=\"og:image:type\" content=\"image\/png\" \/>\n<meta name=\"author\" content=\"Solenne Ricard\" \/>\n<meta name=\"twitter:card\" content=\"summary_large_image\" \/>\n<meta name=\"twitter:creator\" content=\"@Graphistecom\" \/>\n<meta name=\"twitter:site\" content=\"@Graphistecom\" \/>\n<meta name=\"twitter:label1\" content=\"\u00c9crit par\" \/>\n\t<meta name=\"twitter:data1\" content=\"Solenne Ricard\" \/>\n\t<meta name=\"twitter:label2\" content=\"Dur\u00e9e de lecture estim\u00e9e\" \/>\n\t<meta name=\"twitter:data2\" content=\"6 minutes\" \/>\n<script type=\"application\/ld+json\" class=\"yoast-schema-graph\">{\"@context\":\"https:\/\/schema.org\",\"@graph\":[{\"@type\":\"Article\",\"@id\":\"https:\/\/graphiste.com\/blog\/comment-combiner-vos-typographies-bonnes-pratiques-et-outils\/#article\",\"isPartOf\":{\"@id\":\"https:\/\/graphiste.com\/blog\/comment-combiner-vos-typographies-bonnes-pratiques-et-outils\/\"},\"author\":{\"name\":\"Solenne Ricard\",\"@id\":\"https:\/\/graphiste.com\/blog\/#\/schema\/person\/d32851799b2f02a17a0e64f98fe5def4\"},\"headline\":\"Comment combiner vos typographies\u00a0? Bonnes pratiques et outils\",\"datePublished\":\"2022-05-31T23:00:00+00:00\",\"dateModified\":\"2023-10-04T06:40:44+00:00\",\"mainEntityOfPage\":{\"@id\":\"https:\/\/graphiste.com\/blog\/comment-combiner-vos-typographies-bonnes-pratiques-et-outils\/\"},\"wordCount\":914,\"commentCount\":0,\"publisher\":{\"@id\":\"https:\/\/graphiste.com\/blog\/#organization\"},\"image\":{\"@id\":\"https:\/\/graphiste.com\/blog\/comment-combiner-vos-typographies-bonnes-pratiques-et-outils\/#primaryimage\"},\"thumbnailUrl\":\"https:\/\/graphiste.com\/blog\/wp-content\/uploads\/sites\/4\/2022\/06\/Image-a-la-une-combiner-typo.png\",\"keywords\":[\"Tout savoir sur le Graphisme\"],\"articleSection\":[\"Typographie\"],\"inLanguage\":\"fr-FR\",\"potentialAction\":[{\"@type\":\"CommentAction\",\"name\":\"Comment\",\"target\":[\"https:\/\/graphiste.com\/blog\/comment-combiner-vos-typographies-bonnes-pratiques-et-outils\/#respond\"]}]},{\"@type\":\"WebPage\",\"@id\":\"https:\/\/graphiste.com\/blog\/comment-combiner-vos-typographies-bonnes-pratiques-et-outils\/\",\"url\":\"https:\/\/graphiste.com\/blog\/comment-combiner-vos-typographies-bonnes-pratiques-et-outils\/\",\"name\":\"Comment combiner vos typographies\u00a0? Bonnes pratiques et outils - Graphiste Blog\",\"isPartOf\":{\"@id\":\"https:\/\/graphiste.com\/blog\/#website\"},\"primaryImageOfPage\":{\"@id\":\"https:\/\/graphiste.com\/blog\/comment-combiner-vos-typographies-bonnes-pratiques-et-outils\/#primaryimage\"},\"image\":{\"@id\":\"https:\/\/graphiste.com\/blog\/comment-combiner-vos-typographies-bonnes-pratiques-et-outils\/#primaryimage\"},\"thumbnailUrl\":\"https:\/\/graphiste.com\/blog\/wp-content\/uploads\/sites\/4\/2022\/06\/Image-a-la-une-combiner-typo.png\",\"datePublished\":\"2022-05-31T23:00:00+00:00\",\"dateModified\":\"2023-10-04T06:40:44+00:00\",\"description\":\"Tous les graphistes connaissent l\u2019importance de bien choisir leur typographie. Celle-ci a en effet un impact direct sur le rendu professionnel de leur\",\"breadcrumb\":{\"@id\":\"https:\/\/graphiste.com\/blog\/comment-combiner-vos-typographies-bonnes-pratiques-et-outils\/#breadcrumb\"},\"inLanguage\":\"fr-FR\",\"potentialAction\":[{\"@type\":\"ReadAction\",\"target\":[\"https:\/\/graphiste.com\/blog\/comment-combiner-vos-typographies-bonnes-pratiques-et-outils\/\"]}]},{\"@type\":\"ImageObject\",\"inLanguage\":\"fr-FR\",\"@id\":\"https:\/\/graphiste.com\/blog\/comment-combiner-vos-typographies-bonnes-pratiques-et-outils\/#primaryimage\",\"url\":\"https:\/\/graphiste.com\/blog\/wp-content\/uploads\/sites\/4\/2022\/06\/Image-a-la-une-combiner-typo.png\",\"contentUrl\":\"https:\/\/graphiste.com\/blog\/wp-content\/uploads\/sites\/4\/2022\/06\/Image-a-la-une-combiner-typo.png\",\"width\":1024,\"height\":618},{\"@type\":\"BreadcrumbList\",\"@id\":\"https:\/\/graphiste.com\/blog\/comment-combiner-vos-typographies-bonnes-pratiques-et-outils\/#breadcrumb\",\"itemListElement\":[{\"@type\":\"ListItem\",\"position\":1,\"name\":\"Blog\",\"item\":\"https:\/\/graphiste.com\/blog\/\"},{\"@type\":\"ListItem\",\"position\":2,\"name\":\"Branding\",\"item\":\"https:\/\/graphiste.com\/blog\/branding\/\"},{\"@type\":\"ListItem\",\"position\":3,\"name\":\"Typographie\",\"item\":\"https:\/\/graphiste.com\/blog\/branding\/typographie\/\"},{\"@type\":\"ListItem\",\"position\":4,\"name\":\"Comment combiner vos typographies\u00a0? Bonnes pratiques et outils\"}]},{\"@type\":\"WebSite\",\"@id\":\"https:\/\/graphiste.com\/blog\/#website\",\"url\":\"https:\/\/graphiste.com\/blog\/\",\"name\":\"Graphiste.com\",\"description\":\"graphiste\",\"publisher\":{\"@id\":\"https:\/\/graphiste.com\/blog\/#organization\"},\"potentialAction\":[{\"@type\":\"SearchAction\",\"target\":{\"@type\":\"EntryPoint\",\"urlTemplate\":\"https:\/\/graphiste.com\/blog\/?s={search_term_string}\"},\"query-input\":{\"@type\":\"PropertyValueSpecification\",\"valueRequired\":true,\"valueName\":\"search_term_string\"}}],\"inLanguage\":\"fr-FR\"},{\"@type\":\"Organization\",\"@id\":\"https:\/\/graphiste.com\/blog\/#organization\",\"name\":\"Graphiste.com\",\"url\":\"https:\/\/graphiste.com\/blog\/\",\"logo\":{\"@type\":\"ImageObject\",\"inLanguage\":\"fr-FR\",\"@id\":\"https:\/\/graphiste.com\/blog\/#\/schema\/logo\/image\/\",\"url\":\"https:\/\/graphiste.com\/blog\/wp-content\/uploads\/sites\/4\/2022\/07\/logo-blog-graphiste.svg\",\"contentUrl\":\"https:\/\/graphiste.com\/blog\/wp-content\/uploads\/sites\/4\/2022\/07\/logo-blog-graphiste.svg\",\"width\":1,\"height\":1,\"caption\":\"Graphiste.com\"},\"image\":{\"@id\":\"https:\/\/graphiste.com\/blog\/#\/schema\/logo\/image\/\"},\"sameAs\":[\"https:\/\/www.facebook.com\/graphistesfreelances\",\"https:\/\/x.com\/Graphistecom\",\"https:\/\/www.linkedin.com\/company\/graphiste-com\/\",\"https:\/\/fr.pinterest.com\/Graphiste_Com\",\"https:\/\/www.instagram.com\/graphiste_com\/\"]},{\"@type\":\"Person\",\"@id\":\"https:\/\/graphiste.com\/blog\/#\/schema\/person\/d32851799b2f02a17a0e64f98fe5def4\",\"name\":\"Solenne Ricard\",\"image\":{\"@type\":\"ImageObject\",\"inLanguage\":\"fr-FR\",\"@id\":\"https:\/\/graphiste.com\/blog\/#\/schema\/person\/image\/\",\"url\":\"https:\/\/secure.gravatar.com\/avatar\/89317884380ee1cf794e2e807f66c0d7d6ccf7fe2779b34a087382d27c0f12ee?s=96&d=mm&r=g\",\"contentUrl\":\"https:\/\/secure.gravatar.com\/avatar\/89317884380ee1cf794e2e807f66c0d7d6ccf7fe2779b34a087382d27c0f12ee?s=96&d=mm&r=g\",\"caption\":\"Solenne Ricard\"},\"description\":\"Dipl\u00f4m\u00e9e d'une licence d'Histoire de l'Art, Solenne propose un point de vue expert sur le graphisme et les outils cr\u00e9atifs.\",\"sameAs\":[\"https:\/\/www.linkedin.com\/in\/solennericard\/\"],\"url\":\"https:\/\/graphiste.com\/blog\/author\/solenne-ricard\/\"}]}<\/script>\n<!-- \/ Yoast SEO plugin. -->","yoast_head_json":{"title":"Comment combiner vos typographies\u00a0? Bonnes pratiques et outils - Graphiste Blog","description":"Tous les graphistes connaissent l\u2019importance de bien choisir leur typographie. Celle-ci a en effet un impact direct sur le rendu professionnel de leur","robots":{"index":"index","follow":"follow","max-snippet":"max-snippet:-1","max-image-preview":"max-image-preview:large","max-video-preview":"max-video-preview:-1"},"canonical":"https:\/\/graphiste.com\/blog\/comment-combiner-vos-typographies-bonnes-pratiques-et-outils\/","og_locale":"fr_FR","og_type":"article","og_title":"Comment combiner vos typographies\u00a0? Bonnes pratiques et outils - Graphiste Blog","og_description":"Tous les graphistes connaissent l\u2019importance de bien choisir leur typographie. Celle-ci a en effet un impact direct sur le rendu professionnel de leur","og_url":"https:\/\/graphiste.com\/blog\/comment-combiner-vos-typographies-bonnes-pratiques-et-outils\/","og_site_name":"Graphiste.com","article_publisher":"https:\/\/www.facebook.com\/graphistesfreelances","article_published_time":"2022-05-31T23:00:00+00:00","article_modified_time":"2023-10-04T06:40:44+00:00","og_image":[{"width":1024,"height":618,"url":"https:\/\/graphiste.com\/blog\/wp-content\/uploads\/sites\/4\/2022\/06\/Image-a-la-une-combiner-typo.png","type":"image\/png"}],"author":"Solenne Ricard","twitter_card":"summary_large_image","twitter_creator":"@Graphistecom","twitter_site":"@Graphistecom","twitter_misc":{"\u00c9crit par":"Solenne Ricard","Dur\u00e9e de lecture estim\u00e9e":"6 minutes"},"schema":{"@context":"https:\/\/schema.org","@graph":[{"@type":"Article","@id":"https:\/\/graphiste.com\/blog\/comment-combiner-vos-typographies-bonnes-pratiques-et-outils\/#article","isPartOf":{"@id":"https:\/\/graphiste.com\/blog\/comment-combiner-vos-typographies-bonnes-pratiques-et-outils\/"},"author":{"name":"Solenne Ricard","@id":"https:\/\/graphiste.com\/blog\/#\/schema\/person\/d32851799b2f02a17a0e64f98fe5def4"},"headline":"Comment combiner vos typographies\u00a0? Bonnes pratiques et outils","datePublished":"2022-05-31T23:00:00+00:00","dateModified":"2023-10-04T06:40:44+00:00","mainEntityOfPage":{"@id":"https:\/\/graphiste.com\/blog\/comment-combiner-vos-typographies-bonnes-pratiques-et-outils\/"},"wordCount":914,"commentCount":0,"publisher":{"@id":"https:\/\/graphiste.com\/blog\/#organization"},"image":{"@id":"https:\/\/graphiste.com\/blog\/comment-combiner-vos-typographies-bonnes-pratiques-et-outils\/#primaryimage"},"thumbnailUrl":"https:\/\/graphiste.com\/blog\/wp-content\/uploads\/sites\/4\/2022\/06\/Image-a-la-une-combiner-typo.png","keywords":["Tout savoir sur le Graphisme"],"articleSection":["Typographie"],"inLanguage":"fr-FR","potentialAction":[{"@type":"CommentAction","name":"Comment","target":["https:\/\/graphiste.com\/blog\/comment-combiner-vos-typographies-bonnes-pratiques-et-outils\/#respond"]}]},{"@type":"WebPage","@id":"https:\/\/graphiste.com\/blog\/comment-combiner-vos-typographies-bonnes-pratiques-et-outils\/","url":"https:\/\/graphiste.com\/blog\/comment-combiner-vos-typographies-bonnes-pratiques-et-outils\/","name":"Comment combiner vos typographies\u00a0? Bonnes pratiques et outils - Graphiste Blog","isPartOf":{"@id":"https:\/\/graphiste.com\/blog\/#website"},"primaryImageOfPage":{"@id":"https:\/\/graphiste.com\/blog\/comment-combiner-vos-typographies-bonnes-pratiques-et-outils\/#primaryimage"},"image":{"@id":"https:\/\/graphiste.com\/blog\/comment-combiner-vos-typographies-bonnes-pratiques-et-outils\/#primaryimage"},"thumbnailUrl":"https:\/\/graphiste.com\/blog\/wp-content\/uploads\/sites\/4\/2022\/06\/Image-a-la-une-combiner-typo.png","datePublished":"2022-05-31T23:00:00+00:00","dateModified":"2023-10-04T06:40:44+00:00","description":"Tous les graphistes connaissent l\u2019importance de bien choisir leur typographie. Celle-ci a en effet un impact direct sur le rendu professionnel de leur","breadcrumb":{"@id":"https:\/\/graphiste.com\/blog\/comment-combiner-vos-typographies-bonnes-pratiques-et-outils\/#breadcrumb"},"inLanguage":"fr-FR","potentialAction":[{"@type":"ReadAction","target":["https:\/\/graphiste.com\/blog\/comment-combiner-vos-typographies-bonnes-pratiques-et-outils\/"]}]},{"@type":"ImageObject","inLanguage":"fr-FR","@id":"https:\/\/graphiste.com\/blog\/comment-combiner-vos-typographies-bonnes-pratiques-et-outils\/#primaryimage","url":"https:\/\/graphiste.com\/blog\/wp-content\/uploads\/sites\/4\/2022\/06\/Image-a-la-une-combiner-typo.png","contentUrl":"https:\/\/graphiste.com\/blog\/wp-content\/uploads\/sites\/4\/2022\/06\/Image-a-la-une-combiner-typo.png","width":1024,"height":618},{"@type":"BreadcrumbList","@id":"https:\/\/graphiste.com\/blog\/comment-combiner-vos-typographies-bonnes-pratiques-et-outils\/#breadcrumb","itemListElement":[{"@type":"ListItem","position":1,"name":"Blog","item":"https:\/\/graphiste.com\/blog\/"},{"@type":"ListItem","position":2,"name":"Branding","item":"https:\/\/graphiste.com\/blog\/branding\/"},{"@type":"ListItem","position":3,"name":"Typographie","item":"https:\/\/graphiste.com\/blog\/branding\/typographie\/"},{"@type":"ListItem","position":4,"name":"Comment combiner vos typographies\u00a0? Bonnes pratiques et outils"}]},{"@type":"WebSite","@id":"https:\/\/graphiste.com\/blog\/#website","url":"https:\/\/graphiste.com\/blog\/","name":"Graphiste.com","description":"graphiste","publisher":{"@id":"https:\/\/graphiste.com\/blog\/#organization"},"potentialAction":[{"@type":"SearchAction","target":{"@type":"EntryPoint","urlTemplate":"https:\/\/graphiste.com\/blog\/?s={search_term_string}"},"query-input":{"@type":"PropertyValueSpecification","valueRequired":true,"valueName":"search_term_string"}}],"inLanguage":"fr-FR"},{"@type":"Organization","@id":"https:\/\/graphiste.com\/blog\/#organization","name":"Graphiste.com","url":"https:\/\/graphiste.com\/blog\/","logo":{"@type":"ImageObject","inLanguage":"fr-FR","@id":"https:\/\/graphiste.com\/blog\/#\/schema\/logo\/image\/","url":"https:\/\/graphiste.com\/blog\/wp-content\/uploads\/sites\/4\/2022\/07\/logo-blog-graphiste.svg","contentUrl":"https:\/\/graphiste.com\/blog\/wp-content\/uploads\/sites\/4\/2022\/07\/logo-blog-graphiste.svg","width":1,"height":1,"caption":"Graphiste.com"},"image":{"@id":"https:\/\/graphiste.com\/blog\/#\/schema\/logo\/image\/"},"sameAs":["https:\/\/www.facebook.com\/graphistesfreelances","https:\/\/x.com\/Graphistecom","https:\/\/www.linkedin.com\/company\/graphiste-com\/","https:\/\/fr.pinterest.com\/Graphiste_Com","https:\/\/www.instagram.com\/graphiste_com\/"]},{"@type":"Person","@id":"https:\/\/graphiste.com\/blog\/#\/schema\/person\/d32851799b2f02a17a0e64f98fe5def4","name":"Solenne Ricard","image":{"@type":"ImageObject","inLanguage":"fr-FR","@id":"https:\/\/graphiste.com\/blog\/#\/schema\/person\/image\/","url":"https:\/\/secure.gravatar.com\/avatar\/89317884380ee1cf794e2e807f66c0d7d6ccf7fe2779b34a087382d27c0f12ee?s=96&d=mm&r=g","contentUrl":"https:\/\/secure.gravatar.com\/avatar\/89317884380ee1cf794e2e807f66c0d7d6ccf7fe2779b34a087382d27c0f12ee?s=96&d=mm&r=g","caption":"Solenne Ricard"},"description":"Dipl\u00f4m\u00e9e d'une licence d'Histoire de l'Art, Solenne propose un point de vue expert sur le graphisme et les outils cr\u00e9atifs.","sameAs":["https:\/\/www.linkedin.com\/in\/solennericard\/"],"url":"https:\/\/graphiste.com\/blog\/author\/solenne-ricard\/"}]}},"_links":{"self":[{"href":"https:\/\/graphiste.com\/blog\/wp-json\/wp\/v2\/posts\/26125","targetHints":{"allow":["GET"]}}],"collection":[{"href":"https:\/\/graphiste.com\/blog\/wp-json\/wp\/v2\/posts"}],"about":[{"href":"https:\/\/graphiste.com\/blog\/wp-json\/wp\/v2\/types\/post"}],"author":[{"embeddable":true,"href":"https:\/\/graphiste.com\/blog\/wp-json\/wp\/v2\/users\/54"}],"replies":[{"embeddable":true,"href":"https:\/\/graphiste.com\/blog\/wp-json\/wp\/v2\/comments?post=26125"}],"version-history":[{"count":0,"href":"https:\/\/graphiste.com\/blog\/wp-json\/wp\/v2\/posts\/26125\/revisions"}],"wp:featuredmedia":[{"embeddable":true,"href":"https:\/\/graphiste.com\/blog\/wp-json\/wp\/v2\/media\/51415"}],"wp:attachment":[{"href":"https:\/\/graphiste.com\/blog\/wp-json\/wp\/v2\/media?parent=26125"}],"wp:term":[{"taxonomy":"category","embeddable":true,"href":"https:\/\/graphiste.com\/blog\/wp-json\/wp\/v2\/categories?post=26125"},{"taxonomy":"post_tag","embeddable":true,"href":"https:\/\/graphiste.com\/blog\/wp-json\/wp\/v2\/tags?post=26125"}],"curies":[{"name":"wp","href":"https:\/\/api.w.org\/{rel}","templated":true}]}}