{"id":25064,"date":"2022-07-01T01:00:00","date_gmt":"2022-06-30T23:00:00","guid":{"rendered":"https:\/\/graphiste.com\/blog\/?p=25064"},"modified":"2022-11-03T14:00:06","modified_gmt":"2022-11-03T13:00:06","slug":"inspiration-exemples-creations-pastel","status":"publish","type":"post","link":"https:\/\/graphiste.com\/blog\/inspiration-exemples-creations-pastel\/","title":{"rendered":"Inspiration&nbsp;: 23 exemples de cr\u00e9ations pastel"},"content":{"rendered":"<p><a href=\"https:\/\/graphiste.com\/blog\/comment-utiliser-couleurs-pastel-creations\" target=\"_blank\" rel=\"noopener noreferrer\">Les couleurs paste<\/a>l sont tendances, et le font savoir. Elles s\u2019imposent m\u00eame en t\u00eate de liste des grandes tendances colorim\u00e9triques de cette ann\u00e9e.<\/p>\n<p>Le succ\u00e8s de ces palettes repose en grande partie sur leur facult\u00e9 d\u2019apaisement. Elles sont id\u00e9ales pour communiquer des \u00e9motions douces et optimistes, de la joie et un sentiment de paix.<\/p>\n<p>Voici 23 exemples de cr\u00e9ations pastel qui ne manqueront pas de vous inspirer.<\/p>\n<p>&nbsp;<\/p>\n<h2>3 exemples d\u2019infographies dans des tons pastel<\/h2>\n<p>Une infographie est capable de rassembler un grand nombre de donn\u00e9es, tout en les rendant parfaitement digestes, gr\u00e2ce \u00e0 une pr\u00e9sentation bien structur\u00e9e, simple et facile \u00e0 comprendre.&nbsp;Pour parvenir \u00e0 un tel r\u00e9sultat, les visuels et la couleur jouent ici un r\u00f4le pr\u00e9dominant.<\/p>\n<figure id=\"attachment_25082\" aria-describedby=\"caption-attachment-25082\" style=\"width: 405px\" class=\"wp-caption aligncenter\"><img decoding=\"async\" class=\"wp-image-25082 size-full\" src=\"https:\/\/graphiste.com\/blog\/wp-content\/uploads\/sites\/4\/2021\/01\/Miles__26_Smiles.png\" alt=\"\" width=\"405\" height=\"580\"><figcaption id=\"caption-attachment-25082\" class=\"wp-caption-text\">\u00ab&nbsp;Miles &amp; Smiles&nbsp;\u00bb par Funda G\u00fcr S\u00fczen Codes couleur&nbsp;: # C6B4D8 # CEE0E6 # F0EAE0 # F5C0BF # EAD4D4<\/figcaption><\/figure>\n<blockquote><p>Un travail pouss\u00e9 sur les combinaisons de couleurs contrast\u00e9es est donc observ\u00e9, et les couleurs pastel sont justement parfaites pour ce type de supports informatifs.<\/p><\/blockquote>\n<figure id=\"attachment_25073\" aria-describedby=\"caption-attachment-25073\" style=\"width: 405px\" class=\"wp-caption aligncenter\"><img decoding=\"async\" class=\"wp-image-25073 size-full\" src=\"https:\/\/graphiste.com\/blog\/wp-content\/uploads\/sites\/4\/2021\/01\/CHEST_GUIDE.png\" alt=\"\" width=\"405\" height=\"580\"><figcaption id=\"caption-attachment-25073\" class=\"wp-caption-text\">CHEST GUIDE par zhanghan Codes couleur&nbsp;: # CE1B7E # EED5E4 # 3298A2 # EFEEF2<\/figcaption><\/figure>\n<p>L\u00e9g\u00e8res et agr\u00e9ables, elles offrent tout le contraste n\u00e9cessaire, et permettent de mettre en exergue les \u00e9l\u00e9ments principaux de l\u2019infographie.<\/p>\n<figure id=\"attachment_25079\" aria-describedby=\"caption-attachment-25079\" style=\"width: 405px\" class=\"wp-caption aligncenter\"><img decoding=\"async\" class=\"wp-image-25079 size-full\" src=\"https:\/\/graphiste.com\/blog\/wp-content\/uploads\/sites\/4\/2021\/01\/Grande_barri_C3_A8re_de_corail.png\" alt=\"\" width=\"405\" height=\"580\"><figcaption id=\"caption-attachment-25079\" class=\"wp-caption-text\">Infographie de la mort de la grande barri\u00e8re de corail par Lauren Nugent Codes couleur&nbsp;: # ECA38C # F2C8BF # F6DFDB # 83C2E5<\/figcaption><\/figure>\n<p>&nbsp;<\/p>\n<h2>4 exemples de conceptions graphiques couleur pastel<\/h2>\n<p>La conception graphique profite pleinement de ces teintes pastel qui inspirent naturellement l\u2019apaisement et le bien-\u00eatre chez le spectateur.<\/p>\n<figure id=\"attachment_25076\" aria-describedby=\"caption-attachment-25076\" style=\"width: 405px\" class=\"wp-caption aligncenter\"><img decoding=\"async\" class=\"wp-image-25076 size-full\" src=\"https:\/\/graphiste.com\/blog\/wp-content\/uploads\/sites\/4\/2021\/01\/Daydream_Studio.png\" alt=\"\" width=\"405\" height=\"416\"><figcaption id=\"caption-attachment-25076\" class=\"wp-caption-text\">Daydream Studio par Anna Tiburzi Codes couleur&nbsp;: # 9F9ECE # DAB5D6 # E8D9AD # BFD8B9<\/figcaption><\/figure>\n<figure id=\"attachment_25084\" aria-describedby=\"caption-attachment-25084\" style=\"width: 405px\" class=\"wp-caption aligncenter\"><img decoding=\"async\" class=\"size-full wp-image-25084\" src=\"https:\/\/graphiste.com\/blog\/wp-content\/uploads\/sites\/4\/2021\/01\/NOUR_MAGHRABY.png\" alt=\"\" width=\"405\" height=\"416\"><figcaption id=\"caption-attachment-25084\" class=\"wp-caption-text\">NOUR MAGHRABY |&nbsp;Couture par Omneya Al Ghuzzy<br \/>Codes couleur&nbsp;: # F5D6CC # F9F8CD # DAEBC7 # D1E0F3 # C19D3F<\/figcaption><\/figure>\n<p>En utilisant des combinaisons de couleurs pastel, les graphistes sont en mesure de cr\u00e9er des compositions tr\u00e8s polyvalentes, empreintes d\u2019une certaine note de luxe et de douceur.<\/p>\n<figure id=\"attachment_25075\" aria-describedby=\"caption-attachment-25075\" style=\"width: 405px\" class=\"wp-caption aligncenter\"><img decoding=\"async\" class=\"size-full wp-image-25075\" src=\"https:\/\/graphiste.com\/blog\/wp-content\/uploads\/sites\/4\/2021\/01\/Cr_C3_A8merie_Lodu.png\" alt=\"\" width=\"405\" height=\"416\"><figcaption id=\"caption-attachment-25075\" class=\"wp-caption-text\">Cr\u00e8merie Lodu |&nbsp;Branding par Celeste Schwalm Pich<br \/>Codes couleur&nbsp;: # 92D9F8 # F1AACB # FBE090 # 73432D<\/figcaption><\/figure>\n<figure id=\"attachment_25074\" aria-describedby=\"caption-attachment-25074\" style=\"width: 405px\" class=\"wp-caption aligncenter\"><img decoding=\"async\" class=\"size-full wp-image-25074\" src=\"https:\/\/graphiste.com\/blog\/wp-content\/uploads\/sites\/4\/2021\/01\/Cr_C3_A8me_glac_C3_A9e.png\" alt=\"\" width=\"405\" height=\"416\"><figcaption id=\"caption-attachment-25074\" class=\"wp-caption-text\">Concept de marque de cr\u00e8me glac\u00e9e par Alex Spenser<br \/>Codes couleur&nbsp;: # F7A7A6 # BDE3DE # 363152<\/figcaption><\/figure>\n<p>&nbsp;<\/p>\n<h2>5 exemples de conceptions Web en couleur pastel<\/h2>\n<p>De nos jours, le web design tend vers plus de l\u00e9g\u00e8ret\u00e9.<\/p>\n<figure id=\"attachment_25071\" aria-describedby=\"caption-attachment-25071\" style=\"width: 405px\" class=\"wp-caption aligncenter\"><img decoding=\"async\" class=\"size-full wp-image-25071\" src=\"https:\/\/graphiste.com\/blog\/wp-content\/uploads\/sites\/4\/2021\/01\/Babyfood.png\" alt=\"\" width=\"405\" height=\"580\"><figcaption id=\"caption-attachment-25071\" class=\"wp-caption-text\">Interface utilisateur du site Web ecommerce Babyfood par Katka Ther<br \/>Codes couleurs&nbsp;: # 54B9AC # D8D524 # FCFAD8<\/figcaption><\/figure>\n<p>Plus \u00e9pur\u00e9s, les sites web sont notamment pourvus de nombreux espaces n\u00e9gatifs, veillant \u00e0 ne pas d\u00e9tourner l\u2019internaute de l\u2019information essentiel par un surplus d\u2019\u00e9l\u00e9ments graphiques.<\/p>\n<figure id=\"attachment_25077\" aria-describedby=\"caption-attachment-25077\" style=\"width: 405px\" class=\"wp-caption aligncenter\"><img decoding=\"async\" class=\"size-full wp-image-25077\" src=\"https:\/\/graphiste.com\/blog\/wp-content\/uploads\/sites\/4\/2021\/01\/Eatruscan.png\" alt=\"\" width=\"405\" height=\"580\"><figcaption id=\"caption-attachment-25077\" class=\"wp-caption-text\">Eatruscan &#8211; Animation con\u00e7u par plusieurs graphistes<br \/>Codes couleur&nbsp;: # 359495 # 46B2BB # F9AD9B # FDF4E8<\/figcaption><\/figure>\n<figure id=\"attachment_25078\" aria-describedby=\"caption-attachment-25078\" style=\"width: 405px\" class=\"wp-caption aligncenter\"><img decoding=\"async\" class=\"size-full wp-image-25078\" src=\"https:\/\/graphiste.com\/blog\/wp-content\/uploads\/sites\/4\/2021\/01\/Flower_Boutique.png\" alt=\"\" width=\"405\" height=\"580\"><figcaption id=\"caption-attachment-25078\" class=\"wp-caption-text\">Interface utilisateur de la Flower Boutique par plusieurs graphistes<br \/>Codes couleurs&nbsp;: # FCD4CF # FDE5E6 # C5D59D<\/figcaption><\/figure>\n<p>Des caract\u00e9ristiques certes communes, mais qui ouvrent la voie \u00e0 la cr\u00e9ativit\u00e9 et \u00e0 l\u2019\u00e9clectisme.<\/p>\n<p>En combinant les coloris pastel, les webdesigners con\u00e7oivent ainsi des interfaces web tr\u00e8s diversifi\u00e9es, parfois m\u00eame \u00e9tonnantes et d\u00e9routantes.<\/p>\n<figure id=\"attachment_25083\" aria-describedby=\"caption-attachment-25083\" style=\"width: 405px\" class=\"wp-caption aligncenter\"><img decoding=\"async\" class=\"size-full wp-image-25083\" src=\"https:\/\/graphiste.com\/blog\/wp-content\/uploads\/sites\/4\/2021\/01\/NATURAE.png\" alt=\"\" width=\"405\" height=\"580\"><figcaption id=\"caption-attachment-25083\" class=\"wp-caption-text\">NATURAE &#8211; Marque de produits de soin de la peau par Valentina De Lisio<br \/>Codes couleur&nbsp;: # F7F3F0 # E4EAE8 # F4EDD4 # F4E4E1<\/figcaption><\/figure>\n<figure id=\"attachment_25081\" aria-describedby=\"caption-attachment-25081\" style=\"width: 405px\" class=\"wp-caption aligncenter\"><img decoding=\"async\" class=\"size-full wp-image-25081\" src=\"https:\/\/graphiste.com\/blog\/wp-content\/uploads\/sites\/4\/2021\/01\/Joos.png\" alt=\"\" width=\"405\" height=\"580\"><figcaption id=\"caption-attachment-25081\" class=\"wp-caption-text\">Les jus frais Joos par Chlo\u00e9 Leclerc<br \/>Codes couleur&nbsp;: # F7DDD9 # DAEEE2 # F7DE41 # 858A64<\/figcaption><\/figure>\n<p>&nbsp;<\/p>\n<h2>3 exemples d\u2019utilisation des pastel dans l&#8217;art num\u00e9rique<\/h2>\n<p>L&#8217;art num\u00e9rique n\u2019est pas en reste, et s\u2019offre un look r\u00e9tro-futuriste tr\u00e8s ann\u00e9es 80.<\/p>\n<figure id=\"attachment_25088\" aria-describedby=\"caption-attachment-25088\" style=\"width: 405px\" class=\"wp-caption aligncenter\"><img decoding=\"async\" class=\"size-full wp-image-25088\" src=\"https:\/\/graphiste.com\/blog\/wp-content\/uploads\/sites\/4\/2021\/01\/Rien_ici_encore.png\" alt=\"\" width=\"405\" height=\"580\"><figcaption id=\"caption-attachment-25088\" class=\"wp-caption-text\">\u00ab&nbsp;Rien ici encore&nbsp;\u00bb par Guntur Saladin<br \/>Codes couleur&nbsp;: # F0505E # F08EA9 # F8BF5C # 8EC6EC<\/figcaption><\/figure>\n<p>Un aspect r\u00e9tro toutefois beaucoup modernis\u00e9 gr\u00e2ce \u00e0 des palettes de couleurs pastel sophistiqu\u00e9es.<\/p>\n<figure id=\"attachment_25069\" aria-describedby=\"caption-attachment-25069\" style=\"width: 405px\" class=\"wp-caption aligncenter\"><img decoding=\"async\" class=\"size-full wp-image-25069\" src=\"https:\/\/graphiste.com\/blog\/wp-content\/uploads\/sites\/4\/2021\/01\/Apple_Inc.png\" alt=\"\" width=\"405\" height=\"580\"><figcaption id=\"caption-attachment-25069\" class=\"wp-caption-text\">Apple Inc. par Mark Kirkpatrick<br \/>Codes couleur&nbsp;: # F8A57F # FAD4A6 # FBE7AB # 45958E # B7BDA0<\/figcaption><\/figure>\n<p>Ainsi,&nbsp;les couleurs criardes sont \u00e9l\u00e9gamment remplac\u00e9es par des tons pastel et des visuels d\u00e9licats.&nbsp;Des teintes douces ici tr\u00e8s souvent associ\u00e9es au graphisme 3D et au flat design.<\/p>\n<figure id=\"attachment_25086\" aria-describedby=\"caption-attachment-25086\" style=\"width: 405px\" class=\"wp-caption aligncenter\"><img decoding=\"async\" class=\"size-full wp-image-25086\" src=\"https:\/\/graphiste.com\/blog\/wp-content\/uploads\/sites\/4\/2021\/01\/Plan_C3_A8te.png\" alt=\"\" width=\"405\" height=\"580\"><figcaption id=\"caption-attachment-25086\" class=\"wp-caption-text\">Plan\u00e8te par Gustavo Henrique<br \/>Codes couleur&nbsp;: # E3ACA7 # F4DCDC # E49251 # F1BA71<\/figcaption><\/figure>\n<p>&nbsp;<\/p>\n<h2>4 exemples de packaging aux couleurs pastel<\/h2>\n<p>Les secteurs de la mode, des cosm\u00e9tiques, du textile b\u00e9b\u00e9 et de l\u2019alimentation affichent une ma\u00eetrise saisissante des palettes de couleurs pastel.<\/p>\n<figure id=\"attachment_25090\" aria-describedby=\"caption-attachment-25090\" style=\"width: 405px\" class=\"wp-caption aligncenter\"><img decoding=\"async\" class=\"size-full wp-image-25090\" src=\"https:\/\/graphiste.com\/blog\/wp-content\/uploads\/sites\/4\/2021\/01\/Yoffaboba.png\" alt=\"\" width=\"405\" height=\"416\"><figcaption id=\"caption-attachment-25090\" class=\"wp-caption-text\">Yoffaboba par Zuzanna Szczepanik<br \/>Codes couleur&nbsp;: # DCC0D7 # 98C3C8 # 79A8DA # C7C37D<\/figcaption><\/figure>\n<figure id=\"attachment_25070\" aria-describedby=\"caption-attachment-25070\" style=\"width: 405px\" class=\"wp-caption aligncenter\"><img decoding=\"async\" class=\"size-full wp-image-25070\" src=\"https:\/\/graphiste.com\/blog\/wp-content\/uploads\/sites\/4\/2021\/01\/Apura.png\" alt=\"\" width=\"405\" height=\"416\"><figcaption id=\"caption-attachment-25070\" class=\"wp-caption-text\">Apura par Sarah Saraiva<br \/>Codes couleur&nbsp;: # E8BBC3 # E7ACA3 # C6D5AB<\/figcaption><\/figure>\n<p>Des teintes qui inspirent le luxe et la sophistication dans les secteurs de la mode et des cosm\u00e9tiques, qui expriment de la tendresse dans l\u2019univers des b\u00e9b\u00e9s, et de la douceur dans l\u2019<a href=\"https:\/\/graphiste.com\/blog\/branding-elements-reussir-marque-alimentaire\">alimentaire<\/a>.<\/p>\n<figure id=\"attachment_25094\" aria-describedby=\"caption-attachment-25094\" style=\"width: 405px\" class=\"wp-caption aligncenter\"><img decoding=\"async\" class=\"size-full wp-image-25094\" src=\"https:\/\/graphiste.com\/blog\/wp-content\/uploads\/sites\/4\/2021\/01\/The_Daily_Skincare.png\" alt=\"\" width=\"405\" height=\"416\"><figcaption id=\"caption-attachment-25094\" class=\"wp-caption-text\">The Daily Skincare par Rya Petines<br \/>Codes couleur&nbsp;: # F5A5C3 # 99D8E0 # CAM4DB<\/figcaption><\/figure>\n<figure id=\"attachment_25089\" aria-describedby=\"caption-attachment-25089\" style=\"width: 405px\" class=\"wp-caption aligncenter\"><img decoding=\"async\" class=\"size-full wp-image-25089\" src=\"https:\/\/graphiste.com\/blog\/wp-content\/uploads\/sites\/4\/2021\/01\/Yum.png\" alt=\"\" width=\"405\" height=\"416\"><figcaption id=\"caption-attachment-25089\" class=\"wp-caption-text\">Yum par Alexandra Necula<br \/>Codes couleur&nbsp;: # AED9D3 # DAD2C9 # D7B8C0 # ECCAB7<\/figcaption><\/figure>\n<p>&nbsp;<\/p>\n<h2>4 exemples de photographies pastel<\/h2>\n<p>Dans le domaine de la photographie, les tons pastel sont utilis\u00e9s afin d\u2019apporter une note de surr\u00e9alisme et de modernit\u00e9 aux images.<\/p>\n<figure id=\"attachment_25087\" aria-describedby=\"caption-attachment-25087\" style=\"width: 405px\" class=\"wp-caption aligncenter\"><img decoding=\"async\" class=\"size-full wp-image-25087\" src=\"https:\/\/graphiste.com\/blog\/wp-content\/uploads\/sites\/4\/2021\/01\/Rainbow_Pastel.png\" alt=\"\" width=\"405\" height=\"580\"><figcaption id=\"caption-attachment-25087\" class=\"wp-caption-text\">Rainbow Pastel par Lidiya Gubatenko<br \/>Codes couleur&nbsp;: # A08AC1 # E79BBD # B5D990 # F9D407<\/figcaption><\/figure>\n<p>Les compositions s\u2019offrent ainsi toute la puissance de ces couleurs a\u00e9r\u00e9es et claires.<\/p>\n<figure id=\"attachment_25072\" aria-describedby=\"caption-attachment-25072\" style=\"width: 405px\" class=\"wp-caption aligncenter\"><img decoding=\"async\" class=\"size-full wp-image-25072\" src=\"https:\/\/graphiste.com\/blog\/wp-content\/uploads\/sites\/4\/2021\/01\/BUBBLES_TROUBLES.png\" alt=\"\" width=\"405\" height=\"580\"><figcaption id=\"caption-attachment-25072\" class=\"wp-caption-text\">BUBBLES TROUBLES by Multiple Owners<br \/>Codes couleur&nbsp;: #D7E8EE #F3EEDD #CFB382<\/figcaption><\/figure>\n<p>Ce type de photographie est d\u00e9sormais omnipr\u00e9sent dans les secteurs de l&#8217;habillement et de l&#8217;alimentation.<\/p>\n<figure id=\"attachment_25085\" aria-describedby=\"caption-attachment-25085\" style=\"width: 405px\" class=\"wp-caption aligncenter\"><img decoding=\"async\" class=\"size-full wp-image-25085\" src=\"https:\/\/graphiste.com\/blog\/wp-content\/uploads\/sites\/4\/2021\/01\/Photographie_de_produit_par_Abdul_Mutlib.png\" alt=\"\" width=\"405\" height=\"580\"><figcaption id=\"caption-attachment-25085\" class=\"wp-caption-text\">Photographie de produit par Abdul Mutlib<br \/>Codes couleur&nbsp;: # F3E49B # 9DD9E1 # EEACC2<\/figcaption><\/figure>\n<p>En t\u00e9moignent les magazines de mode, les photos de produits, et les compositions futuristes.<\/p>\n<figure id=\"attachment_25080\" aria-describedby=\"caption-attachment-25080\" style=\"width: 405px\" class=\"wp-caption aligncenter\"><img decoding=\"async\" class=\"size-full wp-image-25080\" src=\"https:\/\/graphiste.com\/blog\/wp-content\/uploads\/sites\/4\/2021\/01\/JAPAN_PASTEL_MAZE.png\" alt=\"\" width=\"405\" height=\"580\"><figcaption id=\"caption-attachment-25080\" class=\"wp-caption-text\">JAPAN PASTEL MAZE by Elora Pautrat<br \/>Codes couleur&nbsp;: #495195 #E9BC9E #EDCFA8 #EEB6D4<\/figcaption><\/figure>\n<p>&nbsp;<\/p>\n<blockquote><p>Trouvez votre <a href=\"https:\/\/graphiste.com\" target=\"_blank\" rel=\"noopener noreferrer\">graphiste freelance professionnel<\/a> sur Graphiste.com&nbsp;!&nbsp;<\/p><\/blockquote>\n","protected":false},"excerpt":{"rendered":"<p>Les couleurs pastel sont tendances, et le font savoir. Elles s\u2019imposent m\u00eame en t\u00eate de liste des grandes tendances colorim\u00e9triques de cette ann\u00e9e. Le succ\u00e8s de ces palettes repose en grande partie sur leur facult\u00e9 d\u2019apaisement. Elles sont id\u00e9ales pour communiquer des \u00e9motions douces et optimistes, de la joie et un sentiment de paix. Voici [&hellip;]<\/p>\n","protected":false},"author":1,"featured_media":25098,"comment_status":"open","ping_status":"open","sticky":false,"template":"","format":"standard","meta":{"_acf_changed":false,"inline_featured_image":false,"footnotes":""},"categories":[104],"tags":[55],"class_list":["post-25064","post","type-post","status-publish","format-standard","has-post-thumbnail","hentry","category-colorimetrie","tag-inspiration"],"acf":[],"yoast_head":"<!-- This site is optimized with the Yoast SEO plugin v25.9 - https:\/\/yoast.com\/wordpress\/plugins\/seo\/ -->\n<title>Inspiration : 23 exemples de cr\u00e9ations pastel - Graphiste Blog<\/title>\n<meta name=\"description\" content=\"Les couleurs pastel sont tendances, et le font savoir. Elles s\u2019imposent m\u00eame en t\u00eate de liste des grandes tendances colorim\u00e9triques de cette ann\u00e9e. Le\" \/>\n<meta name=\"robots\" content=\"index, follow, max-snippet:-1, max-image-preview:large, max-video-preview:-1\" \/>\n<link rel=\"canonical\" href=\"https:\/\/graphiste.com\/blog\/inspiration-exemples-creations-pastel\/\" \/>\n<meta property=\"og:locale\" content=\"fr_FR\" \/>\n<meta property=\"og:type\" content=\"article\" \/>\n<meta property=\"og:title\" content=\"Inspiration : 23 exemples de cr\u00e9ations pastel - Graphiste Blog\" \/>\n<meta property=\"og:description\" content=\"Les couleurs pastel sont tendances, et le font savoir. Elles s\u2019imposent m\u00eame en t\u00eate de liste des grandes tendances colorim\u00e9triques de cette ann\u00e9e. Le\" \/>\n<meta property=\"og:url\" content=\"https:\/\/graphiste.com\/blog\/inspiration-exemples-creations-pastel\/\" \/>\n<meta property=\"og:site_name\" content=\"Graphiste.com\" \/>\n<meta property=\"article:publisher\" content=\"https:\/\/www.facebook.com\/graphistesfreelances\" \/>\n<meta property=\"article:published_time\" content=\"2022-06-30T23:00:00+00:00\" \/>\n<meta property=\"article:modified_time\" content=\"2022-11-03T13:00:06+00:00\" \/>\n<meta property=\"og:image\" content=\"https:\/\/graphiste.com\/blog\/wp-content\/uploads\/sites\/4\/2021\/02\/une-graphiste-teintes-pastel-inspiration-1.jpg\" \/>\n\t<meta property=\"og:image:width\" content=\"850\" \/>\n\t<meta property=\"og:image:height\" content=\"423\" \/>\n\t<meta property=\"og:image:type\" content=\"image\/jpeg\" \/>\n<meta name=\"author\" content=\"Laura Michaud\" \/>\n<meta name=\"twitter:card\" content=\"summary_large_image\" \/>\n<meta name=\"twitter:creator\" content=\"@Graphistecom\" \/>\n<meta name=\"twitter:site\" content=\"@Graphistecom\" \/>\n<meta name=\"twitter:label1\" content=\"\u00c9crit par\" \/>\n\t<meta name=\"twitter:data1\" content=\"Laura Michaud\" \/>\n\t<meta name=\"twitter:label2\" content=\"Dur\u00e9e de lecture estim\u00e9e\" \/>\n\t<meta name=\"twitter:data2\" content=\"10 minutes\" \/>\n<script type=\"application\/ld+json\" class=\"yoast-schema-graph\">{\"@context\":\"https:\/\/schema.org\",\"@graph\":[{\"@type\":\"Article\",\"@id\":\"https:\/\/graphiste.com\/blog\/inspiration-exemples-creations-pastel\/#article\",\"isPartOf\":{\"@id\":\"https:\/\/graphiste.com\/blog\/inspiration-exemples-creations-pastel\/\"},\"author\":{\"name\":\"Laura Michaud\",\"@id\":\"https:\/\/graphiste.com\/blog\/#\/schema\/person\/33c0ef04707fbe50a096f282050bb5f2\"},\"headline\":\"Inspiration&nbsp;: 23 exemples de cr\u00e9ations pastel\",\"datePublished\":\"2022-06-30T23:00:00+00:00\",\"dateModified\":\"2022-11-03T13:00:06+00:00\",\"mainEntityOfPage\":{\"@id\":\"https:\/\/graphiste.com\/blog\/inspiration-exemples-creations-pastel\/\"},\"wordCount\":1143,\"commentCount\":0,\"publisher\":{\"@id\":\"https:\/\/graphiste.com\/blog\/#organization\"},\"image\":{\"@id\":\"https:\/\/graphiste.com\/blog\/inspiration-exemples-creations-pastel\/#primaryimage\"},\"thumbnailUrl\":\"https:\/\/graphiste.com\/blog\/wp-content\/uploads\/sites\/4\/2021\/02\/une-graphiste-teintes-pastel-inspiration-1.jpg\",\"keywords\":[\"Inspirez-vous\"],\"articleSection\":[\"Colorim\u00e9trie\"],\"inLanguage\":\"fr-FR\",\"potentialAction\":[{\"@type\":\"CommentAction\",\"name\":\"Comment\",\"target\":[\"https:\/\/graphiste.com\/blog\/inspiration-exemples-creations-pastel\/#respond\"]}]},{\"@type\":\"WebPage\",\"@id\":\"https:\/\/graphiste.com\/blog\/inspiration-exemples-creations-pastel\/\",\"url\":\"https:\/\/graphiste.com\/blog\/inspiration-exemples-creations-pastel\/\",\"name\":\"Inspiration : 23 exemples de cr\u00e9ations pastel - Graphiste Blog\",\"isPartOf\":{\"@id\":\"https:\/\/graphiste.com\/blog\/#website\"},\"primaryImageOfPage\":{\"@id\":\"https:\/\/graphiste.com\/blog\/inspiration-exemples-creations-pastel\/#primaryimage\"},\"image\":{\"@id\":\"https:\/\/graphiste.com\/blog\/inspiration-exemples-creations-pastel\/#primaryimage\"},\"thumbnailUrl\":\"https:\/\/graphiste.com\/blog\/wp-content\/uploads\/sites\/4\/2021\/02\/une-graphiste-teintes-pastel-inspiration-1.jpg\",\"datePublished\":\"2022-06-30T23:00:00+00:00\",\"dateModified\":\"2022-11-03T13:00:06+00:00\",\"description\":\"Les couleurs pastel sont tendances, et le font savoir. Elles s\u2019imposent m\u00eame en t\u00eate de liste des grandes tendances colorim\u00e9triques de cette ann\u00e9e. Le\",\"breadcrumb\":{\"@id\":\"https:\/\/graphiste.com\/blog\/inspiration-exemples-creations-pastel\/#breadcrumb\"},\"inLanguage\":\"fr-FR\",\"potentialAction\":[{\"@type\":\"ReadAction\",\"target\":[\"https:\/\/graphiste.com\/blog\/inspiration-exemples-creations-pastel\/\"]}]},{\"@type\":\"ImageObject\",\"inLanguage\":\"fr-FR\",\"@id\":\"https:\/\/graphiste.com\/blog\/inspiration-exemples-creations-pastel\/#primaryimage\",\"url\":\"https:\/\/graphiste.com\/blog\/wp-content\/uploads\/sites\/4\/2021\/02\/une-graphiste-teintes-pastel-inspiration-1.jpg\",\"contentUrl\":\"https:\/\/graphiste.com\/blog\/wp-content\/uploads\/sites\/4\/2021\/02\/une-graphiste-teintes-pastel-inspiration-1.jpg\",\"width\":850,\"height\":423},{\"@type\":\"BreadcrumbList\",\"@id\":\"https:\/\/graphiste.com\/blog\/inspiration-exemples-creations-pastel\/#breadcrumb\",\"itemListElement\":[{\"@type\":\"ListItem\",\"position\":1,\"name\":\"Blog\",\"item\":\"https:\/\/graphiste.com\/blog\/\"},{\"@type\":\"ListItem\",\"position\":2,\"name\":\"Branding\",\"item\":\"https:\/\/graphiste.com\/blog\/branding\/\"},{\"@type\":\"ListItem\",\"position\":3,\"name\":\"Colorim\u00e9trie\",\"item\":\"https:\/\/graphiste.com\/blog\/branding\/colorimetrie\/\"},{\"@type\":\"ListItem\",\"position\":4,\"name\":\"Inspiration : 23 exemples de cr\u00e9ations pastel\"}]},{\"@type\":\"WebSite\",\"@id\":\"https:\/\/graphiste.com\/blog\/#website\",\"url\":\"https:\/\/graphiste.com\/blog\/\",\"name\":\"Graphiste.com\",\"description\":\"graphiste\",\"publisher\":{\"@id\":\"https:\/\/graphiste.com\/blog\/#organization\"},\"potentialAction\":[{\"@type\":\"SearchAction\",\"target\":{\"@type\":\"EntryPoint\",\"urlTemplate\":\"https:\/\/graphiste.com\/blog\/?s={search_term_string}\"},\"query-input\":{\"@type\":\"PropertyValueSpecification\",\"valueRequired\":true,\"valueName\":\"search_term_string\"}}],\"inLanguage\":\"fr-FR\"},{\"@type\":\"Organization\",\"@id\":\"https:\/\/graphiste.com\/blog\/#organization\",\"name\":\"Graphiste.com\",\"url\":\"https:\/\/graphiste.com\/blog\/\",\"logo\":{\"@type\":\"ImageObject\",\"inLanguage\":\"fr-FR\",\"@id\":\"https:\/\/graphiste.com\/blog\/#\/schema\/logo\/image\/\",\"url\":\"https:\/\/graphiste.com\/blog\/wp-content\/uploads\/sites\/4\/2022\/07\/logo-blog-graphiste.svg\",\"contentUrl\":\"https:\/\/graphiste.com\/blog\/wp-content\/uploads\/sites\/4\/2022\/07\/logo-blog-graphiste.svg\",\"width\":1,\"height\":1,\"caption\":\"Graphiste.com\"},\"image\":{\"@id\":\"https:\/\/graphiste.com\/blog\/#\/schema\/logo\/image\/\"},\"sameAs\":[\"https:\/\/www.facebook.com\/graphistesfreelances\",\"https:\/\/x.com\/Graphistecom\",\"https:\/\/www.linkedin.com\/company\/graphiste-com\/\",\"https:\/\/fr.pinterest.com\/Graphiste_Com\",\"https:\/\/www.instagram.com\/graphiste_com\/\"]},{\"@type\":\"Person\",\"@id\":\"https:\/\/graphiste.com\/blog\/#\/schema\/person\/33c0ef04707fbe50a096f282050bb5f2\",\"name\":\"Laura Michaud\",\"image\":{\"@type\":\"ImageObject\",\"inLanguage\":\"fr-FR\",\"@id\":\"https:\/\/graphiste.com\/blog\/#\/schema\/person\/image\/\",\"url\":\"https:\/\/secure.gravatar.com\/avatar\/c3328cc0c887f98cec6b2979af3311ab6333fc7cc2d4847514cfec6a56fa08a7?s=96&d=mm&r=g\",\"contentUrl\":\"https:\/\/secure.gravatar.com\/avatar\/c3328cc0c887f98cec6b2979af3311ab6333fc7cc2d4847514cfec6a56fa08a7?s=96&d=mm&r=g\",\"caption\":\"Laura Michaud\"},\"description\":\"Laura connait tous les meilleurs outils pour g\u00e9rer des projets et une entreprise. Cr\u00e9ative, c'est aussi une sp\u00e9cialiste des outils de cr\u00e9ation graphique pour faire briller une entreprise.\",\"sameAs\":[\"https:\/\/www.linkedin.com\/in\/michaudlaura\/\"],\"url\":\"https:\/\/graphiste.com\/blog\/author\/laura\/\"}]}<\/script>\n<!-- \/ Yoast SEO plugin. -->","yoast_head_json":{"title":"Inspiration : 23 exemples de cr\u00e9ations pastel - Graphiste Blog","description":"Les couleurs pastel sont tendances, et le font savoir. Elles s\u2019imposent m\u00eame en t\u00eate de liste des grandes tendances colorim\u00e9triques de cette ann\u00e9e. Le","robots":{"index":"index","follow":"follow","max-snippet":"max-snippet:-1","max-image-preview":"max-image-preview:large","max-video-preview":"max-video-preview:-1"},"canonical":"https:\/\/graphiste.com\/blog\/inspiration-exemples-creations-pastel\/","og_locale":"fr_FR","og_type":"article","og_title":"Inspiration : 23 exemples de cr\u00e9ations pastel - Graphiste Blog","og_description":"Les couleurs pastel sont tendances, et le font savoir. Elles s\u2019imposent m\u00eame en t\u00eate de liste des grandes tendances colorim\u00e9triques de cette ann\u00e9e. Le","og_url":"https:\/\/graphiste.com\/blog\/inspiration-exemples-creations-pastel\/","og_site_name":"Graphiste.com","article_publisher":"https:\/\/www.facebook.com\/graphistesfreelances","article_published_time":"2022-06-30T23:00:00+00:00","article_modified_time":"2022-11-03T13:00:06+00:00","og_image":[{"width":850,"height":423,"url":"https:\/\/graphiste.com\/blog\/wp-content\/uploads\/sites\/4\/2021\/02\/une-graphiste-teintes-pastel-inspiration-1.jpg","type":"image\/jpeg"}],"author":"Laura Michaud","twitter_card":"summary_large_image","twitter_creator":"@Graphistecom","twitter_site":"@Graphistecom","twitter_misc":{"\u00c9crit par":"Laura Michaud","Dur\u00e9e de lecture estim\u00e9e":"10 minutes"},"schema":{"@context":"https:\/\/schema.org","@graph":[{"@type":"Article","@id":"https:\/\/graphiste.com\/blog\/inspiration-exemples-creations-pastel\/#article","isPartOf":{"@id":"https:\/\/graphiste.com\/blog\/inspiration-exemples-creations-pastel\/"},"author":{"name":"Laura Michaud","@id":"https:\/\/graphiste.com\/blog\/#\/schema\/person\/33c0ef04707fbe50a096f282050bb5f2"},"headline":"Inspiration&nbsp;: 23 exemples de cr\u00e9ations pastel","datePublished":"2022-06-30T23:00:00+00:00","dateModified":"2022-11-03T13:00:06+00:00","mainEntityOfPage":{"@id":"https:\/\/graphiste.com\/blog\/inspiration-exemples-creations-pastel\/"},"wordCount":1143,"commentCount":0,"publisher":{"@id":"https:\/\/graphiste.com\/blog\/#organization"},"image":{"@id":"https:\/\/graphiste.com\/blog\/inspiration-exemples-creations-pastel\/#primaryimage"},"thumbnailUrl":"https:\/\/graphiste.com\/blog\/wp-content\/uploads\/sites\/4\/2021\/02\/une-graphiste-teintes-pastel-inspiration-1.jpg","keywords":["Inspirez-vous"],"articleSection":["Colorim\u00e9trie"],"inLanguage":"fr-FR","potentialAction":[{"@type":"CommentAction","name":"Comment","target":["https:\/\/graphiste.com\/blog\/inspiration-exemples-creations-pastel\/#respond"]}]},{"@type":"WebPage","@id":"https:\/\/graphiste.com\/blog\/inspiration-exemples-creations-pastel\/","url":"https:\/\/graphiste.com\/blog\/inspiration-exemples-creations-pastel\/","name":"Inspiration : 23 exemples de cr\u00e9ations pastel - Graphiste Blog","isPartOf":{"@id":"https:\/\/graphiste.com\/blog\/#website"},"primaryImageOfPage":{"@id":"https:\/\/graphiste.com\/blog\/inspiration-exemples-creations-pastel\/#primaryimage"},"image":{"@id":"https:\/\/graphiste.com\/blog\/inspiration-exemples-creations-pastel\/#primaryimage"},"thumbnailUrl":"https:\/\/graphiste.com\/blog\/wp-content\/uploads\/sites\/4\/2021\/02\/une-graphiste-teintes-pastel-inspiration-1.jpg","datePublished":"2022-06-30T23:00:00+00:00","dateModified":"2022-11-03T13:00:06+00:00","description":"Les couleurs pastel sont tendances, et le font savoir. Elles s\u2019imposent m\u00eame en t\u00eate de liste des grandes tendances colorim\u00e9triques de cette ann\u00e9e. Le","breadcrumb":{"@id":"https:\/\/graphiste.com\/blog\/inspiration-exemples-creations-pastel\/#breadcrumb"},"inLanguage":"fr-FR","potentialAction":[{"@type":"ReadAction","target":["https:\/\/graphiste.com\/blog\/inspiration-exemples-creations-pastel\/"]}]},{"@type":"ImageObject","inLanguage":"fr-FR","@id":"https:\/\/graphiste.com\/blog\/inspiration-exemples-creations-pastel\/#primaryimage","url":"https:\/\/graphiste.com\/blog\/wp-content\/uploads\/sites\/4\/2021\/02\/une-graphiste-teintes-pastel-inspiration-1.jpg","contentUrl":"https:\/\/graphiste.com\/blog\/wp-content\/uploads\/sites\/4\/2021\/02\/une-graphiste-teintes-pastel-inspiration-1.jpg","width":850,"height":423},{"@type":"BreadcrumbList","@id":"https:\/\/graphiste.com\/blog\/inspiration-exemples-creations-pastel\/#breadcrumb","itemListElement":[{"@type":"ListItem","position":1,"name":"Blog","item":"https:\/\/graphiste.com\/blog\/"},{"@type":"ListItem","position":2,"name":"Branding","item":"https:\/\/graphiste.com\/blog\/branding\/"},{"@type":"ListItem","position":3,"name":"Colorim\u00e9trie","item":"https:\/\/graphiste.com\/blog\/branding\/colorimetrie\/"},{"@type":"ListItem","position":4,"name":"Inspiration : 23 exemples de cr\u00e9ations pastel"}]},{"@type":"WebSite","@id":"https:\/\/graphiste.com\/blog\/#website","url":"https:\/\/graphiste.com\/blog\/","name":"Graphiste.com","description":"graphiste","publisher":{"@id":"https:\/\/graphiste.com\/blog\/#organization"},"potentialAction":[{"@type":"SearchAction","target":{"@type":"EntryPoint","urlTemplate":"https:\/\/graphiste.com\/blog\/?s={search_term_string}"},"query-input":{"@type":"PropertyValueSpecification","valueRequired":true,"valueName":"search_term_string"}}],"inLanguage":"fr-FR"},{"@type":"Organization","@id":"https:\/\/graphiste.com\/blog\/#organization","name":"Graphiste.com","url":"https:\/\/graphiste.com\/blog\/","logo":{"@type":"ImageObject","inLanguage":"fr-FR","@id":"https:\/\/graphiste.com\/blog\/#\/schema\/logo\/image\/","url":"https:\/\/graphiste.com\/blog\/wp-content\/uploads\/sites\/4\/2022\/07\/logo-blog-graphiste.svg","contentUrl":"https:\/\/graphiste.com\/blog\/wp-content\/uploads\/sites\/4\/2022\/07\/logo-blog-graphiste.svg","width":1,"height":1,"caption":"Graphiste.com"},"image":{"@id":"https:\/\/graphiste.com\/blog\/#\/schema\/logo\/image\/"},"sameAs":["https:\/\/www.facebook.com\/graphistesfreelances","https:\/\/x.com\/Graphistecom","https:\/\/www.linkedin.com\/company\/graphiste-com\/","https:\/\/fr.pinterest.com\/Graphiste_Com","https:\/\/www.instagram.com\/graphiste_com\/"]},{"@type":"Person","@id":"https:\/\/graphiste.com\/blog\/#\/schema\/person\/33c0ef04707fbe50a096f282050bb5f2","name":"Laura Michaud","image":{"@type":"ImageObject","inLanguage":"fr-FR","@id":"https:\/\/graphiste.com\/blog\/#\/schema\/person\/image\/","url":"https:\/\/secure.gravatar.com\/avatar\/c3328cc0c887f98cec6b2979af3311ab6333fc7cc2d4847514cfec6a56fa08a7?s=96&d=mm&r=g","contentUrl":"https:\/\/secure.gravatar.com\/avatar\/c3328cc0c887f98cec6b2979af3311ab6333fc7cc2d4847514cfec6a56fa08a7?s=96&d=mm&r=g","caption":"Laura Michaud"},"description":"Laura connait tous les meilleurs outils pour g\u00e9rer des projets et une entreprise. Cr\u00e9ative, c'est aussi une sp\u00e9cialiste des outils de cr\u00e9ation graphique pour faire briller une entreprise.","sameAs":["https:\/\/www.linkedin.com\/in\/michaudlaura\/"],"url":"https:\/\/graphiste.com\/blog\/author\/laura\/"}]}},"_links":{"self":[{"href":"https:\/\/graphiste.com\/blog\/wp-json\/wp\/v2\/posts\/25064","targetHints":{"allow":["GET"]}}],"collection":[{"href":"https:\/\/graphiste.com\/blog\/wp-json\/wp\/v2\/posts"}],"about":[{"href":"https:\/\/graphiste.com\/blog\/wp-json\/wp\/v2\/types\/post"}],"author":[{"embeddable":true,"href":"https:\/\/graphiste.com\/blog\/wp-json\/wp\/v2\/users\/1"}],"replies":[{"embeddable":true,"href":"https:\/\/graphiste.com\/blog\/wp-json\/wp\/v2\/comments?post=25064"}],"version-history":[{"count":0,"href":"https:\/\/graphiste.com\/blog\/wp-json\/wp\/v2\/posts\/25064\/revisions"}],"wp:featuredmedia":[{"embeddable":true,"href":"https:\/\/graphiste.com\/blog\/wp-json\/wp\/v2\/media\/25098"}],"wp:attachment":[{"href":"https:\/\/graphiste.com\/blog\/wp-json\/wp\/v2\/media?parent=25064"}],"wp:term":[{"taxonomy":"category","embeddable":true,"href":"https:\/\/graphiste.com\/blog\/wp-json\/wp\/v2\/categories?post=25064"},{"taxonomy":"post_tag","embeddable":true,"href":"https:\/\/graphiste.com\/blog\/wp-json\/wp\/v2\/tags?post=25064"}],"curies":[{"name":"wp","href":"https:\/\/api.w.org\/{rel}","templated":true}]}}