{"id":18632,"date":"2020-05-12T10:30:46","date_gmt":"2020-05-12T08:30:46","guid":{"rendered":"https:\/\/graphiste.com\/blog\/?p=18632"},"modified":"2025-08-20T17:18:58","modified_gmt":"2025-08-20T15:18:58","slug":"exemples-couleurs-associer-concevoir-logo","status":"publish","type":"post","link":"https:\/\/graphiste.com\/blog\/exemples-couleurs-associer-concevoir-logo\/","title":{"rendered":"10 exemples de couleurs \u00e0 associer pour votre logo"},"content":{"rendered":"<p>Lorsqu\u2019une marque travaille \u00e0 la c<a href=\"https:\/\/graphiste.com\/blog\/logo-check-list-indispensable-sortir-du-lot\" target=\"_blank\" rel=\"noopener noreferrer\">onception de son logo<\/a>, elle doit avant tout d\u00e9terminer la palette de couleurs que le graphiste va pouvoir utiliser.<\/p>\n<p>En effet, les couleurs \u00e9voquent des \u00e9motions, communiquent des id\u00e9es, racontent des histoires\u2026 Voil\u00e0 pourquoi leur choix ne doit pas \u00eatre n\u00e9glig\u00e9. Eh oui, contrairement \u00e0 ce que certains pensent parfois, il n\u2019est pas que question d\u2019esth\u00e9tisme\u2026<\/p>\n<p>Reste qu\u2019il n\u2019est pas toujours simple de trouver la<a href=\"https:\/\/graphiste.com\/blog\/palettes-couleurs-printemps\" target=\"_blank\" rel=\"noopener noreferrer\"> combinaison de couleurs<\/a> qui parviendra \u00e0 votre logo de s\u2019imposer face \u00e0 celui des concurrents. Pour vous y aider, voici n\u00e9anmoins 10 exemples de couleurs que vous pouvez associer pour cr\u00e9er votre logo.<\/p>\n<p>&nbsp;<\/p>\n<h2>1. Rouge, orange et noir<\/h2>\n<p>Dans le monde du sport, de nombreuses \u00e9quipes arborent un logo o\u00f9 le rouge, couleur repr\u00e9sentant l\u2019\u00e9nergie, domine.<\/p>\n<figure id=\"attachment_18637\" aria-describedby=\"caption-attachment-18637\" style=\"width: 750px\" class=\"wp-caption aligncenter\"><img decoding=\"async\" class=\"wp-image-18637 size-full\" src=\"https:\/\/graphiste.com\/blog\/wp-content\/uploads\/sites\/4\/2020\/05\/e7c10094214213.5e7935c70d260-scaled-e1588858590505.jpg\" alt=\"logo rouge orange noir blanc\" width=\"750\" height=\"500\" \/><figcaption id=\"caption-attachment-18637\" class=\"wp-caption-text\"><a href=\"https:\/\/www.behance.net\/gallery\/94214213\/SLS-Express\" target=\"_blank\" rel=\"noopener noreferrer\">Source&nbsp;: Behance<\/a><\/figcaption><\/figure>\n<p>Eh bien, associez-y un orange vif et du noir et vous parviendrez \u00e0 concevoir un logo qui renvoie une image particuli\u00e8rement dynamique.<\/p>\n<blockquote><p>\u00c0 lire aussi&nbsp;: <a href=\"https:\/\/graphiste.com\/blog\/couleurs-tendances-2021\">7 couleurs tendances \u00e0 utiliser en 2020<\/a><\/p><\/blockquote>\n<p>&nbsp;<\/p>\n<h2>2. Orange, turquoise et bleu marine<\/h2>\n<p>Lorsqu\u2019il est question de trouver la bonne association de couleurs, certains graphistes ne prennent pas de risque et se tournent vers une valeur s\u00fbre. La combinaison orange fonc\u00e9, turquoise et bleu marine en est une.<\/p>\n<figure id=\"attachment_18638\" aria-describedby=\"caption-attachment-18638\" style=\"width: 702px\" class=\"wp-caption aligncenter\"><img decoding=\"async\" class=\"wp-image-18638 \" src=\"https:\/\/graphiste.com\/blog\/wp-content\/uploads\/sites\/4\/2020\/05\/attachment_92892200.jpeg\" alt=\"logo orange bleu turquoise\" width=\"702\" height=\"526\" \/><figcaption id=\"caption-attachment-18638\" class=\"wp-caption-text\"><a href=\"https:\/\/99designs.fr\/profiles\/2216067\" target=\"_blank\" rel=\"noopener noreferrer\">Source&nbsp;: 99design<\/a><\/figcaption><\/figure>\n<p>Les couleurs sont effectivement tr\u00e8s compl\u00e9mentaires et, qui plus est, peuvent facilement \u00eatre associ\u00e9es \u00e0 des \u00e9l\u00e9ments de la vie r\u00e9elle pour peu que le graphiste leur donne une forme.<\/p>\n<p>Par exemple, des traits ondulants de couleur bleue seront imm\u00e9diatement associ\u00e9s \u00e0 la mer ou du moins \u00e0 l\u2019eau.<\/p>\n<blockquote><p>\u00c0 lire aussi&nbsp;: <a href=\"https:\/\/graphiste.com\/blog\/logo-rebranding-marque-entreprise\">Logo&nbsp;: 12 superbes rebranding de marque<\/a><\/p><\/blockquote>\n<p>&nbsp;<\/p>\n<h2>3. Vert et marrons<\/h2>\n<p>Encore une combinaison qui ne constitue pas une prise de risque tr\u00e8s importante tant elle a d\u00e9j\u00e0 eu l\u2019occasion de nous montrer qu\u2019elle fonctionnait.<\/p>\n<figure id=\"attachment_18640\" aria-describedby=\"caption-attachment-18640\" style=\"width: 556px\" class=\"wp-caption aligncenter\"><img decoding=\"async\" class=\"wp-image-18640 size-full\" src=\"https:\/\/graphiste.com\/blog\/wp-content\/uploads\/sites\/4\/2020\/05\/78b9ae92413547.5e4aeed7c97fe-scaled-e1588859361187.jpg\" alt=\"logo vert marron\" width=\"556\" height=\"350\" \/><figcaption id=\"caption-attachment-18640\" class=\"wp-caption-text\"><a href=\"https:\/\/www.behance.net\/gallery\/92413547\/Manicure-hairstyle\" target=\"_blank\" rel=\"noopener noreferrer\">Source&nbsp;: Behance<\/a><\/figcaption><\/figure>\n<p>Le vert de la nature et le marron de la terre se marient \u00e0 merveille et sont une alliance qui convient parfaitement \u00e0 des marques de jardinage, de produits naturels ou encore \u00e0 des entit\u00e9s (communes, r\u00e9gions, etc.) accordant une vraie importance \u00e0 la notion de terroir.<\/p>\n<blockquote><p>\u00c0 lire aussi&nbsp;: <a href=\"https:\/\/graphiste.com\/blog\/logo-vert\" target=\"_blank\" rel=\"noopener noreferrer\">Psychologie des couleurs&nbsp;: que signifie un logo vert&nbsp;?<\/a><\/p><\/blockquote>\n<p>&nbsp;<\/p>\n<h2>4. Bleu marine et rose clair<\/h2>\n<p>\u00c9voquant \u00e0 la fois la s\u00e9r\u00e9nit\u00e9 et la lumi\u00e8re de l\u2019aube, la combinaison de couleurs bleu marine et rose clair pla\u00eet \u00e0 de nombreuses marques. C\u2019est en particulier le cas de marques \u00e9voluant dans l\u2019univers de la pu\u00e9riculture, du bien-\u00eatre ou de la sant\u00e9.<\/p>\n<figure id=\"attachment_18642\" aria-describedby=\"caption-attachment-18642\" style=\"width: 714px\" class=\"wp-caption aligncenter\"><img decoding=\"async\" class=\"wp-image-18642 \" src=\"https:\/\/graphiste.com\/blog\/wp-content\/uploads\/sites\/4\/2020\/05\/7d02409e-470a-47bb-99ea-0c9b312b9bcb-e1563292412401.jpg\" alt=\"logo violet bleu degrad\u00e9\" width=\"714\" height=\"408\" \/><figcaption id=\"caption-attachment-18642\" class=\"wp-caption-text\"><a href=\"https:\/\/99designs.fr\/profiles\/madpepper\" target=\"_blank\" rel=\"noopener noreferrer\">Source<\/a><\/figcaption><\/figure>\n<p>Il est aussi int\u00e9ressant de noter qu\u2019en att\u00e9nuant plus ou moins ces coloris, le r\u00e9sultat peut \u00eatre radicalement diff\u00e9rent et susciter, par cons\u00e9quent, une \u00e9motion tout autre. Il faut donc trouver le juste \u00e9quilibre\u2026<\/p>\n<blockquote><p>\u00c0 lire aussi&nbsp;:\u00a0<a href=\"https:\/\/graphiste.com\/blog\/couleurs-efficaces-augmenter-engagement-site\">12 couleurs efficaces pour augmenter l\u2019engagement sur votre site<\/a><\/p><\/blockquote>\n<p>&nbsp;<\/p>\n<h2>5. Tons de bleu et de vert<\/h2>\n<p>Bleu et vert sont des couleurs qui fonctionnent plut\u00f4t bien ensemble. \u00c9voquant la douceur, la nature, le calme ou encore la relaxation, ce m\u00e9lange convient parfaitement \u00e0 des marques \u00e9voluant dans l\u2019univers du bien-\u00eatre.<\/p>\n<figure id=\"attachment_18647\" aria-describedby=\"caption-attachment-18647\" style=\"width: 658px\" class=\"wp-caption aligncenter\"><img decoding=\"async\" class=\"wp-image-18647\" src=\"https:\/\/graphiste.com\/blog\/wp-content\/uploads\/sites\/4\/2020\/05\/08931696078605.5ea68827c0008.jpg\" alt=\"logo vert bleu\" width=\"658\" height=\"370\" \/><figcaption id=\"caption-attachment-18647\" class=\"wp-caption-text\"><a href=\"https:\/\/www.behance.net\/gallery\/96078605\/Monkey21-Bistro-Bar\" target=\"_blank\" rel=\"noopener noreferrer\">Source<\/a><\/figcaption><\/figure>\n<p>Notez que des tons de gris peuvent aussi parfaitement se marier avec des verts et des bleus.<\/p>\n<p>&nbsp;<\/p>\n<h2>6. Vert, rose et jaune<\/h2>\n<p>Parce que certaines marques ont besoin de montrer leur fantaisie dans leur logo, certaines combinaisons plus os\u00e9es tirent leur \u00e9pingle du jeu.<\/p>\n<figure id=\"attachment_18685\" aria-describedby=\"caption-attachment-18685\" style=\"width: 698px\" class=\"wp-caption aligncenter\"><img decoding=\"async\" class=\"wp-image-18685 \" src=\"https:\/\/graphiste.com\/blog\/wp-content\/uploads\/sites\/4\/2020\/05\/annyeong_chingu-01.jpg\" alt=\"vert rose jaune logo\" width=\"698\" height=\"524\" \/><figcaption id=\"caption-attachment-18685\" class=\"wp-caption-text\"><a href=\"https:\/\/dribbble.com\/shots\/4419746-Annyeong-Chingu-Logo\" target=\"_blank\" rel=\"noopener noreferrer\">Source<\/a><\/figcaption><\/figure>\n<p>L\u2019alliance d\u2019un vert menthe, d\u2019un rose corail et d\u2019un jaune tirant sur l\u2019orange fonctionne bien et peut s\u2019av\u00e9rer l\u2019association de couleurs idoines pour le logo d\u2019un confiseur par exemple.<\/p>\n<p>&nbsp;<\/p>\n<h2>7. Arc-en-ciel<\/h2>\n<p>M\u00eame si la r\u00e8gle est g\u00e9n\u00e9ralement de ne pas utiliser plus de 2 ou 3 couleurs principales pour un logo, une exception existe avec le choix de la combinaison arc-en-ciel. Toutefois, cette d\u00e9cision doit rester celle de marques d\u00e9sirant miser sur l\u2019originalit\u00e9 et la vitalit\u00e9.<\/p>\n<figure id=\"attachment_18682\" aria-describedby=\"caption-attachment-18682\" style=\"width: 750px\" class=\"wp-caption aligncenter\"><img decoding=\"async\" class=\"wp-image-18682 size-full\" src=\"https:\/\/graphiste.com\/blog\/wp-content\/uploads\/sites\/4\/2020\/05\/30d82f6541dacdd88bebc8fa574b5bfc-e1589188491799.png\" alt=\"logo arc en ciel\" width=\"750\" height=\"563\" \/><figcaption id=\"caption-attachment-18682\" class=\"wp-caption-text\"><a href=\"https:\/\/dribbble.com\/shots\/9064129-Circles-Connection-Unity-Letter-C-Logo-Unused-for-Sale\" target=\"_blank\" rel=\"noopener noreferrer\">Source&nbsp;: Dribbble<\/a><\/figcaption><\/figure>\n<p>Rien n\u2019assure effectivement que la communication fonctionne puisque le message que vous esp\u00e9riez envoyer peut vite se diluer si les \u00e9quilibres de couleurs ne sont pas parfaits.<\/p>\n<p>&nbsp;<\/p>\n<h2>8. Gris, marron et or<\/h2>\n<p>De nombreuses marques de luxe ont recours \u00e0 cette combinaison de couleurs douces pour concevoir leur logo.<\/p>\n<figure id=\"attachment_18683\" aria-describedby=\"caption-attachment-18683\" style=\"width: 657px\" class=\"wp-caption aligncenter\"><img decoding=\"async\" class=\"wp-image-18683\" src=\"https:\/\/graphiste.com\/blog\/wp-content\/uploads\/sites\/4\/2020\/05\/steakhouse.jpg\" alt=\"gris marron or\" width=\"657\" height=\"493\" \/><figcaption id=\"caption-attachment-18683\" class=\"wp-caption-text\"><a href=\"https:\/\/dribbble.com\/shots\/3351535-Steakhouse\" target=\"_blank\" rel=\"noopener noreferrer\">Source<\/a><\/figcaption><\/figure>\n<p>Il faut dire que cette association de couleurs donne imm\u00e9diatement une image \u00ab\u2009haut de gamme\u2009\u00bb \u00e0 une marque, et ce quel que soit son secteur d\u2019activit\u00e9.<\/p>\n<blockquote><p>\u00c0 lire aussi&nbsp;:\u00a0<a href=\"https:\/\/graphiste.com\/blog\/comment-utiliser-cercle-chromatique\">Comment utiliser le cercle chromatique\u00a0?<\/a><\/p><\/blockquote>\n<p>&nbsp;<\/p>\n<h2>9. Marron, beige et noir<\/h2>\n<p>Il existe des secteurs d\u2019activit\u00e9 dans lesquels une marque doit avant tout inspirer la confiance. Aussi, la combinaison de couleurs doit attester du s\u00e9rieux de l\u2019entreprise.<\/p>\n<figure id=\"attachment_18645\" aria-describedby=\"caption-attachment-18645\" style=\"width: 687px\" class=\"wp-caption aligncenter\"><img decoding=\"async\" class=\"wp-image-18645 \" src=\"https:\/\/graphiste.com\/blog\/wp-content\/uploads\/sites\/4\/2020\/05\/attachment_46824727-e1563548379441.png\" alt=\"\" width=\"687\" height=\"484\" \/><figcaption id=\"caption-attachment-18645\" class=\"wp-caption-text\"><a href=\"https:\/\/99designs.fr\/profiles\/widakk\" target=\"_blank\" rel=\"noopener noreferrer\">Source<\/a><\/figcaption><\/figure>\n<p>L\u2019association marron, beige, noir s\u2019inscrit dans cette lign\u00e9e mais elle va au-del\u00e0 puisqu\u2019elle conf\u00e8re une vraie image vintage \u00e0 la marque. Ceci explique que cette combinaison soit souvent utilis\u00e9e dans l\u2019univers de la mode\u2026<\/p>\n<p>&nbsp;<\/p>\n<h2>10. Bleu et or<\/h2>\n<p>Vous d\u00e9sirez que l\u2019on parle de votre logo pour son audace, faites le pari d\u2019allier un bleu froid \u00e0 un or vif et le tour est jou\u00e9.<\/p>\n<figure id=\"attachment_18656\" aria-describedby=\"caption-attachment-18656\" style=\"width: 750px\" class=\"wp-caption aligncenter\"><img decoding=\"async\" class=\"wp-image-18656 size-full\" src=\"https:\/\/graphiste.com\/blog\/wp-content\/uploads\/sites\/4\/2020\/05\/faf6bb86883965.5dccaa29046e0-e1588861592769.jpg\" alt=\"logo bleu et dor\u00e9 gold\" width=\"750\" height=\"500\" \/><figcaption id=\"caption-attachment-18656\" class=\"wp-caption-text\"><a href=\"https:\/\/www.behance.net\/gallery\/86883965\/Timothys-Fashion-Branding\" target=\"_blank\" rel=\"noopener noreferrer\">Source<\/a><\/figcaption><\/figure>\n<p>Cette alliance de couleurs, quelque peu os\u00e9e, est surtout pr\u00e9sente dans l\u2019univers de la mode et de l\u2019\u00e9v\u00e9nementiel.<\/p>\n<blockquote><p>\u00c0 lire aussi&nbsp;:\u00a0<a href=\"https:\/\/graphiste.com\/blog\/impression-couleur-differences-cmjn-rvb\">Impression\u00a0: Quelles sont les diff\u00e9rences entre CMJN et RVB\u00a0?<\/a><\/p><\/blockquote>\n<p>&nbsp;<\/p>\n<p>Parce que d\u00e9terminer la <a href=\"https:\/\/graphiste.com\/blog\/comment-trouver-la-palette-ideale-pour-votre-charte-graphique\" target=\"_blank\" rel=\"noopener noreferrer\">palette de couleurs de votre marque<\/a> n\u2019est pas chose ais\u00e9e, les dix associations de couleurs pr\u00e9sent\u00e9es ici ont pu vous aider \u00e0 valider ou \u00e0 infirmer vos choix. Elles ont \u00e9galement pu vous inspirer et vous donner envie d\u2019aller au-del\u00e0 des sentiers battus.<\/p>\n<p>Mais rassurez-vous, avec un <a href=\"https:\/\/graphiste.com\" target=\"_blank\" rel=\"noopener noreferrer\"><strong>bon graphiste<\/strong><\/a> \u00e0 vos c\u00f4t\u00e9s, vous devriez pouvoir rapidement disposer d\u2019un logo qui plaise \u00e0 votre cible commerciale.<\/p>\n","protected":false},"excerpt":{"rendered":"<p>Lorsqu\u2019une marque travaille \u00e0 la conception de son logo, elle doit avant tout d\u00e9terminer la palette de couleurs que le graphiste va pouvoir utiliser. En effet, les couleurs \u00e9voquent des \u00e9motions, communiquent des id\u00e9es, racontent des histoires\u2026 Voil\u00e0 pourquoi leur choix ne doit pas \u00eatre n\u00e9glig\u00e9. Eh oui, contrairement \u00e0 ce que certains pensent parfois, [&hellip;]<\/p>\n","protected":false},"author":1,"featured_media":18649,"comment_status":"closed","ping_status":"closed","sticky":false,"template":"","format":"standard","meta":{"_acf_changed":false,"inline_featured_image":false,"footnotes":""},"categories":[11],"tags":[40,42,43],"class_list":["post-18632","post","type-post","status-publish","format-standard","has-post-thumbnail","hentry","category-logo","tag-booster-agence","tag-creer-marque","tag-developper-entreprise"],"acf":[],"yoast_head":"<!-- This site is optimized with the Yoast SEO plugin v25.9 - https:\/\/yoast.com\/wordpress\/plugins\/seo\/ -->\n<title>10 exemples de couleurs \u00e0 associer pour votre logo - Graphiste Blog<\/title>\n<meta name=\"description\" content=\"Lorsqu\u2019une marque travaille \u00e0 la conception de son logo, elle doit avant tout d\u00e9terminer la palette de couleurs que le graphiste va pouvoir utiliser. En\" \/>\n<meta name=\"robots\" content=\"index, follow, max-snippet:-1, max-image-preview:large, max-video-preview:-1\" \/>\n<link rel=\"canonical\" href=\"https:\/\/graphiste.com\/blog\/exemples-couleurs-associer-concevoir-logo\/\" \/>\n<meta property=\"og:locale\" content=\"fr_FR\" \/>\n<meta property=\"og:type\" content=\"article\" \/>\n<meta property=\"og:title\" content=\"10 exemples de couleurs \u00e0 associer pour votre logo - Graphiste Blog\" \/>\n<meta property=\"og:description\" content=\"Lorsqu\u2019une marque travaille \u00e0 la conception de son logo, elle doit avant tout d\u00e9terminer la palette de couleurs que le graphiste va pouvoir utiliser. En\" \/>\n<meta property=\"og:url\" content=\"https:\/\/graphiste.com\/blog\/exemples-couleurs-associer-concevoir-logo\/\" \/>\n<meta property=\"og:site_name\" content=\"Graphiste.com\" \/>\n<meta property=\"article:publisher\" content=\"https:\/\/www.facebook.com\/graphistesfreelances\" \/>\n<meta property=\"article:published_time\" content=\"2020-05-12T08:30:46+00:00\" \/>\n<meta property=\"article:modified_time\" content=\"2025-08-20T15:18:58+00:00\" \/>\n<meta property=\"og:image\" content=\"https:\/\/graphiste.com\/blog\/wp-content\/uploads\/sites\/4\/2020\/05\/une-graphiste-logo-couleurs-association-1.jpg\" \/>\n\t<meta property=\"og:image:width\" content=\"850\" \/>\n\t<meta property=\"og:image:height\" content=\"423\" \/>\n\t<meta property=\"og:image:type\" content=\"image\/jpeg\" \/>\n<meta name=\"author\" content=\"Laura Michaud\" \/>\n<meta name=\"twitter:card\" content=\"summary_large_image\" \/>\n<meta name=\"twitter:creator\" content=\"@Graphistecom\" \/>\n<meta name=\"twitter:site\" content=\"@Graphistecom\" \/>\n<meta name=\"twitter:label1\" content=\"\u00c9crit par\" \/>\n\t<meta name=\"twitter:data1\" content=\"Laura Michaud\" \/>\n\t<meta name=\"twitter:label2\" content=\"Dur\u00e9e de lecture estim\u00e9e\" \/>\n\t<meta name=\"twitter:data2\" content=\"7 minutes\" \/>\n<script type=\"application\/ld+json\" class=\"yoast-schema-graph\">{\"@context\":\"https:\/\/schema.org\",\"@graph\":[{\"@type\":\"Article\",\"@id\":\"https:\/\/graphiste.com\/blog\/exemples-couleurs-associer-concevoir-logo\/#article\",\"isPartOf\":{\"@id\":\"https:\/\/graphiste.com\/blog\/exemples-couleurs-associer-concevoir-logo\/\"},\"author\":{\"name\":\"Laura Michaud\",\"@id\":\"https:\/\/graphiste.com\/blog\/#\/schema\/person\/33c0ef04707fbe50a096f282050bb5f2\"},\"headline\":\"10 exemples de couleurs \u00e0 associer pour votre logo\",\"datePublished\":\"2020-05-12T08:30:46+00:00\",\"dateModified\":\"2025-08-20T15:18:58+00:00\",\"mainEntityOfPage\":{\"@id\":\"https:\/\/graphiste.com\/blog\/exemples-couleurs-associer-concevoir-logo\/\"},\"wordCount\":1033,\"publisher\":{\"@id\":\"https:\/\/graphiste.com\/blog\/#organization\"},\"image\":{\"@id\":\"https:\/\/graphiste.com\/blog\/exemples-couleurs-associer-concevoir-logo\/#primaryimage\"},\"thumbnailUrl\":\"https:\/\/graphiste.com\/blog\/wp-content\/uploads\/sites\/4\/2020\/05\/une-graphiste-logo-couleurs-association-1.jpg\",\"keywords\":[\"Booster votre agence\",\"Cr\u00e9er votre marque\",\"D\u00e9velopper son entreprise\"],\"articleSection\":[\"Logo\"],\"inLanguage\":\"fr-FR\"},{\"@type\":\"WebPage\",\"@id\":\"https:\/\/graphiste.com\/blog\/exemples-couleurs-associer-concevoir-logo\/\",\"url\":\"https:\/\/graphiste.com\/blog\/exemples-couleurs-associer-concevoir-logo\/\",\"name\":\"10 exemples de couleurs \u00e0 associer pour votre logo - Graphiste Blog\",\"isPartOf\":{\"@id\":\"https:\/\/graphiste.com\/blog\/#website\"},\"primaryImageOfPage\":{\"@id\":\"https:\/\/graphiste.com\/blog\/exemples-couleurs-associer-concevoir-logo\/#primaryimage\"},\"image\":{\"@id\":\"https:\/\/graphiste.com\/blog\/exemples-couleurs-associer-concevoir-logo\/#primaryimage\"},\"thumbnailUrl\":\"https:\/\/graphiste.com\/blog\/wp-content\/uploads\/sites\/4\/2020\/05\/une-graphiste-logo-couleurs-association-1.jpg\",\"datePublished\":\"2020-05-12T08:30:46+00:00\",\"dateModified\":\"2025-08-20T15:18:58+00:00\",\"description\":\"Lorsqu\u2019une marque travaille \u00e0 la conception de son logo, elle doit avant tout d\u00e9terminer la palette de couleurs que le graphiste va pouvoir utiliser. En\",\"breadcrumb\":{\"@id\":\"https:\/\/graphiste.com\/blog\/exemples-couleurs-associer-concevoir-logo\/#breadcrumb\"},\"inLanguage\":\"fr-FR\",\"potentialAction\":[{\"@type\":\"ReadAction\",\"target\":[\"https:\/\/graphiste.com\/blog\/exemples-couleurs-associer-concevoir-logo\/\"]}]},{\"@type\":\"ImageObject\",\"inLanguage\":\"fr-FR\",\"@id\":\"https:\/\/graphiste.com\/blog\/exemples-couleurs-associer-concevoir-logo\/#primaryimage\",\"url\":\"https:\/\/graphiste.com\/blog\/wp-content\/uploads\/sites\/4\/2020\/05\/une-graphiste-logo-couleurs-association-1.jpg\",\"contentUrl\":\"https:\/\/graphiste.com\/blog\/wp-content\/uploads\/sites\/4\/2020\/05\/une-graphiste-logo-couleurs-association-1.jpg\",\"width\":850,\"height\":423},{\"@type\":\"BreadcrumbList\",\"@id\":\"https:\/\/graphiste.com\/blog\/exemples-couleurs-associer-concevoir-logo\/#breadcrumb\",\"itemListElement\":[{\"@type\":\"ListItem\",\"position\":1,\"name\":\"Blog\",\"item\":\"https:\/\/graphiste.com\/blog\/\"},{\"@type\":\"ListItem\",\"position\":2,\"name\":\"Branding\",\"item\":\"https:\/\/graphiste.com\/blog\/branding\/\"},{\"@type\":\"ListItem\",\"position\":3,\"name\":\"Logo\",\"item\":\"https:\/\/graphiste.com\/blog\/branding\/logo\/\"},{\"@type\":\"ListItem\",\"position\":4,\"name\":\"10 exemples de couleurs \u00e0 associer pour votre logo\"}]},{\"@type\":\"WebSite\",\"@id\":\"https:\/\/graphiste.com\/blog\/#website\",\"url\":\"https:\/\/graphiste.com\/blog\/\",\"name\":\"Graphiste.com\",\"description\":\"graphiste\",\"publisher\":{\"@id\":\"https:\/\/graphiste.com\/blog\/#organization\"},\"potentialAction\":[{\"@type\":\"SearchAction\",\"target\":{\"@type\":\"EntryPoint\",\"urlTemplate\":\"https:\/\/graphiste.com\/blog\/?s={search_term_string}\"},\"query-input\":{\"@type\":\"PropertyValueSpecification\",\"valueRequired\":true,\"valueName\":\"search_term_string\"}}],\"inLanguage\":\"fr-FR\"},{\"@type\":\"Organization\",\"@id\":\"https:\/\/graphiste.com\/blog\/#organization\",\"name\":\"Graphiste.com\",\"url\":\"https:\/\/graphiste.com\/blog\/\",\"logo\":{\"@type\":\"ImageObject\",\"inLanguage\":\"fr-FR\",\"@id\":\"https:\/\/graphiste.com\/blog\/#\/schema\/logo\/image\/\",\"url\":\"https:\/\/graphiste.com\/blog\/wp-content\/uploads\/sites\/4\/2022\/07\/logo-blog-graphiste.svg\",\"contentUrl\":\"https:\/\/graphiste.com\/blog\/wp-content\/uploads\/sites\/4\/2022\/07\/logo-blog-graphiste.svg\",\"width\":1,\"height\":1,\"caption\":\"Graphiste.com\"},\"image\":{\"@id\":\"https:\/\/graphiste.com\/blog\/#\/schema\/logo\/image\/\"},\"sameAs\":[\"https:\/\/www.facebook.com\/graphistesfreelances\",\"https:\/\/x.com\/Graphistecom\",\"https:\/\/www.linkedin.com\/company\/graphiste-com\/\",\"https:\/\/fr.pinterest.com\/Graphiste_Com\",\"https:\/\/www.instagram.com\/graphiste_com\/\"]},{\"@type\":\"Person\",\"@id\":\"https:\/\/graphiste.com\/blog\/#\/schema\/person\/33c0ef04707fbe50a096f282050bb5f2\",\"name\":\"Laura Michaud\",\"image\":{\"@type\":\"ImageObject\",\"inLanguage\":\"fr-FR\",\"@id\":\"https:\/\/graphiste.com\/blog\/#\/schema\/person\/image\/\",\"url\":\"https:\/\/secure.gravatar.com\/avatar\/c3328cc0c887f98cec6b2979af3311ab6333fc7cc2d4847514cfec6a56fa08a7?s=96&d=mm&r=g\",\"contentUrl\":\"https:\/\/secure.gravatar.com\/avatar\/c3328cc0c887f98cec6b2979af3311ab6333fc7cc2d4847514cfec6a56fa08a7?s=96&d=mm&r=g\",\"caption\":\"Laura Michaud\"},\"description\":\"Laura connait tous les meilleurs outils pour g\u00e9rer des projets et une entreprise. Cr\u00e9ative, c'est aussi une sp\u00e9cialiste des outils de cr\u00e9ation graphique pour faire briller une entreprise.\",\"sameAs\":[\"https:\/\/www.linkedin.com\/in\/michaudlaura\/\"],\"url\":\"https:\/\/graphiste.com\/blog\/author\/laura\/\"}]}<\/script>\n<!-- \/ Yoast SEO plugin. -->","yoast_head_json":{"title":"10 exemples de couleurs \u00e0 associer pour votre logo - Graphiste Blog","description":"Lorsqu\u2019une marque travaille \u00e0 la conception de son logo, elle doit avant tout d\u00e9terminer la palette de couleurs que le graphiste va pouvoir utiliser. En","robots":{"index":"index","follow":"follow","max-snippet":"max-snippet:-1","max-image-preview":"max-image-preview:large","max-video-preview":"max-video-preview:-1"},"canonical":"https:\/\/graphiste.com\/blog\/exemples-couleurs-associer-concevoir-logo\/","og_locale":"fr_FR","og_type":"article","og_title":"10 exemples de couleurs \u00e0 associer pour votre logo - Graphiste Blog","og_description":"Lorsqu\u2019une marque travaille \u00e0 la conception de son logo, elle doit avant tout d\u00e9terminer la palette de couleurs que le graphiste va pouvoir utiliser. En","og_url":"https:\/\/graphiste.com\/blog\/exemples-couleurs-associer-concevoir-logo\/","og_site_name":"Graphiste.com","article_publisher":"https:\/\/www.facebook.com\/graphistesfreelances","article_published_time":"2020-05-12T08:30:46+00:00","article_modified_time":"2025-08-20T15:18:58+00:00","og_image":[{"width":850,"height":423,"url":"https:\/\/graphiste.com\/blog\/wp-content\/uploads\/sites\/4\/2020\/05\/une-graphiste-logo-couleurs-association-1.jpg","type":"image\/jpeg"}],"author":"Laura Michaud","twitter_card":"summary_large_image","twitter_creator":"@Graphistecom","twitter_site":"@Graphistecom","twitter_misc":{"\u00c9crit par":"Laura Michaud","Dur\u00e9e de lecture estim\u00e9e":"7 minutes"},"schema":{"@context":"https:\/\/schema.org","@graph":[{"@type":"Article","@id":"https:\/\/graphiste.com\/blog\/exemples-couleurs-associer-concevoir-logo\/#article","isPartOf":{"@id":"https:\/\/graphiste.com\/blog\/exemples-couleurs-associer-concevoir-logo\/"},"author":{"name":"Laura Michaud","@id":"https:\/\/graphiste.com\/blog\/#\/schema\/person\/33c0ef04707fbe50a096f282050bb5f2"},"headline":"10 exemples de couleurs \u00e0 associer pour votre logo","datePublished":"2020-05-12T08:30:46+00:00","dateModified":"2025-08-20T15:18:58+00:00","mainEntityOfPage":{"@id":"https:\/\/graphiste.com\/blog\/exemples-couleurs-associer-concevoir-logo\/"},"wordCount":1033,"publisher":{"@id":"https:\/\/graphiste.com\/blog\/#organization"},"image":{"@id":"https:\/\/graphiste.com\/blog\/exemples-couleurs-associer-concevoir-logo\/#primaryimage"},"thumbnailUrl":"https:\/\/graphiste.com\/blog\/wp-content\/uploads\/sites\/4\/2020\/05\/une-graphiste-logo-couleurs-association-1.jpg","keywords":["Booster votre agence","Cr\u00e9er votre marque","D\u00e9velopper son entreprise"],"articleSection":["Logo"],"inLanguage":"fr-FR"},{"@type":"WebPage","@id":"https:\/\/graphiste.com\/blog\/exemples-couleurs-associer-concevoir-logo\/","url":"https:\/\/graphiste.com\/blog\/exemples-couleurs-associer-concevoir-logo\/","name":"10 exemples de couleurs \u00e0 associer pour votre logo - Graphiste Blog","isPartOf":{"@id":"https:\/\/graphiste.com\/blog\/#website"},"primaryImageOfPage":{"@id":"https:\/\/graphiste.com\/blog\/exemples-couleurs-associer-concevoir-logo\/#primaryimage"},"image":{"@id":"https:\/\/graphiste.com\/blog\/exemples-couleurs-associer-concevoir-logo\/#primaryimage"},"thumbnailUrl":"https:\/\/graphiste.com\/blog\/wp-content\/uploads\/sites\/4\/2020\/05\/une-graphiste-logo-couleurs-association-1.jpg","datePublished":"2020-05-12T08:30:46+00:00","dateModified":"2025-08-20T15:18:58+00:00","description":"Lorsqu\u2019une marque travaille \u00e0 la conception de son logo, elle doit avant tout d\u00e9terminer la palette de couleurs que le graphiste va pouvoir utiliser. En","breadcrumb":{"@id":"https:\/\/graphiste.com\/blog\/exemples-couleurs-associer-concevoir-logo\/#breadcrumb"},"inLanguage":"fr-FR","potentialAction":[{"@type":"ReadAction","target":["https:\/\/graphiste.com\/blog\/exemples-couleurs-associer-concevoir-logo\/"]}]},{"@type":"ImageObject","inLanguage":"fr-FR","@id":"https:\/\/graphiste.com\/blog\/exemples-couleurs-associer-concevoir-logo\/#primaryimage","url":"https:\/\/graphiste.com\/blog\/wp-content\/uploads\/sites\/4\/2020\/05\/une-graphiste-logo-couleurs-association-1.jpg","contentUrl":"https:\/\/graphiste.com\/blog\/wp-content\/uploads\/sites\/4\/2020\/05\/une-graphiste-logo-couleurs-association-1.jpg","width":850,"height":423},{"@type":"BreadcrumbList","@id":"https:\/\/graphiste.com\/blog\/exemples-couleurs-associer-concevoir-logo\/#breadcrumb","itemListElement":[{"@type":"ListItem","position":1,"name":"Blog","item":"https:\/\/graphiste.com\/blog\/"},{"@type":"ListItem","position":2,"name":"Branding","item":"https:\/\/graphiste.com\/blog\/branding\/"},{"@type":"ListItem","position":3,"name":"Logo","item":"https:\/\/graphiste.com\/blog\/branding\/logo\/"},{"@type":"ListItem","position":4,"name":"10 exemples de couleurs \u00e0 associer pour votre logo"}]},{"@type":"WebSite","@id":"https:\/\/graphiste.com\/blog\/#website","url":"https:\/\/graphiste.com\/blog\/","name":"Graphiste.com","description":"graphiste","publisher":{"@id":"https:\/\/graphiste.com\/blog\/#organization"},"potentialAction":[{"@type":"SearchAction","target":{"@type":"EntryPoint","urlTemplate":"https:\/\/graphiste.com\/blog\/?s={search_term_string}"},"query-input":{"@type":"PropertyValueSpecification","valueRequired":true,"valueName":"search_term_string"}}],"inLanguage":"fr-FR"},{"@type":"Organization","@id":"https:\/\/graphiste.com\/blog\/#organization","name":"Graphiste.com","url":"https:\/\/graphiste.com\/blog\/","logo":{"@type":"ImageObject","inLanguage":"fr-FR","@id":"https:\/\/graphiste.com\/blog\/#\/schema\/logo\/image\/","url":"https:\/\/graphiste.com\/blog\/wp-content\/uploads\/sites\/4\/2022\/07\/logo-blog-graphiste.svg","contentUrl":"https:\/\/graphiste.com\/blog\/wp-content\/uploads\/sites\/4\/2022\/07\/logo-blog-graphiste.svg","width":1,"height":1,"caption":"Graphiste.com"},"image":{"@id":"https:\/\/graphiste.com\/blog\/#\/schema\/logo\/image\/"},"sameAs":["https:\/\/www.facebook.com\/graphistesfreelances","https:\/\/x.com\/Graphistecom","https:\/\/www.linkedin.com\/company\/graphiste-com\/","https:\/\/fr.pinterest.com\/Graphiste_Com","https:\/\/www.instagram.com\/graphiste_com\/"]},{"@type":"Person","@id":"https:\/\/graphiste.com\/blog\/#\/schema\/person\/33c0ef04707fbe50a096f282050bb5f2","name":"Laura Michaud","image":{"@type":"ImageObject","inLanguage":"fr-FR","@id":"https:\/\/graphiste.com\/blog\/#\/schema\/person\/image\/","url":"https:\/\/secure.gravatar.com\/avatar\/c3328cc0c887f98cec6b2979af3311ab6333fc7cc2d4847514cfec6a56fa08a7?s=96&d=mm&r=g","contentUrl":"https:\/\/secure.gravatar.com\/avatar\/c3328cc0c887f98cec6b2979af3311ab6333fc7cc2d4847514cfec6a56fa08a7?s=96&d=mm&r=g","caption":"Laura Michaud"},"description":"Laura connait tous les meilleurs outils pour g\u00e9rer des projets et une entreprise. Cr\u00e9ative, c'est aussi une sp\u00e9cialiste des outils de cr\u00e9ation graphique pour faire briller une entreprise.","sameAs":["https:\/\/www.linkedin.com\/in\/michaudlaura\/"],"url":"https:\/\/graphiste.com\/blog\/author\/laura\/"}]}},"_links":{"self":[{"href":"https:\/\/graphiste.com\/blog\/wp-json\/wp\/v2\/posts\/18632","targetHints":{"allow":["GET"]}}],"collection":[{"href":"https:\/\/graphiste.com\/blog\/wp-json\/wp\/v2\/posts"}],"about":[{"href":"https:\/\/graphiste.com\/blog\/wp-json\/wp\/v2\/types\/post"}],"author":[{"embeddable":true,"href":"https:\/\/graphiste.com\/blog\/wp-json\/wp\/v2\/users\/1"}],"replies":[{"embeddable":true,"href":"https:\/\/graphiste.com\/blog\/wp-json\/wp\/v2\/comments?post=18632"}],"version-history":[{"count":0,"href":"https:\/\/graphiste.com\/blog\/wp-json\/wp\/v2\/posts\/18632\/revisions"}],"wp:featuredmedia":[{"embeddable":true,"href":"https:\/\/graphiste.com\/blog\/wp-json\/wp\/v2\/media\/18649"}],"wp:attachment":[{"href":"https:\/\/graphiste.com\/blog\/wp-json\/wp\/v2\/media?parent=18632"}],"wp:term":[{"taxonomy":"category","embeddable":true,"href":"https:\/\/graphiste.com\/blog\/wp-json\/wp\/v2\/categories?post=18632"},{"taxonomy":"post_tag","embeddable":true,"href":"https:\/\/graphiste.com\/blog\/wp-json\/wp\/v2\/tags?post=18632"}],"curies":[{"name":"wp","href":"https:\/\/api.w.org\/{rel}","templated":true}]}}