{"id":1810,"date":"2016-08-25T10:29:50","date_gmt":"2016-08-25T08:29:50","guid":{"rendered":"https:\/\/graphiste.com\/blog\/?p=1810"},"modified":"2025-08-19T11:51:37","modified_gmt":"2025-08-19T09:51:37","slug":"video-recoit-cesar-de-campagne-marketing","status":"publish","type":"post","link":"https:\/\/graphiste.com\/blog\/video-recoit-cesar-de-campagne-marketing\/","title":{"rendered":"La vid\u00e9o re\u00e7oit le C\u00e9sar de la campagne marketing"},"content":{"rendered":"<p>Les acteurs du marketing en sont bien conscients\u00a0: aujourd&#8217;hui, la vid\u00e9o occupe le devant de la sc\u00e8ne dans une campagne de communication. Ce m\u00e9dia pr\u00e9sente de nombreux avantages,\u00a0 dont celui de retenir l&#8217;attention des spectateurs.<\/p>\n<p>Et surtout des internautes\u00a0: une \u00e9tude Microsoft\u00a0de 2015 estime que la capacit\u00e9 de l&#8217;attention humaine n&#8217;est plus que de 8 secondes actuellement.<\/p>\n<p>C&#8217;est un d\u00e9lai un peu court pour convaincre qui que ce soit de s&#8217;int\u00e9resser \u00e0 des produits ou \u00e0 des services en particulier.<\/p>\n<p>La vid\u00e9o, comme elle est active, allonge cette dur\u00e9e&#8230; Vous \u00eates pr\u00eat pour le tournage\u00a0?<\/p>\n<p>&nbsp;<\/p>\n<h2>3, 2, 1&#8230; Les chiffres de la vid\u00e9o<\/h2>\n<p>Si vous n&#8217;avez pas encore de vid\u00e9o sur votre site, ce n&#8217;est pas grave&#8230; Du moment que vous ne tardez pas trop \u00e0 passer \u00e0 l&#8217;acte (<a href=\"https:\/\/graphiste.com\/#open-fast\">passez une annonce pour trouver des professionnels de la vid\u00e9o sur Graphiste.com<\/a>)&nbsp;! Selon Cisco, 74 % du trafic internet int\u00e9grera de la vid\u00e9o d&#8217;ici 2017.<\/p>\n<p>Avez-vous r\u00e9ellement envie de faire partie des sites qui seront \u00e0 la tra\u00eene\u00a0?<\/p>\n<p>De nombreux chiffres t\u00e9moignent de l&#8217;int\u00e9r\u00eat des internautes pour ces supports anim\u00e9s, qui sont consult\u00e9s aussi bien sur ordinateurs que sur smartphones ou tablettes. Ainsi, ins\u00e9rer une vid\u00e9o sur la page d&#8217;accueil augmenterait le taux de conversion de 12 %. Cette pratique faciliterait la compr\u00e9hension de vos services de 74 % et le seul mot \u00ab\u00a0vid\u00e9o\u00a0\u00bb inciterait plus de personnes \u00e0 ouvrir les mails. Une \u00e9tude d&#8217;Invodo\u00a0indique que les commer\u00e7ants l&#8217;utilisant ont vu leurs ventes progresser de pr\u00e8s de 40 %.<\/p>\n<p>Ce n&#8217;est donc pas pour rien que les professionnels du marketing placent cette tactique sur le podium des outils les plus efficaces sur les r\u00e9seaux sociaux\u00a0!<\/p>\n<p>&nbsp;<\/p>\n<h2>Il n&#8217;y a pas qu&#8217;une vid\u00e9o<\/h2>\n<p>Avant, quand on parlait de vid\u00e9o, on imaginait principalement les formats publicitaires.<\/p>\n<p>Si ceux-ci existent toujours aujourd&#8217;hui, y compris sur internet, de nouvelles mani\u00e8res d&#8217;utiliser les images anim\u00e9es se partagent un peu plus facilement sur les r\u00e9seaux sociaux. <\/p>\n<ul>\n<li>L&#8217;id\u00e9e\u00a0: une vid\u00e9o de moins de deux minutes.<\/li>\n<li>Le contenu\u00a0: aussi vari\u00e9 que vous le voulez.<\/li>\n<\/ul>\n<p>Vous pouvez ainsi opter pour\u00a0: <\/p>\n<ul>\n<li>une publicit\u00e9 sur Youtube, pour faciliter le partage<\/li>\n<li>une vid\u00e9o explicative, pour montrer ce que vous faites<\/li>\n<li>du vid\u00e9o scribing, un format souvent moins on\u00e9reux, qui int\u00e8gre du dessin sur tableau blanc et une voix off, pour un contenu au ton plus humoristique<\/li>\n<li>du vid\u00e9o shopping, <a href=\"https:\/\/graphiste.com\/blog\/reussir-temoignage-video\" target=\"_blank\" rel=\"noopener noreferrer\">avec des t\u00e9moignages de clients<\/a><\/li>\n<li>des interviews, afin de vous mettre en avant<\/li>\n<li>pour des vid\u00e9os plus longues, mais dans l&#8217;esprit actuel, vous pouvez \u00e9galement vous tourner vers les webinaires. Ces outils vous serviront essentiellement \u00e0 asseoir votre position en tant qu&#8217;expert dans un domaine et demandent un peu plus de temps de pr\u00e9paration<\/li>\n<\/ul>\n<p>Dessins, acteurs, sc\u00e8nes r\u00e9elles ou non&#8230; Les choix sont nombreux. Il suffit d&#8217;ajouter un peu de motion design pour des animations professionnelles dignes des plus grands studios.<\/p>\n<p>&nbsp;<\/p>\n<h2>Ne visez pas la s\u00e9rie Z<\/h2>\n<p>Il est toujours possible de r\u00e9aliser une vid\u00e9o, d&#8217;une qualit\u00e9 approximative, avec une cam\u00e9ra embarqu\u00e9e sur un smartphone. Mais est-ce r\u00e9ellement l&#8217;image que vous voulez donner de votre entreprise\u00a0? Plus vous investirez en temps et en argent dans votre vid\u00e9o, plus les r\u00e9sultats seront \u00e0 la hauteur.<\/p>\n<p>Pour obtenir une vid\u00e9o r\u00e9ussie, il faut donc s&#8217;entourer de professionnels, \u00e9tablir un sc\u00e9nario pr\u00e9cis et r\u00e9fl\u00e9chir \u00e0 l&#8217;utilisation qui en sera faite. Mettez-y de la vie, avec des changements d&#8217;angle, des bruitages, un peu de texte (mais pas trop)&#8230;<\/p>\n<p>C&#8217;est un v\u00e9ritable petit film que vous produisez et vous devez donner le maximum pour r\u00e9colter les applaudissements du public.<\/p>\n","protected":false},"excerpt":{"rendered":"<p>Les acteurs du marketing en sont bien conscients\u00a0: aujourd&#8217;hui, la vid\u00e9o occupe le devant de la sc\u00e8ne dans une campagne de communication. Ce m\u00e9dia pr\u00e9sente de nombreux avantages,\u00a0 dont celui de retenir l&#8217;attention des spectateurs. Et surtout des internautes\u00a0: une \u00e9tude Microsoft\u00a0de 2015 estime que la capacit\u00e9 de l&#8217;attention humaine n&#8217;est plus que de 8 [&hellip;]<\/p>\n","protected":false},"author":67,"featured_media":1814,"comment_status":"open","ping_status":"open","sticky":false,"template":"","format":"standard","meta":{"_acf_changed":false,"inline_featured_image":false,"footnotes":""},"categories":[24],"tags":[],"class_list":["post-1810","post","type-post","status-publish","format-standard","has-post-thumbnail","hentry","category-video"],"acf":[],"yoast_head":"<!-- This site is optimized with the Yoast SEO plugin v25.9 - https:\/\/yoast.com\/wordpress\/plugins\/seo\/ -->\n<title>La vid\u00e9o re\u00e7oit le C\u00e9sar de la campagne marketing - Graphiste Blog<\/title>\n<meta name=\"description\" content=\"Les acteurs du marketing en sont bien conscients\u00a0: aujourd&#039;hui, la vid\u00e9o occupe le devant de la sc\u00e8ne dans une campagne de communication. Ce m\u00e9dia\" \/>\n<meta name=\"robots\" content=\"index, follow, max-snippet:-1, max-image-preview:large, max-video-preview:-1\" \/>\n<link rel=\"canonical\" href=\"https:\/\/graphiste.com\/blog\/video-recoit-cesar-de-campagne-marketing\/\" \/>\n<meta property=\"og:locale\" content=\"fr_FR\" \/>\n<meta property=\"og:type\" content=\"article\" \/>\n<meta property=\"og:title\" content=\"La vid\u00e9o re\u00e7oit le C\u00e9sar de la campagne marketing - Graphiste Blog\" \/>\n<meta property=\"og:description\" content=\"Les acteurs du marketing en sont bien conscients\u00a0: aujourd&#039;hui, la vid\u00e9o occupe le devant de la sc\u00e8ne dans une campagne de communication. Ce m\u00e9dia\" \/>\n<meta property=\"og:url\" content=\"https:\/\/graphiste.com\/blog\/video-recoit-cesar-de-campagne-marketing\/\" \/>\n<meta property=\"og:site_name\" content=\"Graphiste.com\" \/>\n<meta property=\"article:publisher\" content=\"https:\/\/www.facebook.com\/graphistesfreelances\" \/>\n<meta property=\"article:published_time\" content=\"2016-08-25T08:29:50+00:00\" \/>\n<meta property=\"article:modified_time\" content=\"2025-08-19T09:51:37+00:00\" \/>\n<meta property=\"og:image\" content=\"https:\/\/graphiste.com\/blog\/wp-content\/uploads\/sites\/4\/2016\/08\/miniature-graphiste-3-1.jpg\" \/>\n\t<meta property=\"og:image:width\" content=\"720\" \/>\n\t<meta property=\"og:image:height\" content=\"457\" \/>\n\t<meta property=\"og:image:type\" content=\"image\/jpeg\" \/>\n<meta name=\"author\" content=\"Aude Marty\" \/>\n<meta name=\"twitter:card\" content=\"summary_large_image\" \/>\n<meta name=\"twitter:creator\" content=\"@Graphistecom\" \/>\n<meta name=\"twitter:site\" content=\"@Graphistecom\" \/>\n<meta name=\"twitter:label1\" content=\"\u00c9crit par\" \/>\n\t<meta name=\"twitter:data1\" content=\"Aude Marty\" \/>\n\t<meta name=\"twitter:label2\" content=\"Dur\u00e9e de lecture estim\u00e9e\" \/>\n\t<meta name=\"twitter:data2\" content=\"3 minutes\" \/>\n<script type=\"application\/ld+json\" class=\"yoast-schema-graph\">{\"@context\":\"https:\/\/schema.org\",\"@graph\":[{\"@type\":\"Article\",\"@id\":\"https:\/\/graphiste.com\/blog\/video-recoit-cesar-de-campagne-marketing\/#article\",\"isPartOf\":{\"@id\":\"https:\/\/graphiste.com\/blog\/video-recoit-cesar-de-campagne-marketing\/\"},\"author\":{\"name\":\"Aude Marty\",\"@id\":\"https:\/\/graphiste.com\/blog\/#\/schema\/person\/110c0feb0ab60432e89d27f5fa2da617\"},\"headline\":\"La vid\u00e9o re\u00e7oit le C\u00e9sar de la campagne marketing\",\"datePublished\":\"2016-08-25T08:29:50+00:00\",\"dateModified\":\"2025-08-19T09:51:37+00:00\",\"mainEntityOfPage\":{\"@id\":\"https:\/\/graphiste.com\/blog\/video-recoit-cesar-de-campagne-marketing\/\"},\"wordCount\":664,\"commentCount\":0,\"publisher\":{\"@id\":\"https:\/\/graphiste.com\/blog\/#organization\"},\"image\":{\"@id\":\"https:\/\/graphiste.com\/blog\/video-recoit-cesar-de-campagne-marketing\/#primaryimage\"},\"thumbnailUrl\":\"https:\/\/graphiste.com\/blog\/wp-content\/uploads\/sites\/4\/2016\/08\/miniature-graphiste-3-1.jpg\",\"articleSection\":[\"Vid\u00e9o\"],\"inLanguage\":\"fr-FR\",\"potentialAction\":[{\"@type\":\"CommentAction\",\"name\":\"Comment\",\"target\":[\"https:\/\/graphiste.com\/blog\/video-recoit-cesar-de-campagne-marketing\/#respond\"]}]},{\"@type\":\"WebPage\",\"@id\":\"https:\/\/graphiste.com\/blog\/video-recoit-cesar-de-campagne-marketing\/\",\"url\":\"https:\/\/graphiste.com\/blog\/video-recoit-cesar-de-campagne-marketing\/\",\"name\":\"La vid\u00e9o re\u00e7oit le C\u00e9sar de la campagne marketing - Graphiste Blog\",\"isPartOf\":{\"@id\":\"https:\/\/graphiste.com\/blog\/#website\"},\"primaryImageOfPage\":{\"@id\":\"https:\/\/graphiste.com\/blog\/video-recoit-cesar-de-campagne-marketing\/#primaryimage\"},\"image\":{\"@id\":\"https:\/\/graphiste.com\/blog\/video-recoit-cesar-de-campagne-marketing\/#primaryimage\"},\"thumbnailUrl\":\"https:\/\/graphiste.com\/blog\/wp-content\/uploads\/sites\/4\/2016\/08\/miniature-graphiste-3-1.jpg\",\"datePublished\":\"2016-08-25T08:29:50+00:00\",\"dateModified\":\"2025-08-19T09:51:37+00:00\",\"description\":\"Les acteurs du marketing en sont bien conscients\u00a0: aujourd'hui, la vid\u00e9o occupe le devant de la sc\u00e8ne dans une campagne de communication. Ce m\u00e9dia\",\"breadcrumb\":{\"@id\":\"https:\/\/graphiste.com\/blog\/video-recoit-cesar-de-campagne-marketing\/#breadcrumb\"},\"inLanguage\":\"fr-FR\",\"potentialAction\":[{\"@type\":\"ReadAction\",\"target\":[\"https:\/\/graphiste.com\/blog\/video-recoit-cesar-de-campagne-marketing\/\"]}]},{\"@type\":\"ImageObject\",\"inLanguage\":\"fr-FR\",\"@id\":\"https:\/\/graphiste.com\/blog\/video-recoit-cesar-de-campagne-marketing\/#primaryimage\",\"url\":\"https:\/\/graphiste.com\/blog\/wp-content\/uploads\/sites\/4\/2016\/08\/miniature-graphiste-3-1.jpg\",\"contentUrl\":\"https:\/\/graphiste.com\/blog\/wp-content\/uploads\/sites\/4\/2016\/08\/miniature-graphiste-3-1.jpg\",\"width\":720,\"height\":457},{\"@type\":\"BreadcrumbList\",\"@id\":\"https:\/\/graphiste.com\/blog\/video-recoit-cesar-de-campagne-marketing\/#breadcrumb\",\"itemListElement\":[{\"@type\":\"ListItem\",\"position\":1,\"name\":\"Blog\",\"item\":\"https:\/\/graphiste.com\/blog\/\"},{\"@type\":\"ListItem\",\"position\":2,\"name\":\"Vid\u00e9o\",\"item\":\"https:\/\/graphiste.com\/blog\/video\/\"},{\"@type\":\"ListItem\",\"position\":3,\"name\":\"La vid\u00e9o re\u00e7oit le C\u00e9sar de la campagne marketing\"}]},{\"@type\":\"WebSite\",\"@id\":\"https:\/\/graphiste.com\/blog\/#website\",\"url\":\"https:\/\/graphiste.com\/blog\/\",\"name\":\"Graphiste.com\",\"description\":\"graphiste\",\"publisher\":{\"@id\":\"https:\/\/graphiste.com\/blog\/#organization\"},\"potentialAction\":[{\"@type\":\"SearchAction\",\"target\":{\"@type\":\"EntryPoint\",\"urlTemplate\":\"https:\/\/graphiste.com\/blog\/?s={search_term_string}\"},\"query-input\":{\"@type\":\"PropertyValueSpecification\",\"valueRequired\":true,\"valueName\":\"search_term_string\"}}],\"inLanguage\":\"fr-FR\"},{\"@type\":\"Organization\",\"@id\":\"https:\/\/graphiste.com\/blog\/#organization\",\"name\":\"Graphiste.com\",\"url\":\"https:\/\/graphiste.com\/blog\/\",\"logo\":{\"@type\":\"ImageObject\",\"inLanguage\":\"fr-FR\",\"@id\":\"https:\/\/graphiste.com\/blog\/#\/schema\/logo\/image\/\",\"url\":\"https:\/\/graphiste.com\/blog\/wp-content\/uploads\/sites\/4\/2022\/07\/logo-blog-graphiste.svg\",\"contentUrl\":\"https:\/\/graphiste.com\/blog\/wp-content\/uploads\/sites\/4\/2022\/07\/logo-blog-graphiste.svg\",\"width\":1,\"height\":1,\"caption\":\"Graphiste.com\"},\"image\":{\"@id\":\"https:\/\/graphiste.com\/blog\/#\/schema\/logo\/image\/\"},\"sameAs\":[\"https:\/\/www.facebook.com\/graphistesfreelances\",\"https:\/\/x.com\/Graphistecom\",\"https:\/\/www.linkedin.com\/company\/graphiste-com\/\",\"https:\/\/fr.pinterest.com\/Graphiste_Com\",\"https:\/\/www.instagram.com\/graphiste_com\/\"]},{\"@type\":\"Person\",\"@id\":\"https:\/\/graphiste.com\/blog\/#\/schema\/person\/110c0feb0ab60432e89d27f5fa2da617\",\"name\":\"Aude Marty\",\"image\":{\"@type\":\"ImageObject\",\"inLanguage\":\"fr-FR\",\"@id\":\"https:\/\/graphiste.com\/blog\/#\/schema\/person\/image\/\",\"url\":\"https:\/\/secure.gravatar.com\/avatar\/ae918d51b377a3b9585cfdc38b3d7078fa61c40e14449af59264a7b44e51f153?s=96&d=mm&r=g\",\"contentUrl\":\"https:\/\/secure.gravatar.com\/avatar\/ae918d51b377a3b9585cfdc38b3d7078fa61c40e14449af59264a7b44e51f153?s=96&d=mm&r=g\",\"caption\":\"Aude Marty\"},\"description\":\"V\u00e9ritable touche-\u00e0-tout du web, Aude est toujours au courant des derni\u00e8res nouveaut\u00e9s et des nouveaux outils pour freelances.\",\"sameAs\":[\"https:\/\/www.linkedin.com\/in\/martyaude\/\"],\"url\":\"https:\/\/graphiste.com\/blog\/author\/aude\/\"}]}<\/script>\n<!-- \/ Yoast SEO plugin. -->","yoast_head_json":{"title":"La vid\u00e9o re\u00e7oit le C\u00e9sar de la campagne marketing - Graphiste Blog","description":"Les acteurs du marketing en sont bien conscients\u00a0: aujourd'hui, la vid\u00e9o occupe le devant de la sc\u00e8ne dans une campagne de communication. Ce m\u00e9dia","robots":{"index":"index","follow":"follow","max-snippet":"max-snippet:-1","max-image-preview":"max-image-preview:large","max-video-preview":"max-video-preview:-1"},"canonical":"https:\/\/graphiste.com\/blog\/video-recoit-cesar-de-campagne-marketing\/","og_locale":"fr_FR","og_type":"article","og_title":"La vid\u00e9o re\u00e7oit le C\u00e9sar de la campagne marketing - Graphiste Blog","og_description":"Les acteurs du marketing en sont bien conscients\u00a0: aujourd'hui, la vid\u00e9o occupe le devant de la sc\u00e8ne dans une campagne de communication. Ce m\u00e9dia","og_url":"https:\/\/graphiste.com\/blog\/video-recoit-cesar-de-campagne-marketing\/","og_site_name":"Graphiste.com","article_publisher":"https:\/\/www.facebook.com\/graphistesfreelances","article_published_time":"2016-08-25T08:29:50+00:00","article_modified_time":"2025-08-19T09:51:37+00:00","og_image":[{"width":720,"height":457,"url":"https:\/\/graphiste.com\/blog\/wp-content\/uploads\/sites\/4\/2016\/08\/miniature-graphiste-3-1.jpg","type":"image\/jpeg"}],"author":"Aude Marty","twitter_card":"summary_large_image","twitter_creator":"@Graphistecom","twitter_site":"@Graphistecom","twitter_misc":{"\u00c9crit par":"Aude Marty","Dur\u00e9e de lecture estim\u00e9e":"3 minutes"},"schema":{"@context":"https:\/\/schema.org","@graph":[{"@type":"Article","@id":"https:\/\/graphiste.com\/blog\/video-recoit-cesar-de-campagne-marketing\/#article","isPartOf":{"@id":"https:\/\/graphiste.com\/blog\/video-recoit-cesar-de-campagne-marketing\/"},"author":{"name":"Aude Marty","@id":"https:\/\/graphiste.com\/blog\/#\/schema\/person\/110c0feb0ab60432e89d27f5fa2da617"},"headline":"La vid\u00e9o re\u00e7oit le C\u00e9sar de la campagne marketing","datePublished":"2016-08-25T08:29:50+00:00","dateModified":"2025-08-19T09:51:37+00:00","mainEntityOfPage":{"@id":"https:\/\/graphiste.com\/blog\/video-recoit-cesar-de-campagne-marketing\/"},"wordCount":664,"commentCount":0,"publisher":{"@id":"https:\/\/graphiste.com\/blog\/#organization"},"image":{"@id":"https:\/\/graphiste.com\/blog\/video-recoit-cesar-de-campagne-marketing\/#primaryimage"},"thumbnailUrl":"https:\/\/graphiste.com\/blog\/wp-content\/uploads\/sites\/4\/2016\/08\/miniature-graphiste-3-1.jpg","articleSection":["Vid\u00e9o"],"inLanguage":"fr-FR","potentialAction":[{"@type":"CommentAction","name":"Comment","target":["https:\/\/graphiste.com\/blog\/video-recoit-cesar-de-campagne-marketing\/#respond"]}]},{"@type":"WebPage","@id":"https:\/\/graphiste.com\/blog\/video-recoit-cesar-de-campagne-marketing\/","url":"https:\/\/graphiste.com\/blog\/video-recoit-cesar-de-campagne-marketing\/","name":"La vid\u00e9o re\u00e7oit le C\u00e9sar de la campagne marketing - Graphiste Blog","isPartOf":{"@id":"https:\/\/graphiste.com\/blog\/#website"},"primaryImageOfPage":{"@id":"https:\/\/graphiste.com\/blog\/video-recoit-cesar-de-campagne-marketing\/#primaryimage"},"image":{"@id":"https:\/\/graphiste.com\/blog\/video-recoit-cesar-de-campagne-marketing\/#primaryimage"},"thumbnailUrl":"https:\/\/graphiste.com\/blog\/wp-content\/uploads\/sites\/4\/2016\/08\/miniature-graphiste-3-1.jpg","datePublished":"2016-08-25T08:29:50+00:00","dateModified":"2025-08-19T09:51:37+00:00","description":"Les acteurs du marketing en sont bien conscients\u00a0: aujourd'hui, la vid\u00e9o occupe le devant de la sc\u00e8ne dans une campagne de communication. Ce m\u00e9dia","breadcrumb":{"@id":"https:\/\/graphiste.com\/blog\/video-recoit-cesar-de-campagne-marketing\/#breadcrumb"},"inLanguage":"fr-FR","potentialAction":[{"@type":"ReadAction","target":["https:\/\/graphiste.com\/blog\/video-recoit-cesar-de-campagne-marketing\/"]}]},{"@type":"ImageObject","inLanguage":"fr-FR","@id":"https:\/\/graphiste.com\/blog\/video-recoit-cesar-de-campagne-marketing\/#primaryimage","url":"https:\/\/graphiste.com\/blog\/wp-content\/uploads\/sites\/4\/2016\/08\/miniature-graphiste-3-1.jpg","contentUrl":"https:\/\/graphiste.com\/blog\/wp-content\/uploads\/sites\/4\/2016\/08\/miniature-graphiste-3-1.jpg","width":720,"height":457},{"@type":"BreadcrumbList","@id":"https:\/\/graphiste.com\/blog\/video-recoit-cesar-de-campagne-marketing\/#breadcrumb","itemListElement":[{"@type":"ListItem","position":1,"name":"Blog","item":"https:\/\/graphiste.com\/blog\/"},{"@type":"ListItem","position":2,"name":"Vid\u00e9o","item":"https:\/\/graphiste.com\/blog\/video\/"},{"@type":"ListItem","position":3,"name":"La vid\u00e9o re\u00e7oit le C\u00e9sar de la campagne marketing"}]},{"@type":"WebSite","@id":"https:\/\/graphiste.com\/blog\/#website","url":"https:\/\/graphiste.com\/blog\/","name":"Graphiste.com","description":"graphiste","publisher":{"@id":"https:\/\/graphiste.com\/blog\/#organization"},"potentialAction":[{"@type":"SearchAction","target":{"@type":"EntryPoint","urlTemplate":"https:\/\/graphiste.com\/blog\/?s={search_term_string}"},"query-input":{"@type":"PropertyValueSpecification","valueRequired":true,"valueName":"search_term_string"}}],"inLanguage":"fr-FR"},{"@type":"Organization","@id":"https:\/\/graphiste.com\/blog\/#organization","name":"Graphiste.com","url":"https:\/\/graphiste.com\/blog\/","logo":{"@type":"ImageObject","inLanguage":"fr-FR","@id":"https:\/\/graphiste.com\/blog\/#\/schema\/logo\/image\/","url":"https:\/\/graphiste.com\/blog\/wp-content\/uploads\/sites\/4\/2022\/07\/logo-blog-graphiste.svg","contentUrl":"https:\/\/graphiste.com\/blog\/wp-content\/uploads\/sites\/4\/2022\/07\/logo-blog-graphiste.svg","width":1,"height":1,"caption":"Graphiste.com"},"image":{"@id":"https:\/\/graphiste.com\/blog\/#\/schema\/logo\/image\/"},"sameAs":["https:\/\/www.facebook.com\/graphistesfreelances","https:\/\/x.com\/Graphistecom","https:\/\/www.linkedin.com\/company\/graphiste-com\/","https:\/\/fr.pinterest.com\/Graphiste_Com","https:\/\/www.instagram.com\/graphiste_com\/"]},{"@type":"Person","@id":"https:\/\/graphiste.com\/blog\/#\/schema\/person\/110c0feb0ab60432e89d27f5fa2da617","name":"Aude Marty","image":{"@type":"ImageObject","inLanguage":"fr-FR","@id":"https:\/\/graphiste.com\/blog\/#\/schema\/person\/image\/","url":"https:\/\/secure.gravatar.com\/avatar\/ae918d51b377a3b9585cfdc38b3d7078fa61c40e14449af59264a7b44e51f153?s=96&d=mm&r=g","contentUrl":"https:\/\/secure.gravatar.com\/avatar\/ae918d51b377a3b9585cfdc38b3d7078fa61c40e14449af59264a7b44e51f153?s=96&d=mm&r=g","caption":"Aude Marty"},"description":"V\u00e9ritable touche-\u00e0-tout du web, Aude est toujours au courant des derni\u00e8res nouveaut\u00e9s et des nouveaux outils pour freelances.","sameAs":["https:\/\/www.linkedin.com\/in\/martyaude\/"],"url":"https:\/\/graphiste.com\/blog\/author\/aude\/"}]}},"_links":{"self":[{"href":"https:\/\/graphiste.com\/blog\/wp-json\/wp\/v2\/posts\/1810","targetHints":{"allow":["GET"]}}],"collection":[{"href":"https:\/\/graphiste.com\/blog\/wp-json\/wp\/v2\/posts"}],"about":[{"href":"https:\/\/graphiste.com\/blog\/wp-json\/wp\/v2\/types\/post"}],"author":[{"embeddable":true,"href":"https:\/\/graphiste.com\/blog\/wp-json\/wp\/v2\/users\/67"}],"replies":[{"embeddable":true,"href":"https:\/\/graphiste.com\/blog\/wp-json\/wp\/v2\/comments?post=1810"}],"version-history":[{"count":0,"href":"https:\/\/graphiste.com\/blog\/wp-json\/wp\/v2\/posts\/1810\/revisions"}],"wp:featuredmedia":[{"embeddable":true,"href":"https:\/\/graphiste.com\/blog\/wp-json\/wp\/v2\/media\/1814"}],"wp:attachment":[{"href":"https:\/\/graphiste.com\/blog\/wp-json\/wp\/v2\/media?parent=1810"}],"wp:term":[{"taxonomy":"category","embeddable":true,"href":"https:\/\/graphiste.com\/blog\/wp-json\/wp\/v2\/categories?post=1810"},{"taxonomy":"post_tag","embeddable":true,"href":"https:\/\/graphiste.com\/blog\/wp-json\/wp\/v2\/tags?post=1810"}],"curies":[{"name":"wp","href":"https:\/\/api.w.org\/{rel}","templated":true}]}}