{"id":16849,"date":"2020-02-11T10:30:54","date_gmt":"2020-02-11T09:30:54","guid":{"rendered":"https:\/\/graphiste.com\/blog\/?p=16849"},"modified":"2025-08-20T17:23:34","modified_gmt":"2025-08-20T15:23:34","slug":"impression-conseils-preparer-fichiers-petit-format","status":"publish","type":"post","link":"https:\/\/graphiste.com\/blog\/impression-conseils-preparer-fichiers-petit-format\/","title":{"rendered":"Impression\u00a0: 6 conseils pour pr\u00e9parer un fichier petit format"},"content":{"rendered":"<p>Vous en avez assez de perdre du temps \u00e0 devoir renvoyer plusieurs fichiers \u00e0 votre imprimeur parce que les premiers ne sont pas conformes\u00a0?\u00a0Ou, pire encore, que vos impressions ne soient pas conformes \u00e0 vos attentes\u00a0?<\/p>\n<p>Heureusement, ce ne sera bient\u00f4t plus qu\u2019une ancienne habitude.\u00a0En suivant tous les conseils ci-dessous, vos fichiers petit format (c\u2019est-\u00e0-dire en A3 maximum) seront toujours aux normes\u00a0!<\/p>\n<p>&nbsp;<\/p>\n<h2>Choisissez le bon format de couleurs<\/h2>\n<p>Pour <a href=\"https:\/\/graphiste.com\/blog\/tout-savoir-sur-limpression-numerique\">l\u2019impression<\/a>, vous devez utiliser des <a href=\"https:\/\/graphiste.com\/blog\/photoshop-erreurs-ne-pas-faire\" target=\"_blank\" rel=\"noopener noreferrer\">couleurs en CMJN<\/a>. Et uniquement en CMJN. Le rendu sera alors conforme \u00e0 ce que vous voyez \u00e0 l\u2019\u00e9cran (rien de plus laid qu\u2019un jaune vif qui devient atone\u2009!).<\/p>\n<p><img decoding=\"async\" class=\"aligncenter size-full wp-image-16194\" src=\"https:\/\/graphiste.com\/blog\/wp-content\/uploads\/sites\/4\/2020\/01\/cmjn-rvb.jpg\" alt=\"diff\u00e9rence entre cmjn rvb impression\" width=\"535\" height=\"321\" \/><\/p>\n<p>Vous devrez peut-\u00eatre v\u00e9rifier que les diff\u00e9rents \u00e9l\u00e9ments qui composent votre fichier graphique soient bien en CMJN avant l\u2019enregistrement final. Quoi qu\u2019il en soit, c\u2019est ce dernier qui sera prioritaire.<\/p>\n<p>Astuce bonus\u00a0: pour du texte noir, optez pour le r\u00e9glage suivant&nbsp;: <\/p>\n<ul>\n<li>Cyan\u00a0: 0\u00a0%<\/li>\n<li>Magenta\u00a0: 0\u00a0%<\/li>\n<li>Jaune\u00a0: 0\u00a0%<\/li>\n<li>Noir\u00a0: 100\u00a0%.<\/li>\n<\/ul>\n<blockquote><p>\u00c0 lire aussi&nbsp;:\u00a0<a href=\"https:\/\/graphiste.com\/blog\/guide-complet-realiser-flyer-creatif\">Le guide complet pour r\u00e9aliser un flyer cr\u00e9atif<\/a><\/p><\/blockquote>\n<p>&nbsp;<\/p>\n<h2>Trouvez la bonne d\u00e9finition<\/h2>\n<p>La r\u00e9solution minimale dans laquelle vous enregistrerez vos fichiers sera toujours en<strong> 300\u00a0dpi.<\/strong> Mais ce n\u2019est pas tout\u00a0: le format de vos images doit \u00eatre \u00e0 la taille r\u00e9elle d\u2019impression, pour \u00e9viter la pixellisation.<\/p>\n<p><img decoding=\"async\" class=\"aligncenter size-full wp-image-16853\" src=\"https:\/\/graphiste.com\/blog\/wp-content\/uploads\/sites\/4\/2020\/02\/dpi-format-impression-graphiste.jpg\" alt=\"\" width=\"619\" height=\"186\" \/><\/p>\n<p>Si vous voulez imprimer un A4, votre document doit \u00eatre en A4 et en 300\u00a0dpi. Une r\u00e9solution plus \u00e9lev\u00e9e ne sera pas un probl\u00e8me. Une plus petite, si.<\/p>\n<p>&nbsp;<\/p>\n<h2>N\u2019enregistrez pas sous n\u2019importe quel format<\/h2>\n<p>Il existe une multitude de formats d\u2019images. Tous ne sont pas parfaitement adapt\u00e9s pour l\u2019impression. Dans le doute, vous avez deux options\u00a0: <\/p>\n<ul>\n<li><strong>enregistrer en pdf<\/strong>, qui vous garantit qu\u2019il n\u2019y aura pas de distorsion de l\u2019image ou de la composition\u00a0;<\/li>\n<li>enregistrer <strong>dans le format du logiciel<\/strong> de traitement d\u2019image utilis\u00e9. Photoshop, illustrator\u2026<\/li>\n<\/ul>\n<p>Vous \u00e9viterez ainsi bon nombre de surprises\u2026<\/p>\n<blockquote><p>\u00c0 lire aussi&nbsp;: <a href=\"https:\/\/graphiste.com\/blog\/photoshop-illustrator-lequel-choisir\">Photoshop ou Illustrator&nbsp;: lequel choisir pour vos cr\u00e9ations graphiques&nbsp;?<\/a><\/p><\/blockquote>\n<p>&nbsp;<\/p>\n<h2>Pr\u00e9voyez un peu de marge int\u00e9rieure<\/h2>\n<p>Les machines de coupe des imprimeurs ont beau \u00eatre pr\u00e9cises, personne n\u2019est \u00e0 l\u2019abri d\u2019un l\u00e9ger d\u00e9calage.<\/p>\n<p>Raison pour laquelle une marge int\u00e9rieure de 3\u00a0mm sur tout le pourtour de votre fichier sera pr\u00e9f\u00e9rable.<\/p>\n<p><img decoding=\"async\" class=\"aligncenter size-full wp-image-16852\" src=\"https:\/\/graphiste.com\/blog\/wp-content\/uploads\/sites\/4\/2020\/02\/fichier-petit-format-avec-contraintes-imprimerie.jpg\" alt=\"\" width=\"726\" height=\"384\" \/><\/p>\n<p>Il ne s\u2019agit pas d\u2019un espace blanc, vous pourrez prolonger dans cette marge les teintes de votre cr\u00e9ation.<\/p>\n<p>Vous \u00e9viterez juste d\u2019y inclure des \u00e9l\u00e9ments d\u00e9coratifs, du texte ou un logo.\u00a0Ne pas respecter cette r\u00e8gle vous expose \u00e0 les voir tronqu\u00e9s lors de l\u2019impression.<\/p>\n<blockquote><p>\u00c0 lire aussi&nbsp;: <a href=\"https:\/\/graphiste.com\/blog\/comment-reussir-la-charte-graphique-de-votre-marque\">Comment r\u00e9ussir la charte graphique de votre marque&nbsp;?<\/a><\/p><\/blockquote>\n<p>&nbsp;<\/p>\n<h2>Pensez au fond perdu et aux traits de coupe<\/h2>\n<p>La marge int\u00e9rieure n\u2019est cependant pas la seule garante de votre s\u00e9curit\u00e9. Vous penserez \u00e9galement \u00e0 inclure 3\u00a0mm suppl\u00e9mentaires en haut, en bas, \u00e0 gauche et \u00e0 droite de votre document final.<\/p>\n<p><img decoding=\"async\" class=\"aligncenter size-full wp-image-7263\" src=\"https:\/\/graphiste.com\/blog\/wp-content\/uploads\/sites\/4\/2018\/07\/fond-perdu-impression.jpg\" alt=\"\" width=\"600\" height=\"337\" \/><\/p>\n<p>Cette fois, cette zone sera blanche et d\u00e9pourvue de tout \u00e9l\u00e9ment graphique.<\/p>\n<p>Seuls les traits de coupe devront y appara\u00eetre. Ces rep\u00e8res permettront de distinguer les zones \u00e0 imprimer de celles qui n\u2019ont pas lieu de l\u2019\u00eatre.<\/p>\n<blockquote><p>\u00c0 lire aussi&nbsp;:\u00a0<a href=\"https:\/\/graphiste.com\/blog\/mettre-page-prospectus-trois-volets\">Comment mettre en page un prospectus \u00e0 trois volets\u00a0?<\/a><\/p><\/blockquote>\n<p>&nbsp;<\/p>\n<h2>Pr\u00e9venez la police<\/h2>\n<p>Vous n\u2019avez pas envie que vos typographies, soigneusement s\u00e9lectionn\u00e9es, soient remplac\u00e9es par l\u2019imprimeur au dernier moment.<\/p>\n<figure id=\"attachment_16858\" aria-describedby=\"caption-attachment-16858\" style=\"width: 512px\" class=\"wp-caption aligncenter\"><img decoding=\"async\" class=\"wp-image-16858 size-full\" src=\"https:\/\/graphiste.com\/blog\/wp-content\/uploads\/sites\/4\/2020\/02\/typographie-vectorise.jpg\" alt=\"police vectoriel pour impression petit format\" width=\"512\" height=\"275\" \/><figcaption id=\"caption-attachment-16858\" class=\"wp-caption-text\">Pensez \u00e0 vectoriser vos polices sur Photoshop ou Illustrator<\/figcaption><\/figure>\n<p>Vous devrez donc les fournir \u00e0 votre imprimeur (sauf dans le cas d\u2019un pdf, o\u00f9 les polices ont \u00e9t\u00e9 vectoris\u00e9es). Vous pouvez le faire avec <a href=\"https:\/\/graphiste.com\/blog\/photoshop-illustrator-lequel-choisir\" target=\"_blank\" rel=\"noopener noreferrer\">Photoshop et Illustrator<\/a> lors de la conception de la cr\u00e9ation.<\/p>\n<p>&nbsp;<\/p>\n<p>Ces quelques conseils de base vous permettront d\u2019\u00eatre plus satisfaits de vos impressions. Il vous suffit d\u2019en faire une check-list avant tout envoi \u00e0 un imprimeur.<\/p>\n<blockquote><p>\u00c0 lire aussi&nbsp;: <a href=\"https:\/\/graphiste.com\/blog\/impression-preparer-fichiers-grands-formats\" target=\"_blank\" rel=\"noopener noreferrer\">Impression \u00a06 conseils pour pr\u00e9parer des fichiers grand format<\/a><\/p><\/blockquote>\n","protected":false},"excerpt":{"rendered":"<p>Vous en avez assez de perdre du temps \u00e0 devoir renvoyer plusieurs fichiers \u00e0 votre imprimeur parce que les premiers ne sont pas conformes\u00a0?\u00a0Ou, pire encore, que vos impressions ne soient pas conformes \u00e0 vos attentes\u00a0? Heureusement, ce ne sera bient\u00f4t plus qu\u2019une ancienne habitude.\u00a0En suivant tous les conseils ci-dessous, vos fichiers petit format (c\u2019est-\u00e0-dire [&hellip;]<\/p>\n","protected":false},"author":1,"featured_media":16934,"comment_status":"closed","ping_status":"closed","sticky":false,"template":"","format":"standard","meta":{"_acf_changed":false,"inline_featured_image":false,"footnotes":""},"categories":[8],"tags":[42],"class_list":["post-16849","post","type-post","status-publish","format-standard","has-post-thumbnail","hentry","category-print","tag-creer-marque"],"acf":[],"yoast_head":"<!-- This site is optimized with the Yoast SEO plugin v25.9 - https:\/\/yoast.com\/wordpress\/plugins\/seo\/ -->\n<title>Impression\u00a0: 6 conseils pour pr\u00e9parer un fichier petit format - Graphiste Blog<\/title>\n<meta name=\"description\" content=\"Vous en avez assez de perdre du temps \u00e0 devoir renvoyer plusieurs fichiers \u00e0 votre imprimeur parce que les premiers ne sont pas conformes\u00a0?\u00a0Ou, pire\" \/>\n<meta name=\"robots\" content=\"index, follow, max-snippet:-1, max-image-preview:large, max-video-preview:-1\" \/>\n<link rel=\"canonical\" href=\"https:\/\/graphiste.com\/blog\/impression-conseils-preparer-fichiers-petit-format\/\" \/>\n<meta property=\"og:locale\" content=\"fr_FR\" \/>\n<meta property=\"og:type\" content=\"article\" \/>\n<meta property=\"og:title\" content=\"Impression\u00a0: 6 conseils pour pr\u00e9parer un fichier petit format - Graphiste Blog\" \/>\n<meta property=\"og:description\" content=\"Vous en avez assez de perdre du temps \u00e0 devoir renvoyer plusieurs fichiers \u00e0 votre imprimeur parce que les premiers ne sont pas conformes\u00a0?\u00a0Ou, pire\" \/>\n<meta property=\"og:url\" content=\"https:\/\/graphiste.com\/blog\/impression-conseils-preparer-fichiers-petit-format\/\" \/>\n<meta property=\"og:site_name\" content=\"Graphiste.com\" \/>\n<meta property=\"article:publisher\" content=\"https:\/\/www.facebook.com\/graphistesfreelances\" \/>\n<meta property=\"article:published_time\" content=\"2020-02-11T09:30:54+00:00\" \/>\n<meta property=\"article:modified_time\" content=\"2025-08-20T15:23:34+00:00\" \/>\n<meta property=\"og:image\" content=\"https:\/\/graphiste.com\/blog\/wp-content\/uploads\/sites\/4\/2020\/02\/une-graphiste-imprimer-petit-format-1.jpg\" \/>\n\t<meta property=\"og:image:width\" content=\"850\" \/>\n\t<meta property=\"og:image:height\" content=\"423\" \/>\n\t<meta property=\"og:image:type\" content=\"image\/jpeg\" \/>\n<meta name=\"author\" content=\"Laura Michaud\" \/>\n<meta name=\"twitter:card\" content=\"summary_large_image\" \/>\n<meta name=\"twitter:creator\" content=\"@Graphistecom\" \/>\n<meta name=\"twitter:site\" content=\"@Graphistecom\" \/>\n<meta name=\"twitter:label1\" content=\"\u00c9crit par\" \/>\n\t<meta name=\"twitter:data1\" content=\"Laura Michaud\" \/>\n\t<meta name=\"twitter:label2\" content=\"Dur\u00e9e de lecture estim\u00e9e\" \/>\n\t<meta name=\"twitter:data2\" content=\"3 minutes\" \/>\n<script type=\"application\/ld+json\" class=\"yoast-schema-graph\">{\"@context\":\"https:\/\/schema.org\",\"@graph\":[{\"@type\":\"Article\",\"@id\":\"https:\/\/graphiste.com\/blog\/impression-conseils-preparer-fichiers-petit-format\/#article\",\"isPartOf\":{\"@id\":\"https:\/\/graphiste.com\/blog\/impression-conseils-preparer-fichiers-petit-format\/\"},\"author\":{\"name\":\"Laura Michaud\",\"@id\":\"https:\/\/graphiste.com\/blog\/#\/schema\/person\/33c0ef04707fbe50a096f282050bb5f2\"},\"headline\":\"Impression\u00a0: 6 conseils pour pr\u00e9parer un fichier petit format\",\"datePublished\":\"2020-02-11T09:30:54+00:00\",\"dateModified\":\"2025-08-20T15:23:34+00:00\",\"mainEntityOfPage\":{\"@id\":\"https:\/\/graphiste.com\/blog\/impression-conseils-preparer-fichiers-petit-format\/\"},\"wordCount\":670,\"publisher\":{\"@id\":\"https:\/\/graphiste.com\/blog\/#organization\"},\"image\":{\"@id\":\"https:\/\/graphiste.com\/blog\/impression-conseils-preparer-fichiers-petit-format\/#primaryimage\"},\"thumbnailUrl\":\"https:\/\/graphiste.com\/blog\/wp-content\/uploads\/sites\/4\/2020\/02\/une-graphiste-imprimer-petit-format-1.jpg\",\"keywords\":[\"Cr\u00e9er votre marque\"],\"articleSection\":[\"Print\"],\"inLanguage\":\"fr-FR\"},{\"@type\":\"WebPage\",\"@id\":\"https:\/\/graphiste.com\/blog\/impression-conseils-preparer-fichiers-petit-format\/\",\"url\":\"https:\/\/graphiste.com\/blog\/impression-conseils-preparer-fichiers-petit-format\/\",\"name\":\"Impression\u00a0: 6 conseils pour pr\u00e9parer un fichier petit format - Graphiste Blog\",\"isPartOf\":{\"@id\":\"https:\/\/graphiste.com\/blog\/#website\"},\"primaryImageOfPage\":{\"@id\":\"https:\/\/graphiste.com\/blog\/impression-conseils-preparer-fichiers-petit-format\/#primaryimage\"},\"image\":{\"@id\":\"https:\/\/graphiste.com\/blog\/impression-conseils-preparer-fichiers-petit-format\/#primaryimage\"},\"thumbnailUrl\":\"https:\/\/graphiste.com\/blog\/wp-content\/uploads\/sites\/4\/2020\/02\/une-graphiste-imprimer-petit-format-1.jpg\",\"datePublished\":\"2020-02-11T09:30:54+00:00\",\"dateModified\":\"2025-08-20T15:23:34+00:00\",\"description\":\"Vous en avez assez de perdre du temps \u00e0 devoir renvoyer plusieurs fichiers \u00e0 votre imprimeur parce que les premiers ne sont pas conformes\u00a0?\u00a0Ou, pire\",\"breadcrumb\":{\"@id\":\"https:\/\/graphiste.com\/blog\/impression-conseils-preparer-fichiers-petit-format\/#breadcrumb\"},\"inLanguage\":\"fr-FR\",\"potentialAction\":[{\"@type\":\"ReadAction\",\"target\":[\"https:\/\/graphiste.com\/blog\/impression-conseils-preparer-fichiers-petit-format\/\"]}]},{\"@type\":\"ImageObject\",\"inLanguage\":\"fr-FR\",\"@id\":\"https:\/\/graphiste.com\/blog\/impression-conseils-preparer-fichiers-petit-format\/#primaryimage\",\"url\":\"https:\/\/graphiste.com\/blog\/wp-content\/uploads\/sites\/4\/2020\/02\/une-graphiste-imprimer-petit-format-1.jpg\",\"contentUrl\":\"https:\/\/graphiste.com\/blog\/wp-content\/uploads\/sites\/4\/2020\/02\/une-graphiste-imprimer-petit-format-1.jpg\",\"width\":850,\"height\":423},{\"@type\":\"BreadcrumbList\",\"@id\":\"https:\/\/graphiste.com\/blog\/impression-conseils-preparer-fichiers-petit-format\/#breadcrumb\",\"itemListElement\":[{\"@type\":\"ListItem\",\"position\":1,\"name\":\"Blog\",\"item\":\"https:\/\/graphiste.com\/blog\/\"},{\"@type\":\"ListItem\",\"position\":2,\"name\":\"Impression\u00a0: 6 conseils pour pr\u00e9parer un fichier petit format\"}]},{\"@type\":\"WebSite\",\"@id\":\"https:\/\/graphiste.com\/blog\/#website\",\"url\":\"https:\/\/graphiste.com\/blog\/\",\"name\":\"Graphiste.com\",\"description\":\"graphiste\",\"publisher\":{\"@id\":\"https:\/\/graphiste.com\/blog\/#organization\"},\"potentialAction\":[{\"@type\":\"SearchAction\",\"target\":{\"@type\":\"EntryPoint\",\"urlTemplate\":\"https:\/\/graphiste.com\/blog\/?s={search_term_string}\"},\"query-input\":{\"@type\":\"PropertyValueSpecification\",\"valueRequired\":true,\"valueName\":\"search_term_string\"}}],\"inLanguage\":\"fr-FR\"},{\"@type\":\"Organization\",\"@id\":\"https:\/\/graphiste.com\/blog\/#organization\",\"name\":\"Graphiste.com\",\"url\":\"https:\/\/graphiste.com\/blog\/\",\"logo\":{\"@type\":\"ImageObject\",\"inLanguage\":\"fr-FR\",\"@id\":\"https:\/\/graphiste.com\/blog\/#\/schema\/logo\/image\/\",\"url\":\"https:\/\/graphiste.com\/blog\/wp-content\/uploads\/sites\/4\/2022\/07\/logo-blog-graphiste.svg\",\"contentUrl\":\"https:\/\/graphiste.com\/blog\/wp-content\/uploads\/sites\/4\/2022\/07\/logo-blog-graphiste.svg\",\"width\":1,\"height\":1,\"caption\":\"Graphiste.com\"},\"image\":{\"@id\":\"https:\/\/graphiste.com\/blog\/#\/schema\/logo\/image\/\"},\"sameAs\":[\"https:\/\/www.facebook.com\/graphistesfreelances\",\"https:\/\/x.com\/Graphistecom\",\"https:\/\/www.linkedin.com\/company\/graphiste-com\/\",\"https:\/\/fr.pinterest.com\/Graphiste_Com\",\"https:\/\/www.instagram.com\/graphiste_com\/\"]},{\"@type\":\"Person\",\"@id\":\"https:\/\/graphiste.com\/blog\/#\/schema\/person\/33c0ef04707fbe50a096f282050bb5f2\",\"name\":\"Laura Michaud\",\"image\":{\"@type\":\"ImageObject\",\"inLanguage\":\"fr-FR\",\"@id\":\"https:\/\/graphiste.com\/blog\/#\/schema\/person\/image\/\",\"url\":\"https:\/\/secure.gravatar.com\/avatar\/c3328cc0c887f98cec6b2979af3311ab6333fc7cc2d4847514cfec6a56fa08a7?s=96&d=mm&r=g\",\"contentUrl\":\"https:\/\/secure.gravatar.com\/avatar\/c3328cc0c887f98cec6b2979af3311ab6333fc7cc2d4847514cfec6a56fa08a7?s=96&d=mm&r=g\",\"caption\":\"Laura Michaud\"},\"description\":\"Laura connait tous les meilleurs outils pour g\u00e9rer des projets et une entreprise. Cr\u00e9ative, c'est aussi une sp\u00e9cialiste des outils de cr\u00e9ation graphique pour faire briller une entreprise.\",\"sameAs\":[\"https:\/\/www.linkedin.com\/in\/michaudlaura\/\"],\"url\":\"https:\/\/graphiste.com\/blog\/author\/laura\/\"}]}<\/script>\n<!-- \/ Yoast SEO plugin. -->","yoast_head_json":{"title":"Impression\u00a0: 6 conseils pour pr\u00e9parer un fichier petit format - Graphiste Blog","description":"Vous en avez assez de perdre du temps \u00e0 devoir renvoyer plusieurs fichiers \u00e0 votre imprimeur parce que les premiers ne sont pas conformes\u00a0?\u00a0Ou, pire","robots":{"index":"index","follow":"follow","max-snippet":"max-snippet:-1","max-image-preview":"max-image-preview:large","max-video-preview":"max-video-preview:-1"},"canonical":"https:\/\/graphiste.com\/blog\/impression-conseils-preparer-fichiers-petit-format\/","og_locale":"fr_FR","og_type":"article","og_title":"Impression\u00a0: 6 conseils pour pr\u00e9parer un fichier petit format - Graphiste Blog","og_description":"Vous en avez assez de perdre du temps \u00e0 devoir renvoyer plusieurs fichiers \u00e0 votre imprimeur parce que les premiers ne sont pas conformes\u00a0?\u00a0Ou, pire","og_url":"https:\/\/graphiste.com\/blog\/impression-conseils-preparer-fichiers-petit-format\/","og_site_name":"Graphiste.com","article_publisher":"https:\/\/www.facebook.com\/graphistesfreelances","article_published_time":"2020-02-11T09:30:54+00:00","article_modified_time":"2025-08-20T15:23:34+00:00","og_image":[{"width":850,"height":423,"url":"https:\/\/graphiste.com\/blog\/wp-content\/uploads\/sites\/4\/2020\/02\/une-graphiste-imprimer-petit-format-1.jpg","type":"image\/jpeg"}],"author":"Laura Michaud","twitter_card":"summary_large_image","twitter_creator":"@Graphistecom","twitter_site":"@Graphistecom","twitter_misc":{"\u00c9crit par":"Laura Michaud","Dur\u00e9e de lecture estim\u00e9e":"3 minutes"},"schema":{"@context":"https:\/\/schema.org","@graph":[{"@type":"Article","@id":"https:\/\/graphiste.com\/blog\/impression-conseils-preparer-fichiers-petit-format\/#article","isPartOf":{"@id":"https:\/\/graphiste.com\/blog\/impression-conseils-preparer-fichiers-petit-format\/"},"author":{"name":"Laura Michaud","@id":"https:\/\/graphiste.com\/blog\/#\/schema\/person\/33c0ef04707fbe50a096f282050bb5f2"},"headline":"Impression\u00a0: 6 conseils pour pr\u00e9parer un fichier petit format","datePublished":"2020-02-11T09:30:54+00:00","dateModified":"2025-08-20T15:23:34+00:00","mainEntityOfPage":{"@id":"https:\/\/graphiste.com\/blog\/impression-conseils-preparer-fichiers-petit-format\/"},"wordCount":670,"publisher":{"@id":"https:\/\/graphiste.com\/blog\/#organization"},"image":{"@id":"https:\/\/graphiste.com\/blog\/impression-conseils-preparer-fichiers-petit-format\/#primaryimage"},"thumbnailUrl":"https:\/\/graphiste.com\/blog\/wp-content\/uploads\/sites\/4\/2020\/02\/une-graphiste-imprimer-petit-format-1.jpg","keywords":["Cr\u00e9er votre marque"],"articleSection":["Print"],"inLanguage":"fr-FR"},{"@type":"WebPage","@id":"https:\/\/graphiste.com\/blog\/impression-conseils-preparer-fichiers-petit-format\/","url":"https:\/\/graphiste.com\/blog\/impression-conseils-preparer-fichiers-petit-format\/","name":"Impression\u00a0: 6 conseils pour pr\u00e9parer un fichier petit format - Graphiste Blog","isPartOf":{"@id":"https:\/\/graphiste.com\/blog\/#website"},"primaryImageOfPage":{"@id":"https:\/\/graphiste.com\/blog\/impression-conseils-preparer-fichiers-petit-format\/#primaryimage"},"image":{"@id":"https:\/\/graphiste.com\/blog\/impression-conseils-preparer-fichiers-petit-format\/#primaryimage"},"thumbnailUrl":"https:\/\/graphiste.com\/blog\/wp-content\/uploads\/sites\/4\/2020\/02\/une-graphiste-imprimer-petit-format-1.jpg","datePublished":"2020-02-11T09:30:54+00:00","dateModified":"2025-08-20T15:23:34+00:00","description":"Vous en avez assez de perdre du temps \u00e0 devoir renvoyer plusieurs fichiers \u00e0 votre imprimeur parce que les premiers ne sont pas conformes\u00a0?\u00a0Ou, pire","breadcrumb":{"@id":"https:\/\/graphiste.com\/blog\/impression-conseils-preparer-fichiers-petit-format\/#breadcrumb"},"inLanguage":"fr-FR","potentialAction":[{"@type":"ReadAction","target":["https:\/\/graphiste.com\/blog\/impression-conseils-preparer-fichiers-petit-format\/"]}]},{"@type":"ImageObject","inLanguage":"fr-FR","@id":"https:\/\/graphiste.com\/blog\/impression-conseils-preparer-fichiers-petit-format\/#primaryimage","url":"https:\/\/graphiste.com\/blog\/wp-content\/uploads\/sites\/4\/2020\/02\/une-graphiste-imprimer-petit-format-1.jpg","contentUrl":"https:\/\/graphiste.com\/blog\/wp-content\/uploads\/sites\/4\/2020\/02\/une-graphiste-imprimer-petit-format-1.jpg","width":850,"height":423},{"@type":"BreadcrumbList","@id":"https:\/\/graphiste.com\/blog\/impression-conseils-preparer-fichiers-petit-format\/#breadcrumb","itemListElement":[{"@type":"ListItem","position":1,"name":"Blog","item":"https:\/\/graphiste.com\/blog\/"},{"@type":"ListItem","position":2,"name":"Impression\u00a0: 6 conseils pour pr\u00e9parer un fichier petit format"}]},{"@type":"WebSite","@id":"https:\/\/graphiste.com\/blog\/#website","url":"https:\/\/graphiste.com\/blog\/","name":"Graphiste.com","description":"graphiste","publisher":{"@id":"https:\/\/graphiste.com\/blog\/#organization"},"potentialAction":[{"@type":"SearchAction","target":{"@type":"EntryPoint","urlTemplate":"https:\/\/graphiste.com\/blog\/?s={search_term_string}"},"query-input":{"@type":"PropertyValueSpecification","valueRequired":true,"valueName":"search_term_string"}}],"inLanguage":"fr-FR"},{"@type":"Organization","@id":"https:\/\/graphiste.com\/blog\/#organization","name":"Graphiste.com","url":"https:\/\/graphiste.com\/blog\/","logo":{"@type":"ImageObject","inLanguage":"fr-FR","@id":"https:\/\/graphiste.com\/blog\/#\/schema\/logo\/image\/","url":"https:\/\/graphiste.com\/blog\/wp-content\/uploads\/sites\/4\/2022\/07\/logo-blog-graphiste.svg","contentUrl":"https:\/\/graphiste.com\/blog\/wp-content\/uploads\/sites\/4\/2022\/07\/logo-blog-graphiste.svg","width":1,"height":1,"caption":"Graphiste.com"},"image":{"@id":"https:\/\/graphiste.com\/blog\/#\/schema\/logo\/image\/"},"sameAs":["https:\/\/www.facebook.com\/graphistesfreelances","https:\/\/x.com\/Graphistecom","https:\/\/www.linkedin.com\/company\/graphiste-com\/","https:\/\/fr.pinterest.com\/Graphiste_Com","https:\/\/www.instagram.com\/graphiste_com\/"]},{"@type":"Person","@id":"https:\/\/graphiste.com\/blog\/#\/schema\/person\/33c0ef04707fbe50a096f282050bb5f2","name":"Laura Michaud","image":{"@type":"ImageObject","inLanguage":"fr-FR","@id":"https:\/\/graphiste.com\/blog\/#\/schema\/person\/image\/","url":"https:\/\/secure.gravatar.com\/avatar\/c3328cc0c887f98cec6b2979af3311ab6333fc7cc2d4847514cfec6a56fa08a7?s=96&d=mm&r=g","contentUrl":"https:\/\/secure.gravatar.com\/avatar\/c3328cc0c887f98cec6b2979af3311ab6333fc7cc2d4847514cfec6a56fa08a7?s=96&d=mm&r=g","caption":"Laura Michaud"},"description":"Laura connait tous les meilleurs outils pour g\u00e9rer des projets et une entreprise. Cr\u00e9ative, c'est aussi une sp\u00e9cialiste des outils de cr\u00e9ation graphique pour faire briller une entreprise.","sameAs":["https:\/\/www.linkedin.com\/in\/michaudlaura\/"],"url":"https:\/\/graphiste.com\/blog\/author\/laura\/"}]}},"_links":{"self":[{"href":"https:\/\/graphiste.com\/blog\/wp-json\/wp\/v2\/posts\/16849","targetHints":{"allow":["GET"]}}],"collection":[{"href":"https:\/\/graphiste.com\/blog\/wp-json\/wp\/v2\/posts"}],"about":[{"href":"https:\/\/graphiste.com\/blog\/wp-json\/wp\/v2\/types\/post"}],"author":[{"embeddable":true,"href":"https:\/\/graphiste.com\/blog\/wp-json\/wp\/v2\/users\/1"}],"replies":[{"embeddable":true,"href":"https:\/\/graphiste.com\/blog\/wp-json\/wp\/v2\/comments?post=16849"}],"version-history":[{"count":0,"href":"https:\/\/graphiste.com\/blog\/wp-json\/wp\/v2\/posts\/16849\/revisions"}],"wp:featuredmedia":[{"embeddable":true,"href":"https:\/\/graphiste.com\/blog\/wp-json\/wp\/v2\/media\/16934"}],"wp:attachment":[{"href":"https:\/\/graphiste.com\/blog\/wp-json\/wp\/v2\/media?parent=16849"}],"wp:term":[{"taxonomy":"category","embeddable":true,"href":"https:\/\/graphiste.com\/blog\/wp-json\/wp\/v2\/categories?post=16849"},{"taxonomy":"post_tag","embeddable":true,"href":"https:\/\/graphiste.com\/blog\/wp-json\/wp\/v2\/tags?post=16849"}],"curies":[{"name":"wp","href":"https:\/\/api.w.org\/{rel}","templated":true}]}}