{"id":1614,"date":"2022-01-01T01:00:00","date_gmt":"2022-01-01T00:00:00","guid":{"rendered":"https:\/\/graphiste.com\/blog\/?p=1614"},"modified":"2022-11-03T09:17:28","modified_gmt":"2022-11-03T08:17:28","slug":"emballage-packaging-du-futur","status":"publish","type":"post","link":"https:\/\/graphiste.com\/blog\/emballage-packaging-du-futur\/","title":{"rendered":"Packaging\u00a0: Le futur est d\u00e9j\u00e0 emball\u00e9"},"content":{"rendered":"<p>L&#8217;emballage est un sujet qui fait toujours un carton. Que ce soit lors des r\u00e9unions du minist\u00e8re de l&#8217;\u00c9cologie qui s&#8217;inqui\u00e8te de la gestion des d\u00e9chets ou lors de salons comme le <a href=\"https:\/\/www.drupa.com\/\" target=\"_blank\" rel=\"noopener noreferrer\">Drupa<\/a>, consacr\u00e9 \u00e0 l&#8217;impression graphique et industrielle.<\/p>\n<p>C&#8217;est ainsi que de nombreuses personnes s&#8217;interrogent sur l&#8217;avenir de ces mati\u00e8res qui prot\u00e8gent la plupart des produits vendus en magasins, qu&#8217;il s&#8217;agisse de meubles ou d&#8217;aliments.<\/p>\n<p>Qu&#8217;ils s&#8217;appuient sur les nouvelles technologies ou qu&#8217;ils tentent de nouvelles formes et mat\u00e9riaux, les fabricants et designers ne sont pas rest\u00e9s de bois face \u00e0 cette proposition. Leur travail nous prouve que la science-fiction d&#8217;apr\u00e8s-demain se construit aujourd&#8217;hui.<\/p>\n<p>Aujourd&#8217;hui, nous allons donc vous pr\u00e9senter des id\u00e9es de packagings du futur.<\/p>\n<p>&nbsp;<\/p>\n<h2>1. Des emballages toujours plus verts<\/h2>\n<p><img decoding=\"async\" class=\"aligncenter size-full wp-image-11104\" src=\"https:\/\/graphiste.com\/blog\/wp-content\/uploads\/sites\/4\/2019\/05\/mockup-packaging-marque.jpg\" alt=\"\" width=\"600\" height=\"394\" \/><\/p>\n<p>Les questions \u00e9cologiques ne pr\u00e9occupent pas que les gouvernements. Les consommateurs s&#8217;interrogent \u00e9galement sur la transformation de ces multiples cartons qui entourent leurs achats. Les marques ont aujourd&#8217;hui tout int\u00e9r\u00eat \u00e0 miser sur des emballages biod\u00e9gradables, voire \u00e0 s&#8217;appuyer sur de nouvelles mati\u00e8res pour y parvenir.<\/p>\n<blockquote><p>Leur engagement pourrait bien s\u00e9duire de nouveaux clients tout en profitant \u00e0 la plan\u00e8te. Cette piste a d\u00e9j\u00e0 \u00e9t\u00e9 suivie par Dell, qui a remplac\u00e9 le polystyr\u00e8ne par des coussins de champignon.<\/p><\/blockquote>\n<p>Ik\u00e9a \u00e9tudie \u00e9galement cette option tr\u00e8s s\u00e9rieusement. Cette pratique tendra s\u00fbrement \u00e0 se multiplier dans les ann\u00e9es \u00e0 venir et il est toujours plus pertinent d&#8217;\u00eatre les premiers \u00e0 lancer un mouvement que les derniers \u00e0 le suivre. Surtout si on veut communiquer dessus.<\/p>\n<blockquote><p>\u00c0 lire aussi&nbsp;: <a href=\"https:\/\/graphiste.com\/blog\/tendances-packaging-2021\">Packaging&nbsp;: 19 tendances \u00e0 conna\u00eetre pour 2022<\/a><\/p><\/blockquote>\n<p>&nbsp;<\/p>\n<h2>2. Des emballages communicants<\/h2>\n<p><img decoding=\"async\" class=\"aligncenter size-full wp-image-10821\" src=\"https:\/\/graphiste.com\/blog\/wp-content\/uploads\/sites\/4\/2019\/04\/packaging-colore.jpg\" alt=\"\" width=\"600\" height=\"415\" \/><\/p>\n<p>Si les <a href=\"https:\/\/graphiste.com\/blog\/packaging-personnalise\">packagings<\/a> comportent de plus en plus de mentions obligatoires, elles sont parfois en trop petits caract\u00e8res pour les utilisateurs. Le ministre allemand de l\u2019Alimentation et de l\u2019Agriculture, Christian Schmidt\u00a0, s&#8217;interrogeait publiquement sur l&#8217;avenir d&#8217;emballages intelligents, nettement plus pratiques.<\/p>\n<p>Il \u00e9voquait ainsi la possibilit\u00e9 que les cartons changent de couleur lorsque l&#8217;aliment contenu est p\u00e9rim\u00e9, gr\u00e2ce \u00e0 la pr\u00e9sence d&#8217;une puce \u00e9lectronique dans l&#8217;emballage.<\/p>\n<p>Aujourd&#8217;hui, les consommateurs sont souvent friands d&#8217;information, et c&#8217;est au packaging de les leur fournir. De nouvelles techniques permettent aujourd&#8217;hui d&#8217;ajouter sur des emballages des indicateurs de choc pour les produits les plus fragiles ou de renseigner sur la corrosion d&#8217;un accessoire m\u00e9tallique. Il faut penser \u00e0 d&#8217;autres mani\u00e8res de renseigner les clients, <a href=\"https:\/\/graphiste.com\/blog\/publicites-print-toujours-plus-lumineuses\">en alliant technologie et impression<\/a>.<\/p>\n<p>&nbsp;<\/p>\n<h2>3. Rester dans les petits papiers du luxe<\/h2>\n<p><img decoding=\"async\" class=\"aligncenter size-full wp-image-9877\" src=\"https:\/\/graphiste.com\/blog\/wp-content\/uploads\/sites\/4\/2019\/02\/packaging-ubisoft-illustrations.jpg\" alt=\"\" width=\"600\" height=\"400\" \/><\/p>\n<p>Les marques haut de gamme sont souvent les premi\u00e8res \u00e0 utiliser des nouvelles techniques ou id\u00e9es. Il est donc tout \u00e0 fait pertinent non pas de les imiter, mais de les observer de pr\u00e8s, afin d&#8217;y puiser quelques id\u00e9es. Les emballages des boissons alcoolis\u00e9es haut de gamme misent ainsi de plus en plus sur des <a href=\"https:\/\/graphiste.com\/blog\/decouvrez-packaging-connecte\">techniques embarqu\u00e9es, avec des puces int\u00e9gr\u00e9es<\/a>.<\/p>\n<p>Il semblerait \u00e9galement que <a href=\"https:\/\/graphiste.com\/blog\/packaging-personnalise\">les emballages personnalis\u00e9s<\/a> se multiplient dans les mois et ann\u00e9es \u00e0 venir, y compris avec des outils particuliers. Il en est ainsi du GiftTag, qui permet au client d&#8217;enregistrer un message vid\u00e9o personnalis\u00e9 sur le packaging d&#8217;une bo\u00eete en m\u00e9tal, avant de l&#8217;offrir.<\/p>\n<p>La soci\u00e9t\u00e9 Crown\u00a0 propose aussi d&#8217;ajouter des Led lumineuses sur ses emballages, pour mieux se faire remarquer en rayon. Ce ne sont pas les id\u00e9es qui manquent. Le plus difficile reste presque de d\u00e9terminer lesquelles seront les plus pertinentes pour votre propre produit.<\/p>\n<p>&nbsp;<\/p>\n<h2>4. Les emballages du futur<\/h2>\n<p><img decoding=\"async\" class=\"aligncenter size-full wp-image-8876\" src=\"https:\/\/graphiste.com\/blog\/wp-content\/uploads\/sites\/4\/2018\/11\/packaging-forme.jpg\" alt=\"\" width=\"600\" height=\"338\" \/>Les consommateurs d&#8217;aujourd&#8217;hui sont de plus en plus press\u00e9s. Et ce ph\u00e9nom\u00e8ne ne diminuera certainement pas \u00e0 l&#8217;avenir, avec une population de plus en plus urbaine mais toujours en manque de temps.<\/p>\n<p>Le futur sera donc aux emballages faciles \u00e0 utiliser, adapt\u00e9s pour une consommation nomade, notamment pour les aliments. L&#8217;id\u00e9e est d&#8217;\u00eatre toujours plus pratique et de s&#8217;adapter \u00e0 la vie des utilisateurs.<\/p>\n<p>C&#8217;est maintenant qu&#8217;il faut pr\u00e9voir les emballages de demain, afin d&#8217;\u00e9tudier lesquels seront les plus pratiques pour \u00eatre emport\u00e9s partout avec leurs consommateurs. Cette mobilit\u00e9 peut \u00e9galement \u00eatre un tr\u00e8s bon vecteur de communication dont il serait dommage de se priver.<\/p>\n<p>&nbsp;<\/p>\n<p>&nbsp;<\/p>\n<h2>5. La digitalisation est entre vos mains<\/h2>\n<p><img decoding=\"async\" class=\"aligncenter size-large wp-image-2328\" src=\"https:\/\/graphiste.com\/blog\/wp-content\/uploads\/sites\/4\/2016\/10\/MYPACK-CONNECT-1024x528.jpg\" alt=\"mypack-connect\" width=\"810\" height=\"418\" \/>Un smartphone qui se connecte \u00e0 un emballage\u00a0pour acc\u00e9der \u00e0 un site internet\u00a0? \u00c0 premi\u00e8re vue, cela ne semble pas tr\u00e8s innovant. On pourrait presque dire qu&#8217;il y a un go\u00fbt de d\u00e9j\u00e0-vu dans le concept de Digital Packaging. Pourtant, \u00e0 y regarder de plus pr\u00e8s, leur application My Pack connect met le pouvoir entre les mains du consommateur, et c&#8217;est l\u00e0 que r\u00e9side toute la diff\u00e9rence.<\/p>\n<p>Certes, le client peut toujours acc\u00e9der \u00e0 de nombreuses informations sur le produit achet\u00e9, mais il n&#8217;est pas seulement \u00e0 l&#8217;\u00e9coute. Il a la possibilit\u00e9 de devenir un acteur de la communication, en enregistrant des vid\u00e9os, textes ou photos qui seront uniquement partag\u00e9s avec les destinataires de son choix&#8230; comme la personne \u00e0 laquelle il offre son achat, par exemple.<\/p>\n<p>On d\u00e9passe ainsi la \u00ab\u00a0cuv\u00e9e bon-papa\u00a0\u00bb qui pouvait \u00eatre \u00e9tiquet\u00e9e sur certaines bouteilles, pour surprendre le destinataire en l&#8217;invitant \u00e0 analyser son cadeau \u00e0 l&#8217;aide de son smartphone. Ce genre de concept a de fortes chances d&#8217;\u00eatre particuli\u00e8rement appr\u00e9ci\u00e9 en p\u00e9riodes de f\u00eates.<\/p>\n<p>&nbsp;<\/p>\n<h2>6. La t\u00e9l\u00e9 est dans la bo\u00eete<\/h2>\n<p>C&#8217;est bien connu, les \u00e9crans o\u00f9 d\u00e9filent des images anim\u00e9es attirent immanquablement le regard. Knoll Packaging a donc d\u00e9cid\u00e9 d&#8217;en inclure dans les coffrets qu&#8217;il fabrique pour certaines gammes de cosm\u00e9tiques. C&#8217;est Est\u00e9e Lauder qui a \u00e9t\u00e9 le premier \u00e0 le tester.<\/p>\n<p><img decoding=\"async\" class=\"aligncenter size-full wp-image-2329\" src=\"https:\/\/graphiste.com\/blog\/wp-content\/uploads\/sites\/4\/2016\/10\/Knoll-Packaging.jpg\" alt=\"knoll-packaging\" width=\"991\" height=\"571\" \/><\/p>\n<p>Pour le moment, \u00e0 cause des co\u00fbts de fabrication, ce coffret anim\u00e9 par des films o\u00f9 figuraient des ambassadrices de la marque a \u00e9t\u00e9 r\u00e9serv\u00e9 aux conseill\u00e8res de vente des parfumeries. Mais rien n&#8217;interdit d&#8217;imaginer, demain, <a href=\"https:\/\/graphiste.com\/blog\/typographie-mode-luxe-telecharger-gratuitement\" target=\"_blank\" rel=\"noopener noreferrer\">des produits de luxe vendus<\/a> avec ces m\u00eames petits \u00e9crans pour tous les amateurs de vid\u00e9o exclusives.<\/p>\n<blockquote><p>Pour aller plus loin&nbsp;: <a href=\"https:\/\/graphiste.com\/categories\/logo\/luxe\/pictures\">Logo luxe&nbsp;: les cr\u00e9ations de nos graphistes<\/a><\/p><\/blockquote>\n<p>&nbsp;<\/p>\n<h2>7. Une pomme par jour<\/h2>\n<p>Il faut r\u00e9duire les emballages. C&#8217;est une phrase que les visiteurs des salons destin\u00e9s au packaging entendent \u00e0 longueur de journ\u00e9e, alors m\u00eame qu&#8217;on leur vante de nouveaux contenants qui vont faire un carton.<\/p>\n<p><img decoding=\"async\" class=\"aligncenter size-large wp-image-2330\" src=\"https:\/\/graphiste.com\/blog\/wp-content\/uploads\/sites\/4\/2016\/10\/Belgosweet-1024x295.jpg\" alt=\"belgosweet\" width=\"810\" height=\"233\" \/><\/p>\n<p>L&#8217;entreprise belge Belgosweet a d\u00e9cid\u00e9 que ce conseil n&#8217;allait pas rester lettre morte\u00a0: elle a fait imprimer leur logo directement sur des pommes\u00a0! L&#8217;encre est naturelle et sans aucun risque pour la sant\u00e9. Cette id\u00e9e, <a href=\"https:\/\/graphiste.com\/blog\/leco-conception-en-graphisme-pourquoi-et-comment\" target=\"_blank\" rel=\"noopener noreferrer\">plus \u00e9cologique<\/a> que la colle et le papier des \u00e9tiquettes, s\u00e9duira-t-elle les consommateurs ou se m\u00e9fieront-ils de cet ajout\u00a0?<\/p>\n<p>&nbsp;<\/p>\n<h2>8. Des emballages qui jouent avec l&#8217;\u00e9paisseur<\/h2>\n<p>On croyait tout savoir sur le papier&#8230; C&#8217;est loin d&#8217;\u00eatre le cas. Kapag propose un papier composite cartonn\u00e9 tr\u00e8s extensible et r\u00e9sistant aux d\u00e9chirures.<\/p>\n<p><img decoding=\"async\" class=\"aligncenter size-full wp-image-2331\" src=\"https:\/\/graphiste.com\/blog\/wp-content\/uploads\/sites\/4\/2016\/10\/Kapag.jpg\" alt=\"kapag\" width=\"905\" height=\"488\" \/><\/p>\n<p>Sa solidit\u00e9 est d\u00e9j\u00e0 int\u00e9ressante en soi, mais elle le devient encore plus quand on comprend les possibilit\u00e9s qu&#8217;elle offre. On peut ainsi r\u00e9aliser un gaufrage tr\u00e8s prononc\u00e9, avec un effet de volume qui peut atteindre trois fois l&#8217;\u00e9paisseur du carton.<\/p>\n<p>Le fabricant annonce que cet aspect esth\u00e9tique peut aussi devenir une jolie protection contre la contrefa\u00e7on. Difficile en effet d&#8217;atteindre de tels reliefs avec d&#8217;autres cat\u00e9gories de carton.<\/p>\n<blockquote><p>\u00c0 lire aussi&nbsp;: <a href=\"https:\/\/graphiste.com\/blog\/serigraphie-ancienne-methode-impression\">S\u00e9rigraphie&nbsp;: comment utiliser cette technique d\u2019impression<\/a><\/p><\/blockquote>\n<p>&nbsp;<\/p>\n<h2>9. L&#8217;argent n&#8217;a pas d&#8217;odeur&#8230; le tissu, si<\/h2>\n<p>Apr\u00e8s les papiers parfum\u00e9s, faites place aux tissus qui embaument. Des microbilles de liquide sont encapsul\u00e9es dans des tissus produits par les \u00c9tuis Mirault, et il est possible de d\u00e9cider \u00e0 la fois de l&#8217;intensit\u00e9 du parfum d\u00e9livr\u00e9, comme de sa dur\u00e9e de diffusion.<\/p>\n<p><img decoding=\"async\" class=\"aligncenter size-full wp-image-15969\" src=\"https:\/\/graphiste.com\/blog\/wp-content\/uploads\/sites\/4\/2016\/10\/etuis-Mirault-graphiste.jpg\" alt=\"\" width=\"585\" height=\"509\" \/><\/p>\n<p>Les odeurs peuvent se diffuser pendant 14 mois au maximum. Ce qui est d\u00e9j\u00e0 plus que suffisant, quand on conna\u00eet la dur\u00e9e de vie d&#8217;un produit en rayon. Si le packaging fait maintenant appel \u00e0 des sens souvent laiss\u00e9s de c\u00f4t\u00e9, on se demande quelle sera la prochaine innovation<em> (apr\u00e8s les emballages qui pouvaient se manger).<\/em><\/p>\n<blockquote><p>\u00c0 lire aussi&nbsp;: <a href=\"https:\/\/graphiste.com\/blog\/plateforme-trouver-inspiration\">10 plateformes pour trouver l&#8217;inspiration<\/a><\/p><\/blockquote>\n<p>&nbsp;<\/p>\n<h2>Notre astuce<\/h2>\n<p>Il y a encore beaucoup \u00e0 faire dans le domaine du packaging. M\u00eame les id\u00e9es les plus folles pourraient devenir r\u00e9alit\u00e9. Quelles sont celles que vous voudriez voir demain dans vos magasins\u00a0?<\/p>\n<p>Faites appel \u00e0 un <a href=\"https:\/\/graphiste.com\" target=\"_blank\" rel=\"noopener noreferrer\"><strong>graphiste freelance disponible<\/strong><\/a> pour concevoir vos packagings de produit.<\/p>\n","protected":false},"excerpt":{"rendered":"<p>L&#8217;emballage est un sujet qui fait toujours un carton. Que ce soit lors des r\u00e9unions du minist\u00e8re de l&#8217;\u00c9cologie qui s&#8217;inqui\u00e8te de la gestion des d\u00e9chets ou lors de salons comme le Drupa, consacr\u00e9 \u00e0 l&#8217;impression graphique et industrielle. C&#8217;est ainsi que de nombreuses personnes s&#8217;interrogent sur l&#8217;avenir de ces mati\u00e8res qui prot\u00e8gent la plupart [&hellip;]<\/p>\n","protected":false},"author":30,"featured_media":35850,"comment_status":"open","ping_status":"open","sticky":false,"template":"","format":"standard","meta":{"_acf_changed":false,"inline_featured_image":false,"footnotes":""},"categories":[13],"tags":[],"class_list":["post-1614","post","type-post","status-publish","format-standard","has-post-thumbnail","hentry","category-packaging"],"acf":[],"yoast_head":"<!-- This site is optimized with the Yoast SEO plugin v25.9 - https:\/\/yoast.com\/wordpress\/plugins\/seo\/ -->\n<title>Packaging\u00a0: Le futur est d\u00e9j\u00e0 emball\u00e9 - Graphiste Blog<\/title>\n<meta name=\"description\" content=\"L&#039;emballage est un sujet qui fait toujours un carton. Que ce soit lors des r\u00e9unions du minist\u00e8re de l&#039;\u00c9cologie qui s&#039;inqui\u00e8te de la gestion des d\u00e9chets ou\" \/>\n<meta name=\"robots\" content=\"index, follow, max-snippet:-1, max-image-preview:large, max-video-preview:-1\" \/>\n<link rel=\"canonical\" href=\"https:\/\/graphiste.com\/blog\/emballage-packaging-du-futur\/\" \/>\n<meta property=\"og:locale\" content=\"fr_FR\" \/>\n<meta property=\"og:type\" content=\"article\" \/>\n<meta property=\"og:title\" content=\"Packaging\u00a0: Le futur est d\u00e9j\u00e0 emball\u00e9 - Graphiste Blog\" \/>\n<meta property=\"og:description\" content=\"L&#039;emballage est un sujet qui fait toujours un carton. Que ce soit lors des r\u00e9unions du minist\u00e8re de l&#039;\u00c9cologie qui s&#039;inqui\u00e8te de la gestion des d\u00e9chets ou\" \/>\n<meta property=\"og:url\" content=\"https:\/\/graphiste.com\/blog\/emballage-packaging-du-futur\/\" \/>\n<meta property=\"og:site_name\" content=\"Graphiste.com\" \/>\n<meta property=\"article:publisher\" content=\"https:\/\/www.facebook.com\/graphistesfreelances\" \/>\n<meta property=\"article:published_time\" content=\"2022-01-01T00:00:00+00:00\" \/>\n<meta property=\"article:modified_time\" content=\"2022-11-03T08:17:28+00:00\" \/>\n<meta property=\"og:image\" content=\"https:\/\/graphiste.com\/blog\/wp-content\/uploads\/sites\/4\/2016\/08\/image-emballage-futur-1.jpg\" \/>\n\t<meta property=\"og:image:width\" content=\"850\" \/>\n\t<meta property=\"og:image:height\" content=\"423\" \/>\n\t<meta property=\"og:image:type\" content=\"image\/jpeg\" \/>\n<meta name=\"author\" content=\"Florian Fattier\" \/>\n<meta name=\"twitter:card\" content=\"summary_large_image\" \/>\n<meta name=\"twitter:creator\" content=\"@Graphistecom\" \/>\n<meta name=\"twitter:site\" content=\"@Graphistecom\" \/>\n<meta name=\"twitter:label1\" content=\"\u00c9crit par\" \/>\n\t<meta name=\"twitter:data1\" content=\"Florian Fattier\" \/>\n\t<meta name=\"twitter:label2\" content=\"Dur\u00e9e de lecture estim\u00e9e\" \/>\n\t<meta name=\"twitter:data2\" content=\"8 minutes\" \/>\n<script type=\"application\/ld+json\" class=\"yoast-schema-graph\">{\"@context\":\"https:\/\/schema.org\",\"@graph\":[{\"@type\":\"Article\",\"@id\":\"https:\/\/graphiste.com\/blog\/emballage-packaging-du-futur\/#article\",\"isPartOf\":{\"@id\":\"https:\/\/graphiste.com\/blog\/emballage-packaging-du-futur\/\"},\"author\":{\"name\":\"Florian Fattier\",\"@id\":\"https:\/\/graphiste.com\/blog\/#\/schema\/person\/d27104bac6fb787ff6cd51a98a0915e4\"},\"headline\":\"Packaging\u00a0: Le futur est d\u00e9j\u00e0 emball\u00e9\",\"datePublished\":\"2022-01-01T00:00:00+00:00\",\"dateModified\":\"2022-11-03T08:17:28+00:00\",\"mainEntityOfPage\":{\"@id\":\"https:\/\/graphiste.com\/blog\/emballage-packaging-du-futur\/\"},\"wordCount\":1479,\"commentCount\":0,\"publisher\":{\"@id\":\"https:\/\/graphiste.com\/blog\/#organization\"},\"image\":{\"@id\":\"https:\/\/graphiste.com\/blog\/emballage-packaging-du-futur\/#primaryimage\"},\"thumbnailUrl\":\"https:\/\/graphiste.com\/blog\/wp-content\/uploads\/sites\/4\/2016\/08\/image-emballage-futur-1.jpg\",\"articleSection\":[\"Packaging\"],\"inLanguage\":\"fr-FR\",\"potentialAction\":[{\"@type\":\"CommentAction\",\"name\":\"Comment\",\"target\":[\"https:\/\/graphiste.com\/blog\/emballage-packaging-du-futur\/#respond\"]}]},{\"@type\":\"WebPage\",\"@id\":\"https:\/\/graphiste.com\/blog\/emballage-packaging-du-futur\/\",\"url\":\"https:\/\/graphiste.com\/blog\/emballage-packaging-du-futur\/\",\"name\":\"Packaging\u00a0: Le futur est d\u00e9j\u00e0 emball\u00e9 - Graphiste Blog\",\"isPartOf\":{\"@id\":\"https:\/\/graphiste.com\/blog\/#website\"},\"primaryImageOfPage\":{\"@id\":\"https:\/\/graphiste.com\/blog\/emballage-packaging-du-futur\/#primaryimage\"},\"image\":{\"@id\":\"https:\/\/graphiste.com\/blog\/emballage-packaging-du-futur\/#primaryimage\"},\"thumbnailUrl\":\"https:\/\/graphiste.com\/blog\/wp-content\/uploads\/sites\/4\/2016\/08\/image-emballage-futur-1.jpg\",\"datePublished\":\"2022-01-01T00:00:00+00:00\",\"dateModified\":\"2022-11-03T08:17:28+00:00\",\"description\":\"L'emballage est un sujet qui fait toujours un carton. Que ce soit lors des r\u00e9unions du minist\u00e8re de l'\u00c9cologie qui s'inqui\u00e8te de la gestion des d\u00e9chets ou\",\"breadcrumb\":{\"@id\":\"https:\/\/graphiste.com\/blog\/emballage-packaging-du-futur\/#breadcrumb\"},\"inLanguage\":\"fr-FR\",\"potentialAction\":[{\"@type\":\"ReadAction\",\"target\":[\"https:\/\/graphiste.com\/blog\/emballage-packaging-du-futur\/\"]}]},{\"@type\":\"ImageObject\",\"inLanguage\":\"fr-FR\",\"@id\":\"https:\/\/graphiste.com\/blog\/emballage-packaging-du-futur\/#primaryimage\",\"url\":\"https:\/\/graphiste.com\/blog\/wp-content\/uploads\/sites\/4\/2016\/08\/image-emballage-futur-1.jpg\",\"contentUrl\":\"https:\/\/graphiste.com\/blog\/wp-content\/uploads\/sites\/4\/2016\/08\/image-emballage-futur-1.jpg\",\"width\":850,\"height\":423,\"caption\":\"packaging du futur\"},{\"@type\":\"BreadcrumbList\",\"@id\":\"https:\/\/graphiste.com\/blog\/emballage-packaging-du-futur\/#breadcrumb\",\"itemListElement\":[{\"@type\":\"ListItem\",\"position\":1,\"name\":\"Blog\",\"item\":\"https:\/\/graphiste.com\/blog\/\"},{\"@type\":\"ListItem\",\"position\":2,\"name\":\"Print\",\"item\":\"https:\/\/graphiste.com\/blog\/print\/\"},{\"@type\":\"ListItem\",\"position\":3,\"name\":\"Packaging\",\"item\":\"https:\/\/graphiste.com\/blog\/print\/packaging\/\"},{\"@type\":\"ListItem\",\"position\":4,\"name\":\"Packaging\u00a0: Le futur est d\u00e9j\u00e0 emball\u00e9\"}]},{\"@type\":\"WebSite\",\"@id\":\"https:\/\/graphiste.com\/blog\/#website\",\"url\":\"https:\/\/graphiste.com\/blog\/\",\"name\":\"Graphiste.com\",\"description\":\"graphiste\",\"publisher\":{\"@id\":\"https:\/\/graphiste.com\/blog\/#organization\"},\"potentialAction\":[{\"@type\":\"SearchAction\",\"target\":{\"@type\":\"EntryPoint\",\"urlTemplate\":\"https:\/\/graphiste.com\/blog\/?s={search_term_string}\"},\"query-input\":{\"@type\":\"PropertyValueSpecification\",\"valueRequired\":true,\"valueName\":\"search_term_string\"}}],\"inLanguage\":\"fr-FR\"},{\"@type\":\"Organization\",\"@id\":\"https:\/\/graphiste.com\/blog\/#organization\",\"name\":\"Graphiste.com\",\"url\":\"https:\/\/graphiste.com\/blog\/\",\"logo\":{\"@type\":\"ImageObject\",\"inLanguage\":\"fr-FR\",\"@id\":\"https:\/\/graphiste.com\/blog\/#\/schema\/logo\/image\/\",\"url\":\"https:\/\/graphiste.com\/blog\/wp-content\/uploads\/sites\/4\/2022\/07\/logo-blog-graphiste.svg\",\"contentUrl\":\"https:\/\/graphiste.com\/blog\/wp-content\/uploads\/sites\/4\/2022\/07\/logo-blog-graphiste.svg\",\"width\":1,\"height\":1,\"caption\":\"Graphiste.com\"},\"image\":{\"@id\":\"https:\/\/graphiste.com\/blog\/#\/schema\/logo\/image\/\"},\"sameAs\":[\"https:\/\/www.facebook.com\/graphistesfreelances\",\"https:\/\/x.com\/Graphistecom\",\"https:\/\/www.linkedin.com\/company\/graphiste-com\/\",\"https:\/\/fr.pinterest.com\/Graphiste_Com\",\"https:\/\/www.instagram.com\/graphiste_com\/\"]},{\"@type\":\"Person\",\"@id\":\"https:\/\/graphiste.com\/blog\/#\/schema\/person\/d27104bac6fb787ff6cd51a98a0915e4\",\"name\":\"Florian Fattier\",\"image\":{\"@type\":\"ImageObject\",\"inLanguage\":\"fr-FR\",\"@id\":\"https:\/\/graphiste.com\/blog\/#\/schema\/person\/image\/\",\"url\":\"https:\/\/secure.gravatar.com\/avatar\/34590ee0ce26a3d41c13159236d10152b5ef5b708de8b49ed504e1c5f07cd9e6?s=96&d=mm&r=g\",\"contentUrl\":\"https:\/\/secure.gravatar.com\/avatar\/34590ee0ce26a3d41c13159236d10152b5ef5b708de8b49ed504e1c5f07cd9e6?s=96&d=mm&r=g\",\"caption\":\"Florian Fattier\"},\"description\":\"Florian est photographe et vid\u00e9aste freelance. Les prises de vues, le montage vid\u00e9o et la retouche photo n'ont aucun secret pour lui !\",\"sameAs\":[\"https:\/\/www.linkedin.com\/in\/florian-fattier-14148b178\/\"],\"url\":\"https:\/\/graphiste.com\/blog\/author\/florian\/\"}]}<\/script>\n<!-- \/ Yoast SEO plugin. -->","yoast_head_json":{"title":"Packaging\u00a0: Le futur est d\u00e9j\u00e0 emball\u00e9 - Graphiste Blog","description":"L'emballage est un sujet qui fait toujours un carton. Que ce soit lors des r\u00e9unions du minist\u00e8re de l'\u00c9cologie qui s'inqui\u00e8te de la gestion des d\u00e9chets ou","robots":{"index":"index","follow":"follow","max-snippet":"max-snippet:-1","max-image-preview":"max-image-preview:large","max-video-preview":"max-video-preview:-1"},"canonical":"https:\/\/graphiste.com\/blog\/emballage-packaging-du-futur\/","og_locale":"fr_FR","og_type":"article","og_title":"Packaging\u00a0: Le futur est d\u00e9j\u00e0 emball\u00e9 - Graphiste Blog","og_description":"L'emballage est un sujet qui fait toujours un carton. Que ce soit lors des r\u00e9unions du minist\u00e8re de l'\u00c9cologie qui s'inqui\u00e8te de la gestion des d\u00e9chets ou","og_url":"https:\/\/graphiste.com\/blog\/emballage-packaging-du-futur\/","og_site_name":"Graphiste.com","article_publisher":"https:\/\/www.facebook.com\/graphistesfreelances","article_published_time":"2022-01-01T00:00:00+00:00","article_modified_time":"2022-11-03T08:17:28+00:00","og_image":[{"width":850,"height":423,"url":"https:\/\/graphiste.com\/blog\/wp-content\/uploads\/sites\/4\/2016\/08\/image-emballage-futur-1.jpg","type":"image\/jpeg"}],"author":"Florian Fattier","twitter_card":"summary_large_image","twitter_creator":"@Graphistecom","twitter_site":"@Graphistecom","twitter_misc":{"\u00c9crit par":"Florian Fattier","Dur\u00e9e de lecture estim\u00e9e":"8 minutes"},"schema":{"@context":"https:\/\/schema.org","@graph":[{"@type":"Article","@id":"https:\/\/graphiste.com\/blog\/emballage-packaging-du-futur\/#article","isPartOf":{"@id":"https:\/\/graphiste.com\/blog\/emballage-packaging-du-futur\/"},"author":{"name":"Florian Fattier","@id":"https:\/\/graphiste.com\/blog\/#\/schema\/person\/d27104bac6fb787ff6cd51a98a0915e4"},"headline":"Packaging\u00a0: Le futur est d\u00e9j\u00e0 emball\u00e9","datePublished":"2022-01-01T00:00:00+00:00","dateModified":"2022-11-03T08:17:28+00:00","mainEntityOfPage":{"@id":"https:\/\/graphiste.com\/blog\/emballage-packaging-du-futur\/"},"wordCount":1479,"commentCount":0,"publisher":{"@id":"https:\/\/graphiste.com\/blog\/#organization"},"image":{"@id":"https:\/\/graphiste.com\/blog\/emballage-packaging-du-futur\/#primaryimage"},"thumbnailUrl":"https:\/\/graphiste.com\/blog\/wp-content\/uploads\/sites\/4\/2016\/08\/image-emballage-futur-1.jpg","articleSection":["Packaging"],"inLanguage":"fr-FR","potentialAction":[{"@type":"CommentAction","name":"Comment","target":["https:\/\/graphiste.com\/blog\/emballage-packaging-du-futur\/#respond"]}]},{"@type":"WebPage","@id":"https:\/\/graphiste.com\/blog\/emballage-packaging-du-futur\/","url":"https:\/\/graphiste.com\/blog\/emballage-packaging-du-futur\/","name":"Packaging\u00a0: Le futur est d\u00e9j\u00e0 emball\u00e9 - Graphiste Blog","isPartOf":{"@id":"https:\/\/graphiste.com\/blog\/#website"},"primaryImageOfPage":{"@id":"https:\/\/graphiste.com\/blog\/emballage-packaging-du-futur\/#primaryimage"},"image":{"@id":"https:\/\/graphiste.com\/blog\/emballage-packaging-du-futur\/#primaryimage"},"thumbnailUrl":"https:\/\/graphiste.com\/blog\/wp-content\/uploads\/sites\/4\/2016\/08\/image-emballage-futur-1.jpg","datePublished":"2022-01-01T00:00:00+00:00","dateModified":"2022-11-03T08:17:28+00:00","description":"L'emballage est un sujet qui fait toujours un carton. Que ce soit lors des r\u00e9unions du minist\u00e8re de l'\u00c9cologie qui s'inqui\u00e8te de la gestion des d\u00e9chets ou","breadcrumb":{"@id":"https:\/\/graphiste.com\/blog\/emballage-packaging-du-futur\/#breadcrumb"},"inLanguage":"fr-FR","potentialAction":[{"@type":"ReadAction","target":["https:\/\/graphiste.com\/blog\/emballage-packaging-du-futur\/"]}]},{"@type":"ImageObject","inLanguage":"fr-FR","@id":"https:\/\/graphiste.com\/blog\/emballage-packaging-du-futur\/#primaryimage","url":"https:\/\/graphiste.com\/blog\/wp-content\/uploads\/sites\/4\/2016\/08\/image-emballage-futur-1.jpg","contentUrl":"https:\/\/graphiste.com\/blog\/wp-content\/uploads\/sites\/4\/2016\/08\/image-emballage-futur-1.jpg","width":850,"height":423,"caption":"packaging du futur"},{"@type":"BreadcrumbList","@id":"https:\/\/graphiste.com\/blog\/emballage-packaging-du-futur\/#breadcrumb","itemListElement":[{"@type":"ListItem","position":1,"name":"Blog","item":"https:\/\/graphiste.com\/blog\/"},{"@type":"ListItem","position":2,"name":"Print","item":"https:\/\/graphiste.com\/blog\/print\/"},{"@type":"ListItem","position":3,"name":"Packaging","item":"https:\/\/graphiste.com\/blog\/print\/packaging\/"},{"@type":"ListItem","position":4,"name":"Packaging\u00a0: Le futur est d\u00e9j\u00e0 emball\u00e9"}]},{"@type":"WebSite","@id":"https:\/\/graphiste.com\/blog\/#website","url":"https:\/\/graphiste.com\/blog\/","name":"Graphiste.com","description":"graphiste","publisher":{"@id":"https:\/\/graphiste.com\/blog\/#organization"},"potentialAction":[{"@type":"SearchAction","target":{"@type":"EntryPoint","urlTemplate":"https:\/\/graphiste.com\/blog\/?s={search_term_string}"},"query-input":{"@type":"PropertyValueSpecification","valueRequired":true,"valueName":"search_term_string"}}],"inLanguage":"fr-FR"},{"@type":"Organization","@id":"https:\/\/graphiste.com\/blog\/#organization","name":"Graphiste.com","url":"https:\/\/graphiste.com\/blog\/","logo":{"@type":"ImageObject","inLanguage":"fr-FR","@id":"https:\/\/graphiste.com\/blog\/#\/schema\/logo\/image\/","url":"https:\/\/graphiste.com\/blog\/wp-content\/uploads\/sites\/4\/2022\/07\/logo-blog-graphiste.svg","contentUrl":"https:\/\/graphiste.com\/blog\/wp-content\/uploads\/sites\/4\/2022\/07\/logo-blog-graphiste.svg","width":1,"height":1,"caption":"Graphiste.com"},"image":{"@id":"https:\/\/graphiste.com\/blog\/#\/schema\/logo\/image\/"},"sameAs":["https:\/\/www.facebook.com\/graphistesfreelances","https:\/\/x.com\/Graphistecom","https:\/\/www.linkedin.com\/company\/graphiste-com\/","https:\/\/fr.pinterest.com\/Graphiste_Com","https:\/\/www.instagram.com\/graphiste_com\/"]},{"@type":"Person","@id":"https:\/\/graphiste.com\/blog\/#\/schema\/person\/d27104bac6fb787ff6cd51a98a0915e4","name":"Florian Fattier","image":{"@type":"ImageObject","inLanguage":"fr-FR","@id":"https:\/\/graphiste.com\/blog\/#\/schema\/person\/image\/","url":"https:\/\/secure.gravatar.com\/avatar\/34590ee0ce26a3d41c13159236d10152b5ef5b708de8b49ed504e1c5f07cd9e6?s=96&d=mm&r=g","contentUrl":"https:\/\/secure.gravatar.com\/avatar\/34590ee0ce26a3d41c13159236d10152b5ef5b708de8b49ed504e1c5f07cd9e6?s=96&d=mm&r=g","caption":"Florian Fattier"},"description":"Florian est photographe et vid\u00e9aste freelance. Les prises de vues, le montage vid\u00e9o et la retouche photo n'ont aucun secret pour lui !","sameAs":["https:\/\/www.linkedin.com\/in\/florian-fattier-14148b178\/"],"url":"https:\/\/graphiste.com\/blog\/author\/florian\/"}]}},"_links":{"self":[{"href":"https:\/\/graphiste.com\/blog\/wp-json\/wp\/v2\/posts\/1614","targetHints":{"allow":["GET"]}}],"collection":[{"href":"https:\/\/graphiste.com\/blog\/wp-json\/wp\/v2\/posts"}],"about":[{"href":"https:\/\/graphiste.com\/blog\/wp-json\/wp\/v2\/types\/post"}],"author":[{"embeddable":true,"href":"https:\/\/graphiste.com\/blog\/wp-json\/wp\/v2\/users\/30"}],"replies":[{"embeddable":true,"href":"https:\/\/graphiste.com\/blog\/wp-json\/wp\/v2\/comments?post=1614"}],"version-history":[{"count":0,"href":"https:\/\/graphiste.com\/blog\/wp-json\/wp\/v2\/posts\/1614\/revisions"}],"wp:featuredmedia":[{"embeddable":true,"href":"https:\/\/graphiste.com\/blog\/wp-json\/wp\/v2\/media\/35850"}],"wp:attachment":[{"href":"https:\/\/graphiste.com\/blog\/wp-json\/wp\/v2\/media?parent=1614"}],"wp:term":[{"taxonomy":"category","embeddable":true,"href":"https:\/\/graphiste.com\/blog\/wp-json\/wp\/v2\/categories?post=1614"},{"taxonomy":"post_tag","embeddable":true,"href":"https:\/\/graphiste.com\/blog\/wp-json\/wp\/v2\/tags?post=1614"}],"curies":[{"name":"wp","href":"https:\/\/api.w.org\/{rel}","templated":true}]}}