{"id":15602,"date":"2019-12-30T10:30:37","date_gmt":"2019-12-30T09:30:37","guid":{"rendered":"https:\/\/graphiste.com\/blog\/?p=15602"},"modified":"2025-08-20T17:23:34","modified_gmt":"2025-08-20T15:23:34","slug":"leco-conception-en-graphisme-pourquoi-et-comment","status":"publish","type":"post","link":"https:\/\/graphiste.com\/blog\/leco-conception-en-graphisme-pourquoi-et-comment\/","title":{"rendered":"L\u2019\u00e9co-conception en graphisme\u00a0: pourquoi et comment\u00a0?"},"content":{"rendered":"<p>Dans l\u2019empreinte environnementale d\u2019une entreprise, les choix effectu\u00e9s en termes de graphisme ont autant d\u2019impact que les produits ou <a href=\"https:\/\/graphiste.com\/blog\/choisir-typographie-packaging\" target=\"_blank\" rel=\"noopener noreferrer\">packagings<\/a> utilis\u00e9s.<\/p>\n<p>Ces r\u00e9flexions semblent a priori moins connues, pourtant la <a href=\"https:\/\/www.redacteur.com\/blog\/comment-faire-communication-ecologique\/\">communication<\/a> visuelle sera elle aussi impliqu\u00e9e dans le d\u00e9veloppement durable. Du choix des typographies au webdesign, de nombreuses actions peuvent \u00eatre men\u00e9es.<\/p>\n<p>&nbsp;<\/p>\n<h2>L\u2019\u00e9co-branding, une d\u00e9marche globale<\/h2>\n<p><a href=\"https:\/\/ecobranding-design.com\/\">L\u2019\u00e9co-branding<\/a>est une d\u00e9marche initi\u00e9e par Sylvain Boyer.<\/p>\n<p><img decoding=\"async\" class=\"aligncenter wp-image-15605\" src=\"https:\/\/graphiste.com\/blog\/wp-content\/uploads\/sites\/4\/2019\/12\/ecobranding-nike.gif\" alt=\"\" width=\"471\" height=\"330\" \/><\/p>\n<p><strong>Son objectif\u00a0:<\/strong> r\u00e9duire consid\u00e9rablement les co\u00fbts \u00e9cologiques de la communication visuelle.\u00a0La r\u00e9flexion tourne autour de quatre axes\u00a0: <\/p>\n<ul>\n<li>les<a href=\"https:\/\/graphiste.com\/blog\/tendances-logo-2021\" target=\"_blank\" rel=\"noopener noreferrer\"> logos\u00a0<\/a>;<\/li>\n<li>la <a href=\"https:\/\/graphiste.com\/blog\/signification-typographie\" target=\"_blank\" rel=\"noopener noreferrer\">typographie<\/a>\u00a0;<\/li>\n<li>les <a href=\"https:\/\/graphiste.com\/blog\/couleurs-tendances-2021\" target=\"_blank\" rel=\"noopener noreferrer\">couleurs<\/a>\u00a0;<\/li>\n<li>l\u2019UI.<\/li>\n<\/ul>\n<p>Dans chaque cas, le but est de diminuer l\u2019empreinte \u00e9cologique. <a href=\"https:\/\/graphiste.com\/blog\/minimalisme-creer-logo\" target=\"_blank\" rel=\"noopener noreferrer\">Les logos seront ainsi \u00e9pur\u00e9s<\/a>, afin de consommer moins d\u2019encre.\u00a0La d\u00e9marche est loin d\u2019\u00eatre anodine, surtout pour les grandes marques qui positionnent leurs logos sur des milliers de produits chaque jour. <\/p>\n<ul>\n<li>Dans le m\u00eame esprit, des polices de caract\u00e8res fines et \u00e9troites seront privil\u00e9gi\u00e9es. Il existe \u00e9galement <a href=\"https:\/\/www.ecofont.com\/\">des \u00e9co-fonts<\/a>, qui consomment jusqu\u2019\u00e0 50\u00a0% d\u2019encre en moins que leurs homologues.<\/li>\n<li>Oublier les aplats de couleur et <strong>jouer avec leur densit\u00e9<\/strong> permet \u00e9galement de diminuer consid\u00e9rablement l\u2019encre utilis\u00e9e\u00a0: <strong>un noir \u00e0 85\u00a0%<\/strong> d\u2019intensit\u00e9 reste aussi lisible, mais n\u00e9cessite moiti\u00e9 moins d\u2019encre\u00a0!<\/li>\n<\/ul>\n<figure id=\"attachment_15609\" aria-describedby=\"caption-attachment-15609\" style=\"width: 650px\" class=\"wp-caption aligncenter\"><img decoding=\"async\" class=\"wp-image-15609 size-full\" src=\"https:\/\/graphiste.com\/blog\/wp-content\/uploads\/sites\/4\/2019\/12\/eco-design-logo-apple-e1576856905138.jpg\" alt=\"eco design apple\" width=\"650\" height=\"224\" \/><figcaption id=\"caption-attachment-15609\" class=\"wp-caption-text\">Source&nbsp;: <a href=\"https:\/\/ecobranding-design.com\/\" target=\"_blank\" rel=\"noopener noreferrer\">EcoBranding<\/a><\/figcaption><\/figure>\n<p>De m\u00eame, un design repens\u00e9 va demander moins d\u2019\u00e9nergie, moins de bande passante et sera \u00e9galement <strong>plus \u00e9conomique<\/strong> d\u2019un point de vue environnemental, y compris sur internet.<\/p>\n<blockquote><p>\u00c0 lire aussi&nbsp;:\u00a0<a href=\"https:\/\/graphiste.com\/blog\/faire-evoluer-son-image\">Pourquoi faire \u00e9voluer son image&nbsp;?<\/a><\/p><\/blockquote>\n<p>&nbsp;<\/p>\n<h2>C\u2019est quoi un graphisme \u00e9co-responsable\u00a0?<\/h2>\n<p>Le choix des mod\u00e8les de logo ou de mise en page, g\u00e9n\u00e9rant moins d\u2019encre et donc moins de pollution, fait int\u00e9gralement partie de l\u2019\u00e9co-conception. La d\u00e9marche ne s\u2019arr\u00eate pourtant pas l\u00e0.<\/p>\n<figure id=\"attachment_15610\" aria-describedby=\"caption-attachment-15610\" style=\"width: 650px\" class=\"wp-caption aligncenter\"><img decoding=\"async\" class=\"wp-image-15610 size-full\" src=\"https:\/\/graphiste.com\/blog\/wp-content\/uploads\/sites\/4\/2019\/12\/ecobranding-logo-brands-2-e1576856959516.jpg\" alt=\"eco branding ecologie web design graphiste\" width=\"650\" height=\"206\" \/><figcaption id=\"caption-attachment-15610\" class=\"wp-caption-text\">Source&nbsp;: <a href=\"https:\/\/ecobranding-design.com\/\" target=\"_blank\" rel=\"noopener noreferrer\">EcoBranding<\/a><\/figcaption><\/figure>\n<p>Un graphiste respectueux de l\u2019environnement vous proposera \u00e9galement de travailler avec <a href=\"http:\/\/www.imprimvert.fr\/page\/1\/Accueil\">des imprimeurs labellis\u00e9s Imprim\u2019Vert<\/a>, avec des s\u00e9lections d\u2019encres et de papiers adapt\u00e9s \u00e0 vos besoins comme \u00e0 la pr\u00e9servation des ressources naturelles.<\/p>\n<p>Les 4 teintes de l\u2019offset seront privil\u00e9gi\u00e9es aux <a href=\"https:\/\/graphiste.com\/blog\/moderniser-logo\" target=\"_blank\" rel=\"noopener noreferrer\">Pantones<\/a>, car l\u2019utilisation de ces derni\u00e8res n\u00e9cessite plus de nettoyage des machines d\u2019impression.<\/p>\n<p><strong>M\u00eame le format des papiers va \u00eatre repens\u00e9\u00a0:<\/strong> les formats originaux g\u00e9n\u00e8rent des chutes de papier inutilisables, au contraire des formats standards. Et, bien s\u00fbr, la quantit\u00e9 sera calcul\u00e9e au plus juste\u00a0: imprimer 1\u00a0000 exemplaires d\u2019un document dont vous ne distribuerez que 600, pour des raisons \u00e9conomiques, ne sera pas valable d\u2019un point de vue environnemental.<\/p>\n<blockquote><p>\u00c0 lire aussi&nbsp;:\u00a0<a href=\"https:\/\/graphiste.com\/blog\/inspiration-packaging-bougies\">Inspiration\u00a0: 15 packaging pour sublimer vos bougies<\/a><\/p><\/blockquote>\n<p>&nbsp;<\/p>\n<h2>Pensez vert jusque dans votre site web<\/h2>\n<p>Le webdesign aussi inclut des d\u00e9marches \u00e9coresponsables. De petites diff\u00e9rences peuvent avoir une grande importance.<\/p>\n<p><img decoding=\"async\" class=\"aligncenter size-full wp-image-15611\" src=\"https:\/\/graphiste.com\/blog\/wp-content\/uploads\/sites\/4\/2019\/12\/ecobranding-icon-ux-1.jpg\" alt=\"\" width=\"500\" height=\"500\" \/><\/p>\n<p>Ainsi, vous avez sans doute d\u00e9j\u00e0 \u00e9limin\u00e9 les images trop lourdes, afin d\u2019acc\u00e9l\u00e9rer la vitesse de chargement de votre site.<\/p>\n<ul>\n<li>Mais savez-vous qu\u2019un visuel charg\u00e9 dans une dimension, mais visualis\u00e9 dans une autre, demande de l\u2019\u00e9nergie afin d\u2019\u00eatre redimensionn\u00e9e par le navigateur\u00a0?<\/li>\n<li>Il est pr\u00e9f\u00e9rable de pr\u00e9voir d\u00e8s le d\u00e9part des visuels au<strong> bon format<\/strong> et de proposer des<a href=\"https:\/\/graphiste.com\/blog\/outils-reduire-poids-fichiers-images\" target=\"_blank\" rel=\"noopener noreferrer\"> images SVG<\/a> chaque fois que possible.<\/li>\n<\/ul>\n<p>Un design web \u00e9co-con\u00e7u sera \u00e9pur\u00e9, en se reposant sur des \u00e9l\u00e9ments l\u00e9gers\u00a0: typos, <a href=\"https:\/\/graphiste.com\/blog\/outils-degrades-de-couleur\" target=\"_blank\" rel=\"noopener noreferrer\">d\u00e9grad\u00e9s CSS<\/a> essentiellement. Seuls les \u00e9l\u00e9ments essentiels s\u2019afficheront sur l\u2019\u00e9cran, \u00e0 la demande des internautes.<\/p>\n<blockquote><p>\u00c0 lire aussi&nbsp;: <a href=\"https:\/\/graphiste.com\/blog\/reussir-design-packaging\">4 secrets pour r\u00e9ussir le design de votre packaging<\/a><\/p><\/blockquote>\n<p>L\u2019\u00e9co-conception en graphisme est donc une d\u00e9marche globale. Elle tend certes \u00e0 des visuels plus all\u00e9g\u00e9s mais doit surtout \u00eatre int\u00e9gr\u00e9e d\u00e8s le d\u00e9but du parcours de r\u00e9flexion.<\/p>\n<p>L\u2019\u00e9conomie sera pour la plan\u00e8te, mais aussi pour <strong>les finances\u00a0<\/strong>: tous les documents imprim\u00e9s, m\u00eame en interne, b\u00e9n\u00e9ficieront de ces calculs.<\/p>\n<blockquote><p>\u00c0 lire aussi&nbsp;: <a href=\"https:\/\/graphiste.com\/blog\/ux-ui-webdesign-site-green-ecologique\">UX\/UI Design&nbsp;: 7 id\u00e9es \u00e9cologiques pour votre webdesign<\/a><\/p><\/blockquote>\n","protected":false},"excerpt":{"rendered":"<p>Dans l\u2019empreinte environnementale d\u2019une entreprise, les choix effectu\u00e9s en termes de graphisme ont autant d\u2019impact que les produits ou packagings utilis\u00e9s. Ces r\u00e9flexions semblent a priori moins connues, pourtant la communication visuelle sera elle aussi impliqu\u00e9e dans le d\u00e9veloppement durable. Du choix des typographies au webdesign, de nombreuses actions peuvent \u00eatre men\u00e9es. &nbsp; L\u2019\u00e9co-branding, une [&hellip;]<\/p>\n","protected":false},"author":1,"featured_media":15617,"comment_status":"closed","ping_status":"closed","sticky":false,"template":"","format":"standard","meta":{"_acf_changed":false,"inline_featured_image":false,"footnotes":""},"categories":[103],"tags":[69],"class_list":["post-15602","post","type-post","status-publish","format-standard","has-post-thumbnail","hentry","category-graphistes","tag-graphisme"],"acf":[],"yoast_head":"<!-- This site is optimized with the Yoast SEO plugin v25.9 - https:\/\/yoast.com\/wordpress\/plugins\/seo\/ -->\n<title>L\u2019\u00e9co-conception en graphisme\u00a0: pourquoi et comment\u00a0? - Graphiste Blog<\/title>\n<meta name=\"description\" content=\"Dans l\u2019empreinte environnementale d\u2019une entreprise, les choix effectu\u00e9s en termes de graphisme ont autant d\u2019impact que les produits ou packagings\" \/>\n<meta name=\"robots\" content=\"index, follow, max-snippet:-1, max-image-preview:large, max-video-preview:-1\" \/>\n<link rel=\"canonical\" href=\"https:\/\/graphiste.com\/blog\/leco-conception-en-graphisme-pourquoi-et-comment\/\" \/>\n<meta property=\"og:locale\" content=\"fr_FR\" \/>\n<meta property=\"og:type\" content=\"article\" \/>\n<meta property=\"og:title\" content=\"L\u2019\u00e9co-conception en graphisme\u00a0: pourquoi et comment\u00a0? - Graphiste Blog\" \/>\n<meta property=\"og:description\" content=\"Dans l\u2019empreinte environnementale d\u2019une entreprise, les choix effectu\u00e9s en termes de graphisme ont autant d\u2019impact que les produits ou packagings\" \/>\n<meta property=\"og:url\" content=\"https:\/\/graphiste.com\/blog\/leco-conception-en-graphisme-pourquoi-et-comment\/\" \/>\n<meta property=\"og:site_name\" content=\"Graphiste.com\" \/>\n<meta property=\"article:publisher\" content=\"https:\/\/www.facebook.com\/graphistesfreelances\" \/>\n<meta property=\"article:published_time\" content=\"2019-12-30T09:30:37+00:00\" \/>\n<meta property=\"article:modified_time\" content=\"2025-08-20T15:23:34+00:00\" \/>\n<meta property=\"og:image\" content=\"https:\/\/graphiste.com\/blog\/wp-content\/uploads\/sites\/4\/2019\/12\/une-graphiste-eco-conception-graphisme-pourquoi-comment-1.jpg\" \/>\n\t<meta property=\"og:image:width\" content=\"850\" \/>\n\t<meta property=\"og:image:height\" content=\"423\" \/>\n\t<meta property=\"og:image:type\" content=\"image\/jpeg\" \/>\n<meta name=\"author\" content=\"Laura Michaud\" \/>\n<meta name=\"twitter:card\" content=\"summary_large_image\" \/>\n<meta name=\"twitter:creator\" content=\"@Graphistecom\" \/>\n<meta name=\"twitter:site\" content=\"@Graphistecom\" \/>\n<meta name=\"twitter:label1\" content=\"\u00c9crit par\" \/>\n\t<meta name=\"twitter:data1\" content=\"Laura Michaud\" \/>\n\t<meta name=\"twitter:label2\" content=\"Dur\u00e9e de lecture estim\u00e9e\" \/>\n\t<meta name=\"twitter:data2\" content=\"3 minutes\" \/>\n<script type=\"application\/ld+json\" class=\"yoast-schema-graph\">{\"@context\":\"https:\/\/schema.org\",\"@graph\":[{\"@type\":\"Article\",\"@id\":\"https:\/\/graphiste.com\/blog\/leco-conception-en-graphisme-pourquoi-et-comment\/#article\",\"isPartOf\":{\"@id\":\"https:\/\/graphiste.com\/blog\/leco-conception-en-graphisme-pourquoi-et-comment\/\"},\"author\":{\"name\":\"Laura Michaud\",\"@id\":\"https:\/\/graphiste.com\/blog\/#\/schema\/person\/33c0ef04707fbe50a096f282050bb5f2\"},\"headline\":\"L\u2019\u00e9co-conception en graphisme\u00a0: pourquoi et comment\u00a0?\",\"datePublished\":\"2019-12-30T09:30:37+00:00\",\"dateModified\":\"2025-08-20T15:23:34+00:00\",\"mainEntityOfPage\":{\"@id\":\"https:\/\/graphiste.com\/blog\/leco-conception-en-graphisme-pourquoi-et-comment\/\"},\"wordCount\":688,\"publisher\":{\"@id\":\"https:\/\/graphiste.com\/blog\/#organization\"},\"image\":{\"@id\":\"https:\/\/graphiste.com\/blog\/leco-conception-en-graphisme-pourquoi-et-comment\/#primaryimage\"},\"thumbnailUrl\":\"https:\/\/graphiste.com\/blog\/wp-content\/uploads\/sites\/4\/2019\/12\/une-graphiste-eco-conception-graphisme-pourquoi-comment-1.jpg\",\"keywords\":[\"Tout savoir sur le Graphisme\"],\"articleSection\":[\"Graphistes\"],\"inLanguage\":\"fr-FR\"},{\"@type\":\"WebPage\",\"@id\":\"https:\/\/graphiste.com\/blog\/leco-conception-en-graphisme-pourquoi-et-comment\/\",\"url\":\"https:\/\/graphiste.com\/blog\/leco-conception-en-graphisme-pourquoi-et-comment\/\",\"name\":\"L\u2019\u00e9co-conception en graphisme\u00a0: pourquoi et comment\u00a0? - Graphiste Blog\",\"isPartOf\":{\"@id\":\"https:\/\/graphiste.com\/blog\/#website\"},\"primaryImageOfPage\":{\"@id\":\"https:\/\/graphiste.com\/blog\/leco-conception-en-graphisme-pourquoi-et-comment\/#primaryimage\"},\"image\":{\"@id\":\"https:\/\/graphiste.com\/blog\/leco-conception-en-graphisme-pourquoi-et-comment\/#primaryimage\"},\"thumbnailUrl\":\"https:\/\/graphiste.com\/blog\/wp-content\/uploads\/sites\/4\/2019\/12\/une-graphiste-eco-conception-graphisme-pourquoi-comment-1.jpg\",\"datePublished\":\"2019-12-30T09:30:37+00:00\",\"dateModified\":\"2025-08-20T15:23:34+00:00\",\"description\":\"Dans l\u2019empreinte environnementale d\u2019une entreprise, les choix effectu\u00e9s en termes de graphisme ont autant d\u2019impact que les produits ou packagings\",\"breadcrumb\":{\"@id\":\"https:\/\/graphiste.com\/blog\/leco-conception-en-graphisme-pourquoi-et-comment\/#breadcrumb\"},\"inLanguage\":\"fr-FR\",\"potentialAction\":[{\"@type\":\"ReadAction\",\"target\":[\"https:\/\/graphiste.com\/blog\/leco-conception-en-graphisme-pourquoi-et-comment\/\"]}]},{\"@type\":\"ImageObject\",\"inLanguage\":\"fr-FR\",\"@id\":\"https:\/\/graphiste.com\/blog\/leco-conception-en-graphisme-pourquoi-et-comment\/#primaryimage\",\"url\":\"https:\/\/graphiste.com\/blog\/wp-content\/uploads\/sites\/4\/2019\/12\/une-graphiste-eco-conception-graphisme-pourquoi-comment-1.jpg\",\"contentUrl\":\"https:\/\/graphiste.com\/blog\/wp-content\/uploads\/sites\/4\/2019\/12\/une-graphiste-eco-conception-graphisme-pourquoi-comment-1.jpg\",\"width\":850,\"height\":423},{\"@type\":\"BreadcrumbList\",\"@id\":\"https:\/\/graphiste.com\/blog\/leco-conception-en-graphisme-pourquoi-et-comment\/#breadcrumb\",\"itemListElement\":[{\"@type\":\"ListItem\",\"position\":1,\"name\":\"Blog\",\"item\":\"https:\/\/graphiste.com\/blog\/\"},{\"@type\":\"ListItem\",\"position\":2,\"name\":\"Graphistes\",\"item\":\"https:\/\/graphiste.com\/blog\/graphistes\/\"},{\"@type\":\"ListItem\",\"position\":3,\"name\":\"L\u2019\u00e9co-conception en graphisme\u00a0: pourquoi et comment\u00a0?\"}]},{\"@type\":\"WebSite\",\"@id\":\"https:\/\/graphiste.com\/blog\/#website\",\"url\":\"https:\/\/graphiste.com\/blog\/\",\"name\":\"Graphiste.com\",\"description\":\"graphiste\",\"publisher\":{\"@id\":\"https:\/\/graphiste.com\/blog\/#organization\"},\"potentialAction\":[{\"@type\":\"SearchAction\",\"target\":{\"@type\":\"EntryPoint\",\"urlTemplate\":\"https:\/\/graphiste.com\/blog\/?s={search_term_string}\"},\"query-input\":{\"@type\":\"PropertyValueSpecification\",\"valueRequired\":true,\"valueName\":\"search_term_string\"}}],\"inLanguage\":\"fr-FR\"},{\"@type\":\"Organization\",\"@id\":\"https:\/\/graphiste.com\/blog\/#organization\",\"name\":\"Graphiste.com\",\"url\":\"https:\/\/graphiste.com\/blog\/\",\"logo\":{\"@type\":\"ImageObject\",\"inLanguage\":\"fr-FR\",\"@id\":\"https:\/\/graphiste.com\/blog\/#\/schema\/logo\/image\/\",\"url\":\"https:\/\/graphiste.com\/blog\/wp-content\/uploads\/sites\/4\/2022\/07\/logo-blog-graphiste.svg\",\"contentUrl\":\"https:\/\/graphiste.com\/blog\/wp-content\/uploads\/sites\/4\/2022\/07\/logo-blog-graphiste.svg\",\"width\":1,\"height\":1,\"caption\":\"Graphiste.com\"},\"image\":{\"@id\":\"https:\/\/graphiste.com\/blog\/#\/schema\/logo\/image\/\"},\"sameAs\":[\"https:\/\/www.facebook.com\/graphistesfreelances\",\"https:\/\/x.com\/Graphistecom\",\"https:\/\/www.linkedin.com\/company\/graphiste-com\/\",\"https:\/\/fr.pinterest.com\/Graphiste_Com\",\"https:\/\/www.instagram.com\/graphiste_com\/\"]},{\"@type\":\"Person\",\"@id\":\"https:\/\/graphiste.com\/blog\/#\/schema\/person\/33c0ef04707fbe50a096f282050bb5f2\",\"name\":\"Laura Michaud\",\"image\":{\"@type\":\"ImageObject\",\"inLanguage\":\"fr-FR\",\"@id\":\"https:\/\/graphiste.com\/blog\/#\/schema\/person\/image\/\",\"url\":\"https:\/\/secure.gravatar.com\/avatar\/c3328cc0c887f98cec6b2979af3311ab6333fc7cc2d4847514cfec6a56fa08a7?s=96&d=mm&r=g\",\"contentUrl\":\"https:\/\/secure.gravatar.com\/avatar\/c3328cc0c887f98cec6b2979af3311ab6333fc7cc2d4847514cfec6a56fa08a7?s=96&d=mm&r=g\",\"caption\":\"Laura Michaud\"},\"description\":\"Laura connait tous les meilleurs outils pour g\u00e9rer des projets et une entreprise. Cr\u00e9ative, c'est aussi une sp\u00e9cialiste des outils de cr\u00e9ation graphique pour faire briller une entreprise.\",\"sameAs\":[\"https:\/\/www.linkedin.com\/in\/michaudlaura\/\"],\"url\":\"https:\/\/graphiste.com\/blog\/author\/laura\/\"}]}<\/script>\n<!-- \/ Yoast SEO plugin. -->","yoast_head_json":{"title":"L\u2019\u00e9co-conception en graphisme\u00a0: pourquoi et comment\u00a0? - Graphiste Blog","description":"Dans l\u2019empreinte environnementale d\u2019une entreprise, les choix effectu\u00e9s en termes de graphisme ont autant d\u2019impact que les produits ou packagings","robots":{"index":"index","follow":"follow","max-snippet":"max-snippet:-1","max-image-preview":"max-image-preview:large","max-video-preview":"max-video-preview:-1"},"canonical":"https:\/\/graphiste.com\/blog\/leco-conception-en-graphisme-pourquoi-et-comment\/","og_locale":"fr_FR","og_type":"article","og_title":"L\u2019\u00e9co-conception en graphisme\u00a0: pourquoi et comment\u00a0? - Graphiste Blog","og_description":"Dans l\u2019empreinte environnementale d\u2019une entreprise, les choix effectu\u00e9s en termes de graphisme ont autant d\u2019impact que les produits ou packagings","og_url":"https:\/\/graphiste.com\/blog\/leco-conception-en-graphisme-pourquoi-et-comment\/","og_site_name":"Graphiste.com","article_publisher":"https:\/\/www.facebook.com\/graphistesfreelances","article_published_time":"2019-12-30T09:30:37+00:00","article_modified_time":"2025-08-20T15:23:34+00:00","og_image":[{"width":850,"height":423,"url":"https:\/\/graphiste.com\/blog\/wp-content\/uploads\/sites\/4\/2019\/12\/une-graphiste-eco-conception-graphisme-pourquoi-comment-1.jpg","type":"image\/jpeg"}],"author":"Laura Michaud","twitter_card":"summary_large_image","twitter_creator":"@Graphistecom","twitter_site":"@Graphistecom","twitter_misc":{"\u00c9crit par":"Laura Michaud","Dur\u00e9e de lecture estim\u00e9e":"3 minutes"},"schema":{"@context":"https:\/\/schema.org","@graph":[{"@type":"Article","@id":"https:\/\/graphiste.com\/blog\/leco-conception-en-graphisme-pourquoi-et-comment\/#article","isPartOf":{"@id":"https:\/\/graphiste.com\/blog\/leco-conception-en-graphisme-pourquoi-et-comment\/"},"author":{"name":"Laura Michaud","@id":"https:\/\/graphiste.com\/blog\/#\/schema\/person\/33c0ef04707fbe50a096f282050bb5f2"},"headline":"L\u2019\u00e9co-conception en graphisme\u00a0: pourquoi et comment\u00a0?","datePublished":"2019-12-30T09:30:37+00:00","dateModified":"2025-08-20T15:23:34+00:00","mainEntityOfPage":{"@id":"https:\/\/graphiste.com\/blog\/leco-conception-en-graphisme-pourquoi-et-comment\/"},"wordCount":688,"publisher":{"@id":"https:\/\/graphiste.com\/blog\/#organization"},"image":{"@id":"https:\/\/graphiste.com\/blog\/leco-conception-en-graphisme-pourquoi-et-comment\/#primaryimage"},"thumbnailUrl":"https:\/\/graphiste.com\/blog\/wp-content\/uploads\/sites\/4\/2019\/12\/une-graphiste-eco-conception-graphisme-pourquoi-comment-1.jpg","keywords":["Tout savoir sur le Graphisme"],"articleSection":["Graphistes"],"inLanguage":"fr-FR"},{"@type":"WebPage","@id":"https:\/\/graphiste.com\/blog\/leco-conception-en-graphisme-pourquoi-et-comment\/","url":"https:\/\/graphiste.com\/blog\/leco-conception-en-graphisme-pourquoi-et-comment\/","name":"L\u2019\u00e9co-conception en graphisme\u00a0: pourquoi et comment\u00a0? - Graphiste Blog","isPartOf":{"@id":"https:\/\/graphiste.com\/blog\/#website"},"primaryImageOfPage":{"@id":"https:\/\/graphiste.com\/blog\/leco-conception-en-graphisme-pourquoi-et-comment\/#primaryimage"},"image":{"@id":"https:\/\/graphiste.com\/blog\/leco-conception-en-graphisme-pourquoi-et-comment\/#primaryimage"},"thumbnailUrl":"https:\/\/graphiste.com\/blog\/wp-content\/uploads\/sites\/4\/2019\/12\/une-graphiste-eco-conception-graphisme-pourquoi-comment-1.jpg","datePublished":"2019-12-30T09:30:37+00:00","dateModified":"2025-08-20T15:23:34+00:00","description":"Dans l\u2019empreinte environnementale d\u2019une entreprise, les choix effectu\u00e9s en termes de graphisme ont autant d\u2019impact que les produits ou packagings","breadcrumb":{"@id":"https:\/\/graphiste.com\/blog\/leco-conception-en-graphisme-pourquoi-et-comment\/#breadcrumb"},"inLanguage":"fr-FR","potentialAction":[{"@type":"ReadAction","target":["https:\/\/graphiste.com\/blog\/leco-conception-en-graphisme-pourquoi-et-comment\/"]}]},{"@type":"ImageObject","inLanguage":"fr-FR","@id":"https:\/\/graphiste.com\/blog\/leco-conception-en-graphisme-pourquoi-et-comment\/#primaryimage","url":"https:\/\/graphiste.com\/blog\/wp-content\/uploads\/sites\/4\/2019\/12\/une-graphiste-eco-conception-graphisme-pourquoi-comment-1.jpg","contentUrl":"https:\/\/graphiste.com\/blog\/wp-content\/uploads\/sites\/4\/2019\/12\/une-graphiste-eco-conception-graphisme-pourquoi-comment-1.jpg","width":850,"height":423},{"@type":"BreadcrumbList","@id":"https:\/\/graphiste.com\/blog\/leco-conception-en-graphisme-pourquoi-et-comment\/#breadcrumb","itemListElement":[{"@type":"ListItem","position":1,"name":"Blog","item":"https:\/\/graphiste.com\/blog\/"},{"@type":"ListItem","position":2,"name":"Graphistes","item":"https:\/\/graphiste.com\/blog\/graphistes\/"},{"@type":"ListItem","position":3,"name":"L\u2019\u00e9co-conception en graphisme\u00a0: pourquoi et comment\u00a0?"}]},{"@type":"WebSite","@id":"https:\/\/graphiste.com\/blog\/#website","url":"https:\/\/graphiste.com\/blog\/","name":"Graphiste.com","description":"graphiste","publisher":{"@id":"https:\/\/graphiste.com\/blog\/#organization"},"potentialAction":[{"@type":"SearchAction","target":{"@type":"EntryPoint","urlTemplate":"https:\/\/graphiste.com\/blog\/?s={search_term_string}"},"query-input":{"@type":"PropertyValueSpecification","valueRequired":true,"valueName":"search_term_string"}}],"inLanguage":"fr-FR"},{"@type":"Organization","@id":"https:\/\/graphiste.com\/blog\/#organization","name":"Graphiste.com","url":"https:\/\/graphiste.com\/blog\/","logo":{"@type":"ImageObject","inLanguage":"fr-FR","@id":"https:\/\/graphiste.com\/blog\/#\/schema\/logo\/image\/","url":"https:\/\/graphiste.com\/blog\/wp-content\/uploads\/sites\/4\/2022\/07\/logo-blog-graphiste.svg","contentUrl":"https:\/\/graphiste.com\/blog\/wp-content\/uploads\/sites\/4\/2022\/07\/logo-blog-graphiste.svg","width":1,"height":1,"caption":"Graphiste.com"},"image":{"@id":"https:\/\/graphiste.com\/blog\/#\/schema\/logo\/image\/"},"sameAs":["https:\/\/www.facebook.com\/graphistesfreelances","https:\/\/x.com\/Graphistecom","https:\/\/www.linkedin.com\/company\/graphiste-com\/","https:\/\/fr.pinterest.com\/Graphiste_Com","https:\/\/www.instagram.com\/graphiste_com\/"]},{"@type":"Person","@id":"https:\/\/graphiste.com\/blog\/#\/schema\/person\/33c0ef04707fbe50a096f282050bb5f2","name":"Laura Michaud","image":{"@type":"ImageObject","inLanguage":"fr-FR","@id":"https:\/\/graphiste.com\/blog\/#\/schema\/person\/image\/","url":"https:\/\/secure.gravatar.com\/avatar\/c3328cc0c887f98cec6b2979af3311ab6333fc7cc2d4847514cfec6a56fa08a7?s=96&d=mm&r=g","contentUrl":"https:\/\/secure.gravatar.com\/avatar\/c3328cc0c887f98cec6b2979af3311ab6333fc7cc2d4847514cfec6a56fa08a7?s=96&d=mm&r=g","caption":"Laura Michaud"},"description":"Laura connait tous les meilleurs outils pour g\u00e9rer des projets et une entreprise. Cr\u00e9ative, c'est aussi une sp\u00e9cialiste des outils de cr\u00e9ation graphique pour faire briller une entreprise.","sameAs":["https:\/\/www.linkedin.com\/in\/michaudlaura\/"],"url":"https:\/\/graphiste.com\/blog\/author\/laura\/"}]}},"_links":{"self":[{"href":"https:\/\/graphiste.com\/blog\/wp-json\/wp\/v2\/posts\/15602","targetHints":{"allow":["GET"]}}],"collection":[{"href":"https:\/\/graphiste.com\/blog\/wp-json\/wp\/v2\/posts"}],"about":[{"href":"https:\/\/graphiste.com\/blog\/wp-json\/wp\/v2\/types\/post"}],"author":[{"embeddable":true,"href":"https:\/\/graphiste.com\/blog\/wp-json\/wp\/v2\/users\/1"}],"replies":[{"embeddable":true,"href":"https:\/\/graphiste.com\/blog\/wp-json\/wp\/v2\/comments?post=15602"}],"version-history":[{"count":0,"href":"https:\/\/graphiste.com\/blog\/wp-json\/wp\/v2\/posts\/15602\/revisions"}],"wp:featuredmedia":[{"embeddable":true,"href":"https:\/\/graphiste.com\/blog\/wp-json\/wp\/v2\/media\/15617"}],"wp:attachment":[{"href":"https:\/\/graphiste.com\/blog\/wp-json\/wp\/v2\/media?parent=15602"}],"wp:term":[{"taxonomy":"category","embeddable":true,"href":"https:\/\/graphiste.com\/blog\/wp-json\/wp\/v2\/categories?post=15602"},{"taxonomy":"post_tag","embeddable":true,"href":"https:\/\/graphiste.com\/blog\/wp-json\/wp\/v2\/tags?post=15602"}],"curies":[{"name":"wp","href":"https:\/\/api.w.org\/{rel}","templated":true}]}}