{"id":14875,"date":"2019-11-22T17:30:16","date_gmt":"2019-11-22T16:30:16","guid":{"rendered":"https:\/\/graphiste.com\/blog\/?p=14875"},"modified":"2022-11-10T14:29:38","modified_gmt":"2022-11-10T13:29:38","slug":"inspiration-modeles-faire-part-creatifs","status":"publish","type":"post","link":"https:\/\/graphiste.com\/blog\/inspiration-modeles-faire-part-creatifs\/","title":{"rendered":"Inspiration&nbsp;: 16 mod\u00e8les de faire-part cr\u00e9atifs"},"content":{"rendered":"<p>Chaque ann\u00e9e, il y a des mariages, des <a href=\"https:\/\/graphiste.com\/blog\/creer-faire-part-de-naissance\">naissances<\/a>\u2026 Autant de moments de c\u00e9l\u00e9bration que l\u2019on a envie de partager avec ses proches.<\/p>\n<p>Le meilleur moyen pour le faire reste toujours le<strong> faire-part<\/strong>. L\u00e0, comme ailleurs, il y a des tendances \u00e0 suivre. Personne ne refusera de participer \u00e0 un \u00e9v\u00e9nement qui ne les respecte pas.<\/p>\n<p>Mais autant se faire plaisir avec des cartons d\u2019invitation dans l\u2019air du temps.<\/p>\n<p>&nbsp;<\/p>\n<h2>Un petit air de nature<\/h2>\n<p>La nature a pris racine dans notre paysage il y a quelques ann\u00e9es, et elle n\u2019est pas pr\u00e8s de dispara\u00eetre. Il y a plusieurs mani\u00e8res de l\u2019inclure dans les <a href=\"https:\/\/graphiste.com\/blog\/reussir-faire-part-de-mariage\">faire-part<\/a>.<\/p>\n<p><img decoding=\"async\" class=\"aligncenter size-full wp-image-14885\" src=\"https:\/\/graphiste.com\/blog\/wp-content\/uploads\/sites\/4\/2019\/11\/FairePart-SurMesure-Bois_02-e1574325865739.jpg\" alt=\"\" width=\"650\" height=\"413\" \/><\/p>\n<ul>\n<li><strong>Dans les motifs<\/strong>\u00a0: avec des fleurs partout, notamment en couronnes avec des v\u00e9g\u00e9taux sur le dessus.<\/li>\n<li><strong>Dans les mati\u00e8res<\/strong>\u00a0: l\u2019id\u00e9e est d\u2019utiliser des mat\u00e9riaux un peu moins standard, comme des \u00e9corces et du tissu, par petites touches ou pour tout le document. On trouve maintenant des faire-part en bois suffisamment fin pour se glisser dans l\u2019enveloppe. Sur du \u00ab\u00a0simple\u00a0\u00bb papier, on peut aussi ajouter des feuilles d\u2019or, des plumes, des rubans ou m\u00eame de v\u00e9ritables \u00e9pices pour plus de relief.<\/li>\n<\/ul>\n<p><img decoding=\"async\" class=\"aligncenter size-full wp-image-3863\" src=\"https:\/\/graphiste.com\/blog\/wp-content\/uploads\/sites\/4\/2017\/05\/faire-part-nature.jpg\" alt=\"\" width=\"600\" height=\"400\" \/><\/p>\n<p>&nbsp;<\/p>\n<blockquote><p><strong>Le papier ensemenc\u00e9&nbsp;!\u00a0<\/strong>Si vous avez l&#8217;esprit DIY ou z\u00e9ro d\u00e9chets, vous pouvez envoyer des faire-part originaux qui contiennent des petites graines \u00e0 planter une fois la c\u00e9r\u00e9monie termin\u00e9e&nbsp;! De quoi se faire plaisir avec de jolies plantes \u00e0 regarder pousser&#8230;<\/p><\/blockquote>\n<p><img decoding=\"async\" class=\"aligncenter size-full wp-image-14878\" src=\"https:\/\/graphiste.com\/blog\/wp-content\/uploads\/sites\/4\/2019\/11\/faire-part-mariage-fleuri-ensemence-graine-latelierdelsa-e1574324463998.jpg\" alt=\"\" width=\"650\" height=\"430\" \/><\/p>\n<p><img decoding=\"async\" class=\"aligncenter size-full wp-image-14879\" src=\"https:\/\/graphiste.com\/blog\/wp-content\/uploads\/sites\/4\/2019\/11\/FP-d\u00e9tail-graines-de-fleurs-e1574324585905.jpg\" alt=\"\" width=\"650\" height=\"433\" \/><\/p>\n<blockquote><p>\u00c0 lire aussi&nbsp;: <a href=\"https:\/\/graphiste.com\/blog\/tendances-graphiques-2021\">Les tendances graphiques qui vont marquer 2020<\/a><\/p><\/blockquote>\n<p>&nbsp;<\/p>\n<h2>Le grand show de l\u2019aquarelle<\/h2>\n<p><a href=\"https:\/\/graphiste.com\/blog\/idees-graphiques-backgrounds\" target=\"_blank\" rel=\"noopener noreferrer\">L\u2019aquarelle<\/a> et ses teintes douces font partie des techniques qui occupent le podium cette saison. On la retrouve en trame de fond sous le texte, mais aussi avec des illustrations, le plus souvent florales.<\/p>\n<figure id=\"attachment_14882\" aria-describedby=\"caption-attachment-14882\" style=\"width: 650px\" class=\"wp-caption aligncenter\"><img decoding=\"async\" class=\"wp-image-14882 size-full\" src=\"https:\/\/graphiste.com\/blog\/wp-content\/uploads\/sites\/4\/2019\/11\/faire_part_mariage_01b-e1574325077630.jpg\" alt=\"\" width=\"650\" height=\"488\" \/><figcaption id=\"caption-attachment-14882\" class=\"wp-caption-text\">Source&nbsp;: Les croquis de St\u00e9phanie<\/figcaption><\/figure>\n<p>N\u00e9anmoins, comme la personnalisation des faire-part est \u00e9galement un ph\u00e9nom\u00e8ne qui prend de l\u2019ampleur, l\u2019une des tendances phares est de faire peindre son couple ou sa famille pour cette occasion. L\u2019illustration, toute en douceur, transforme un objet parfois trop banal <strong>en \u0153uvre d\u2019art.<\/strong><\/p>\n<p><img decoding=\"async\" class=\"aligncenter size-full wp-image-14881\" src=\"https:\/\/graphiste.com\/blog\/wp-content\/uploads\/sites\/4\/2019\/11\/portrait-mariage-illustration-aquarelle-faire-part-sur-mesure-2-e1574325054464.jpg\" alt=\"\" width=\"650\" height=\"650\" \/><\/p>\n<blockquote><p>\u00c0 lire aussi&nbsp;: <a href=\"https:\/\/graphiste.com\/blog\/inspiration-illustration-inktober-2019\">Inspiration&nbsp;: 25 superbes illustrations Inktober 2019<\/a><\/p><\/blockquote>\n<p>&nbsp;<\/p>\n<h2>Les t\u00e2ches font aussi leurs grands retours&nbsp;!<\/h2>\n<p><img decoding=\"async\" class=\"aligncenter size-full wp-image-14883\" src=\"https:\/\/graphiste.com\/blog\/wp-content\/uploads\/sites\/4\/2019\/11\/faire-part-mariage-sur-mesure-letterpress-et-dorure-a-chaud-or-950x1267-e1574325628344.jpg\" alt=\"\" width=\"487\" height=\"650\" \/><\/p>\n<p><strong>La nouveaut\u00e9 du moment<\/strong> est aussi l&#8217;utilisation de faire-part cr\u00e9atifs avec des t\u00e2ches color\u00e9s, dor\u00e9es, et de formes vari\u00e9es&nbsp;! Par exemple, les motifs viennent adoucir une <a href=\"https:\/\/graphiste.com\/blog\/choisir-typographie-serif-sans-serif\" target=\"_blank\" rel=\"noopener noreferrer\">typographie Sans Serif<\/a>, et donnent m\u00eame un air de f\u00eate \u00e0 l&#8217;ensemble. Ajoutez de la <a href=\"https:\/\/graphiste.com\/blog\/letterpress-bonne-impression\" target=\"_blank\" rel=\"noopener noreferrer\">dorure \u00e0 chaud<\/a> ou des paillettes et le tour est jou\u00e9&nbsp;!<\/p>\n<p><img decoding=\"async\" class=\"aligncenter size-full wp-image-14884\" src=\"https:\/\/graphiste.com\/blog\/wp-content\/uploads\/sites\/4\/2019\/11\/classique-taches-faire-part-interieur-e1574325745126.png\" alt=\"\" width=\"650\" height=\"649\" \/><\/p>\n<blockquote><p>\u00c0 lire aussi&nbsp;:\u00a0<a href=\"https:\/\/graphiste.com\/blog\/5-inspiration-trouver-idee-creative\">Panne d\u2019inspiration&nbsp;? 6 mani\u00e8res de se remuer les m\u00e9ninges<\/a><\/p><\/blockquote>\n<p>&nbsp;<\/p>\n<h2>\u00c9crit \u00e0 la main\u00a0?<\/h2>\n<p><img decoding=\"async\" class=\"aligncenter size-full wp-image-14889\" src=\"https:\/\/graphiste.com\/blog\/wp-content\/uploads\/sites\/4\/2019\/11\/Faire-Part-Naissance-Haute-Couture-Or-Biscuit-7-e1574328422431.jpg\" alt=\"\" width=\"650\" height=\"434\" \/><\/p>\n<p>Les invitations calligraphi\u00e9es \u00e9taient \u00e0 la mode en 2016. En 2020, elles reviennent, mais en donnant l\u2019impression d\u2019\u00eatre \u00e9crites \u00e0 l\u2019encre de Chine. Le r\u00e9sultat est bluffant et demande moins de travail que l\u2019on pourrait le craindre\u00a0: il existe des<a href=\"https:\/\/graphiste.com\/blog\/conseils-utiliser-typographie-manuscrite\" target=\"_blank\" rel=\"noopener noreferrer\"> typographies<\/a> parfaitement adapt\u00e9es pour cette situation\u00a0!<\/p>\n<p><img decoding=\"async\" class=\"aligncenter size-large wp-image-3865\" src=\"https:\/\/graphiste.com\/blog\/wp-content\/uploads\/sites\/4\/2017\/05\/Faire-Part-Calligraphie-1024x341.jpg\" alt=\"\" width=\"810\" height=\"270\" \/><\/p>\n<blockquote><p>\u00c0 lire aussi&nbsp;: <a href=\"https:\/\/graphiste.com\/blog\/typographie-manuscrite-gratuite\">Typographie&nbsp;: 15 polices d&#8217;\u00e9critures manuscrites \u00e0 t\u00e9l\u00e9charger gratuitement<\/a><\/p><\/blockquote>\n<p>&nbsp;<\/p>\n<h2>Des faire-part en relief<\/h2>\n<p><a href=\"https:\/\/graphiste.com\/blog\/formes-carte-de-visite\" target=\"_blank\" rel=\"noopener noreferrer\">C\u00f4t\u00e9 formes<\/a>, les cartons rectangulaires ou carr\u00e9s se glissent toujours tr\u00e8s facilement dans les enveloppes. N\u00e9anmoins, ils cachent parfois des pop-up, avec <strong>de d\u00e9licates d\u00e9coupes de papier<\/strong>.<\/p>\n<p><img decoding=\"async\" class=\"aligncenter size-full wp-image-14886\" src=\"https:\/\/graphiste.com\/blog\/wp-content\/uploads\/sites\/4\/2019\/11\/faire-part-mariage-pochette-cisele-decoupe-laser-cut-princesse-porte-chateau-oriental-glitter-bleu-nuit-or-WPL0172.jpg\" alt=\"faire part mariage original cr\u00e9atif\" width=\"550\" height=\"550\" \/><\/p>\n<p>Cette technique n\u00e9cessite un parfait calibrage des machines de l\u2019imprimeur et reste, par cons\u00e9quent, relativement peu exploit\u00e9e. Elle ne comptera peut-\u00eatre pas parmi celles que l\u2019on verra le plus cette ann\u00e9e, mais elle s\u2019inscrit parmi celles que l\u2019on remarque le plus.<\/p>\n<p><img decoding=\"async\" class=\"aligncenter wp-image-3866 size-full\" src=\"https:\/\/graphiste.com\/blog\/wp-content\/uploads\/sites\/4\/2017\/05\/faire-part-pop-up-e1574327580815.jpg\" alt=\"\" width=\"650\" height=\"434\" \/><\/p>\n<p>Pour un mariage <strong>plut\u00f4t chic<\/strong>, les formes d\u00e9coup\u00e9es, en relief ou les enveloppes matelass\u00e9es ou \u00e0 noeuds font leur grand retour&nbsp;! Vous allez surprendre vos invit\u00e9s avec ces d\u00e9coupes d\u00e9licates&nbsp;: de v\u00e9ritables oeuvres d&#8217;art que vos convives seront fiers de garder, bien apr\u00e8s votre mariage.<\/p>\n<p><img decoding=\"async\" class=\"aligncenter size-full wp-image-14887\" src=\"https:\/\/graphiste.com\/blog\/wp-content\/uploads\/sites\/4\/2019\/11\/faire-part-mariage-cisele-sur-mesure-decoupe-laser-cut-dentelle-gold-or-fleur-aquarelle-romantique-chic-rose-poudre.jpg\" alt=\"\" width=\"550\" height=\"550\" \/><\/p>\n<p><img decoding=\"async\" class=\"aligncenter wp-image-14888\" src=\"https:\/\/graphiste.com\/blog\/wp-content\/uploads\/sites\/4\/2019\/11\/pochette-POC0067-theme-chic-faire-part-mariage-jecreemonfairepart-e1574327729771.jpg\" alt=\"\" width=\"545\" height=\"545\" \/><\/p>\n<p>&nbsp;<\/p>\n<h2>Le minimalisme fait son come-back&nbsp;!<\/h2>\n<p>Le &#8220;less-is-more&#8221; est toujours d&#8217;actualit\u00e9s en 2020, et il se d\u00e9cline aussi bien dans nos faire-part que dans notre quotidien. Cette <a href=\"https:\/\/graphiste.com\/blog\/reussir-affiche-minimaliste\" target=\"_blank\" rel=\"noopener noreferrer\">tendance minimaliste<\/a> peut s&#8217;associer \u00e0 des teintes chaudes comme les dor\u00e9es, ou froides, comme le gris ou l&#8217;effet marbre.<\/p>\n<p><img decoding=\"async\" class=\"aligncenter size-full wp-image-14892\" src=\"https:\/\/graphiste.com\/blog\/wp-content\/uploads\/sites\/4\/2019\/11\/M47-035-board-e1574329610773.jpg\" alt=\"\" width=\"650\" height=\"476\" \/><\/p>\n<p><img decoding=\"async\" class=\"aligncenter size-full wp-image-14891\" src=\"https:\/\/graphiste.com\/blog\/wp-content\/uploads\/sites\/4\/2019\/11\/minimaliste-gris-or.jpg\" alt=\"\" width=\"500\" height=\"500\" \/><\/p>\n<p>&nbsp;<\/p>\n<h2>Ce qui se cache aussi dans l\u2019enveloppe<\/h2>\n<p>M\u00eame les plus beaux faire-part sont de plus en plus souvent accompagn\u00e9s de divers \u00e9l\u00e9ments. Ce sont maintenant de v\u00e9ritables pochettes surprises qui se cachent dans les bo\u00eetes aux lettres.<\/p>\n<p><img decoding=\"async\" class=\"aligncenter wp-image-14894 size-full\" src=\"https:\/\/graphiste.com\/blog\/wp-content\/uploads\/sites\/4\/2019\/11\/argent-ou-cadeaux-de-mariage_4838414-e1574330077460.jpg\" alt=\"\" width=\"650\" height=\"366\" \/><\/p>\n<p>On y trouve des coupons-r\u00e9ponse, des invitations suppl\u00e9mentaires pour certaines parties de la soir\u00e9e, des confettis, des ballons\u2026 Autant d\u2019accessoires qui sont, bien s\u00fbr, en accord avec le style central du faire-part.<\/p>\n<p>&nbsp;<\/p>\n<p>Fleurs, aquarelles, ambiance chic avec papier d\u00e9coup\u00e9, style r\u00e9tro\u2026 Telles sont les principales tendances de l\u2019ann\u00e9e. Ce qui va les diff\u00e9rencier, c\u2019est la mani\u00e8re dont elles seront personnalis\u00e9es. Et c\u2019est pour cette raison que de plus en plus de personnes font appel \u00e0 de v\u00e9ritables <a href=\"https:\/\/graphiste.com\/users\">cr\u00e9ateurs et graphistes sp\u00e9cialis\u00e9s<\/a> pour leurs \u00e9v\u00e9nements les plus importants.<\/p>\n<p>Un mariage, une naissance, c\u2019est bien plus qu\u2019une f\u00eate de famille. C\u2019est une d\u00e9claration au monde et un souvenir \u00e0 engranger. Faire cr\u00e9er de belles invitations, c\u2019est avoir aussi envie de les conserver, au m\u00eame titre que les photographies du Jour-J.<\/p>\n<p>Pour recevoir des devis de graphistes\u00a0freelance, d\u00e9posez gratuitement votre annonce sur Graphiste.com.<\/p>\n","protected":false},"excerpt":{"rendered":"<p>Chaque ann\u00e9e, il y a des mariages, des naissances\u2026 Autant de moments de c\u00e9l\u00e9bration que l\u2019on a envie de partager avec ses proches. Le meilleur moyen pour le faire reste toujours le faire-part. L\u00e0, comme ailleurs, il y a des tendances \u00e0 suivre. Personne ne refusera de participer \u00e0 un \u00e9v\u00e9nement qui ne les respecte [&hellip;]<\/p>\n","protected":false},"author":1,"featured_media":14896,"comment_status":"open","ping_status":"open","sticky":false,"template":"","format":"standard","meta":{"_acf_changed":false,"inline_featured_image":false,"footnotes":""},"categories":[8],"tags":[55],"class_list":["post-14875","post","type-post","status-publish","format-standard","has-post-thumbnail","hentry","category-print","tag-inspiration"],"acf":[],"yoast_head":"<!-- This site is optimized with the Yoast SEO plugin v25.9 - https:\/\/yoast.com\/wordpress\/plugins\/seo\/ -->\n<title>Inspiration : 16 mod\u00e8les de faire-part cr\u00e9atifs - Graphiste Blog<\/title>\n<meta name=\"description\" content=\"Chaque ann\u00e9e, il y a des mariages, des naissances\u2026 Autant de moments de c\u00e9l\u00e9bration que l\u2019on a envie de partager avec ses proches. Le meilleur moyen pour\" \/>\n<meta name=\"robots\" content=\"index, follow, max-snippet:-1, max-image-preview:large, max-video-preview:-1\" \/>\n<link rel=\"canonical\" href=\"https:\/\/graphiste.com\/blog\/inspiration-modeles-faire-part-creatifs\/\" \/>\n<meta property=\"og:locale\" content=\"fr_FR\" \/>\n<meta property=\"og:type\" content=\"article\" \/>\n<meta property=\"og:title\" content=\"Inspiration : 16 mod\u00e8les de faire-part cr\u00e9atifs - Graphiste Blog\" \/>\n<meta property=\"og:description\" content=\"Chaque ann\u00e9e, il y a des mariages, des naissances\u2026 Autant de moments de c\u00e9l\u00e9bration que l\u2019on a envie de partager avec ses proches. Le meilleur moyen pour\" \/>\n<meta property=\"og:url\" content=\"https:\/\/graphiste.com\/blog\/inspiration-modeles-faire-part-creatifs\/\" \/>\n<meta property=\"og:site_name\" content=\"Graphiste.com\" \/>\n<meta property=\"article:publisher\" content=\"https:\/\/www.facebook.com\/graphistesfreelances\" \/>\n<meta property=\"article:published_time\" content=\"2019-11-22T16:30:16+00:00\" \/>\n<meta property=\"article:modified_time\" content=\"2022-11-10T13:29:38+00:00\" \/>\n<meta property=\"og:image\" content=\"https:\/\/graphiste.com\/blog\/wp-content\/uploads\/sites\/4\/2019\/11\/une-graphiste-modele-faire-part-creatif-1.jpg\" \/>\n\t<meta property=\"og:image:width\" content=\"850\" \/>\n\t<meta property=\"og:image:height\" content=\"423\" \/>\n\t<meta property=\"og:image:type\" content=\"image\/jpeg\" \/>\n<meta name=\"author\" content=\"Laura Michaud\" \/>\n<meta name=\"twitter:card\" content=\"summary_large_image\" \/>\n<meta name=\"twitter:creator\" content=\"@Graphistecom\" \/>\n<meta name=\"twitter:site\" content=\"@Graphistecom\" \/>\n<meta name=\"twitter:label1\" content=\"\u00c9crit par\" \/>\n\t<meta name=\"twitter:data1\" content=\"Laura Michaud\" \/>\n\t<meta name=\"twitter:label2\" content=\"Dur\u00e9e de lecture estim\u00e9e\" \/>\n\t<meta name=\"twitter:data2\" content=\"8 minutes\" \/>\n<script type=\"application\/ld+json\" class=\"yoast-schema-graph\">{\"@context\":\"https:\/\/schema.org\",\"@graph\":[{\"@type\":\"Article\",\"@id\":\"https:\/\/graphiste.com\/blog\/inspiration-modeles-faire-part-creatifs\/#article\",\"isPartOf\":{\"@id\":\"https:\/\/graphiste.com\/blog\/inspiration-modeles-faire-part-creatifs\/\"},\"author\":{\"name\":\"Laura Michaud\",\"@id\":\"https:\/\/graphiste.com\/blog\/#\/schema\/person\/33c0ef04707fbe50a096f282050bb5f2\"},\"headline\":\"Inspiration&nbsp;: 16 mod\u00e8les de faire-part cr\u00e9atifs\",\"datePublished\":\"2019-11-22T16:30:16+00:00\",\"dateModified\":\"2022-11-10T13:29:38+00:00\",\"mainEntityOfPage\":{\"@id\":\"https:\/\/graphiste.com\/blog\/inspiration-modeles-faire-part-creatifs\/\"},\"wordCount\":929,\"commentCount\":0,\"publisher\":{\"@id\":\"https:\/\/graphiste.com\/blog\/#organization\"},\"image\":{\"@id\":\"https:\/\/graphiste.com\/blog\/inspiration-modeles-faire-part-creatifs\/#primaryimage\"},\"thumbnailUrl\":\"https:\/\/graphiste.com\/blog\/wp-content\/uploads\/sites\/4\/2019\/11\/une-graphiste-modele-faire-part-creatif-1.jpg\",\"keywords\":[\"Inspirez-vous\"],\"articleSection\":[\"Print\"],\"inLanguage\":\"fr-FR\",\"potentialAction\":[{\"@type\":\"CommentAction\",\"name\":\"Comment\",\"target\":[\"https:\/\/graphiste.com\/blog\/inspiration-modeles-faire-part-creatifs\/#respond\"]}]},{\"@type\":\"WebPage\",\"@id\":\"https:\/\/graphiste.com\/blog\/inspiration-modeles-faire-part-creatifs\/\",\"url\":\"https:\/\/graphiste.com\/blog\/inspiration-modeles-faire-part-creatifs\/\",\"name\":\"Inspiration : 16 mod\u00e8les de faire-part cr\u00e9atifs - Graphiste Blog\",\"isPartOf\":{\"@id\":\"https:\/\/graphiste.com\/blog\/#website\"},\"primaryImageOfPage\":{\"@id\":\"https:\/\/graphiste.com\/blog\/inspiration-modeles-faire-part-creatifs\/#primaryimage\"},\"image\":{\"@id\":\"https:\/\/graphiste.com\/blog\/inspiration-modeles-faire-part-creatifs\/#primaryimage\"},\"thumbnailUrl\":\"https:\/\/graphiste.com\/blog\/wp-content\/uploads\/sites\/4\/2019\/11\/une-graphiste-modele-faire-part-creatif-1.jpg\",\"datePublished\":\"2019-11-22T16:30:16+00:00\",\"dateModified\":\"2022-11-10T13:29:38+00:00\",\"description\":\"Chaque ann\u00e9e, il y a des mariages, des naissances\u2026 Autant de moments de c\u00e9l\u00e9bration que l\u2019on a envie de partager avec ses proches. Le meilleur moyen pour\",\"breadcrumb\":{\"@id\":\"https:\/\/graphiste.com\/blog\/inspiration-modeles-faire-part-creatifs\/#breadcrumb\"},\"inLanguage\":\"fr-FR\",\"potentialAction\":[{\"@type\":\"ReadAction\",\"target\":[\"https:\/\/graphiste.com\/blog\/inspiration-modeles-faire-part-creatifs\/\"]}]},{\"@type\":\"ImageObject\",\"inLanguage\":\"fr-FR\",\"@id\":\"https:\/\/graphiste.com\/blog\/inspiration-modeles-faire-part-creatifs\/#primaryimage\",\"url\":\"https:\/\/graphiste.com\/blog\/wp-content\/uploads\/sites\/4\/2019\/11\/une-graphiste-modele-faire-part-creatif-1.jpg\",\"contentUrl\":\"https:\/\/graphiste.com\/blog\/wp-content\/uploads\/sites\/4\/2019\/11\/une-graphiste-modele-faire-part-creatif-1.jpg\",\"width\":850,\"height\":423},{\"@type\":\"BreadcrumbList\",\"@id\":\"https:\/\/graphiste.com\/blog\/inspiration-modeles-faire-part-creatifs\/#breadcrumb\",\"itemListElement\":[{\"@type\":\"ListItem\",\"position\":1,\"name\":\"Blog\",\"item\":\"https:\/\/graphiste.com\/blog\/\"},{\"@type\":\"ListItem\",\"position\":2,\"name\":\"Print\",\"item\":\"https:\/\/graphiste.com\/blog\/print\/\"},{\"@type\":\"ListItem\",\"position\":3,\"name\":\"Inspiration : 16 mod\u00e8les de faire-part cr\u00e9atifs\"}]},{\"@type\":\"WebSite\",\"@id\":\"https:\/\/graphiste.com\/blog\/#website\",\"url\":\"https:\/\/graphiste.com\/blog\/\",\"name\":\"Graphiste.com\",\"description\":\"graphiste\",\"publisher\":{\"@id\":\"https:\/\/graphiste.com\/blog\/#organization\"},\"potentialAction\":[{\"@type\":\"SearchAction\",\"target\":{\"@type\":\"EntryPoint\",\"urlTemplate\":\"https:\/\/graphiste.com\/blog\/?s={search_term_string}\"},\"query-input\":{\"@type\":\"PropertyValueSpecification\",\"valueRequired\":true,\"valueName\":\"search_term_string\"}}],\"inLanguage\":\"fr-FR\"},{\"@type\":\"Organization\",\"@id\":\"https:\/\/graphiste.com\/blog\/#organization\",\"name\":\"Graphiste.com\",\"url\":\"https:\/\/graphiste.com\/blog\/\",\"logo\":{\"@type\":\"ImageObject\",\"inLanguage\":\"fr-FR\",\"@id\":\"https:\/\/graphiste.com\/blog\/#\/schema\/logo\/image\/\",\"url\":\"https:\/\/graphiste.com\/blog\/wp-content\/uploads\/sites\/4\/2022\/07\/logo-blog-graphiste.svg\",\"contentUrl\":\"https:\/\/graphiste.com\/blog\/wp-content\/uploads\/sites\/4\/2022\/07\/logo-blog-graphiste.svg\",\"width\":1,\"height\":1,\"caption\":\"Graphiste.com\"},\"image\":{\"@id\":\"https:\/\/graphiste.com\/blog\/#\/schema\/logo\/image\/\"},\"sameAs\":[\"https:\/\/www.facebook.com\/graphistesfreelances\",\"https:\/\/x.com\/Graphistecom\",\"https:\/\/www.linkedin.com\/company\/graphiste-com\/\",\"https:\/\/fr.pinterest.com\/Graphiste_Com\",\"https:\/\/www.instagram.com\/graphiste_com\/\"]},{\"@type\":\"Person\",\"@id\":\"https:\/\/graphiste.com\/blog\/#\/schema\/person\/33c0ef04707fbe50a096f282050bb5f2\",\"name\":\"Laura Michaud\",\"image\":{\"@type\":\"ImageObject\",\"inLanguage\":\"fr-FR\",\"@id\":\"https:\/\/graphiste.com\/blog\/#\/schema\/person\/image\/\",\"url\":\"https:\/\/secure.gravatar.com\/avatar\/c3328cc0c887f98cec6b2979af3311ab6333fc7cc2d4847514cfec6a56fa08a7?s=96&d=mm&r=g\",\"contentUrl\":\"https:\/\/secure.gravatar.com\/avatar\/c3328cc0c887f98cec6b2979af3311ab6333fc7cc2d4847514cfec6a56fa08a7?s=96&d=mm&r=g\",\"caption\":\"Laura Michaud\"},\"description\":\"Laura connait tous les meilleurs outils pour g\u00e9rer des projets et une entreprise. Cr\u00e9ative, c'est aussi une sp\u00e9cialiste des outils de cr\u00e9ation graphique pour faire briller une entreprise.\",\"sameAs\":[\"https:\/\/www.linkedin.com\/in\/michaudlaura\/\"],\"url\":\"https:\/\/graphiste.com\/blog\/author\/laura\/\"}]}<\/script>\n<!-- \/ Yoast SEO plugin. -->","yoast_head_json":{"title":"Inspiration : 16 mod\u00e8les de faire-part cr\u00e9atifs - Graphiste Blog","description":"Chaque ann\u00e9e, il y a des mariages, des naissances\u2026 Autant de moments de c\u00e9l\u00e9bration que l\u2019on a envie de partager avec ses proches. Le meilleur moyen pour","robots":{"index":"index","follow":"follow","max-snippet":"max-snippet:-1","max-image-preview":"max-image-preview:large","max-video-preview":"max-video-preview:-1"},"canonical":"https:\/\/graphiste.com\/blog\/inspiration-modeles-faire-part-creatifs\/","og_locale":"fr_FR","og_type":"article","og_title":"Inspiration : 16 mod\u00e8les de faire-part cr\u00e9atifs - Graphiste Blog","og_description":"Chaque ann\u00e9e, il y a des mariages, des naissances\u2026 Autant de moments de c\u00e9l\u00e9bration que l\u2019on a envie de partager avec ses proches. Le meilleur moyen pour","og_url":"https:\/\/graphiste.com\/blog\/inspiration-modeles-faire-part-creatifs\/","og_site_name":"Graphiste.com","article_publisher":"https:\/\/www.facebook.com\/graphistesfreelances","article_published_time":"2019-11-22T16:30:16+00:00","article_modified_time":"2022-11-10T13:29:38+00:00","og_image":[{"width":850,"height":423,"url":"https:\/\/graphiste.com\/blog\/wp-content\/uploads\/sites\/4\/2019\/11\/une-graphiste-modele-faire-part-creatif-1.jpg","type":"image\/jpeg"}],"author":"Laura Michaud","twitter_card":"summary_large_image","twitter_creator":"@Graphistecom","twitter_site":"@Graphistecom","twitter_misc":{"\u00c9crit par":"Laura Michaud","Dur\u00e9e de lecture estim\u00e9e":"8 minutes"},"schema":{"@context":"https:\/\/schema.org","@graph":[{"@type":"Article","@id":"https:\/\/graphiste.com\/blog\/inspiration-modeles-faire-part-creatifs\/#article","isPartOf":{"@id":"https:\/\/graphiste.com\/blog\/inspiration-modeles-faire-part-creatifs\/"},"author":{"name":"Laura Michaud","@id":"https:\/\/graphiste.com\/blog\/#\/schema\/person\/33c0ef04707fbe50a096f282050bb5f2"},"headline":"Inspiration&nbsp;: 16 mod\u00e8les de faire-part cr\u00e9atifs","datePublished":"2019-11-22T16:30:16+00:00","dateModified":"2022-11-10T13:29:38+00:00","mainEntityOfPage":{"@id":"https:\/\/graphiste.com\/blog\/inspiration-modeles-faire-part-creatifs\/"},"wordCount":929,"commentCount":0,"publisher":{"@id":"https:\/\/graphiste.com\/blog\/#organization"},"image":{"@id":"https:\/\/graphiste.com\/blog\/inspiration-modeles-faire-part-creatifs\/#primaryimage"},"thumbnailUrl":"https:\/\/graphiste.com\/blog\/wp-content\/uploads\/sites\/4\/2019\/11\/une-graphiste-modele-faire-part-creatif-1.jpg","keywords":["Inspirez-vous"],"articleSection":["Print"],"inLanguage":"fr-FR","potentialAction":[{"@type":"CommentAction","name":"Comment","target":["https:\/\/graphiste.com\/blog\/inspiration-modeles-faire-part-creatifs\/#respond"]}]},{"@type":"WebPage","@id":"https:\/\/graphiste.com\/blog\/inspiration-modeles-faire-part-creatifs\/","url":"https:\/\/graphiste.com\/blog\/inspiration-modeles-faire-part-creatifs\/","name":"Inspiration : 16 mod\u00e8les de faire-part cr\u00e9atifs - Graphiste Blog","isPartOf":{"@id":"https:\/\/graphiste.com\/blog\/#website"},"primaryImageOfPage":{"@id":"https:\/\/graphiste.com\/blog\/inspiration-modeles-faire-part-creatifs\/#primaryimage"},"image":{"@id":"https:\/\/graphiste.com\/blog\/inspiration-modeles-faire-part-creatifs\/#primaryimage"},"thumbnailUrl":"https:\/\/graphiste.com\/blog\/wp-content\/uploads\/sites\/4\/2019\/11\/une-graphiste-modele-faire-part-creatif-1.jpg","datePublished":"2019-11-22T16:30:16+00:00","dateModified":"2022-11-10T13:29:38+00:00","description":"Chaque ann\u00e9e, il y a des mariages, des naissances\u2026 Autant de moments de c\u00e9l\u00e9bration que l\u2019on a envie de partager avec ses proches. Le meilleur moyen pour","breadcrumb":{"@id":"https:\/\/graphiste.com\/blog\/inspiration-modeles-faire-part-creatifs\/#breadcrumb"},"inLanguage":"fr-FR","potentialAction":[{"@type":"ReadAction","target":["https:\/\/graphiste.com\/blog\/inspiration-modeles-faire-part-creatifs\/"]}]},{"@type":"ImageObject","inLanguage":"fr-FR","@id":"https:\/\/graphiste.com\/blog\/inspiration-modeles-faire-part-creatifs\/#primaryimage","url":"https:\/\/graphiste.com\/blog\/wp-content\/uploads\/sites\/4\/2019\/11\/une-graphiste-modele-faire-part-creatif-1.jpg","contentUrl":"https:\/\/graphiste.com\/blog\/wp-content\/uploads\/sites\/4\/2019\/11\/une-graphiste-modele-faire-part-creatif-1.jpg","width":850,"height":423},{"@type":"BreadcrumbList","@id":"https:\/\/graphiste.com\/blog\/inspiration-modeles-faire-part-creatifs\/#breadcrumb","itemListElement":[{"@type":"ListItem","position":1,"name":"Blog","item":"https:\/\/graphiste.com\/blog\/"},{"@type":"ListItem","position":2,"name":"Print","item":"https:\/\/graphiste.com\/blog\/print\/"},{"@type":"ListItem","position":3,"name":"Inspiration : 16 mod\u00e8les de faire-part cr\u00e9atifs"}]},{"@type":"WebSite","@id":"https:\/\/graphiste.com\/blog\/#website","url":"https:\/\/graphiste.com\/blog\/","name":"Graphiste.com","description":"graphiste","publisher":{"@id":"https:\/\/graphiste.com\/blog\/#organization"},"potentialAction":[{"@type":"SearchAction","target":{"@type":"EntryPoint","urlTemplate":"https:\/\/graphiste.com\/blog\/?s={search_term_string}"},"query-input":{"@type":"PropertyValueSpecification","valueRequired":true,"valueName":"search_term_string"}}],"inLanguage":"fr-FR"},{"@type":"Organization","@id":"https:\/\/graphiste.com\/blog\/#organization","name":"Graphiste.com","url":"https:\/\/graphiste.com\/blog\/","logo":{"@type":"ImageObject","inLanguage":"fr-FR","@id":"https:\/\/graphiste.com\/blog\/#\/schema\/logo\/image\/","url":"https:\/\/graphiste.com\/blog\/wp-content\/uploads\/sites\/4\/2022\/07\/logo-blog-graphiste.svg","contentUrl":"https:\/\/graphiste.com\/blog\/wp-content\/uploads\/sites\/4\/2022\/07\/logo-blog-graphiste.svg","width":1,"height":1,"caption":"Graphiste.com"},"image":{"@id":"https:\/\/graphiste.com\/blog\/#\/schema\/logo\/image\/"},"sameAs":["https:\/\/www.facebook.com\/graphistesfreelances","https:\/\/x.com\/Graphistecom","https:\/\/www.linkedin.com\/company\/graphiste-com\/","https:\/\/fr.pinterest.com\/Graphiste_Com","https:\/\/www.instagram.com\/graphiste_com\/"]},{"@type":"Person","@id":"https:\/\/graphiste.com\/blog\/#\/schema\/person\/33c0ef04707fbe50a096f282050bb5f2","name":"Laura Michaud","image":{"@type":"ImageObject","inLanguage":"fr-FR","@id":"https:\/\/graphiste.com\/blog\/#\/schema\/person\/image\/","url":"https:\/\/secure.gravatar.com\/avatar\/c3328cc0c887f98cec6b2979af3311ab6333fc7cc2d4847514cfec6a56fa08a7?s=96&d=mm&r=g","contentUrl":"https:\/\/secure.gravatar.com\/avatar\/c3328cc0c887f98cec6b2979af3311ab6333fc7cc2d4847514cfec6a56fa08a7?s=96&d=mm&r=g","caption":"Laura Michaud"},"description":"Laura connait tous les meilleurs outils pour g\u00e9rer des projets et une entreprise. Cr\u00e9ative, c'est aussi une sp\u00e9cialiste des outils de cr\u00e9ation graphique pour faire briller une entreprise.","sameAs":["https:\/\/www.linkedin.com\/in\/michaudlaura\/"],"url":"https:\/\/graphiste.com\/blog\/author\/laura\/"}]}},"_links":{"self":[{"href":"https:\/\/graphiste.com\/blog\/wp-json\/wp\/v2\/posts\/14875","targetHints":{"allow":["GET"]}}],"collection":[{"href":"https:\/\/graphiste.com\/blog\/wp-json\/wp\/v2\/posts"}],"about":[{"href":"https:\/\/graphiste.com\/blog\/wp-json\/wp\/v2\/types\/post"}],"author":[{"embeddable":true,"href":"https:\/\/graphiste.com\/blog\/wp-json\/wp\/v2\/users\/1"}],"replies":[{"embeddable":true,"href":"https:\/\/graphiste.com\/blog\/wp-json\/wp\/v2\/comments?post=14875"}],"version-history":[{"count":0,"href":"https:\/\/graphiste.com\/blog\/wp-json\/wp\/v2\/posts\/14875\/revisions"}],"wp:featuredmedia":[{"embeddable":true,"href":"https:\/\/graphiste.com\/blog\/wp-json\/wp\/v2\/media\/14896"}],"wp:attachment":[{"href":"https:\/\/graphiste.com\/blog\/wp-json\/wp\/v2\/media?parent=14875"}],"wp:term":[{"taxonomy":"category","embeddable":true,"href":"https:\/\/graphiste.com\/blog\/wp-json\/wp\/v2\/categories?post=14875"},{"taxonomy":"post_tag","embeddable":true,"href":"https:\/\/graphiste.com\/blog\/wp-json\/wp\/v2\/tags?post=14875"}],"curies":[{"name":"wp","href":"https:\/\/api.w.org\/{rel}","templated":true}]}}