{"id":14838,"date":"2019-11-20T10:30:43","date_gmt":"2019-11-20T09:30:43","guid":{"rendered":"https:\/\/graphiste.com\/blog\/?p=14838"},"modified":"2025-08-20T17:18:59","modified_gmt":"2025-08-20T15:18:59","slug":"neon-comment-utiliser-creations","status":"publish","type":"post","link":"https:\/\/graphiste.com\/blog\/neon-comment-utiliser-creations\/","title":{"rendered":"Le N\u00e9on\u00a0: comment l\u2019utiliser dans vos cr\u00e9ations"},"content":{"rendered":"<p>Alors qu\u2019il semblait avoir un charme un peu d\u00e9suet, le n\u00e9on effectue un <strong>v\u00e9ritable retour en force<\/strong> dans l\u2019univers du graphisme. Eh oui, cet \u00e9l\u00e9ment de conception a r\u00e9ussi \u00e0 traverser les si\u00e8cles et est finalement parvenu \u00e0 casser son image r\u00e9tro.<\/p>\n<p>Dans cet article, nous vous proposons de d\u00e9couvrir ou red\u00e9couvrir l\u2019histoire du n\u00e9on dans le monde du \u00ab\u2009design\u2009\u00bb avant de nous int\u00e9resser \u00e0 la signification des couleurs et aux principales utilisations qu\u2019il est possible d\u2019en faire dans vos cr\u00e9ations modernes.<\/p>\n<p>Nul doute qu\u2019il vous donnera donc de l<a href=\"https:\/\/graphiste.com\/blog\/tendances-graphiques-2021\" target=\"_blank\" rel=\"noopener noreferrer\">&#8216;inspiration<\/a> et vous donnera envie de concevoir de nouveaux projets avec du n\u00e9on.<\/p>\n<blockquote><p>\u00c0 lire aussi&nbsp;: <a href=\"https:\/\/graphiste.com\/blog\/typographies-neon-gratuites\">10 typographies N\u00e9on gratuites \u00e0 t\u00e9l\u00e9charger<\/a><\/p><\/blockquote>\n<p>&nbsp;<\/p>\n<h2>Le n\u00e9on, v\u00e9ritable symbole d\u2019une culture pop urbaine\u2009?<\/h2>\n<p>D\u00e9couvert en 1898 par Sir William Ramsay et Morris Travers, le n\u00e9on est un gaz noble qui donne une lueur rouge\u00e2tre lorsqu\u2019il est utilis\u00e9 dans les tubes \u00e0 vide ou les lampes n\u00e9on.<\/p>\n<p><img decoding=\"async\" class=\"aligncenter size-full wp-image-14842\" src=\"https:\/\/graphiste.com\/blog\/wp-content\/uploads\/sites\/4\/2019\/11\/ball-shaped-circle-close-up-dark-414860-e1574087578730.jpg\" alt=\"\" width=\"650\" height=\"597\" \/><\/p>\n<p>Rapidement, cette caract\u00e9ristique va d\u2019ailleurs s\u00e9duire puisqu\u2019en 1910, lors du Mondial de l\u2019Automobile organis\u00e9 \u00e0 Paris, le n\u00e9on fait son apparition dans le<strong> hall d\u2019exposition<\/strong> afin d\u2019\u00e9clairer les mod\u00e8les de certains constructeurs. Les organisateurs de cet \u00e9v\u00e9nement ne le savent pas encore mais ils vont contribuer \u00e0 d\u00e9mocratiser l\u2019\u00e9clairage par tube n\u00e9on.<\/p>\n<p>Les ann\u00e9es\u00a01930 constitueront les ann\u00e9es de gloire de ce type d\u2019\u00e9clairage. Centres d\u2019exposition, h\u00f4tels, restaurants, bars ou encore discoth\u00e8ques arborent ainsi fi\u00e8rement leurs n\u00e9ons qui les rendent visibles.<\/p>\n<p><img decoding=\"async\" class=\"aligncenter size-full wp-image-14841\" src=\"https:\/\/graphiste.com\/blog\/wp-content\/uploads\/sites\/4\/2019\/11\/neon-city-utiliser-le-neon.jpg\" alt=\"\" width=\"650\" height=\"400\" \/><\/p>\n<ul>\n<li>\u00c0 Brooklyn, \u00e0 Manhattan mais aussi dans les grandes m\u00e9tropoles asiatiques tout particuli\u00e8rement, les n\u00e9ons sont partout et la multiplication des couleurs utilis\u00e9es modifie consid\u00e9rablement l\u2019image des quartiers et des villes. D\u00e9sormais, les n\u00e9ons font partie int\u00e9grante de la culture pop urbaine.<\/li>\n<\/ul>\n<ul>\n<li>La seconde Guerre mondiale viendra changer la donne et l\u2019\u00e9clairage par n\u00e9on conna\u00eetra un vrai d\u00e9clin en Occident, exception faite de quelques villes \u2014 comme Las Vegas \u2014 o\u00f9 le bling-bling reste d\u2019actualit\u00e9.<\/li>\n<\/ul>\n<ul>\n<li>Pendant de longues ann\u00e9es, le n\u00e9on a ensuite \u00e9t\u00e9 consid\u00e9r\u00e9 comme un \u00e9l\u00e9ment de d\u00e9coration symbolisant <a href=\"https:\/\/graphiste.com\/blog\/inspiration-site-web-retro\" target=\"_blank\" rel=\"noopener noreferrer\">le r\u00e9tro<\/a>. Puis, depuis les ann\u00e9es\u00a02010 et dans la lign\u00e9e de la renaissance des styles de design des ann\u00e9es\u00a01980, les cr\u00e9ateurs offrent une seconde vie au n\u00e9on, cette fois dans le monde num\u00e9rique.<\/li>\n<\/ul>\n<p><img decoding=\"async\" class=\"aligncenter size-full wp-image-14840\" src=\"https:\/\/graphiste.com\/blog\/wp-content\/uploads\/sites\/4\/2019\/11\/neo-pochette-albume-muse-e1574087285532.jpg\" alt=\"comment utiliser Neo dans vos creations graphiques\" width=\"650\" height=\"650\" \/><\/p>\n<p>Les meilleures illustrations de cette tendance sont incontestablement la pochette de l\u2019album <em>\u00ab\u2009Simulation Theory\u2009\u00bb<\/em> de Muse ou encore la campagne de communication d\u2019Apple autour de la WWDC\u00a02019.<\/p>\n<p>&nbsp;<\/p>\n<h2>Les couleurs au n\u00e9on et leur symbolique<\/h2>\n<p>Si l\u2019utilisation des tubes n\u00e9on n\u2019est plus vraiment au go\u00fbt du jour en 2019, celle des <strong>couleurs n\u00e9on <\/strong>est en revanche redevenue tr\u00e8s tendance.<\/p>\n<p><img decoding=\"async\" class=\"aligncenter size-full wp-image-14850\" src=\"https:\/\/graphiste.com\/blog\/wp-content\/uploads\/sites\/4\/2019\/11\/neon-bouteille-couleurs-fluorescentes-e1574089229280.jpg\" alt=\"\" width=\"650\" height=\"488\" \/><\/p>\n<p>Pour rappel, les couleurs n\u00e9on sont \u00ab\u2009des versions tr\u00e8s lumineuses des couleurs primaires et secondaires\u2009\u00bb. Autrement dit, ce sont des couleurs fluorescentes qui \u00e9mettent de la lumi\u00e8re.<\/p>\n<p>C\u2019est d\u2019ailleurs parce qu\u2019elles diff\u00e8rent quelque peu des couleurs classiques que leur signification est parfois autre. Voici donc la symbolique des principales couleurs n\u00e9on, histoire de savoir comment bien les utiliser dans vos cr\u00e9ations\u00a0:<\/p>\n<ul>\n<li><strong>Bleu<\/strong>\u00a0: calme, paix, tranquillit\u00e9<\/li>\n<li><strong>Rose<\/strong>\u00a0: amusement, fun, plaisir de jouer<\/li>\n<li><strong>Vert\u00a0<\/strong>: codage informatique, produits chimiques<\/li>\n<li><strong>Rouge\u00a0<\/strong>: plaisir, frivolit\u00e9, exc\u00e8s<\/li>\n<li><strong>Jaune\u00a0<\/strong>: richesse, s\u00e9curit\u00e9<\/li>\n<\/ul>\n<p>Il est \u00e0 noter, pour \u00eatre complet, que les couleurs n\u00e9on ne v\u00e9hiculent pas toujours une bonne image, un h\u00e9ritage directement li\u00e9 \u00e0 leur forte association \u00e0 la <strong>vie nocturne dans la culture urbaine<\/strong>.<\/p>\n<blockquote><p>\u00c0 lire aussi&nbsp;: <a href=\"https:\/\/graphiste.com\/blog\/signification-des-couleurs\">Tout savoir sur la signification des couleurs<\/a><\/p><\/blockquote>\n<p>&nbsp;<\/p>\n<h2>Comment utiliser le n\u00e9on dans vos cr\u00e9ations graphiques\u2009?<\/h2>\n<p>Si les couleurs n\u00e9on et la peinture luminescente ont contribu\u00e9 \u00e0 l\u2019\u00e9laboration de nombreuses signal\u00e9tiques et <a href=\"https:\/\/graphiste.com\/blog\/serigraphie-ancienne-methode-impression\" target=\"_blank\" rel=\"noopener noreferrer\">v\u00eatements industriels<\/a>,\u00a0elles ont d\u00e9sormais pris leur place sur le web.<\/p>\n<p>Eh oui, avec l\u2019av\u00e8nement du num\u00e9rique, les cr\u00e9ateurs ont trouv\u00e9 de nouvelles \u00ab\u2009raisons\u2009\u00bb d\u2019utiliser le n\u00e9on dans leurs projets.<\/p>\n<p><img decoding=\"async\" class=\"aligncenter size-full wp-image-14845\" src=\"https:\/\/graphiste.com\/blog\/wp-content\/uploads\/sites\/4\/2019\/11\/live-musical-neon-logo-sign-emblem-vector-18859158-e1574088058759.jpg\" alt=\"\" width=\"650\" height=\"653\" \/><\/p>\n<p>Ainsi, pour ceux qui r\u00e9alisent de la conception graphique pour le web, les typographies \u00ab\u2009N\u00e9on\u2009\u00bb comme les couleurs n\u00e9on peuvent \u00eatre utilis\u00e9es pour attirer l\u2019\u0153il de l\u2019internaute.<\/p>\n<p>Un <a href=\"https:\/\/graphiste.com\/blog\/renouveler-ou-changer-logo\" target=\"_blank\" rel=\"noopener noreferrer\">logo<\/a> revisit\u00e9 en mode n\u00e9on pourra ainsi surprendre et se m\u00e9moriser plus ais\u00e9ment.\u00a0De m\u00eame, <strong>cr\u00e9er des <\/strong><a href=\"https:\/\/graphiste.com\/blog\/5-regles-boutons-call-to-action\" target=\"_blank\" rel=\"noopener noreferrer\">boutons CTA<\/a> arborant une couleur n\u00e9on est un bon moyen de le faire ressortir d\u2019une page.<\/p>\n<p>Il faut juste veiller \u00e0 ce que cela ne nuise pas \u00e0 l\u2019esth\u00e9tique de la page.<\/p>\n<p><img decoding=\"async\" class=\"aligncenter size-full wp-image-14846\" src=\"https:\/\/graphiste.com\/blog\/wp-content\/uploads\/sites\/4\/2019\/11\/neon-flyer-e1574088255201.jpg\" alt=\"neon flyer utiliser creation graphiste\" width=\"441\" height=\"650\" \/><\/p>\n<p>La vitalit\u00e9 des couleurs n\u00e9on a \u00e9galement toute sa place sur des affiches ou des flyers promotionnels.<\/p>\n<blockquote><p>Il est toutefois essentiel de bien les doser et souvent de les utiliser en <a href=\"https:\/\/graphiste.com\/blog\/ajouter-contraste-design\" target=\"_blank\" rel=\"noopener noreferrer\">contraste<\/a>. Ainsi, une affiche en noir et blanc simplement parsem\u00e9e de quelques touches de couleurs fluorescentes pourra faire sensation aupr\u00e8s du public.<\/p><\/blockquote>\n<p><img decoding=\"async\" class=\"aligncenter size-full wp-image-14847\" src=\"https:\/\/graphiste.com\/blog\/wp-content\/uploads\/sites\/4\/2019\/11\/Message-lumineux-neon-a-personnalise-sur-mesure-luminaire-verre-artisanal-design-style-decoration-made-in-allemagne-berlin-paris-formelab-for-me-lab-47-e1574088440195.jpg\" alt=\"neon lettre typographie graphiste creation\" width=\"528\" height=\"650\" \/><\/p>\n<p>Certains artistes, adeptes d\u2019un design dit \u00ab\u2009maximaliste\u2009\u00bb, osent quant \u00e0 eux m\u00ealer plusieurs <a href=\"https:\/\/graphiste.com\/blog\/construire-palette-couleurs\" target=\"_blank\" rel=\"noopener noreferrer\">couleurs flashy<\/a> et une police tr\u00e8s classique dans leurs \u0153uvres. Si ce choix n\u2019est pas nouveau dans les cr\u00e9ations street-art, il l\u2019est davantage dans des <strong>tableaux destin\u00e9s aux int\u00e9rieurs<\/strong>.<\/p>\n<p>Ils pourraient d\u2019ailleurs peiner \u00e0 s\u2019y imposer, le n\u00e9on \u00e9tant jusque-l\u00e0 pr\u00e9sent dans certains salons pour apporter une touche lumineuse dans un d\u00e9cor minimaliste.<\/p>\n<blockquote><p>\u00c0 lire aussi&nbsp;: <a href=\"https:\/\/graphiste.com\/blog\/conseils-utiliser-couleur-noire-creations-print-web\">9 conseils pour utiliser la couleur noire dans vos cr\u00e9ations print et web<\/a><\/p><\/blockquote>\n<p>&nbsp;<\/p>\n<p>&nbsp;<\/p>\n<p>Le n\u00e9on a r\u00e9ussi \u00e0 changer son image au fil des ann\u00e9es. Refl\u00e9tant un style r\u00e9tro il y a encore 10 ans, il renvoie aujourd\u2019hui une image r\u00e9solument moderne.\u00a0Pas \u00e9tonnant donc qu\u2019un nombre croissant de cr\u00e9ateurs aient recours \u00e0 la vitalit\u00e9 des couleurs n\u00e9on et jouent avec les ombres des <a href=\"https:\/\/graphiste.com\/blog\/typographies-chiffres-lisibles\" target=\"_blank\" rel=\"noopener noreferrer\">typographies<\/a> \u00ab\u2009N\u00e9on\u2009\u00bb dans leurs projets.<\/p>\n<p>Profitez de l&#8217;expertise d&#8217;un <a href=\"https:\/\/graphiste.com\" target=\"_blank\" rel=\"noopener noreferrer\">graphiste professionnel<\/a> pour \u00e9laborer avec vous, votre image de marque.<\/p>\n","protected":false},"excerpt":{"rendered":"<p>Alors qu\u2019il semblait avoir un charme un peu d\u00e9suet, le n\u00e9on effectue un v\u00e9ritable retour en force dans l\u2019univers du graphisme. Eh oui, cet \u00e9l\u00e9ment de conception a r\u00e9ussi \u00e0 traverser les si\u00e8cles et est finalement parvenu \u00e0 casser son image r\u00e9tro. Dans cet article, nous vous proposons de d\u00e9couvrir ou red\u00e9couvrir l\u2019histoire du n\u00e9on [&hellip;]<\/p>\n","protected":false},"author":1,"featured_media":14849,"comment_status":"open","ping_status":"open","sticky":false,"template":"","format":"standard","meta":{"_acf_changed":false,"inline_featured_image":false,"footnotes":""},"categories":[104],"tags":[69],"class_list":["post-14838","post","type-post","status-publish","format-standard","has-post-thumbnail","hentry","category-colorimetrie","tag-graphisme"],"acf":[],"yoast_head":"<!-- This site is optimized with the Yoast SEO plugin v25.9 - https:\/\/yoast.com\/wordpress\/plugins\/seo\/ -->\n<title>Le N\u00e9on\u00a0: comment l\u2019utiliser dans vos cr\u00e9ations - Graphiste Blog<\/title>\n<meta name=\"description\" content=\"Alors qu\u2019il semblait avoir un charme un peu d\u00e9suet, le n\u00e9on effectue un v\u00e9ritable retour en force dans l\u2019univers du graphisme. Eh oui, cet \u00e9l\u00e9ment de\" \/>\n<meta name=\"robots\" content=\"index, follow, max-snippet:-1, max-image-preview:large, max-video-preview:-1\" \/>\n<link rel=\"canonical\" href=\"https:\/\/graphiste.com\/blog\/neon-comment-utiliser-creations\/\" \/>\n<meta property=\"og:locale\" content=\"fr_FR\" \/>\n<meta property=\"og:type\" content=\"article\" \/>\n<meta property=\"og:title\" content=\"Le N\u00e9on\u00a0: comment l\u2019utiliser dans vos cr\u00e9ations - Graphiste Blog\" \/>\n<meta property=\"og:description\" content=\"Alors qu\u2019il semblait avoir un charme un peu d\u00e9suet, le n\u00e9on effectue un v\u00e9ritable retour en force dans l\u2019univers du graphisme. Eh oui, cet \u00e9l\u00e9ment de\" \/>\n<meta property=\"og:url\" content=\"https:\/\/graphiste.com\/blog\/neon-comment-utiliser-creations\/\" \/>\n<meta property=\"og:site_name\" content=\"Graphiste.com\" \/>\n<meta property=\"article:publisher\" content=\"https:\/\/www.facebook.com\/graphistesfreelances\" \/>\n<meta property=\"article:published_time\" content=\"2019-11-20T09:30:43+00:00\" \/>\n<meta property=\"article:modified_time\" content=\"2025-08-20T15:18:59+00:00\" \/>\n<meta property=\"og:image\" content=\"https:\/\/graphiste.com\/blog\/wp-content\/uploads\/sites\/4\/2019\/11\/une-graphiste-neo-tendance-histoire-utilisation-1.jpg\" \/>\n\t<meta property=\"og:image:width\" content=\"850\" \/>\n\t<meta property=\"og:image:height\" content=\"423\" \/>\n\t<meta property=\"og:image:type\" content=\"image\/jpeg\" \/>\n<meta name=\"author\" content=\"Laura Michaud\" \/>\n<meta name=\"twitter:card\" content=\"summary_large_image\" \/>\n<meta name=\"twitter:creator\" content=\"@Graphistecom\" \/>\n<meta name=\"twitter:site\" content=\"@Graphistecom\" \/>\n<meta name=\"twitter:label1\" content=\"\u00c9crit par\" \/>\n\t<meta name=\"twitter:data1\" content=\"Laura Michaud\" \/>\n\t<meta name=\"twitter:label2\" content=\"Dur\u00e9e de lecture estim\u00e9e\" \/>\n\t<meta name=\"twitter:data2\" content=\"5 minutes\" \/>\n<script type=\"application\/ld+json\" class=\"yoast-schema-graph\">{\"@context\":\"https:\/\/schema.org\",\"@graph\":[{\"@type\":\"Article\",\"@id\":\"https:\/\/graphiste.com\/blog\/neon-comment-utiliser-creations\/#article\",\"isPartOf\":{\"@id\":\"https:\/\/graphiste.com\/blog\/neon-comment-utiliser-creations\/\"},\"author\":{\"name\":\"Laura Michaud\",\"@id\":\"https:\/\/graphiste.com\/blog\/#\/schema\/person\/33c0ef04707fbe50a096f282050bb5f2\"},\"headline\":\"Le N\u00e9on\u00a0: comment l\u2019utiliser dans vos cr\u00e9ations\",\"datePublished\":\"2019-11-20T09:30:43+00:00\",\"dateModified\":\"2025-08-20T15:18:59+00:00\",\"mainEntityOfPage\":{\"@id\":\"https:\/\/graphiste.com\/blog\/neon-comment-utiliser-creations\/\"},\"wordCount\":1021,\"commentCount\":0,\"publisher\":{\"@id\":\"https:\/\/graphiste.com\/blog\/#organization\"},\"image\":{\"@id\":\"https:\/\/graphiste.com\/blog\/neon-comment-utiliser-creations\/#primaryimage\"},\"thumbnailUrl\":\"https:\/\/graphiste.com\/blog\/wp-content\/uploads\/sites\/4\/2019\/11\/une-graphiste-neo-tendance-histoire-utilisation-1.jpg\",\"keywords\":[\"Tout savoir sur le Graphisme\"],\"articleSection\":[\"Colorim\u00e9trie\"],\"inLanguage\":\"fr-FR\",\"potentialAction\":[{\"@type\":\"CommentAction\",\"name\":\"Comment\",\"target\":[\"https:\/\/graphiste.com\/blog\/neon-comment-utiliser-creations\/#respond\"]}]},{\"@type\":\"WebPage\",\"@id\":\"https:\/\/graphiste.com\/blog\/neon-comment-utiliser-creations\/\",\"url\":\"https:\/\/graphiste.com\/blog\/neon-comment-utiliser-creations\/\",\"name\":\"Le N\u00e9on\u00a0: comment l\u2019utiliser dans vos cr\u00e9ations - Graphiste Blog\",\"isPartOf\":{\"@id\":\"https:\/\/graphiste.com\/blog\/#website\"},\"primaryImageOfPage\":{\"@id\":\"https:\/\/graphiste.com\/blog\/neon-comment-utiliser-creations\/#primaryimage\"},\"image\":{\"@id\":\"https:\/\/graphiste.com\/blog\/neon-comment-utiliser-creations\/#primaryimage\"},\"thumbnailUrl\":\"https:\/\/graphiste.com\/blog\/wp-content\/uploads\/sites\/4\/2019\/11\/une-graphiste-neo-tendance-histoire-utilisation-1.jpg\",\"datePublished\":\"2019-11-20T09:30:43+00:00\",\"dateModified\":\"2025-08-20T15:18:59+00:00\",\"description\":\"Alors qu\u2019il semblait avoir un charme un peu d\u00e9suet, le n\u00e9on effectue un v\u00e9ritable retour en force dans l\u2019univers du graphisme. Eh oui, cet \u00e9l\u00e9ment de\",\"breadcrumb\":{\"@id\":\"https:\/\/graphiste.com\/blog\/neon-comment-utiliser-creations\/#breadcrumb\"},\"inLanguage\":\"fr-FR\",\"potentialAction\":[{\"@type\":\"ReadAction\",\"target\":[\"https:\/\/graphiste.com\/blog\/neon-comment-utiliser-creations\/\"]}]},{\"@type\":\"ImageObject\",\"inLanguage\":\"fr-FR\",\"@id\":\"https:\/\/graphiste.com\/blog\/neon-comment-utiliser-creations\/#primaryimage\",\"url\":\"https:\/\/graphiste.com\/blog\/wp-content\/uploads\/sites\/4\/2019\/11\/une-graphiste-neo-tendance-histoire-utilisation-1.jpg\",\"contentUrl\":\"https:\/\/graphiste.com\/blog\/wp-content\/uploads\/sites\/4\/2019\/11\/une-graphiste-neo-tendance-histoire-utilisation-1.jpg\",\"width\":850,\"height\":423},{\"@type\":\"BreadcrumbList\",\"@id\":\"https:\/\/graphiste.com\/blog\/neon-comment-utiliser-creations\/#breadcrumb\",\"itemListElement\":[{\"@type\":\"ListItem\",\"position\":1,\"name\":\"Blog\",\"item\":\"https:\/\/graphiste.com\/blog\/\"},{\"@type\":\"ListItem\",\"position\":2,\"name\":\"Branding\",\"item\":\"https:\/\/graphiste.com\/blog\/branding\/\"},{\"@type\":\"ListItem\",\"position\":3,\"name\":\"Colorim\u00e9trie\",\"item\":\"https:\/\/graphiste.com\/blog\/branding\/colorimetrie\/\"},{\"@type\":\"ListItem\",\"position\":4,\"name\":\"Le N\u00e9on\u00a0: comment l\u2019utiliser dans vos cr\u00e9ations\"}]},{\"@type\":\"WebSite\",\"@id\":\"https:\/\/graphiste.com\/blog\/#website\",\"url\":\"https:\/\/graphiste.com\/blog\/\",\"name\":\"Graphiste.com\",\"description\":\"graphiste\",\"publisher\":{\"@id\":\"https:\/\/graphiste.com\/blog\/#organization\"},\"potentialAction\":[{\"@type\":\"SearchAction\",\"target\":{\"@type\":\"EntryPoint\",\"urlTemplate\":\"https:\/\/graphiste.com\/blog\/?s={search_term_string}\"},\"query-input\":{\"@type\":\"PropertyValueSpecification\",\"valueRequired\":true,\"valueName\":\"search_term_string\"}}],\"inLanguage\":\"fr-FR\"},{\"@type\":\"Organization\",\"@id\":\"https:\/\/graphiste.com\/blog\/#organization\",\"name\":\"Graphiste.com\",\"url\":\"https:\/\/graphiste.com\/blog\/\",\"logo\":{\"@type\":\"ImageObject\",\"inLanguage\":\"fr-FR\",\"@id\":\"https:\/\/graphiste.com\/blog\/#\/schema\/logo\/image\/\",\"url\":\"https:\/\/graphiste.com\/blog\/wp-content\/uploads\/sites\/4\/2022\/07\/logo-blog-graphiste.svg\",\"contentUrl\":\"https:\/\/graphiste.com\/blog\/wp-content\/uploads\/sites\/4\/2022\/07\/logo-blog-graphiste.svg\",\"width\":1,\"height\":1,\"caption\":\"Graphiste.com\"},\"image\":{\"@id\":\"https:\/\/graphiste.com\/blog\/#\/schema\/logo\/image\/\"},\"sameAs\":[\"https:\/\/www.facebook.com\/graphistesfreelances\",\"https:\/\/x.com\/Graphistecom\",\"https:\/\/www.linkedin.com\/company\/graphiste-com\/\",\"https:\/\/fr.pinterest.com\/Graphiste_Com\",\"https:\/\/www.instagram.com\/graphiste_com\/\"]},{\"@type\":\"Person\",\"@id\":\"https:\/\/graphiste.com\/blog\/#\/schema\/person\/33c0ef04707fbe50a096f282050bb5f2\",\"name\":\"Laura Michaud\",\"image\":{\"@type\":\"ImageObject\",\"inLanguage\":\"fr-FR\",\"@id\":\"https:\/\/graphiste.com\/blog\/#\/schema\/person\/image\/\",\"url\":\"https:\/\/secure.gravatar.com\/avatar\/c3328cc0c887f98cec6b2979af3311ab6333fc7cc2d4847514cfec6a56fa08a7?s=96&d=mm&r=g\",\"contentUrl\":\"https:\/\/secure.gravatar.com\/avatar\/c3328cc0c887f98cec6b2979af3311ab6333fc7cc2d4847514cfec6a56fa08a7?s=96&d=mm&r=g\",\"caption\":\"Laura Michaud\"},\"description\":\"Laura connait tous les meilleurs outils pour g\u00e9rer des projets et une entreprise. Cr\u00e9ative, c'est aussi une sp\u00e9cialiste des outils de cr\u00e9ation graphique pour faire briller une entreprise.\",\"sameAs\":[\"https:\/\/www.linkedin.com\/in\/michaudlaura\/\"],\"url\":\"https:\/\/graphiste.com\/blog\/author\/laura\/\"}]}<\/script>\n<!-- \/ Yoast SEO plugin. -->","yoast_head_json":{"title":"Le N\u00e9on\u00a0: comment l\u2019utiliser dans vos cr\u00e9ations - Graphiste Blog","description":"Alors qu\u2019il semblait avoir un charme un peu d\u00e9suet, le n\u00e9on effectue un v\u00e9ritable retour en force dans l\u2019univers du graphisme. Eh oui, cet \u00e9l\u00e9ment de","robots":{"index":"index","follow":"follow","max-snippet":"max-snippet:-1","max-image-preview":"max-image-preview:large","max-video-preview":"max-video-preview:-1"},"canonical":"https:\/\/graphiste.com\/blog\/neon-comment-utiliser-creations\/","og_locale":"fr_FR","og_type":"article","og_title":"Le N\u00e9on\u00a0: comment l\u2019utiliser dans vos cr\u00e9ations - Graphiste Blog","og_description":"Alors qu\u2019il semblait avoir un charme un peu d\u00e9suet, le n\u00e9on effectue un v\u00e9ritable retour en force dans l\u2019univers du graphisme. Eh oui, cet \u00e9l\u00e9ment de","og_url":"https:\/\/graphiste.com\/blog\/neon-comment-utiliser-creations\/","og_site_name":"Graphiste.com","article_publisher":"https:\/\/www.facebook.com\/graphistesfreelances","article_published_time":"2019-11-20T09:30:43+00:00","article_modified_time":"2025-08-20T15:18:59+00:00","og_image":[{"width":850,"height":423,"url":"https:\/\/graphiste.com\/blog\/wp-content\/uploads\/sites\/4\/2019\/11\/une-graphiste-neo-tendance-histoire-utilisation-1.jpg","type":"image\/jpeg"}],"author":"Laura Michaud","twitter_card":"summary_large_image","twitter_creator":"@Graphistecom","twitter_site":"@Graphistecom","twitter_misc":{"\u00c9crit par":"Laura Michaud","Dur\u00e9e de lecture estim\u00e9e":"5 minutes"},"schema":{"@context":"https:\/\/schema.org","@graph":[{"@type":"Article","@id":"https:\/\/graphiste.com\/blog\/neon-comment-utiliser-creations\/#article","isPartOf":{"@id":"https:\/\/graphiste.com\/blog\/neon-comment-utiliser-creations\/"},"author":{"name":"Laura Michaud","@id":"https:\/\/graphiste.com\/blog\/#\/schema\/person\/33c0ef04707fbe50a096f282050bb5f2"},"headline":"Le N\u00e9on\u00a0: comment l\u2019utiliser dans vos cr\u00e9ations","datePublished":"2019-11-20T09:30:43+00:00","dateModified":"2025-08-20T15:18:59+00:00","mainEntityOfPage":{"@id":"https:\/\/graphiste.com\/blog\/neon-comment-utiliser-creations\/"},"wordCount":1021,"commentCount":0,"publisher":{"@id":"https:\/\/graphiste.com\/blog\/#organization"},"image":{"@id":"https:\/\/graphiste.com\/blog\/neon-comment-utiliser-creations\/#primaryimage"},"thumbnailUrl":"https:\/\/graphiste.com\/blog\/wp-content\/uploads\/sites\/4\/2019\/11\/une-graphiste-neo-tendance-histoire-utilisation-1.jpg","keywords":["Tout savoir sur le Graphisme"],"articleSection":["Colorim\u00e9trie"],"inLanguage":"fr-FR","potentialAction":[{"@type":"CommentAction","name":"Comment","target":["https:\/\/graphiste.com\/blog\/neon-comment-utiliser-creations\/#respond"]}]},{"@type":"WebPage","@id":"https:\/\/graphiste.com\/blog\/neon-comment-utiliser-creations\/","url":"https:\/\/graphiste.com\/blog\/neon-comment-utiliser-creations\/","name":"Le N\u00e9on\u00a0: comment l\u2019utiliser dans vos cr\u00e9ations - Graphiste Blog","isPartOf":{"@id":"https:\/\/graphiste.com\/blog\/#website"},"primaryImageOfPage":{"@id":"https:\/\/graphiste.com\/blog\/neon-comment-utiliser-creations\/#primaryimage"},"image":{"@id":"https:\/\/graphiste.com\/blog\/neon-comment-utiliser-creations\/#primaryimage"},"thumbnailUrl":"https:\/\/graphiste.com\/blog\/wp-content\/uploads\/sites\/4\/2019\/11\/une-graphiste-neo-tendance-histoire-utilisation-1.jpg","datePublished":"2019-11-20T09:30:43+00:00","dateModified":"2025-08-20T15:18:59+00:00","description":"Alors qu\u2019il semblait avoir un charme un peu d\u00e9suet, le n\u00e9on effectue un v\u00e9ritable retour en force dans l\u2019univers du graphisme. Eh oui, cet \u00e9l\u00e9ment de","breadcrumb":{"@id":"https:\/\/graphiste.com\/blog\/neon-comment-utiliser-creations\/#breadcrumb"},"inLanguage":"fr-FR","potentialAction":[{"@type":"ReadAction","target":["https:\/\/graphiste.com\/blog\/neon-comment-utiliser-creations\/"]}]},{"@type":"ImageObject","inLanguage":"fr-FR","@id":"https:\/\/graphiste.com\/blog\/neon-comment-utiliser-creations\/#primaryimage","url":"https:\/\/graphiste.com\/blog\/wp-content\/uploads\/sites\/4\/2019\/11\/une-graphiste-neo-tendance-histoire-utilisation-1.jpg","contentUrl":"https:\/\/graphiste.com\/blog\/wp-content\/uploads\/sites\/4\/2019\/11\/une-graphiste-neo-tendance-histoire-utilisation-1.jpg","width":850,"height":423},{"@type":"BreadcrumbList","@id":"https:\/\/graphiste.com\/blog\/neon-comment-utiliser-creations\/#breadcrumb","itemListElement":[{"@type":"ListItem","position":1,"name":"Blog","item":"https:\/\/graphiste.com\/blog\/"},{"@type":"ListItem","position":2,"name":"Branding","item":"https:\/\/graphiste.com\/blog\/branding\/"},{"@type":"ListItem","position":3,"name":"Colorim\u00e9trie","item":"https:\/\/graphiste.com\/blog\/branding\/colorimetrie\/"},{"@type":"ListItem","position":4,"name":"Le N\u00e9on\u00a0: comment l\u2019utiliser dans vos cr\u00e9ations"}]},{"@type":"WebSite","@id":"https:\/\/graphiste.com\/blog\/#website","url":"https:\/\/graphiste.com\/blog\/","name":"Graphiste.com","description":"graphiste","publisher":{"@id":"https:\/\/graphiste.com\/blog\/#organization"},"potentialAction":[{"@type":"SearchAction","target":{"@type":"EntryPoint","urlTemplate":"https:\/\/graphiste.com\/blog\/?s={search_term_string}"},"query-input":{"@type":"PropertyValueSpecification","valueRequired":true,"valueName":"search_term_string"}}],"inLanguage":"fr-FR"},{"@type":"Organization","@id":"https:\/\/graphiste.com\/blog\/#organization","name":"Graphiste.com","url":"https:\/\/graphiste.com\/blog\/","logo":{"@type":"ImageObject","inLanguage":"fr-FR","@id":"https:\/\/graphiste.com\/blog\/#\/schema\/logo\/image\/","url":"https:\/\/graphiste.com\/blog\/wp-content\/uploads\/sites\/4\/2022\/07\/logo-blog-graphiste.svg","contentUrl":"https:\/\/graphiste.com\/blog\/wp-content\/uploads\/sites\/4\/2022\/07\/logo-blog-graphiste.svg","width":1,"height":1,"caption":"Graphiste.com"},"image":{"@id":"https:\/\/graphiste.com\/blog\/#\/schema\/logo\/image\/"},"sameAs":["https:\/\/www.facebook.com\/graphistesfreelances","https:\/\/x.com\/Graphistecom","https:\/\/www.linkedin.com\/company\/graphiste-com\/","https:\/\/fr.pinterest.com\/Graphiste_Com","https:\/\/www.instagram.com\/graphiste_com\/"]},{"@type":"Person","@id":"https:\/\/graphiste.com\/blog\/#\/schema\/person\/33c0ef04707fbe50a096f282050bb5f2","name":"Laura Michaud","image":{"@type":"ImageObject","inLanguage":"fr-FR","@id":"https:\/\/graphiste.com\/blog\/#\/schema\/person\/image\/","url":"https:\/\/secure.gravatar.com\/avatar\/c3328cc0c887f98cec6b2979af3311ab6333fc7cc2d4847514cfec6a56fa08a7?s=96&d=mm&r=g","contentUrl":"https:\/\/secure.gravatar.com\/avatar\/c3328cc0c887f98cec6b2979af3311ab6333fc7cc2d4847514cfec6a56fa08a7?s=96&d=mm&r=g","caption":"Laura Michaud"},"description":"Laura connait tous les meilleurs outils pour g\u00e9rer des projets et une entreprise. Cr\u00e9ative, c'est aussi une sp\u00e9cialiste des outils de cr\u00e9ation graphique pour faire briller une entreprise.","sameAs":["https:\/\/www.linkedin.com\/in\/michaudlaura\/"],"url":"https:\/\/graphiste.com\/blog\/author\/laura\/"}]}},"_links":{"self":[{"href":"https:\/\/graphiste.com\/blog\/wp-json\/wp\/v2\/posts\/14838","targetHints":{"allow":["GET"]}}],"collection":[{"href":"https:\/\/graphiste.com\/blog\/wp-json\/wp\/v2\/posts"}],"about":[{"href":"https:\/\/graphiste.com\/blog\/wp-json\/wp\/v2\/types\/post"}],"author":[{"embeddable":true,"href":"https:\/\/graphiste.com\/blog\/wp-json\/wp\/v2\/users\/1"}],"replies":[{"embeddable":true,"href":"https:\/\/graphiste.com\/blog\/wp-json\/wp\/v2\/comments?post=14838"}],"version-history":[{"count":0,"href":"https:\/\/graphiste.com\/blog\/wp-json\/wp\/v2\/posts\/14838\/revisions"}],"wp:featuredmedia":[{"embeddable":true,"href":"https:\/\/graphiste.com\/blog\/wp-json\/wp\/v2\/media\/14849"}],"wp:attachment":[{"href":"https:\/\/graphiste.com\/blog\/wp-json\/wp\/v2\/media?parent=14838"}],"wp:term":[{"taxonomy":"category","embeddable":true,"href":"https:\/\/graphiste.com\/blog\/wp-json\/wp\/v2\/categories?post=14838"},{"taxonomy":"post_tag","embeddable":true,"href":"https:\/\/graphiste.com\/blog\/wp-json\/wp\/v2\/tags?post=14838"}],"curies":[{"name":"wp","href":"https:\/\/api.w.org\/{rel}","templated":true}]}}