{"id":1216,"date":"2020-03-02T09:50:08","date_gmt":"2020-03-02T08:50:08","guid":{"rendered":"https:\/\/graphiste.com\/blog\/?p=1216"},"modified":"2025-08-20T17:18:37","modified_gmt":"2025-08-20T15:18:37","slug":"faire-evoluer-son-image","status":"publish","type":"post","link":"https:\/\/graphiste.com\/blog\/faire-evoluer-son-image\/","title":{"rendered":"Pourquoi faire \u00e9voluer son image&nbsp;?"},"content":{"rendered":"<p>Il est important, essentiel m\u00eame, pour toute entreprise d&#8217;avoir une image de marque clairement identifiable.<\/p>\n<p>Il peut \u00eatre tout aussi crucial de savoir la faire \u00e9voluer au fil du temps, quand la soci\u00e9t\u00e9 existe d\u00e9j\u00e0 depuis un petit moment.<\/p>\n<p>Cette d\u00e9marche fait partie de l&#8217;adaptation naturelle dans le <a href=\"https:\/\/graphiste.com\/blog\/integrer-icones-supports-communication\" target=\"_blank\" rel=\"noopener noreferrer\">monde de la communication.<\/a><\/p>\n<p>&nbsp;<\/p>\n<h2>Qu\u2019est-ce que le branding&nbsp;?<\/h2>\n<p><img decoding=\"async\" class=\"aligncenter wp-image-17379 size-full\" src=\"https:\/\/graphiste.com\/blog\/wp-content\/uploads\/sites\/4\/2016\/06\/maquette.jpg\" alt=\"branding\" width=\"700\" height=\"467\" \/><\/p>\n<p>Le branding, ou image de marque, tend une promesse \u00e0 vos clients. Elle leur raconte ce qu\u2019ils peuvent attendre de vos produits et services et elle diff\u00e9rencie votre offre de celle de vos concurrents.<\/p>\n<p>Votre marque d\u00e9coule de qui vous \u00eates, de qui vous voulez \u00eatre et de comment les gens vous per\u00e7oivent.<\/p>\n<p>&nbsp;<\/p>\n<blockquote><p>Plus pr\u00e9cis\u00e9ment, votre strat\u00e9gie de branding est de savoir comment, quoi, o\u00f9, quand et \u00e0 qui vous pr\u00e9voyez de communiquer et de diffuser les messages de votre marque.<\/p><\/blockquote>\n<p>Votre publicit\u00e9 fait partie de votre strat\u00e9gie de marque. Vos canaux de distribution font \u00e9galement partie de votre strat\u00e9gie de marque. Ce que vous communiquez visuellement et verbalement fait \u00e9galement partie de votre strat\u00e9gie de marque.<\/p>\n<p>\u00ab <em><strong>Une marque est un nom, un terme, un design, un symbole ou toute autre caract\u00e9ristique qui identifie le bien ou le service d&#8217;un vendeur comme distinct de ceux des autres vendeurs<\/strong><\/em> \u00bb (American Marketing Association).<\/p>\n<blockquote><p>\u00c0 lire aussi&nbsp;:\u00a0<a href=\"https:\/\/graphiste.com\/blog\/guide-rebranding-definition\">Rebranding de marque\u00a0: d\u00e9finition et mise en \u0153uvre<\/a><\/p><\/blockquote>\n<p>&nbsp;<\/p>\n<h2>4 bonnes raisons de faire \u00e9voluer son image de marque&nbsp;:<\/h2>\n<h4>Parce que vous \u00eates dynamique<\/h4>\n<p>Dans le monde moderne, avoir une image trop fig\u00e9e, voire r\u00e9trograde, peut \u00eatre contre-productif sauf, bien s\u00fbr, s&#8217;il s&#8217;agit d&#8217;un parti pris. Miser sur un <a href=\"https:\/\/graphiste.com\/blog\/creer-un-logo-vintage\">logo vintage<\/a> peut tout \u00e0 fait \u00eatre un choix volontaire.<\/p>\n<blockquote><p><a href=\"https:\/\/graphiste.com\/blog\/6-criteres-importants-pour-un-logo-reussi\">Modifier son logo<\/a> ou sa charte graphique est une bonne mani\u00e8re de prouver que vous restez conscient que le monde change autour de vous, tout comme les services ou les produits que vous proposez.<\/p><\/blockquote>\n<p><img decoding=\"async\" class=\"aligncenter wp-image-17381 size-full\" src=\"https:\/\/graphiste.com\/blog\/wp-content\/uploads\/sites\/4\/2016\/06\/logo-2.jpg\" alt=\"cr\u00e9ation nouveau logo\" width=\"700\" height=\"467\" \/><\/p>\n<p>Vous vous adressez aux gens d&#8217;aujourd&#8217;hui, vos clients d&#8217;hier ont grandi et vous aussi. Opter pour une image revisit\u00e9e est aussi rafra\u00eechissant qu&#8217;une nouvelle coupe pour votre image de marque. Cet acte ne change pas ce que vous \u00eates, intrins\u00e8quement, mais cette nouvelle apparence est souvent l&#8217;occasion d&#8217;une dynamique diff\u00e9rente.<\/p>\n<p>D&#8217;ailleurs, la <a href=\"https:\/\/graphiste.com\/pages\/creer-logo-entreprise\">cr\u00e9ation d&#8217;un nouveau logo<\/a>, ou la transformation de celui existant peut \u00e9galement \u00eatre l&#8217;occasion d&#8217;une action de communication. Dans tous les cas, c&#8217;est un moyen de faire parler de vous, de vous ramener sur le devant de la sc\u00e8ne et de montrer que vous \u00eates toujours actif. Ce qui ne peut qu&#8217;\u00eatre positif.<\/p>\n<p>&nbsp;<\/p>\n<h4>Parce que l&#8217;\u00e9volution est naturelle<\/h4>\n<p>Le monde change. Chaque jour. Les \u00e9tats d&#8217;esprits aussi. Le v\u00f4tre comme celui de vos clients. <a href=\"https:\/\/graphiste.com\/pages\/charte-graphique\">Une nouvelle charte graphique<\/a> est aussi un moyen de faire passer un message, celui que vous n&#8217;\u00eates plus tout \u00e0 fait celui que vous \u00e9tiez hier.<\/p>\n<p><img decoding=\"async\" class=\"aligncenter wp-image-17382 size-full\" src=\"https:\/\/graphiste.com\/blog\/wp-content\/uploads\/sites\/4\/2016\/06\/ordi.jpg\" alt=\"ordinateur graphiste\" width=\"700\" height=\"467\" \/><\/p>\n<p>Soit parce que vous avez adapt\u00e9 votre offre, soit parce que la soci\u00e9t\u00e9 a une autre mani\u00e8re de consid\u00e9rer ce qui l&#8217;entoure.<\/p>\n<p>Vous pouvez y mettre en avant un nouvel int\u00e9r\u00eat envers<a href=\"https:\/\/graphiste.com\/blog\/leco-conception-en-graphisme-pourquoi-et-comment\" target=\"_blank\" rel=\"noopener noreferrer\"> l&#8217;\u00e9cologie<\/a> ou le d\u00e9veloppement durable, une vision de la famille qui n&#8217;est plus celle d&#8217;hier ou tout autre aspect qui correspond mieux au message que vous souhaitez faire passer.<\/p>\n<blockquote><p>Votre logo est votre vitrine&nbsp;: il en dit beaucoup sur vous avant m\u00eame que vous n&#8217;ayez eu l&#8217;occasion de vous exprimer.<\/p><\/blockquote>\n<p>&nbsp;<\/p>\n<h4>Parce que vous avez le choix du type de changement<\/h4>\n<p>\u00catre convaincu qu&#8217;il faut s&#8217;adapter, c&#8217;est un point de d\u00e9part.<\/p>\n<p>Encore faut-il savoir jusqu&#8217;o\u00f9 l&#8217;on veut aller. Certaines marques n&#8217;h\u00e9sitent pas \u00e0 totalement changer de nom, et doivent le r\u00e9p\u00e9ter souvent avant que leur nouvelle identit\u00e9 ne s&#8217;enregistre dans les m\u00e9moires. C&#8217;est un pari risqu\u00e9 qui n&#8217;est pas toujours bien compris par les utilisateurs, mais qui permet de repartir totalement sur un nouvel esprit.<\/p>\n<p><img decoding=\"async\" class=\"aligncenter wp-image-17383 size-full\" src=\"https:\/\/graphiste.com\/blog\/wp-content\/uploads\/sites\/4\/2016\/06\/packaging.jpg\" alt=\"packaging\" width=\"700\" height=\"467\" \/><\/p>\n<blockquote><p>Vous pouvez aussi simplement d\u00e9poussi\u00e9rer votre logo, arrondir ses angles, <a href=\"https:\/\/graphiste.com\/blog\/comment-choisir-les-couleurs-dun-logo\">remixer ses couleurs<\/a>&#8230; C&#8217;est souvent l&#8217;option pr\u00e9f\u00e9r\u00e9e par les entreprises car elle permet de continuer \u00e0 capitaliser sur une image qui est reconnue, tout en la modernisant simplement un peu.<\/p><\/blockquote>\n<p>C&#8217;est ce que l&#8217;on appelle changer dans la continuit\u00e9, une solution qui rassure les clients et qui est sans doute plus adapt\u00e9e si vous n&#8217;apportez pas de transformation radicale \u00e0 votre offre.<\/p>\n<blockquote><p>\u00c0 lire aussi&nbsp;: <a href=\"https:\/\/graphiste.com\/blog\/erreurs-sur-charte-graphique\">6 erreurs \u00e0 ne pas faire sur votre charte graphique<\/a><\/p><\/blockquote>\n<p>&nbsp;<\/p>\n<h4>Parce que votre soci\u00e9t\u00e9 a une longue vie devant elle<\/h4>\n<p>Changer est une bonne chose. Encore ne faut-il pas le faire trop souvent au risque de d\u00e9router compl\u00e8tement ses clients fid\u00e8les. L&#8217;utilit\u00e9 d&#8217;une charte graphique, c&#8217;est de vous permettre d&#8217;\u00eatre facilement reconnu.<\/p>\n<p><a href=\"https:\/\/graphiste.com\/blog\/wp-content\/uploads\/sites\/4\/2016\/06\/charte-graphique.jpg\"><img decoding=\"async\" class=\"aligncenter wp-image-17384 size-full\" src=\"https:\/\/graphiste.com\/blog\/wp-content\/uploads\/sites\/4\/2016\/06\/charte-graphique.jpg\" alt=\"logo\" width=\"700\" height=\"467\" \/><\/a><\/p>\n<blockquote><p>Attention&nbsp;: Vous en perdrez tout le b\u00e9n\u00e9fice si vous modifiez trop souvent votre image. Il n&#8217;existe pas de r\u00e8gle \u00e9tablie qui sp\u00e9cifie qu&#8217;il faut modifier sa charte graphique \u00e0 des fr\u00e9quences pr\u00e9cises. Tout simplement parce que chaque entreprise est unique.<\/p><\/blockquote>\n<p>En d\u00e9but de cr\u00e9ation, quand la soci\u00e9t\u00e9 est r\u00e9cente, une modification radicale peut intervenir assez rapidement, surtout si l&#8217;image de marque n&#8217;a pas \u00e9t\u00e9 suffisamment r\u00e9fl\u00e9chie au d\u00e9part.<\/p>\n<p>Ensuite, il faut patienter quelques ann\u00e9es entre chaque modification, pour ne pas donner l&#8217;impression d&#8217;\u00eatre trop volatile. Deux ans, cinq ans ou dix, ce sera \u00e0 vous de faire le choix.<\/p>\n<p>&nbsp;<\/p>\n<p>Vous souhaitez revoir <a href=\"https:\/\/graphiste.com\/blog\/comment-reussir-la-charte-graphique-de-votre-marque\" target=\"_blank\" rel=\"noopener noreferrer\">la charte graphique<\/a> de votre marque&nbsp;?<\/p>\n<p>Ou simplement refaire son logo&nbsp;? Postez d\u00e8s maintenant votre annonce sur <a href=\"https:\/\/graphiste.com\/\">Graphiste.com<\/a> et entrez en relation avec des graphistes freelances qui r\u00e9pondront \u00e0 tous vos besoins.<\/p>\n","protected":false},"excerpt":{"rendered":"<p>Il est important, essentiel m\u00eame, pour toute entreprise d&#8217;avoir une image de marque clairement identifiable. Il peut \u00eatre tout aussi crucial de savoir la faire \u00e9voluer au fil du temps, quand la soci\u00e9t\u00e9 existe d\u00e9j\u00e0 depuis un petit moment. Cette d\u00e9marche fait partie de l&#8217;adaptation naturelle dans le monde de la communication. &nbsp; Qu\u2019est-ce que [&hellip;]<\/p>\n","protected":false},"author":5,"featured_media":17378,"comment_status":"closed","ping_status":"closed","sticky":false,"template":"","format":"standard","meta":{"_acf_changed":false,"inline_featured_image":false,"footnotes":""},"categories":[88],"tags":[42,43],"class_list":["post-1216","post","type-post","status-publish","format-standard","has-post-thumbnail","hentry","category-branding","tag-creer-marque","tag-developper-entreprise"],"acf":[],"yoast_head":"<!-- This site is optimized with the Yoast SEO plugin v25.9 - https:\/\/yoast.com\/wordpress\/plugins\/seo\/ -->\n<title>Pourquoi faire \u00e9voluer son image ? - Graphiste Blog<\/title>\n<meta name=\"description\" content=\"Il est important, essentiel m\u00eame, pour toute entreprise d&#039;avoir une image de marque clairement identifiable. Il peut \u00eatre tout aussi crucial de savoir la\" \/>\n<meta name=\"robots\" content=\"index, follow, max-snippet:-1, max-image-preview:large, max-video-preview:-1\" \/>\n<link rel=\"canonical\" href=\"https:\/\/graphiste.com\/blog\/faire-evoluer-son-image\/\" \/>\n<meta property=\"og:locale\" content=\"fr_FR\" \/>\n<meta property=\"og:type\" content=\"article\" \/>\n<meta property=\"og:title\" content=\"Pourquoi faire \u00e9voluer son image ? - Graphiste Blog\" \/>\n<meta property=\"og:description\" content=\"Il est important, essentiel m\u00eame, pour toute entreprise d&#039;avoir une image de marque clairement identifiable. Il peut \u00eatre tout aussi crucial de savoir la\" \/>\n<meta property=\"og:url\" content=\"https:\/\/graphiste.com\/blog\/faire-evoluer-son-image\/\" \/>\n<meta property=\"og:site_name\" content=\"Graphiste.com\" \/>\n<meta property=\"article:publisher\" content=\"https:\/\/www.facebook.com\/graphistesfreelances\" \/>\n<meta property=\"article:published_time\" content=\"2020-03-02T08:50:08+00:00\" \/>\n<meta property=\"article:modified_time\" content=\"2025-08-20T15:18:37+00:00\" \/>\n<meta property=\"og:image\" content=\"https:\/\/graphiste.com\/blog\/wp-content\/uploads\/sites\/4\/2016\/06\/une-graphiste-1.jpg\" \/>\n\t<meta property=\"og:image:width\" content=\"850\" \/>\n\t<meta property=\"og:image:height\" content=\"423\" \/>\n\t<meta property=\"og:image:type\" content=\"image\/jpeg\" \/>\n<meta name=\"author\" content=\"Thomas Lazzaroni\" \/>\n<meta name=\"twitter:card\" content=\"summary_large_image\" \/>\n<meta name=\"twitter:creator\" content=\"@totolazza\" \/>\n<meta name=\"twitter:site\" content=\"@Graphistecom\" \/>\n<meta name=\"twitter:label1\" content=\"\u00c9crit par\" \/>\n\t<meta name=\"twitter:data1\" content=\"Thomas Lazzaroni\" \/>\n\t<meta name=\"twitter:label2\" content=\"Dur\u00e9e de lecture estim\u00e9e\" \/>\n\t<meta name=\"twitter:data2\" content=\"5 minutes\" \/>\n<script type=\"application\/ld+json\" class=\"yoast-schema-graph\">{\"@context\":\"https:\/\/schema.org\",\"@graph\":[{\"@type\":\"Article\",\"@id\":\"https:\/\/graphiste.com\/blog\/faire-evoluer-son-image\/#article\",\"isPartOf\":{\"@id\":\"https:\/\/graphiste.com\/blog\/faire-evoluer-son-image\/\"},\"author\":{\"name\":\"Thomas Lazzaroni\",\"@id\":\"https:\/\/graphiste.com\/blog\/#\/schema\/person\/cc3b0a678aeffcae19ecc599eaf679e5\"},\"headline\":\"Pourquoi faire \u00e9voluer son image&nbsp;?\",\"datePublished\":\"2020-03-02T08:50:08+00:00\",\"dateModified\":\"2025-08-20T15:18:37+00:00\",\"mainEntityOfPage\":{\"@id\":\"https:\/\/graphiste.com\/blog\/faire-evoluer-son-image\/\"},\"wordCount\":987,\"publisher\":{\"@id\":\"https:\/\/graphiste.com\/blog\/#organization\"},\"image\":{\"@id\":\"https:\/\/graphiste.com\/blog\/faire-evoluer-son-image\/#primaryimage\"},\"thumbnailUrl\":\"https:\/\/graphiste.com\/blog\/wp-content\/uploads\/sites\/4\/2016\/06\/une-graphiste-1.jpg\",\"keywords\":[\"Cr\u00e9er votre marque\",\"D\u00e9velopper son entreprise\"],\"articleSection\":[\"Branding\"],\"inLanguage\":\"fr-FR\"},{\"@type\":\"WebPage\",\"@id\":\"https:\/\/graphiste.com\/blog\/faire-evoluer-son-image\/\",\"url\":\"https:\/\/graphiste.com\/blog\/faire-evoluer-son-image\/\",\"name\":\"Pourquoi faire \u00e9voluer son image ? - Graphiste Blog\",\"isPartOf\":{\"@id\":\"https:\/\/graphiste.com\/blog\/#website\"},\"primaryImageOfPage\":{\"@id\":\"https:\/\/graphiste.com\/blog\/faire-evoluer-son-image\/#primaryimage\"},\"image\":{\"@id\":\"https:\/\/graphiste.com\/blog\/faire-evoluer-son-image\/#primaryimage\"},\"thumbnailUrl\":\"https:\/\/graphiste.com\/blog\/wp-content\/uploads\/sites\/4\/2016\/06\/une-graphiste-1.jpg\",\"datePublished\":\"2020-03-02T08:50:08+00:00\",\"dateModified\":\"2025-08-20T15:18:37+00:00\",\"description\":\"Il est important, essentiel m\u00eame, pour toute entreprise d'avoir une image de marque clairement identifiable. Il peut \u00eatre tout aussi crucial de savoir la\",\"breadcrumb\":{\"@id\":\"https:\/\/graphiste.com\/blog\/faire-evoluer-son-image\/#breadcrumb\"},\"inLanguage\":\"fr-FR\",\"potentialAction\":[{\"@type\":\"ReadAction\",\"target\":[\"https:\/\/graphiste.com\/blog\/faire-evoluer-son-image\/\"]}]},{\"@type\":\"ImageObject\",\"inLanguage\":\"fr-FR\",\"@id\":\"https:\/\/graphiste.com\/blog\/faire-evoluer-son-image\/#primaryimage\",\"url\":\"https:\/\/graphiste.com\/blog\/wp-content\/uploads\/sites\/4\/2016\/06\/une-graphiste-1.jpg\",\"contentUrl\":\"https:\/\/graphiste.com\/blog\/wp-content\/uploads\/sites\/4\/2016\/06\/une-graphiste-1.jpg\",\"width\":850,\"height\":423,\"caption\":\"\u00e9voluer image de marque\"},{\"@type\":\"BreadcrumbList\",\"@id\":\"https:\/\/graphiste.com\/blog\/faire-evoluer-son-image\/#breadcrumb\",\"itemListElement\":[{\"@type\":\"ListItem\",\"position\":1,\"name\":\"Blog\",\"item\":\"https:\/\/graphiste.com\/blog\/\"},{\"@type\":\"ListItem\",\"position\":2,\"name\":\"Branding\",\"item\":\"https:\/\/graphiste.com\/blog\/branding\/\"},{\"@type\":\"ListItem\",\"position\":3,\"name\":\"Pourquoi faire \u00e9voluer son image&nbsp;?\"}]},{\"@type\":\"WebSite\",\"@id\":\"https:\/\/graphiste.com\/blog\/#website\",\"url\":\"https:\/\/graphiste.com\/blog\/\",\"name\":\"Graphiste.com\",\"description\":\"graphiste\",\"publisher\":{\"@id\":\"https:\/\/graphiste.com\/blog\/#organization\"},\"potentialAction\":[{\"@type\":\"SearchAction\",\"target\":{\"@type\":\"EntryPoint\",\"urlTemplate\":\"https:\/\/graphiste.com\/blog\/?s={search_term_string}\"},\"query-input\":{\"@type\":\"PropertyValueSpecification\",\"valueRequired\":true,\"valueName\":\"search_term_string\"}}],\"inLanguage\":\"fr-FR\"},{\"@type\":\"Organization\",\"@id\":\"https:\/\/graphiste.com\/blog\/#organization\",\"name\":\"Graphiste.com\",\"url\":\"https:\/\/graphiste.com\/blog\/\",\"logo\":{\"@type\":\"ImageObject\",\"inLanguage\":\"fr-FR\",\"@id\":\"https:\/\/graphiste.com\/blog\/#\/schema\/logo\/image\/\",\"url\":\"https:\/\/graphiste.com\/blog\/wp-content\/uploads\/sites\/4\/2022\/07\/logo-blog-graphiste.svg\",\"contentUrl\":\"https:\/\/graphiste.com\/blog\/wp-content\/uploads\/sites\/4\/2022\/07\/logo-blog-graphiste.svg\",\"width\":1,\"height\":1,\"caption\":\"Graphiste.com\"},\"image\":{\"@id\":\"https:\/\/graphiste.com\/blog\/#\/schema\/logo\/image\/\"},\"sameAs\":[\"https:\/\/www.facebook.com\/graphistesfreelances\",\"https:\/\/x.com\/Graphistecom\",\"https:\/\/www.linkedin.com\/company\/graphiste-com\/\",\"https:\/\/fr.pinterest.com\/Graphiste_Com\",\"https:\/\/www.instagram.com\/graphiste_com\/\"]},{\"@type\":\"Person\",\"@id\":\"https:\/\/graphiste.com\/blog\/#\/schema\/person\/cc3b0a678aeffcae19ecc599eaf679e5\",\"name\":\"Thomas Lazzaroni\",\"image\":{\"@type\":\"ImageObject\",\"inLanguage\":\"fr-FR\",\"@id\":\"https:\/\/graphiste.com\/blog\/#\/schema\/person\/image\/\",\"url\":\"https:\/\/secure.gravatar.com\/avatar\/7306fb87b7017ab0955d07c2f2b771ac79e91965a2fca514df0c043f7c087fd2?s=96&d=mm&r=g\",\"contentUrl\":\"https:\/\/secure.gravatar.com\/avatar\/7306fb87b7017ab0955d07c2f2b771ac79e91965a2fca514df0c043f7c087fd2?s=96&d=mm&r=g\",\"caption\":\"Thomas Lazzaroni\"},\"description\":\"Depuis plus de 10 ans, je contribue \u00e0 faire rayonner nos sites en imaginant des strat\u00e9gies qui renforcent notre visibilit\u00e9 et notre position de r\u00e9f\u00e9rence.\",\"sameAs\":[\"https:\/\/totolazza.com\",\"https:\/\/www.linkedin.com\/in\/thomaslazzaroni\/\",\"https:\/\/x.com\/totolazza\"],\"url\":\"https:\/\/graphiste.com\/blog\/author\/thomas\/\"}]}<\/script>\n<!-- \/ Yoast SEO plugin. -->","yoast_head_json":{"title":"Pourquoi faire \u00e9voluer son image ? - Graphiste Blog","description":"Il est important, essentiel m\u00eame, pour toute entreprise d'avoir une image de marque clairement identifiable. Il peut \u00eatre tout aussi crucial de savoir la","robots":{"index":"index","follow":"follow","max-snippet":"max-snippet:-1","max-image-preview":"max-image-preview:large","max-video-preview":"max-video-preview:-1"},"canonical":"https:\/\/graphiste.com\/blog\/faire-evoluer-son-image\/","og_locale":"fr_FR","og_type":"article","og_title":"Pourquoi faire \u00e9voluer son image ? - Graphiste Blog","og_description":"Il est important, essentiel m\u00eame, pour toute entreprise d'avoir une image de marque clairement identifiable. Il peut \u00eatre tout aussi crucial de savoir la","og_url":"https:\/\/graphiste.com\/blog\/faire-evoluer-son-image\/","og_site_name":"Graphiste.com","article_publisher":"https:\/\/www.facebook.com\/graphistesfreelances","article_published_time":"2020-03-02T08:50:08+00:00","article_modified_time":"2025-08-20T15:18:37+00:00","og_image":[{"width":850,"height":423,"url":"https:\/\/graphiste.com\/blog\/wp-content\/uploads\/sites\/4\/2016\/06\/une-graphiste-1.jpg","type":"image\/jpeg"}],"author":"Thomas Lazzaroni","twitter_card":"summary_large_image","twitter_creator":"@totolazza","twitter_site":"@Graphistecom","twitter_misc":{"\u00c9crit par":"Thomas Lazzaroni","Dur\u00e9e de lecture estim\u00e9e":"5 minutes"},"schema":{"@context":"https:\/\/schema.org","@graph":[{"@type":"Article","@id":"https:\/\/graphiste.com\/blog\/faire-evoluer-son-image\/#article","isPartOf":{"@id":"https:\/\/graphiste.com\/blog\/faire-evoluer-son-image\/"},"author":{"name":"Thomas Lazzaroni","@id":"https:\/\/graphiste.com\/blog\/#\/schema\/person\/cc3b0a678aeffcae19ecc599eaf679e5"},"headline":"Pourquoi faire \u00e9voluer son image&nbsp;?","datePublished":"2020-03-02T08:50:08+00:00","dateModified":"2025-08-20T15:18:37+00:00","mainEntityOfPage":{"@id":"https:\/\/graphiste.com\/blog\/faire-evoluer-son-image\/"},"wordCount":987,"publisher":{"@id":"https:\/\/graphiste.com\/blog\/#organization"},"image":{"@id":"https:\/\/graphiste.com\/blog\/faire-evoluer-son-image\/#primaryimage"},"thumbnailUrl":"https:\/\/graphiste.com\/blog\/wp-content\/uploads\/sites\/4\/2016\/06\/une-graphiste-1.jpg","keywords":["Cr\u00e9er votre marque","D\u00e9velopper son entreprise"],"articleSection":["Branding"],"inLanguage":"fr-FR"},{"@type":"WebPage","@id":"https:\/\/graphiste.com\/blog\/faire-evoluer-son-image\/","url":"https:\/\/graphiste.com\/blog\/faire-evoluer-son-image\/","name":"Pourquoi faire \u00e9voluer son image ? - Graphiste Blog","isPartOf":{"@id":"https:\/\/graphiste.com\/blog\/#website"},"primaryImageOfPage":{"@id":"https:\/\/graphiste.com\/blog\/faire-evoluer-son-image\/#primaryimage"},"image":{"@id":"https:\/\/graphiste.com\/blog\/faire-evoluer-son-image\/#primaryimage"},"thumbnailUrl":"https:\/\/graphiste.com\/blog\/wp-content\/uploads\/sites\/4\/2016\/06\/une-graphiste-1.jpg","datePublished":"2020-03-02T08:50:08+00:00","dateModified":"2025-08-20T15:18:37+00:00","description":"Il est important, essentiel m\u00eame, pour toute entreprise d'avoir une image de marque clairement identifiable. Il peut \u00eatre tout aussi crucial de savoir la","breadcrumb":{"@id":"https:\/\/graphiste.com\/blog\/faire-evoluer-son-image\/#breadcrumb"},"inLanguage":"fr-FR","potentialAction":[{"@type":"ReadAction","target":["https:\/\/graphiste.com\/blog\/faire-evoluer-son-image\/"]}]},{"@type":"ImageObject","inLanguage":"fr-FR","@id":"https:\/\/graphiste.com\/blog\/faire-evoluer-son-image\/#primaryimage","url":"https:\/\/graphiste.com\/blog\/wp-content\/uploads\/sites\/4\/2016\/06\/une-graphiste-1.jpg","contentUrl":"https:\/\/graphiste.com\/blog\/wp-content\/uploads\/sites\/4\/2016\/06\/une-graphiste-1.jpg","width":850,"height":423,"caption":"\u00e9voluer image de marque"},{"@type":"BreadcrumbList","@id":"https:\/\/graphiste.com\/blog\/faire-evoluer-son-image\/#breadcrumb","itemListElement":[{"@type":"ListItem","position":1,"name":"Blog","item":"https:\/\/graphiste.com\/blog\/"},{"@type":"ListItem","position":2,"name":"Branding","item":"https:\/\/graphiste.com\/blog\/branding\/"},{"@type":"ListItem","position":3,"name":"Pourquoi faire \u00e9voluer son image&nbsp;?"}]},{"@type":"WebSite","@id":"https:\/\/graphiste.com\/blog\/#website","url":"https:\/\/graphiste.com\/blog\/","name":"Graphiste.com","description":"graphiste","publisher":{"@id":"https:\/\/graphiste.com\/blog\/#organization"},"potentialAction":[{"@type":"SearchAction","target":{"@type":"EntryPoint","urlTemplate":"https:\/\/graphiste.com\/blog\/?s={search_term_string}"},"query-input":{"@type":"PropertyValueSpecification","valueRequired":true,"valueName":"search_term_string"}}],"inLanguage":"fr-FR"},{"@type":"Organization","@id":"https:\/\/graphiste.com\/blog\/#organization","name":"Graphiste.com","url":"https:\/\/graphiste.com\/blog\/","logo":{"@type":"ImageObject","inLanguage":"fr-FR","@id":"https:\/\/graphiste.com\/blog\/#\/schema\/logo\/image\/","url":"https:\/\/graphiste.com\/blog\/wp-content\/uploads\/sites\/4\/2022\/07\/logo-blog-graphiste.svg","contentUrl":"https:\/\/graphiste.com\/blog\/wp-content\/uploads\/sites\/4\/2022\/07\/logo-blog-graphiste.svg","width":1,"height":1,"caption":"Graphiste.com"},"image":{"@id":"https:\/\/graphiste.com\/blog\/#\/schema\/logo\/image\/"},"sameAs":["https:\/\/www.facebook.com\/graphistesfreelances","https:\/\/x.com\/Graphistecom","https:\/\/www.linkedin.com\/company\/graphiste-com\/","https:\/\/fr.pinterest.com\/Graphiste_Com","https:\/\/www.instagram.com\/graphiste_com\/"]},{"@type":"Person","@id":"https:\/\/graphiste.com\/blog\/#\/schema\/person\/cc3b0a678aeffcae19ecc599eaf679e5","name":"Thomas Lazzaroni","image":{"@type":"ImageObject","inLanguage":"fr-FR","@id":"https:\/\/graphiste.com\/blog\/#\/schema\/person\/image\/","url":"https:\/\/secure.gravatar.com\/avatar\/7306fb87b7017ab0955d07c2f2b771ac79e91965a2fca514df0c043f7c087fd2?s=96&d=mm&r=g","contentUrl":"https:\/\/secure.gravatar.com\/avatar\/7306fb87b7017ab0955d07c2f2b771ac79e91965a2fca514df0c043f7c087fd2?s=96&d=mm&r=g","caption":"Thomas Lazzaroni"},"description":"Depuis plus de 10 ans, je contribue \u00e0 faire rayonner nos sites en imaginant des strat\u00e9gies qui renforcent notre visibilit\u00e9 et notre position de r\u00e9f\u00e9rence.","sameAs":["https:\/\/totolazza.com","https:\/\/www.linkedin.com\/in\/thomaslazzaroni\/","https:\/\/x.com\/totolazza"],"url":"https:\/\/graphiste.com\/blog\/author\/thomas\/"}]}},"_links":{"self":[{"href":"https:\/\/graphiste.com\/blog\/wp-json\/wp\/v2\/posts\/1216","targetHints":{"allow":["GET"]}}],"collection":[{"href":"https:\/\/graphiste.com\/blog\/wp-json\/wp\/v2\/posts"}],"about":[{"href":"https:\/\/graphiste.com\/blog\/wp-json\/wp\/v2\/types\/post"}],"author":[{"embeddable":true,"href":"https:\/\/graphiste.com\/blog\/wp-json\/wp\/v2\/users\/5"}],"replies":[{"embeddable":true,"href":"https:\/\/graphiste.com\/blog\/wp-json\/wp\/v2\/comments?post=1216"}],"version-history":[{"count":0,"href":"https:\/\/graphiste.com\/blog\/wp-json\/wp\/v2\/posts\/1216\/revisions"}],"wp:featuredmedia":[{"embeddable":true,"href":"https:\/\/graphiste.com\/blog\/wp-json\/wp\/v2\/media\/17378"}],"wp:attachment":[{"href":"https:\/\/graphiste.com\/blog\/wp-json\/wp\/v2\/media?parent=1216"}],"wp:term":[{"taxonomy":"category","embeddable":true,"href":"https:\/\/graphiste.com\/blog\/wp-json\/wp\/v2\/categories?post=1216"},{"taxonomy":"post_tag","embeddable":true,"href":"https:\/\/graphiste.com\/blog\/wp-json\/wp\/v2\/tags?post=1216"}],"curies":[{"name":"wp","href":"https:\/\/api.w.org\/{rel}","templated":true}]}}