{"id":11952,"date":"2022-01-01T01:00:00","date_gmt":"2022-01-01T00:00:00","guid":{"rendered":"https:\/\/graphiste.com\/blog\/?p=11952"},"modified":"2023-01-19T11:03:00","modified_gmt":"2023-01-19T10:03:00","slug":"branding-mauvaises-pratiques","status":"publish","type":"post","link":"https:\/\/graphiste.com\/blog\/branding-mauvaises-pratiques\/","title":{"rendered":"Branding&nbsp;: 5 pratiques \u00e0 arr\u00eater en 2023"},"content":{"rendered":"<p>Plus que votre image de marque, le branding est la mani\u00e8re dont vous l&#8217;exprimez. Toute votre communication doit s&#8217;appuyer sur votre branding, afin de donner une personnalit\u00e9 \u00e0 votre soci\u00e9t\u00e9.<\/p>\n<p>Cependant, les techniques et outils du branding \u00e9voluent avec le temps\u2026 et certains d&#8217;entre eux vous font plus de mal que de bien.<\/p>\n<h2>1. Les images gratuites t\u00e9l\u00e9charg\u00e9es en ligne<\/h2>\n<p>Pensez-vous vraiment pouvoir exprimer votre voix, ce qui vous diff\u00e9rencie des autres, en utilisant des images fournies \u00e0 tout le monde\u2026 et que tout le monde peut utiliser&nbsp;?<\/p>\n<p>Certaines photos tr\u00e8s corporate se retrouvent sur de nombreux sites internet, d&#8217;autres clich\u00e9s ont \u00e9t\u00e9 d\u00e9j\u00e0 utilis\u00e9s dans plusieurs publicit\u00e9s\u2026 Ce n&#8217;est donc pas le meilleur moyen de montrer vos qualit\u00e9s. En termes de branding, cette pratique est m\u00eame d\u00e9plorable.<\/p>\n<p>La meilleure solution, c&#8217;est d&#8217;utiliser des images personnelles, en faisant appel \u00e0 <a href=\"https:\/\/graphiste.com\/\" target=\"_blank\" rel=\"noopener noreferrer\">un photographe<\/a> pour montrer la face cach\u00e9e de votre entreprise&nbsp;: les personnes qui y travaillent, l&#8217;ambiance des lieux\u2026 ou en restant dans les m\u00eames tonalit\u00e9s et compositions pour les photos \u00e0 partager sur vos r\u00e9seaux sociaux.<\/p>\n<p><img decoding=\"async\" class=\"aligncenter wp-image-11954 size-full\" src=\"https:\/\/graphiste.com\/blog\/wp-content\/uploads\/sites\/4\/2019\/07\/photographies-personnelles.png\" alt=\"Photographies personnelles\" width=\"700\" height=\"362\" \/><\/p>\n<h2><\/h2>\n<h2>2. Le marketing monocanal<\/h2>\n<p>Les publicit\u00e9s \u00e0 la t\u00e9l\u00e9vision, c&#8217;\u00e9tait bien. Elles le sont encore aujourd&#8217;hui, \u00e0 condition de les coupler \u00e0 d&#8217;autres m\u00e9dias. Proposez une annonce qui se poursuit sur votre site, ajoutez des QR-codes sur vos affiches ou vos packagings\u2026<\/p>\n<p>Votre image de marque doit naviguer d&#8217;un canal \u00e0 l&#8217;autre. De cette mani\u00e8re, vous cr\u00e9erez de l&#8217;interaction et donc de l&#8217;engagement.<\/p>\n<p>En ne vous concentrant que sur un seul moyen de communiquer, c&#8217;est comme si vous d\u00e9cidiez de n&#8217;utiliser votre voix que pour chuchoter&nbsp;: ce n&#8217;est pas le meilleur moyen pour vous faire entendre.<\/p>\n<h2>3. Un site internet qui n&#8217;est pas responsive<\/h2>\n<p>Depuis quand n&#8217;avez-vous pas refait votre site internet&nbsp;? S&#8217;il est ennuyeux et d&#8217;apparence d\u00e9pass\u00e9e, vous allez avoir du mal \u00e0 convaincre de potentiels clients d&#8217;y consacrer plus de deux secondes.<\/p>\n<p>Mais si, en plus, il n&#8217;est pas responsive, vous passerez \u00e0 c\u00f4t\u00e9 de tout un panel de la population qui utilise en priorit\u00e9 son smartphone pour naviguer sur internet.<\/p>\n<blockquote><p>Aujourd&#8217;hui, plus de 60 % des recherches sur Google sont effectu\u00e9es depuis des appareils mobiles.<\/p><\/blockquote>\n<p>Il n&#8217;est plus question d&#8217;\u00eatre \u00e0 la tra\u00eene dans ce domaine&nbsp;: votre site web doit \u00eatre le meilleur ambassadeur de votre branding.<\/p>\n<blockquote><p>Lire aussi&nbsp;: <a href=\"https:\/\/graphiste.com\/blog\/utiliser-media-queries-responsive\/\">Web design&nbsp;: comment utiliser les media queries pour un site responsive&nbsp;?<\/a><\/p><\/blockquote>\n<h2>4. Des mails sans style<\/h2>\n<p>Pourquoi tant de campagnes emailing n&#8217;atteignent pas les r\u00e9sultats escompt\u00e9s&nbsp;? Parce que les emails envoy\u00e9s concernent uniquement des promotions et ne parlent pas au nom de l&#8217;entreprise.<\/p>\n<p>N&#8217;\u00e9crivez pas uniquement \u00e0 vos clients pour leur parler d&#8217;argent. Investissez-les dans vos projets, dans vos r\u00e9ussites, racontez-leur des histoires\u2026 Oui, cela prendra plus de temps, mais c&#8217;est aussi de cette mani\u00e8re que vous vous diff\u00e9rencierez de vos concurrents.<\/p>\n<p><img decoding=\"async\" class=\"aligncenter wp-image-11955 size-full\" src=\"https:\/\/graphiste.com\/blog\/wp-content\/uploads\/sites\/4\/2019\/07\/style-emailing.jpg\" alt=\"Style emailing\" width=\"588\" height=\"630\" \/><\/p>\n<p>Bien s\u00fbr, la pr\u00e9sentation de votre email, tout comme le ton, comptera aussi beaucoup dans votre taux d&#8217;ouverture. C&#8217;est le moment d&#8217;appliquer une feuille de style dans votre outil d&#8217;emailing&nbsp;!<\/p>\n<h2>5. Des cartes de visite qui s&#8217;oublient<\/h2>\n<p>La carte de visite est tout ce qui reste de vos rendez-vous une fois ceux-ci termin\u00e9s. Si elle est banale, imprim\u00e9e \u00e0 la va-vite et sans aucun cachet, que dit-elle de votre personnalit\u00e9, selon vous&nbsp;?<\/p>\n<p>Prenez autant de temps pour pr\u00e9parer vos cartes de visite que vous le feriez pour une affiche ou un flyer&nbsp;: de <a href=\"https:\/\/graphiste.com\/blog\/choisir-couleurs-carte-de-visite\" target=\"_blank\" rel=\"noopener noreferrer\">la couleur<\/a>, votre logo, une forme sp\u00e9ciale, un QR-code qui m\u00e8ne vers une vid\u00e9o de pr\u00e9sentation\u2026<\/p>\n<p>Vous ne disposez que d&#8217;une place r\u00e9duite mais elle est l\u00e0, alors faites-en bon usage&nbsp;!<\/p>\n<p><a href=\"https:\/\/graphiste.com\/blog\/wp-content\/uploads\/sites\/4\/2019\/07\/carte-visite.jpeg\"><img decoding=\"async\" class=\"aligncenter size-full wp-image-35570\" src=\"https:\/\/graphiste.com\/blog\/wp-content\/uploads\/sites\/4\/2019\/07\/carte-visite.jpeg\" alt=\"carte de visite\" width=\"700\" height=\"467\" \/><\/a><\/p>\n<h2>Notre conseil<\/h2>\n<p>Pour un branding r\u00e9ussi et unique faites appel \u00e0 un <a href=\"https:\/\/graphiste.com\">graphiste<\/a> qui sera l&#8217;alli\u00e9 id\u00e9al pour r\u00e9aliser votre image de marque \u00e0 la hauteur de vos esp\u00e9rances.<\/p>\n","protected":false},"excerpt":{"rendered":"<p>Plus que votre image de marque, le branding est la mani\u00e8re dont vous l&#8217;exprimez. Toute votre communication doit s&#8217;appuyer sur votre branding, afin de donner une personnalit\u00e9 \u00e0 votre soci\u00e9t\u00e9. Cependant, les techniques et outils du branding \u00e9voluent avec le temps\u2026 et certains d&#8217;entre eux vous font plus de mal que de bien. 1. Les [&hellip;]<\/p>\n","protected":false},"author":30,"featured_media":35571,"comment_status":"open","ping_status":"open","sticky":false,"template":"","format":"standard","meta":{"_acf_changed":false,"inline_featured_image":false,"footnotes":""},"categories":[88],"tags":[43],"class_list":["post-11952","post","type-post","status-publish","format-standard","has-post-thumbnail","hentry","category-branding","tag-developper-entreprise"],"acf":[],"yoast_head":"<!-- This site is optimized with the Yoast SEO plugin v25.9 - https:\/\/yoast.com\/wordpress\/plugins\/seo\/ -->\n<title>Branding : 5 pratiques \u00e0 arr\u00eater en 2023 - Graphiste Blog<\/title>\n<meta name=\"description\" content=\"Plus que votre image de marque, le branding est la mani\u00e8re dont vous l&#039;exprimez. Toute votre communication doit s&#039;appuyer sur votre branding, afin de\" \/>\n<meta name=\"robots\" content=\"index, follow, max-snippet:-1, max-image-preview:large, max-video-preview:-1\" \/>\n<link rel=\"canonical\" href=\"https:\/\/graphiste.com\/blog\/branding-mauvaises-pratiques\/\" \/>\n<meta property=\"og:locale\" content=\"fr_FR\" \/>\n<meta property=\"og:type\" content=\"article\" \/>\n<meta property=\"og:title\" content=\"Branding : 5 pratiques \u00e0 arr\u00eater en 2023 - Graphiste Blog\" \/>\n<meta property=\"og:description\" content=\"Plus que votre image de marque, le branding est la mani\u00e8re dont vous l&#039;exprimez. Toute votre communication doit s&#039;appuyer sur votre branding, afin de\" \/>\n<meta property=\"og:url\" content=\"https:\/\/graphiste.com\/blog\/branding-mauvaises-pratiques\/\" \/>\n<meta property=\"og:site_name\" content=\"Graphiste.com\" \/>\n<meta property=\"article:publisher\" content=\"https:\/\/www.facebook.com\/graphistesfreelances\" \/>\n<meta property=\"article:published_time\" content=\"2022-01-01T00:00:00+00:00\" \/>\n<meta property=\"article:modified_time\" content=\"2023-01-19T10:03:00+00:00\" \/>\n<meta property=\"og:image\" content=\"https:\/\/graphiste.com\/blog\/wp-content\/uploads\/sites\/4\/2019\/07\/image-une-branding-1.jpg\" \/>\n\t<meta property=\"og:image:width\" content=\"850\" \/>\n\t<meta property=\"og:image:height\" content=\"423\" \/>\n\t<meta property=\"og:image:type\" content=\"image\/jpeg\" \/>\n<meta name=\"author\" content=\"Florian Fattier\" \/>\n<meta name=\"twitter:card\" content=\"summary_large_image\" \/>\n<meta name=\"twitter:creator\" content=\"@Graphistecom\" \/>\n<meta name=\"twitter:site\" content=\"@Graphistecom\" \/>\n<meta name=\"twitter:label1\" content=\"\u00c9crit par\" \/>\n\t<meta name=\"twitter:data1\" content=\"Florian Fattier\" \/>\n\t<meta name=\"twitter:label2\" content=\"Dur\u00e9e de lecture estim\u00e9e\" \/>\n\t<meta name=\"twitter:data2\" content=\"4 minutes\" \/>\n<script type=\"application\/ld+json\" class=\"yoast-schema-graph\">{\"@context\":\"https:\/\/schema.org\",\"@graph\":[{\"@type\":\"Article\",\"@id\":\"https:\/\/graphiste.com\/blog\/branding-mauvaises-pratiques\/#article\",\"isPartOf\":{\"@id\":\"https:\/\/graphiste.com\/blog\/branding-mauvaises-pratiques\/\"},\"author\":{\"name\":\"Florian Fattier\",\"@id\":\"https:\/\/graphiste.com\/blog\/#\/schema\/person\/d27104bac6fb787ff6cd51a98a0915e4\"},\"headline\":\"Branding&nbsp;: 5 pratiques \u00e0 arr\u00eater en 2023\",\"datePublished\":\"2022-01-01T00:00:00+00:00\",\"dateModified\":\"2023-01-19T10:03:00+00:00\",\"mainEntityOfPage\":{\"@id\":\"https:\/\/graphiste.com\/blog\/branding-mauvaises-pratiques\/\"},\"wordCount\":685,\"commentCount\":0,\"publisher\":{\"@id\":\"https:\/\/graphiste.com\/blog\/#organization\"},\"image\":{\"@id\":\"https:\/\/graphiste.com\/blog\/branding-mauvaises-pratiques\/#primaryimage\"},\"thumbnailUrl\":\"https:\/\/graphiste.com\/blog\/wp-content\/uploads\/sites\/4\/2019\/07\/image-une-branding-1.jpg\",\"keywords\":[\"D\u00e9velopper son entreprise\"],\"articleSection\":[\"Branding\"],\"inLanguage\":\"fr-FR\",\"potentialAction\":[{\"@type\":\"CommentAction\",\"name\":\"Comment\",\"target\":[\"https:\/\/graphiste.com\/blog\/branding-mauvaises-pratiques\/#respond\"]}]},{\"@type\":\"WebPage\",\"@id\":\"https:\/\/graphiste.com\/blog\/branding-mauvaises-pratiques\/\",\"url\":\"https:\/\/graphiste.com\/blog\/branding-mauvaises-pratiques\/\",\"name\":\"Branding : 5 pratiques \u00e0 arr\u00eater en 2023 - Graphiste Blog\",\"isPartOf\":{\"@id\":\"https:\/\/graphiste.com\/blog\/#website\"},\"primaryImageOfPage\":{\"@id\":\"https:\/\/graphiste.com\/blog\/branding-mauvaises-pratiques\/#primaryimage\"},\"image\":{\"@id\":\"https:\/\/graphiste.com\/blog\/branding-mauvaises-pratiques\/#primaryimage\"},\"thumbnailUrl\":\"https:\/\/graphiste.com\/blog\/wp-content\/uploads\/sites\/4\/2019\/07\/image-une-branding-1.jpg\",\"datePublished\":\"2022-01-01T00:00:00+00:00\",\"dateModified\":\"2023-01-19T10:03:00+00:00\",\"description\":\"Plus que votre image de marque, le branding est la mani\u00e8re dont vous l'exprimez. Toute votre communication doit s'appuyer sur votre branding, afin de\",\"breadcrumb\":{\"@id\":\"https:\/\/graphiste.com\/blog\/branding-mauvaises-pratiques\/#breadcrumb\"},\"inLanguage\":\"fr-FR\",\"potentialAction\":[{\"@type\":\"ReadAction\",\"target\":[\"https:\/\/graphiste.com\/blog\/branding-mauvaises-pratiques\/\"]}]},{\"@type\":\"ImageObject\",\"inLanguage\":\"fr-FR\",\"@id\":\"https:\/\/graphiste.com\/blog\/branding-mauvaises-pratiques\/#primaryimage\",\"url\":\"https:\/\/graphiste.com\/blog\/wp-content\/uploads\/sites\/4\/2019\/07\/image-une-branding-1.jpg\",\"contentUrl\":\"https:\/\/graphiste.com\/blog\/wp-content\/uploads\/sites\/4\/2019\/07\/image-une-branding-1.jpg\",\"width\":850,\"height\":423,\"caption\":\"Branding 2022\"},{\"@type\":\"BreadcrumbList\",\"@id\":\"https:\/\/graphiste.com\/blog\/branding-mauvaises-pratiques\/#breadcrumb\",\"itemListElement\":[{\"@type\":\"ListItem\",\"position\":1,\"name\":\"Blog\",\"item\":\"https:\/\/graphiste.com\/blog\/\"},{\"@type\":\"ListItem\",\"position\":2,\"name\":\"Branding\",\"item\":\"https:\/\/graphiste.com\/blog\/branding\/\"},{\"@type\":\"ListItem\",\"position\":3,\"name\":\"Branding : 5 pratiques \u00e0 arr\u00eater en 2023\"}]},{\"@type\":\"WebSite\",\"@id\":\"https:\/\/graphiste.com\/blog\/#website\",\"url\":\"https:\/\/graphiste.com\/blog\/\",\"name\":\"Graphiste.com\",\"description\":\"graphiste\",\"publisher\":{\"@id\":\"https:\/\/graphiste.com\/blog\/#organization\"},\"potentialAction\":[{\"@type\":\"SearchAction\",\"target\":{\"@type\":\"EntryPoint\",\"urlTemplate\":\"https:\/\/graphiste.com\/blog\/?s={search_term_string}\"},\"query-input\":{\"@type\":\"PropertyValueSpecification\",\"valueRequired\":true,\"valueName\":\"search_term_string\"}}],\"inLanguage\":\"fr-FR\"},{\"@type\":\"Organization\",\"@id\":\"https:\/\/graphiste.com\/blog\/#organization\",\"name\":\"Graphiste.com\",\"url\":\"https:\/\/graphiste.com\/blog\/\",\"logo\":{\"@type\":\"ImageObject\",\"inLanguage\":\"fr-FR\",\"@id\":\"https:\/\/graphiste.com\/blog\/#\/schema\/logo\/image\/\",\"url\":\"https:\/\/graphiste.com\/blog\/wp-content\/uploads\/sites\/4\/2022\/07\/logo-blog-graphiste.svg\",\"contentUrl\":\"https:\/\/graphiste.com\/blog\/wp-content\/uploads\/sites\/4\/2022\/07\/logo-blog-graphiste.svg\",\"width\":1,\"height\":1,\"caption\":\"Graphiste.com\"},\"image\":{\"@id\":\"https:\/\/graphiste.com\/blog\/#\/schema\/logo\/image\/\"},\"sameAs\":[\"https:\/\/www.facebook.com\/graphistesfreelances\",\"https:\/\/x.com\/Graphistecom\",\"https:\/\/www.linkedin.com\/company\/graphiste-com\/\",\"https:\/\/fr.pinterest.com\/Graphiste_Com\",\"https:\/\/www.instagram.com\/graphiste_com\/\"]},{\"@type\":\"Person\",\"@id\":\"https:\/\/graphiste.com\/blog\/#\/schema\/person\/d27104bac6fb787ff6cd51a98a0915e4\",\"name\":\"Florian Fattier\",\"image\":{\"@type\":\"ImageObject\",\"inLanguage\":\"fr-FR\",\"@id\":\"https:\/\/graphiste.com\/blog\/#\/schema\/person\/image\/\",\"url\":\"https:\/\/secure.gravatar.com\/avatar\/34590ee0ce26a3d41c13159236d10152b5ef5b708de8b49ed504e1c5f07cd9e6?s=96&d=mm&r=g\",\"contentUrl\":\"https:\/\/secure.gravatar.com\/avatar\/34590ee0ce26a3d41c13159236d10152b5ef5b708de8b49ed504e1c5f07cd9e6?s=96&d=mm&r=g\",\"caption\":\"Florian Fattier\"},\"description\":\"Florian est photographe et vid\u00e9aste freelance. Les prises de vues, le montage vid\u00e9o et la retouche photo n'ont aucun secret pour lui !\",\"sameAs\":[\"https:\/\/www.linkedin.com\/in\/florian-fattier-14148b178\/\"],\"url\":\"https:\/\/graphiste.com\/blog\/author\/florian\/\"}]}<\/script>\n<!-- \/ Yoast SEO plugin. -->","yoast_head_json":{"title":"Branding : 5 pratiques \u00e0 arr\u00eater en 2023 - Graphiste Blog","description":"Plus que votre image de marque, le branding est la mani\u00e8re dont vous l'exprimez. Toute votre communication doit s'appuyer sur votre branding, afin de","robots":{"index":"index","follow":"follow","max-snippet":"max-snippet:-1","max-image-preview":"max-image-preview:large","max-video-preview":"max-video-preview:-1"},"canonical":"https:\/\/graphiste.com\/blog\/branding-mauvaises-pratiques\/","og_locale":"fr_FR","og_type":"article","og_title":"Branding : 5 pratiques \u00e0 arr\u00eater en 2023 - Graphiste Blog","og_description":"Plus que votre image de marque, le branding est la mani\u00e8re dont vous l'exprimez. Toute votre communication doit s'appuyer sur votre branding, afin de","og_url":"https:\/\/graphiste.com\/blog\/branding-mauvaises-pratiques\/","og_site_name":"Graphiste.com","article_publisher":"https:\/\/www.facebook.com\/graphistesfreelances","article_published_time":"2022-01-01T00:00:00+00:00","article_modified_time":"2023-01-19T10:03:00+00:00","og_image":[{"width":850,"height":423,"url":"https:\/\/graphiste.com\/blog\/wp-content\/uploads\/sites\/4\/2019\/07\/image-une-branding-1.jpg","type":"image\/jpeg"}],"author":"Florian Fattier","twitter_card":"summary_large_image","twitter_creator":"@Graphistecom","twitter_site":"@Graphistecom","twitter_misc":{"\u00c9crit par":"Florian Fattier","Dur\u00e9e de lecture estim\u00e9e":"4 minutes"},"schema":{"@context":"https:\/\/schema.org","@graph":[{"@type":"Article","@id":"https:\/\/graphiste.com\/blog\/branding-mauvaises-pratiques\/#article","isPartOf":{"@id":"https:\/\/graphiste.com\/blog\/branding-mauvaises-pratiques\/"},"author":{"name":"Florian Fattier","@id":"https:\/\/graphiste.com\/blog\/#\/schema\/person\/d27104bac6fb787ff6cd51a98a0915e4"},"headline":"Branding&nbsp;: 5 pratiques \u00e0 arr\u00eater en 2023","datePublished":"2022-01-01T00:00:00+00:00","dateModified":"2023-01-19T10:03:00+00:00","mainEntityOfPage":{"@id":"https:\/\/graphiste.com\/blog\/branding-mauvaises-pratiques\/"},"wordCount":685,"commentCount":0,"publisher":{"@id":"https:\/\/graphiste.com\/blog\/#organization"},"image":{"@id":"https:\/\/graphiste.com\/blog\/branding-mauvaises-pratiques\/#primaryimage"},"thumbnailUrl":"https:\/\/graphiste.com\/blog\/wp-content\/uploads\/sites\/4\/2019\/07\/image-une-branding-1.jpg","keywords":["D\u00e9velopper son entreprise"],"articleSection":["Branding"],"inLanguage":"fr-FR","potentialAction":[{"@type":"CommentAction","name":"Comment","target":["https:\/\/graphiste.com\/blog\/branding-mauvaises-pratiques\/#respond"]}]},{"@type":"WebPage","@id":"https:\/\/graphiste.com\/blog\/branding-mauvaises-pratiques\/","url":"https:\/\/graphiste.com\/blog\/branding-mauvaises-pratiques\/","name":"Branding : 5 pratiques \u00e0 arr\u00eater en 2023 - Graphiste Blog","isPartOf":{"@id":"https:\/\/graphiste.com\/blog\/#website"},"primaryImageOfPage":{"@id":"https:\/\/graphiste.com\/blog\/branding-mauvaises-pratiques\/#primaryimage"},"image":{"@id":"https:\/\/graphiste.com\/blog\/branding-mauvaises-pratiques\/#primaryimage"},"thumbnailUrl":"https:\/\/graphiste.com\/blog\/wp-content\/uploads\/sites\/4\/2019\/07\/image-une-branding-1.jpg","datePublished":"2022-01-01T00:00:00+00:00","dateModified":"2023-01-19T10:03:00+00:00","description":"Plus que votre image de marque, le branding est la mani\u00e8re dont vous l'exprimez. Toute votre communication doit s'appuyer sur votre branding, afin de","breadcrumb":{"@id":"https:\/\/graphiste.com\/blog\/branding-mauvaises-pratiques\/#breadcrumb"},"inLanguage":"fr-FR","potentialAction":[{"@type":"ReadAction","target":["https:\/\/graphiste.com\/blog\/branding-mauvaises-pratiques\/"]}]},{"@type":"ImageObject","inLanguage":"fr-FR","@id":"https:\/\/graphiste.com\/blog\/branding-mauvaises-pratiques\/#primaryimage","url":"https:\/\/graphiste.com\/blog\/wp-content\/uploads\/sites\/4\/2019\/07\/image-une-branding-1.jpg","contentUrl":"https:\/\/graphiste.com\/blog\/wp-content\/uploads\/sites\/4\/2019\/07\/image-une-branding-1.jpg","width":850,"height":423,"caption":"Branding 2022"},{"@type":"BreadcrumbList","@id":"https:\/\/graphiste.com\/blog\/branding-mauvaises-pratiques\/#breadcrumb","itemListElement":[{"@type":"ListItem","position":1,"name":"Blog","item":"https:\/\/graphiste.com\/blog\/"},{"@type":"ListItem","position":2,"name":"Branding","item":"https:\/\/graphiste.com\/blog\/branding\/"},{"@type":"ListItem","position":3,"name":"Branding : 5 pratiques \u00e0 arr\u00eater en 2023"}]},{"@type":"WebSite","@id":"https:\/\/graphiste.com\/blog\/#website","url":"https:\/\/graphiste.com\/blog\/","name":"Graphiste.com","description":"graphiste","publisher":{"@id":"https:\/\/graphiste.com\/blog\/#organization"},"potentialAction":[{"@type":"SearchAction","target":{"@type":"EntryPoint","urlTemplate":"https:\/\/graphiste.com\/blog\/?s={search_term_string}"},"query-input":{"@type":"PropertyValueSpecification","valueRequired":true,"valueName":"search_term_string"}}],"inLanguage":"fr-FR"},{"@type":"Organization","@id":"https:\/\/graphiste.com\/blog\/#organization","name":"Graphiste.com","url":"https:\/\/graphiste.com\/blog\/","logo":{"@type":"ImageObject","inLanguage":"fr-FR","@id":"https:\/\/graphiste.com\/blog\/#\/schema\/logo\/image\/","url":"https:\/\/graphiste.com\/blog\/wp-content\/uploads\/sites\/4\/2022\/07\/logo-blog-graphiste.svg","contentUrl":"https:\/\/graphiste.com\/blog\/wp-content\/uploads\/sites\/4\/2022\/07\/logo-blog-graphiste.svg","width":1,"height":1,"caption":"Graphiste.com"},"image":{"@id":"https:\/\/graphiste.com\/blog\/#\/schema\/logo\/image\/"},"sameAs":["https:\/\/www.facebook.com\/graphistesfreelances","https:\/\/x.com\/Graphistecom","https:\/\/www.linkedin.com\/company\/graphiste-com\/","https:\/\/fr.pinterest.com\/Graphiste_Com","https:\/\/www.instagram.com\/graphiste_com\/"]},{"@type":"Person","@id":"https:\/\/graphiste.com\/blog\/#\/schema\/person\/d27104bac6fb787ff6cd51a98a0915e4","name":"Florian Fattier","image":{"@type":"ImageObject","inLanguage":"fr-FR","@id":"https:\/\/graphiste.com\/blog\/#\/schema\/person\/image\/","url":"https:\/\/secure.gravatar.com\/avatar\/34590ee0ce26a3d41c13159236d10152b5ef5b708de8b49ed504e1c5f07cd9e6?s=96&d=mm&r=g","contentUrl":"https:\/\/secure.gravatar.com\/avatar\/34590ee0ce26a3d41c13159236d10152b5ef5b708de8b49ed504e1c5f07cd9e6?s=96&d=mm&r=g","caption":"Florian Fattier"},"description":"Florian est photographe et vid\u00e9aste freelance. Les prises de vues, le montage vid\u00e9o et la retouche photo n'ont aucun secret pour lui !","sameAs":["https:\/\/www.linkedin.com\/in\/florian-fattier-14148b178\/"],"url":"https:\/\/graphiste.com\/blog\/author\/florian\/"}]}},"_links":{"self":[{"href":"https:\/\/graphiste.com\/blog\/wp-json\/wp\/v2\/posts\/11952","targetHints":{"allow":["GET"]}}],"collection":[{"href":"https:\/\/graphiste.com\/blog\/wp-json\/wp\/v2\/posts"}],"about":[{"href":"https:\/\/graphiste.com\/blog\/wp-json\/wp\/v2\/types\/post"}],"author":[{"embeddable":true,"href":"https:\/\/graphiste.com\/blog\/wp-json\/wp\/v2\/users\/30"}],"replies":[{"embeddable":true,"href":"https:\/\/graphiste.com\/blog\/wp-json\/wp\/v2\/comments?post=11952"}],"version-history":[{"count":0,"href":"https:\/\/graphiste.com\/blog\/wp-json\/wp\/v2\/posts\/11952\/revisions"}],"wp:featuredmedia":[{"embeddable":true,"href":"https:\/\/graphiste.com\/blog\/wp-json\/wp\/v2\/media\/35571"}],"wp:attachment":[{"href":"https:\/\/graphiste.com\/blog\/wp-json\/wp\/v2\/media?parent=11952"}],"wp:term":[{"taxonomy":"category","embeddable":true,"href":"https:\/\/graphiste.com\/blog\/wp-json\/wp\/v2\/categories?post=11952"},{"taxonomy":"post_tag","embeddable":true,"href":"https:\/\/graphiste.com\/blog\/wp-json\/wp\/v2\/tags?post=11952"}],"curies":[{"name":"wp","href":"https:\/\/api.w.org\/{rel}","templated":true}]}}