{"id":11822,"date":"2019-07-16T10:30:57","date_gmt":"2019-07-16T08:30:57","guid":{"rendered":"https:\/\/graphiste.com\/blog\/?p=11822"},"modified":"2025-08-20T17:23:33","modified_gmt":"2025-08-20T15:23:33","slug":"choisir-typographie-serif-sans-serif","status":"publish","type":"post","link":"https:\/\/graphiste.com\/blog\/choisir-typographie-serif-sans-serif\/","title":{"rendered":"Serif Vs Sans Serif\u00a0: quelle typographie choisir\u00a0?"},"content":{"rendered":"<p>L\u2019heure du combat a sonn\u00e9&nbsp;: qui sera le vainqueur entre les polices Serif et les Sans Serif&nbsp;? Chaque camp affute ses arguments.<\/p>\n<p>Et vous, sur qui allez-vous parier&nbsp;?<\/p>\n<p>La typographie fait partie int\u00e9grante de l&#8217;identit\u00e9 d\u2019une marque ou d&#8217;une entreprise. Elle doit \u00eatre choisie pr\u00e9cieusement pour r\u00e9pondre \u00e0 un besoin de coh\u00e9rence et de lisibilit\u00e9. Pour choisir la typographie que vous utiliserez sur l&#8217;ensemble de vos supports de communication, nous vous conseillons vivement de vous informer sur la <a href=\"https:\/\/graphiste.com\/blog\/conseils-choisir-typographie\" target=\"_blank\" rel=\"noopener noreferrer\">symbolique d&#8217;une typographie et ses enjeux<\/a>.<\/p>\n<h2>Les polices Sans Serif, des challengers dans le combat<\/h2>\n<p><a href=\"https:\/\/graphiste.com\/blog\/wp-content\/uploads\/sites\/4\/2019\/07\/sans-serif-font.jpg\"><img decoding=\"async\" class=\"alignnone size-full wp-image-38894\" src=\"https:\/\/graphiste.com\/blog\/wp-content\/uploads\/sites\/4\/2019\/07\/sans-serif-font.jpg\" alt=\"sans-serif-font\" width=\"700\" height=\"342\" srcset=\"https:\/\/graphiste.com\/blog\/wp-content\/uploads\/sites\/4\/2019\/07\/sans-serif-font.jpg 700w, https:\/\/graphiste.com\/blog\/wp-content\/uploads\/sites\/4\/2019\/07\/sans-serif-font-300x147.jpg 300w, https:\/\/graphiste.com\/blog\/wp-content\/uploads\/sites\/4\/2019\/07\/sans-serif-font-60x29.jpg 60w, https:\/\/graphiste.com\/blog\/wp-content\/uploads\/sites\/4\/2019\/07\/sans-serif-font-370x181.jpg 370w, https:\/\/graphiste.com\/blog\/wp-content\/uploads\/sites\/4\/2019\/07\/sans-serif-font-270x132.jpg 270w, https:\/\/graphiste.com\/blog\/wp-content\/uploads\/sites\/4\/2019\/07\/sans-serif-font-570x278.jpg 570w\" sizes=\"(max-width: 700px) 100vw, 700px\" \/><\/a><\/p>\n<p>Pendant longtemps, les polices Serif dominaient le paysage de la typographie.<\/p>\n<p>Leader incontest\u00e9, ce sont elles qui ont marqu\u00e9 l\u2019histoire de leur empreinte, et cela depuis les tous premiers mots grav\u00e9s dans le marbre. Il ne semblait pas possible d\u2019imaginer \u00e9crire sans ces empattements qui prolongeaient \u00e9l\u00e9gamment les lettres\u2026<\/p>\n<p>Puis les polices Sans Serif sont arriv\u00e9es. D\u2019abord pr\u00e9conis\u00e9es pour un usage plus moderne de l\u2019\u00e9criture et, surtout, pour la lecture sur \u00e9cran, une zone restreinte et vite pixellis\u00e9e. L\u00e0, les empattements devenaient inconfortables\u2026<\/p>\n<p>Chaque\u00a0<a href=\"https:\/\/graphiste.com\/blog\/types-typographies-et-usages\" target=\"_blank\" rel=\"noopener noreferrer\">type de police<\/a>\u00a0avait donc son territoire, bien \u00e9tabli. Il aurait pu ne pas y avoir de lutte\u2026 Cela ne devait pourtant pas se d\u00e9rouler de cette mani\u00e8re.<\/p>\n<blockquote><p>\u00c0 lire aussi&nbsp;:\u00a0<a href=\"https:\/\/graphiste.com\/blog\/comment-choisir-typographie-cv\" target=\"_blank\" rel=\"noopener noreferrer\">Quelle typographie choisir pour un CV\u00a0?<\/a><\/p><\/blockquote>\n<h2>Les polices avaient leur caract\u00e8re<\/h2>\n<p>La bataille des modernes et des anciens faisait d\u00e9j\u00e0 rage entre les deux mod\u00e8les de polices, comme cela fut maintes fois le cas dans la litt\u00e9rature ou les diff\u00e9rentes formes d\u2019art. Elles aussi voulaient se pr\u00e9valoir de cette position. La typographie, c\u2019est aussi de l\u2019art, clamaient leurs d\u00e9fenseurs, d\u2019un parti comme de l\u2019autre, d\u2019accord sur ce point sinon sur les autres.<\/p>\n<p>Ainsi, les plus fervents partisans des polices<strong>\u00a0Serif<\/strong>\u00a0affirmaient, sans se tromper, que celles-ci d\u00e9notaient sans erreur du\u00a0<strong>s\u00e9rieux<\/strong>\u00a0et de la bonne r\u00e9putation de ceux qui les utilisaient.<\/p>\n<p>Pendant ce temps, les d\u00e9fenseurs des polices\u00a0<strong>Sans Serif<\/strong>\u00a0r\u00e9p\u00e9taient \u00e0 tous ceux qui voulaient les entendre que ces typographies \u00e9taient plus\u00a0<strong>simples<\/strong>, plus\u00a0<strong>modernes<\/strong>, plus\u00a0<strong>conviviales<\/strong>\u2026 en un mot, plus dans l\u2019air du temps.<\/p>\n<p>Tous parlaient comme si ces caract\u00e8res \u00e9taient incompatibles, comme si une entreprise qui s\u2019appuyaient sur un pass\u00e9 ancien ne pouvait que s\u2019exprimer en Serif et une start-up en Sans Serif. Pour mieux appuyer leurs arguments, ils sortirent leurs repr\u00e9sentants.<\/p>\n<h2>Des typographies montr\u00e9es en exemple<\/h2>\n<p><a href=\"https:\/\/graphiste.com\/blog\/wp-content\/uploads\/sites\/4\/2022\/05\/garamond.jpg\"><img decoding=\"async\" class=\"alignnone size-full wp-image-38866\" src=\"https:\/\/graphiste.com\/blog\/wp-content\/uploads\/sites\/4\/2022\/05\/garamond.jpg\" alt=\"typographie-site-web\" width=\"700\" height=\"357\" \/><\/a><\/p>\n<p>D\u00e8s les pr\u00e9mices de l\u2019informatique, chacun avait appris \u00e0 ma\u00eetriser les biblioth\u00e8ques de typographies pr\u00e9install\u00e9es sur les ordinateurs et traitements de texte. Un terrain de choix pour les amateurs qui, l\u00e0 encore, tendaient \u00e0 chercher de quoi appuyer leurs propos.<\/p>\n<p>Dans le camp des<strong>\u00a0Serif<\/strong>, l\u2019on pouvait trouver\u00a0<strong>Georgia, Garamond, Times New Roman ou Baskerville<\/strong>. Autant de polices souvent utilis\u00e9es dans la presse \u00e9crite ou l\u2019\u00e9dition. Autant de <strong>typographies Serif<\/strong> bien connues des usagers et souvent utilis\u00e9es sans m\u00eame y r\u00e9fl\u00e9chir.<\/p>\n<p>Les \u00e9quipes de campagne des\u00a0<strong>Sans Serif<\/strong>\u00a0comptaient quant \u00e0 elles dans leurs rangs des noms aussi connus que\u00a0<strong>Helvetica, Open Sans, Proxima Nova ou Arial<\/strong>. Et il apparut tr\u00e8s vite qu\u2019il devenait de plus en plus difficile de d\u00e9partager les pr\u00e9f\u00e9rences pour l\u2019une ou l\u2019autre typographie. Il ne restait plus qu\u2019une seule solution.<\/p>\n<h2>Choisir un type de police\u2026 ou pas<\/h2>\n<p>On choisit une typographie avant tout pour ce qu\u2019elle vaut sur le terrain. Devra-t-elle affronter des adversaires poss\u00e9dant les m\u00eames caract\u00e9ristiques qu\u2019elle, devra-t-elle venir en soutien d\u2019une image de marque&nbsp;?<\/p>\n<p>Ainsi, certaines soci\u00e9t\u00e9s ont d\u2019abord opt\u00e9 pour des polices Serif avant de se tourner vers des Sans Serif, quand il \u00e9tait temps d\u2019opter pour une image plus moderne.<\/p>\n<p>Ce n\u2019\u00e9tait pas pour autant un reniement. Car, dans les coulisses de ces combats acharn\u00e9s, des alli\u00e9s s\u2019\u00e9taient trouv\u00e9s. Les Montaigu et les Capulet de la typographie avaient compris, avant tout le monde, que les Serif et les Sans Serif avaient tout int\u00e9r\u00eat \u00e0 s\u2019allier. Sur une composition graphique, ces deux options se r\u00e9pondent admirablement et pr\u00e9sentent un front harmonieux.<\/p>\n<h2>Comment savoir si une police est sans-serif&nbsp;?<\/h2>\n<p>On parle de police d\u2019\u00e9criture sans serif lorsqu\u2019on fait r\u00e9f\u00e9rence \u00e0 une police de caract\u00e8res gracieuse et s\u00e8che. Autrement dit, les <strong>typographies sans-serif<\/strong> ne poss\u00e8dent pas de petits empattements ou d\u2019ornements autour des lettres.<\/p>\n<p>De mani\u00e8re g\u00e9n\u00e9rale, cette police est utilis\u00e9e pour les titres des livres, des magazines ou des journaux. En effet l&#8217;absence d\u2019ornement et d\u2019empattement fatigue plus rapidement les yeux d\u2019un lecteur lorsqu\u2019il doit lire un gros bloc de texte.<\/p>\n<h2>Quelles sont les polices sans-serif les plus connues<\/h2>\n<p>Les plus grandes marques ont pour habitude d&#8217;utiliser des polices sans-serif. Pour vous donner un ordre d\u2019id\u00e9e, les grandes marques telles que Ikea, Calvin Klein ou Louis Vuitton utilisent des polices d\u2019\u00e9criture sans empattement.<\/p>\n<p>Parmi les <strong>polices sans-serif<\/strong> les plus connues on peut citer les typographies suivantes&nbsp;: Verdana, Arial, Calibri, Helvetica et Tahoma. Cette liste n\u2019est toutefois pas exhaustive car il existe bien d\u2019autres <strong>police sans-serif<\/strong>.<\/p>\n<h2>Les bonnes raisons de choisir une police sans-serif<\/h2>\n<p>Il existe de multiples bonnes raisons de choisir une <strong>police sans-serif<\/strong> dans le cadre de sa communication visuelle. Il s\u2019agit d\u2019une police \u00e0 la fois moderne et \u00e9quilibr\u00e9e qui inspire le s\u00e9rieux et la confiance.<\/p>\n<p>Elle est g\u00e9n\u00e9ralement utilis\u00e9e dans les logos des entreprises des secteurs de l\u2019immobilier, de la banque et des assurances.<\/p>\n<h2>Les polices sans-serif les plus utilis\u00e9es<\/h2>\n<p><a href=\"https:\/\/graphiste.com\/blog\/wp-content\/uploads\/sites\/4\/2022\/05\/calibri.jpg\"><img decoding=\"async\" class=\"alignnone size-full wp-image-38870\" src=\"https:\/\/graphiste.com\/blog\/wp-content\/uploads\/sites\/4\/2022\/05\/calibri.jpg\" alt=\"typographie-site-web\" width=\"700\" height=\"357\" \/><\/a><\/p>\n<p>G\u00e9n\u00e9ralement utilis\u00e9e pour sa lisibilit\u00e9, sa clart\u00e9 et sa modernit\u00e9, la police Calibri est tr\u00e8s appr\u00e9ci\u00e9e dans le domaine de la communication graphique. Elle fait partie des <strong>police\u00a0sans-serif<\/strong> les plus utilis\u00e9es par les entreprises que ce soit pour un logo, une affiche ou un site internet.<\/p>\n<p>La <strong>police<\/strong> <strong>sans-serif<\/strong> Arial est elle aussi tr\u00e8s populaire et fr\u00e9quemment utilis\u00e9e. On l\u2019utilise pour sa lisibilit\u00e9 et une meilleure accessibilit\u00e9 sur le web.<\/p>\n<p>Pour la petite histoire, la police d&#8217;\u00e9criture Futura a \u00e9t\u00e9 la <strong>police\u00a0sans-serif<\/strong> la plus populaire en 1928. Au d\u00e9part consid\u00e9r\u00e9e comme une police d&#8217;\u00e9criture grotesque, elle n&#8217;a pas tard\u00e9 \u00e0 se hisser parmi les polices d&#8217;\u00e9critures dites design.<\/p>\n<p>Parce que tout le monde ne peut pas s\u2019improviser graphiste, pour la r\u00e9alisation d\u2019une image de marque impactante et m\u00e9morable, vous avez tout int\u00e9r\u00eat \u00e0 faire appel \u00e0 un graphiste professionnel. Ce dernier pourra vous aiguiller sur les choix les plus pertinents \u00e0 effectuer selon votre activit\u00e9.<\/p>\n<p>Aujourd\u2019hui encore, vous pouvez choisir votre camp en vous appuyant sur ce que vous savez de ces polices de caract\u00e8re.<\/p>\n<p>Ou vous pouvez passer de l\u2019une \u00e0 l\u2019autre en fonction de vos besoins. Vous n\u2019\u00eates pas juste un combattant&nbsp;: vous dirigez une arm\u00e9e typographique.<\/p>\n<p>Sur la plateforme <a href=\"https:\/\/graphiste.com\/blog\/\">Graphiste.com<\/a>, ce sont pr\u00e8s de 30 000 graphistes qui se tiennent \u00e0 votre disposition pour r\u00e9aliser une typographie sur-mesure, un logo ou une charte graphique pour votre entreprise. D\u00e9posez un projet sur la plateforme d\u00e8s maintenant&nbsp;!<\/p>\n","protected":false},"excerpt":{"rendered":"<p>L\u2019heure du combat a sonn\u00e9&nbsp;: qui sera le vainqueur entre les polices Serif et les Sans Serif&nbsp;? Chaque camp affute ses arguments. Et vous, sur qui allez-vous parier&nbsp;? La typographie fait partie int\u00e9grante de l&#8217;identit\u00e9 d\u2019une marque ou d&#8217;une entreprise. Elle doit \u00eatre choisie pr\u00e9cieusement pour r\u00e9pondre \u00e0 un besoin de coh\u00e9rence et de lisibilit\u00e9. [&hellip;]<\/p>\n","protected":false},"author":1,"featured_media":11832,"comment_status":"closed","ping_status":"closed","sticky":false,"template":"","format":"standard","meta":{"_acf_changed":false,"inline_featured_image":false,"footnotes":""},"categories":[22],"tags":[],"class_list":["post-11822","post","type-post","status-publish","format-standard","has-post-thumbnail","hentry","category-typographie"],"acf":[],"yoast_head":"<!-- This site is optimized with the Yoast SEO plugin v25.9 - https:\/\/yoast.com\/wordpress\/plugins\/seo\/ -->\n<title>Serif Vs Sans Serif\u00a0: quelle typographie choisir\u00a0? - Graphiste Blog<\/title>\n<meta name=\"description\" content=\"L\u2019heure du combat a sonn\u00e9 : qui sera le vainqueur entre les polices Serif et les Sans Serif ? Chaque camp affute ses arguments. Et vous, sur qui\" \/>\n<meta name=\"robots\" content=\"index, follow, max-snippet:-1, max-image-preview:large, max-video-preview:-1\" \/>\n<link rel=\"canonical\" href=\"https:\/\/graphiste.com\/blog\/choisir-typographie-serif-sans-serif\/\" \/>\n<meta property=\"og:locale\" content=\"fr_FR\" \/>\n<meta property=\"og:type\" content=\"article\" \/>\n<meta property=\"og:title\" content=\"Serif Vs Sans Serif\u00a0: quelle typographie choisir\u00a0? - Graphiste Blog\" \/>\n<meta property=\"og:description\" content=\"L\u2019heure du combat a sonn\u00e9 : qui sera le vainqueur entre les polices Serif et les Sans Serif ? Chaque camp affute ses arguments. Et vous, sur qui\" \/>\n<meta property=\"og:url\" content=\"https:\/\/graphiste.com\/blog\/choisir-typographie-serif-sans-serif\/\" \/>\n<meta property=\"og:site_name\" content=\"Graphiste.com\" \/>\n<meta property=\"article:publisher\" content=\"https:\/\/www.facebook.com\/graphistesfreelances\" \/>\n<meta property=\"article:published_time\" content=\"2019-07-16T08:30:57+00:00\" \/>\n<meta property=\"article:modified_time\" content=\"2025-08-20T15:23:33+00:00\" \/>\n<meta property=\"og:image\" content=\"https:\/\/graphiste.com\/blog\/wp-content\/uploads\/sites\/4\/2019\/07\/serif-sans-serif-1.jpg\" \/>\n\t<meta property=\"og:image:width\" content=\"850\" \/>\n\t<meta property=\"og:image:height\" content=\"423\" \/>\n\t<meta property=\"og:image:type\" content=\"image\/jpeg\" \/>\n<meta name=\"author\" content=\"Laura Michaud\" \/>\n<meta name=\"twitter:card\" content=\"summary_large_image\" \/>\n<meta name=\"twitter:creator\" content=\"@Graphistecom\" \/>\n<meta name=\"twitter:site\" content=\"@Graphistecom\" \/>\n<meta name=\"twitter:label1\" content=\"\u00c9crit par\" \/>\n\t<meta name=\"twitter:data1\" content=\"Laura Michaud\" \/>\n\t<meta name=\"twitter:label2\" content=\"Dur\u00e9e de lecture estim\u00e9e\" \/>\n\t<meta name=\"twitter:data2\" content=\"6 minutes\" \/>\n<script type=\"application\/ld+json\" class=\"yoast-schema-graph\">{\"@context\":\"https:\/\/schema.org\",\"@graph\":[{\"@type\":\"Article\",\"@id\":\"https:\/\/graphiste.com\/blog\/choisir-typographie-serif-sans-serif\/#article\",\"isPartOf\":{\"@id\":\"https:\/\/graphiste.com\/blog\/choisir-typographie-serif-sans-serif\/\"},\"author\":{\"name\":\"Laura Michaud\",\"@id\":\"https:\/\/graphiste.com\/blog\/#\/schema\/person\/33c0ef04707fbe50a096f282050bb5f2\"},\"headline\":\"Serif Vs Sans Serif\u00a0: quelle typographie choisir\u00a0?\",\"datePublished\":\"2019-07-16T08:30:57+00:00\",\"dateModified\":\"2025-08-20T15:23:33+00:00\",\"mainEntityOfPage\":{\"@id\":\"https:\/\/graphiste.com\/blog\/choisir-typographie-serif-sans-serif\/\"},\"wordCount\":1254,\"publisher\":{\"@id\":\"https:\/\/graphiste.com\/blog\/#organization\"},\"image\":{\"@id\":\"https:\/\/graphiste.com\/blog\/choisir-typographie-serif-sans-serif\/#primaryimage\"},\"thumbnailUrl\":\"https:\/\/graphiste.com\/blog\/wp-content\/uploads\/sites\/4\/2019\/07\/serif-sans-serif-1.jpg\",\"articleSection\":[\"Typographie\"],\"inLanguage\":\"fr-FR\"},{\"@type\":\"WebPage\",\"@id\":\"https:\/\/graphiste.com\/blog\/choisir-typographie-serif-sans-serif\/\",\"url\":\"https:\/\/graphiste.com\/blog\/choisir-typographie-serif-sans-serif\/\",\"name\":\"Serif Vs Sans Serif\u00a0: quelle typographie choisir\u00a0? - Graphiste Blog\",\"isPartOf\":{\"@id\":\"https:\/\/graphiste.com\/blog\/#website\"},\"primaryImageOfPage\":{\"@id\":\"https:\/\/graphiste.com\/blog\/choisir-typographie-serif-sans-serif\/#primaryimage\"},\"image\":{\"@id\":\"https:\/\/graphiste.com\/blog\/choisir-typographie-serif-sans-serif\/#primaryimage\"},\"thumbnailUrl\":\"https:\/\/graphiste.com\/blog\/wp-content\/uploads\/sites\/4\/2019\/07\/serif-sans-serif-1.jpg\",\"datePublished\":\"2019-07-16T08:30:57+00:00\",\"dateModified\":\"2025-08-20T15:23:33+00:00\",\"description\":\"L\u2019heure du combat a sonn\u00e9 : qui sera le vainqueur entre les polices Serif et les Sans Serif ? Chaque camp affute ses arguments. Et vous, sur qui\",\"breadcrumb\":{\"@id\":\"https:\/\/graphiste.com\/blog\/choisir-typographie-serif-sans-serif\/#breadcrumb\"},\"inLanguage\":\"fr-FR\",\"potentialAction\":[{\"@type\":\"ReadAction\",\"target\":[\"https:\/\/graphiste.com\/blog\/choisir-typographie-serif-sans-serif\/\"]}]},{\"@type\":\"ImageObject\",\"inLanguage\":\"fr-FR\",\"@id\":\"https:\/\/graphiste.com\/blog\/choisir-typographie-serif-sans-serif\/#primaryimage\",\"url\":\"https:\/\/graphiste.com\/blog\/wp-content\/uploads\/sites\/4\/2019\/07\/serif-sans-serif-1.jpg\",\"contentUrl\":\"https:\/\/graphiste.com\/blog\/wp-content\/uploads\/sites\/4\/2019\/07\/serif-sans-serif-1.jpg\",\"width\":850,\"height\":423,\"caption\":\"Serif vs Sans serif\"},{\"@type\":\"BreadcrumbList\",\"@id\":\"https:\/\/graphiste.com\/blog\/choisir-typographie-serif-sans-serif\/#breadcrumb\",\"itemListElement\":[{\"@type\":\"ListItem\",\"position\":1,\"name\":\"Blog\",\"item\":\"https:\/\/graphiste.com\/blog\/\"},{\"@type\":\"ListItem\",\"position\":2,\"name\":\"Branding\",\"item\":\"https:\/\/graphiste.com\/blog\/branding\/\"},{\"@type\":\"ListItem\",\"position\":3,\"name\":\"Typographie\",\"item\":\"https:\/\/graphiste.com\/blog\/branding\/typographie\/\"},{\"@type\":\"ListItem\",\"position\":4,\"name\":\"Serif Vs Sans Serif\u00a0: quelle typographie choisir\u00a0?\"}]},{\"@type\":\"WebSite\",\"@id\":\"https:\/\/graphiste.com\/blog\/#website\",\"url\":\"https:\/\/graphiste.com\/blog\/\",\"name\":\"Graphiste.com\",\"description\":\"graphiste\",\"publisher\":{\"@id\":\"https:\/\/graphiste.com\/blog\/#organization\"},\"potentialAction\":[{\"@type\":\"SearchAction\",\"target\":{\"@type\":\"EntryPoint\",\"urlTemplate\":\"https:\/\/graphiste.com\/blog\/?s={search_term_string}\"},\"query-input\":{\"@type\":\"PropertyValueSpecification\",\"valueRequired\":true,\"valueName\":\"search_term_string\"}}],\"inLanguage\":\"fr-FR\"},{\"@type\":\"Organization\",\"@id\":\"https:\/\/graphiste.com\/blog\/#organization\",\"name\":\"Graphiste.com\",\"url\":\"https:\/\/graphiste.com\/blog\/\",\"logo\":{\"@type\":\"ImageObject\",\"inLanguage\":\"fr-FR\",\"@id\":\"https:\/\/graphiste.com\/blog\/#\/schema\/logo\/image\/\",\"url\":\"https:\/\/graphiste.com\/blog\/wp-content\/uploads\/sites\/4\/2022\/07\/logo-blog-graphiste.svg\",\"contentUrl\":\"https:\/\/graphiste.com\/blog\/wp-content\/uploads\/sites\/4\/2022\/07\/logo-blog-graphiste.svg\",\"width\":1,\"height\":1,\"caption\":\"Graphiste.com\"},\"image\":{\"@id\":\"https:\/\/graphiste.com\/blog\/#\/schema\/logo\/image\/\"},\"sameAs\":[\"https:\/\/www.facebook.com\/graphistesfreelances\",\"https:\/\/x.com\/Graphistecom\",\"https:\/\/www.linkedin.com\/company\/graphiste-com\/\",\"https:\/\/fr.pinterest.com\/Graphiste_Com\",\"https:\/\/www.instagram.com\/graphiste_com\/\"]},{\"@type\":\"Person\",\"@id\":\"https:\/\/graphiste.com\/blog\/#\/schema\/person\/33c0ef04707fbe50a096f282050bb5f2\",\"name\":\"Laura Michaud\",\"image\":{\"@type\":\"ImageObject\",\"inLanguage\":\"fr-FR\",\"@id\":\"https:\/\/graphiste.com\/blog\/#\/schema\/person\/image\/\",\"url\":\"https:\/\/secure.gravatar.com\/avatar\/c3328cc0c887f98cec6b2979af3311ab6333fc7cc2d4847514cfec6a56fa08a7?s=96&d=mm&r=g\",\"contentUrl\":\"https:\/\/secure.gravatar.com\/avatar\/c3328cc0c887f98cec6b2979af3311ab6333fc7cc2d4847514cfec6a56fa08a7?s=96&d=mm&r=g\",\"caption\":\"Laura Michaud\"},\"description\":\"Laura connait tous les meilleurs outils pour g\u00e9rer des projets et une entreprise. Cr\u00e9ative, c'est aussi une sp\u00e9cialiste des outils de cr\u00e9ation graphique pour faire briller une entreprise.\",\"sameAs\":[\"https:\/\/www.linkedin.com\/in\/michaudlaura\/\"],\"url\":\"https:\/\/graphiste.com\/blog\/author\/laura\/\"}]}<\/script>\n<!-- \/ Yoast SEO plugin. -->","yoast_head_json":{"title":"Serif Vs Sans Serif\u00a0: quelle typographie choisir\u00a0? - Graphiste Blog","description":"L\u2019heure du combat a sonn\u00e9 : qui sera le vainqueur entre les polices Serif et les Sans Serif ? Chaque camp affute ses arguments. Et vous, sur qui","robots":{"index":"index","follow":"follow","max-snippet":"max-snippet:-1","max-image-preview":"max-image-preview:large","max-video-preview":"max-video-preview:-1"},"canonical":"https:\/\/graphiste.com\/blog\/choisir-typographie-serif-sans-serif\/","og_locale":"fr_FR","og_type":"article","og_title":"Serif Vs Sans Serif\u00a0: quelle typographie choisir\u00a0? - Graphiste Blog","og_description":"L\u2019heure du combat a sonn\u00e9 : qui sera le vainqueur entre les polices Serif et les Sans Serif ? Chaque camp affute ses arguments. Et vous, sur qui","og_url":"https:\/\/graphiste.com\/blog\/choisir-typographie-serif-sans-serif\/","og_site_name":"Graphiste.com","article_publisher":"https:\/\/www.facebook.com\/graphistesfreelances","article_published_time":"2019-07-16T08:30:57+00:00","article_modified_time":"2025-08-20T15:23:33+00:00","og_image":[{"width":850,"height":423,"url":"https:\/\/graphiste.com\/blog\/wp-content\/uploads\/sites\/4\/2019\/07\/serif-sans-serif-1.jpg","type":"image\/jpeg"}],"author":"Laura Michaud","twitter_card":"summary_large_image","twitter_creator":"@Graphistecom","twitter_site":"@Graphistecom","twitter_misc":{"\u00c9crit par":"Laura Michaud","Dur\u00e9e de lecture estim\u00e9e":"6 minutes"},"schema":{"@context":"https:\/\/schema.org","@graph":[{"@type":"Article","@id":"https:\/\/graphiste.com\/blog\/choisir-typographie-serif-sans-serif\/#article","isPartOf":{"@id":"https:\/\/graphiste.com\/blog\/choisir-typographie-serif-sans-serif\/"},"author":{"name":"Laura Michaud","@id":"https:\/\/graphiste.com\/blog\/#\/schema\/person\/33c0ef04707fbe50a096f282050bb5f2"},"headline":"Serif Vs Sans Serif\u00a0: quelle typographie choisir\u00a0?","datePublished":"2019-07-16T08:30:57+00:00","dateModified":"2025-08-20T15:23:33+00:00","mainEntityOfPage":{"@id":"https:\/\/graphiste.com\/blog\/choisir-typographie-serif-sans-serif\/"},"wordCount":1254,"publisher":{"@id":"https:\/\/graphiste.com\/blog\/#organization"},"image":{"@id":"https:\/\/graphiste.com\/blog\/choisir-typographie-serif-sans-serif\/#primaryimage"},"thumbnailUrl":"https:\/\/graphiste.com\/blog\/wp-content\/uploads\/sites\/4\/2019\/07\/serif-sans-serif-1.jpg","articleSection":["Typographie"],"inLanguage":"fr-FR"},{"@type":"WebPage","@id":"https:\/\/graphiste.com\/blog\/choisir-typographie-serif-sans-serif\/","url":"https:\/\/graphiste.com\/blog\/choisir-typographie-serif-sans-serif\/","name":"Serif Vs Sans Serif\u00a0: quelle typographie choisir\u00a0? - Graphiste Blog","isPartOf":{"@id":"https:\/\/graphiste.com\/blog\/#website"},"primaryImageOfPage":{"@id":"https:\/\/graphiste.com\/blog\/choisir-typographie-serif-sans-serif\/#primaryimage"},"image":{"@id":"https:\/\/graphiste.com\/blog\/choisir-typographie-serif-sans-serif\/#primaryimage"},"thumbnailUrl":"https:\/\/graphiste.com\/blog\/wp-content\/uploads\/sites\/4\/2019\/07\/serif-sans-serif-1.jpg","datePublished":"2019-07-16T08:30:57+00:00","dateModified":"2025-08-20T15:23:33+00:00","description":"L\u2019heure du combat a sonn\u00e9 : qui sera le vainqueur entre les polices Serif et les Sans Serif ? Chaque camp affute ses arguments. Et vous, sur qui","breadcrumb":{"@id":"https:\/\/graphiste.com\/blog\/choisir-typographie-serif-sans-serif\/#breadcrumb"},"inLanguage":"fr-FR","potentialAction":[{"@type":"ReadAction","target":["https:\/\/graphiste.com\/blog\/choisir-typographie-serif-sans-serif\/"]}]},{"@type":"ImageObject","inLanguage":"fr-FR","@id":"https:\/\/graphiste.com\/blog\/choisir-typographie-serif-sans-serif\/#primaryimage","url":"https:\/\/graphiste.com\/blog\/wp-content\/uploads\/sites\/4\/2019\/07\/serif-sans-serif-1.jpg","contentUrl":"https:\/\/graphiste.com\/blog\/wp-content\/uploads\/sites\/4\/2019\/07\/serif-sans-serif-1.jpg","width":850,"height":423,"caption":"Serif vs Sans serif"},{"@type":"BreadcrumbList","@id":"https:\/\/graphiste.com\/blog\/choisir-typographie-serif-sans-serif\/#breadcrumb","itemListElement":[{"@type":"ListItem","position":1,"name":"Blog","item":"https:\/\/graphiste.com\/blog\/"},{"@type":"ListItem","position":2,"name":"Branding","item":"https:\/\/graphiste.com\/blog\/branding\/"},{"@type":"ListItem","position":3,"name":"Typographie","item":"https:\/\/graphiste.com\/blog\/branding\/typographie\/"},{"@type":"ListItem","position":4,"name":"Serif Vs Sans Serif\u00a0: quelle typographie choisir\u00a0?"}]},{"@type":"WebSite","@id":"https:\/\/graphiste.com\/blog\/#website","url":"https:\/\/graphiste.com\/blog\/","name":"Graphiste.com","description":"graphiste","publisher":{"@id":"https:\/\/graphiste.com\/blog\/#organization"},"potentialAction":[{"@type":"SearchAction","target":{"@type":"EntryPoint","urlTemplate":"https:\/\/graphiste.com\/blog\/?s={search_term_string}"},"query-input":{"@type":"PropertyValueSpecification","valueRequired":true,"valueName":"search_term_string"}}],"inLanguage":"fr-FR"},{"@type":"Organization","@id":"https:\/\/graphiste.com\/blog\/#organization","name":"Graphiste.com","url":"https:\/\/graphiste.com\/blog\/","logo":{"@type":"ImageObject","inLanguage":"fr-FR","@id":"https:\/\/graphiste.com\/blog\/#\/schema\/logo\/image\/","url":"https:\/\/graphiste.com\/blog\/wp-content\/uploads\/sites\/4\/2022\/07\/logo-blog-graphiste.svg","contentUrl":"https:\/\/graphiste.com\/blog\/wp-content\/uploads\/sites\/4\/2022\/07\/logo-blog-graphiste.svg","width":1,"height":1,"caption":"Graphiste.com"},"image":{"@id":"https:\/\/graphiste.com\/blog\/#\/schema\/logo\/image\/"},"sameAs":["https:\/\/www.facebook.com\/graphistesfreelances","https:\/\/x.com\/Graphistecom","https:\/\/www.linkedin.com\/company\/graphiste-com\/","https:\/\/fr.pinterest.com\/Graphiste_Com","https:\/\/www.instagram.com\/graphiste_com\/"]},{"@type":"Person","@id":"https:\/\/graphiste.com\/blog\/#\/schema\/person\/33c0ef04707fbe50a096f282050bb5f2","name":"Laura Michaud","image":{"@type":"ImageObject","inLanguage":"fr-FR","@id":"https:\/\/graphiste.com\/blog\/#\/schema\/person\/image\/","url":"https:\/\/secure.gravatar.com\/avatar\/c3328cc0c887f98cec6b2979af3311ab6333fc7cc2d4847514cfec6a56fa08a7?s=96&d=mm&r=g","contentUrl":"https:\/\/secure.gravatar.com\/avatar\/c3328cc0c887f98cec6b2979af3311ab6333fc7cc2d4847514cfec6a56fa08a7?s=96&d=mm&r=g","caption":"Laura Michaud"},"description":"Laura connait tous les meilleurs outils pour g\u00e9rer des projets et une entreprise. Cr\u00e9ative, c'est aussi une sp\u00e9cialiste des outils de cr\u00e9ation graphique pour faire briller une entreprise.","sameAs":["https:\/\/www.linkedin.com\/in\/michaudlaura\/"],"url":"https:\/\/graphiste.com\/blog\/author\/laura\/"}]}},"_links":{"self":[{"href":"https:\/\/graphiste.com\/blog\/wp-json\/wp\/v2\/posts\/11822","targetHints":{"allow":["GET"]}}],"collection":[{"href":"https:\/\/graphiste.com\/blog\/wp-json\/wp\/v2\/posts"}],"about":[{"href":"https:\/\/graphiste.com\/blog\/wp-json\/wp\/v2\/types\/post"}],"author":[{"embeddable":true,"href":"https:\/\/graphiste.com\/blog\/wp-json\/wp\/v2\/users\/1"}],"replies":[{"embeddable":true,"href":"https:\/\/graphiste.com\/blog\/wp-json\/wp\/v2\/comments?post=11822"}],"version-history":[{"count":0,"href":"https:\/\/graphiste.com\/blog\/wp-json\/wp\/v2\/posts\/11822\/revisions"}],"wp:featuredmedia":[{"embeddable":true,"href":"https:\/\/graphiste.com\/blog\/wp-json\/wp\/v2\/media\/11832"}],"wp:attachment":[{"href":"https:\/\/graphiste.com\/blog\/wp-json\/wp\/v2\/media?parent=11822"}],"wp:term":[{"taxonomy":"category","embeddable":true,"href":"https:\/\/graphiste.com\/blog\/wp-json\/wp\/v2\/categories?post=11822"},{"taxonomy":"post_tag","embeddable":true,"href":"https:\/\/graphiste.com\/blog\/wp-json\/wp\/v2\/tags?post=11822"}],"curies":[{"name":"wp","href":"https:\/\/api.w.org\/{rel}","templated":true}]}}