{"id":1121,"date":"2022-07-01T01:00:00","date_gmt":"2022-06-30T23:00:00","guid":{"rendered":"https:\/\/graphiste.com\/blog\/?p=1121"},"modified":"2022-11-10T13:46:32","modified_gmt":"2022-11-10T12:46:32","slug":"veille-graphique-design-outil-de-performance","status":"publish","type":"post","link":"https:\/\/graphiste.com\/blog\/veille-graphique-design-outil-de-performance\/","title":{"rendered":"Veille graphique\u00a0: v\u00e9ritable outil de performance\u00a0?"},"content":{"rendered":"<p>Lorsqu\u2019il cite Dr Easton, Alex F. Osborn souhaite appuyer son propos concernant le <em>brainstorming<\/em>, et notamment la th\u00e9orie selon laquelle l\u2019invention ne serait que le produit d\u2019id\u00e9es d\u00e9j\u00e0 existantes, envisag\u00e9es sous d\u2019autres angles.<\/p>\n<p><em>\u201cUn penseur cr\u00e9atif ne d\u00e9veloppe pas d&#8217;id\u00e9es nouvelles, mais simplement de nouvelles combinaisons d&#8217;id\u00e9es qui existaient d\u00e9j\u00e0 dans son subconscient.\u201d <\/em>&#8211; Dr Easton, cit\u00e9 par Alex F. Osborn dans son ouvrage <em>L\u2019Imagination constructive<\/em><em>.<\/em><\/p>\n<p>&nbsp;<\/p>\n<h2>Pourquoi faire une veille graphique&nbsp;?<\/h2>\n<p>De ce fait, une session de brainstorming ne peut \u00eatre efficace que pr\u00e9c\u00e9d\u00e9e de recherches. Cela \u00e9tant dit, comment <strong>optimiser ces recherches d&#8217;inspirations&nbsp;?<\/strong><\/p>\n<p><img decoding=\"async\" class=\"aligncenter size-full wp-image-7838\" src=\"https:\/\/graphiste.com\/blog\/wp-content\/uploads\/sites\/4\/2018\/09\/technique-brainstorming-bureau.jpg\" alt=\"\" width=\"600\" height=\"400\" \/><\/p>\n<p>L\u2019interdisciplinarit\u00e9 \u00e9tant la base d\u2019une \u00e9mulation cr\u00e9ative r\u00e9ussie, la pr\u00e9paration au brainstorming rel\u00e8ve \u00e0 la fois de recherches pr\u00e9cises, sur un sujet en particulier, mais surtout d\u2019une culture g\u00e9n\u00e9rale relativement large. Cette derni\u00e8re ne peut s\u2019acqu\u00e9rir que par une exploration <a href=\"https:\/\/graphiste.com\/blog\/webdesign-tendances-2021\" target=\"_blank\" rel=\"noopener noreferrer\">r\u00e9guli\u00e8re des tendances<\/a>, \u00e0 travers des actualit\u00e9s et des trends des principaux influenceurs sur les r\u00e9seaux sociaux.<\/p>\n<p>La s\u00e9rendipit\u00e9, de ce point de vue, appara\u00eet particuli\u00e8rement prolifique puisqu\u2019elle donne l\u2019opportunit\u00e9 d\u2019\u00e9largir nos horizons et de nous nourrir de nouvelles id\u00e9es. N\u00e9anmoins, cette \u00e9ternelle qu\u00eate d\u2019une information non recherch\u00e9e mais bien souvent trouv\u00e9e au d\u00e9tour de quelques clics, aurait tendance \u00e0 \u00eatre associ\u00e9e \u00e0 une perte de temps, \u00e0 des fl\u00e2neries pour certains designers ou agences graphiques.<\/p>\n<p>Qu\u2019en est-il r\u00e9ellement&nbsp;? La s\u00e9rendipit\u00e9 constitue-t-elle ce que nous appelons \u00e9galement la <a href=\"https:\/\/www.redacteur.com\/service\/devenir-veilleur-strategique\/\">veille graphique<\/a>&nbsp;? Ainsi, devons-nous la consid\u00e9rer comme un moment privil\u00e9gi\u00e9 pour <a href=\"https:\/\/graphiste.com\/blog\/webdesigner-un-metier-en-cours-de-redefinition\" target=\"_blank\" rel=\"noopener noreferrer\">les webdesigners<\/a> de se ressourcer, de prendre du recul par rapport \u00e0 leurs projets en cours&nbsp;? Dans ce contexte, est-il pertinent d\u2019organiser et de structurer sa veille design&nbsp;?<\/p>\n<p>&nbsp;<\/p>\n<h2>Etat des lieux de la veille design graphique<\/h2>\n<p><strong>La s\u00e9rendipit\u00e9<\/strong> ne repr\u00e9sente qu\u2019un des moyens par lequel les webdesigners r\u00e9alisent leur veille, qu\u2019elle soit volontaire ou purement passive, c\u2019est-\u00e0-dire par simple culture g\u00e9n\u00e9rale.<\/p>\n<p><img decoding=\"async\" class=\"aligncenter size-full wp-image-14296\" src=\"https:\/\/graphiste.com\/blog\/wp-content\/uploads\/sites\/4\/2019\/10\/veillepermanente-artiste-graphiste-e1572262116295.jpeg\" alt=\"\" width=\"650\" height=\"434\" \/><\/p>\n<p>Mais que recherchons-nous lors de ces sessions de veille&nbsp;? D\u00e8s lors que le webdesigner s\u2019\u00e9loigne de sa tablette graphique pour se plonger dans la mine d\u2019informations que rec\u00e8le internet, quelles donn\u00e9es souhaitent-ils recueillir&nbsp;?<\/p>\n<p>Nous r\u00e9pondrons \u00e0 cette question par 3 cat\u00e9gories principales, toutes les 3 indispensables \u00e0 la bonne r\u00e9alisation des missions du webdesigners.<\/p>\n<p>&nbsp;<\/p>\n<h4>Les actualit\u00e9s du monde digital et du graphisme en particulier<\/h4>\n<p>Il s\u2019agit ici de se tenir inform\u00e9 des derni\u00e8res actualit\u00e9s des acteurs majeurs du secteur, de ses concurrents, des nouveaux entrants sur les march\u00e9s\u2026 De plus, une r\u00e9elle connexion existe entre les mondes web \/ print, le graphisme et l\u2019art, pour ne citer que 2 exemples, renfor\u00e7ant davantage la n\u00e9cessit\u00e9 d\u2019\u00eatre au fait des actualit\u00e9s.<\/p>\n<figure id=\"attachment_15022\" aria-describedby=\"caption-attachment-15022\" style=\"width: 333px\" class=\"wp-caption aligncenter\"><img decoding=\"async\" class=\"wp-image-15022 size-full\" src=\"https:\/\/graphiste.com\/blog\/wp-content\/uploads\/sites\/4\/2019\/11\/commarts.jpg\" alt=\"magazine veille\" width=\"333\" height=\"420\" \/><figcaption id=\"caption-attachment-15022\" class=\"wp-caption-text\">Webzine&nbsp;: Commart.<\/figcaption><\/figure>\n<p>Enfin, les \u00e9volutions techniques conditionnant encore certains concepts cr\u00e9atifs, le suivi des nouveaut\u00e9s permettra de mieux \u00e9valuer dans quelle mesure proposer des cr\u00e9ations design et innovantes.<\/p>\n<h4>Les nouvelles tendances graphiques, ergonomiques et les id\u00e9es de concept cr\u00e9atif<\/h4>\n<p>Au-del\u00e0 des classements annuels de fin d\u00e9cembre \/ d\u00e9but janvier, de nombreux sites mettent en avant des \u00e9l\u00e9ments graphiques innovants, tels que la s\u00e9rie <em>\u201cD\u00e9couvrez 5 sites avec une navigation et un concept original\u201d<\/em> du Blog du Webdesign.<\/p>\n<p><img decoding=\"async\" class=\"aligncenter size-full wp-image-14352\" src=\"https:\/\/graphiste.com\/blog\/wp-content\/uploads\/sites\/4\/2019\/10\/awwwwards-inspiration-site-e1572356046839.png\" alt=\"inspiration awwwwards creatif site\" width=\"700\" height=\"329\" \/><\/p>\n<p>Evidemment, chacun de ces sites, blogs ou curateurs de contenus poss\u00e8dent leur propre sp\u00e9cialit\u00e9&nbsp;: UX design pour <a href=\"https:\/\/sidebar.io\/\" target=\"_blank\" rel=\"noopener noreferrer\">Sidebar.io<\/a>, graphisme et cr\u00e9ativit\u00e9 pour <a href=\"https:\/\/www.awwwards.com\/\" target=\"_blank\" rel=\"noopener noreferrer\">Awwwards<\/a>&#8230;<\/p>\n<h4>Les ressources et tutoriaux<\/h4>\n<p>Enfin, la cr\u00e9ativit\u00e9 constitue le noyau du coeur de m\u00e9tier, mais sans comp\u00e9tences techniques, le webdesigner est d\u00e9muni.<\/p>\n<p>De ce fait, nombre de blogs \/ sites mettent \u00e0 leur disposition des tutoriaux pour mieux prendre en main un logiciel, d\u00e9velopper des techniques sp\u00e9cifiques, ou encore d\u00e9couvrir de nouvelles fonctionnalit\u00e9s. \u00c0 titre d\u2019exemple, nous pouvons citer <a href=\"https:\/\/klarens.gumroad.com\" target=\"_blank\" rel=\"noopener noreferrer\">Klarens<\/a>, sp\u00e9cialis\u00e9 dans les formations pour Photoshop, After effect et Cinema4D. C&#8217;est un designer avec un style d&#8217;art digital particulier mais tr\u00e8s inspirants dans ses techniques de cr\u00e9ation tr\u00e8s color\u00e9es et anim\u00e9es.<\/p>\n<p>Ce qui nous paraissait au 1er abord une question d\u2019exploration des p\u00e9pites du web, devient de plus en plus un projet \u00e0 part enti\u00e8re, devant r\u00e9pondre \u00e0 de multiples objectifs.<\/p>\n<p>&nbsp;<\/p>\n<h2>G\u00e9rer sa veille graphique<\/h2>\n<p>Comme nous venons de l\u2019aborder, la veille r\u00e9pond \u00e0 de nombreux objectifs. Pour autant, un seul et unique objectif vient supplanter l\u2019ensemble&nbsp;: ma\u00eetriser le flux d\u2019informations continu.<\/p>\n<p>Au-del\u00e0 des sp\u00e9cialit\u00e9s et volont\u00e9s des webdesigners, l\u2019enjeu r\u00e9side dans le tri, l\u2019analyse et la m\u00e9morisation de ces informations r\u00e9f\u00e9renc\u00e9es sur le web.\u00a0Ainsi, pour optimiser ces \u00e9tapes, il convient de recourir \u00e0 des outils sp\u00e9cifiques, chacun d\u2019entre eux r\u00e9pondant \u00e0 des crit\u00e8res.<\/p>\n<h4>Les curateurs de contenus<\/h4>\n<p>Quelque soit leur forme, ces outils consistent en un m\u00eame principe&nbsp;: remonter \u00e0 l\u2019utilisateur des donn\u00e9es qu\u2019il n\u2019aura donc pas \u00e0 aller chercher manuellement.<\/p>\n<p><img decoding=\"async\" class=\"aligncenter size-full wp-image-15169\" src=\"https:\/\/graphiste.com\/blog\/wp-content\/uploads\/sites\/4\/2016\/05\/scoopit-curateur-contenu.png\" alt=\"\" width=\"585\" height=\"486\" \/><\/p>\n<p><a href=\"https:\/\/www.scoop.it\/\" target=\"_blank\" rel=\"noopener noreferrer\">Scoop.it<\/a> repr\u00e9sente l\u2019exemple le plus connu&nbsp;: d\u00e8s lors que vous aurez cr\u00e9\u00e9 un topic associ\u00e9 \u00e0 des mots-cl\u00e9s, votre dashboard vous affichera les articles li\u00e9s.<\/p>\n<p>Il existe \u00e9galement des curateurs plus sp\u00e9cifiques \u00e0 notre domaine, tel que <a href=\"https:\/\/web-design-weekly.com\/\" target=\"_blank\" rel=\"noopener noreferrer\">Web Design Weekly<\/a>, mais pour lequel vous n\u2019aurez pas \u00e0 d\u00e9finir de mots-cl\u00e9s. Le site vous envoie une fois par semaine une s\u00e9lection de pas moins d\u2019une vingtaine de sites&nbsp;: des articles, des inspirations, des ressources et outils, des offres d\u2019emploi\u2026<\/p>\n<p>Le blog <a href=\"https:\/\/www.fubiz.net\" target=\"_blank\" rel=\"noopener noreferrer\">Fubiz<\/a>\u00a0est une source riche en inspiration dans diff\u00e9rents domaines comme l&#8217;art, le design, la vid\u00e9o, la technologie alors n&#8217;h\u00e9sitez pas \u00e0 aller d\u00e9couvrir du nouveau contenu pour votre veille graphique.<\/p>\n<h4><strong>Les agr\u00e9gateurs de contenus<\/strong><\/h4>\n<p>Contrairement aux curateurs de contenus qui vous donnent l\u2019opportunit\u00e9 de d\u00e9couvrir de nouvelles sources d\u2019informations, les agr\u00e9gateurs de contenus vous afficheront uniquement les derni\u00e8res actualit\u00e9s des sites que vous aurez pr\u00e9alablement renseign\u00e9s.<\/p>\n<p><img decoding=\"async\" class=\"aligncenter size-full wp-image-15168\" src=\"https:\/\/graphiste.com\/blog\/wp-content\/uploads\/sites\/4\/2016\/05\/feedly-agregateur-contenu-e1575293376504.png\" alt=\"\" width=\"650\" height=\"422\" \/><\/p>\n<p>Nous pouvons citer <a href=\"https:\/\/feedly.com\/\" target=\"_blank\" rel=\"noopener noreferrer\">Feedly<\/a>, digne rempla\u00e7ant de Google Reader, vous \u00e9ditant un v\u00e9ritable journal constitu\u00e9 de vos sources favorites.<\/p>\n<p>Vous l\u2019aurez compris, autant les curateurs que les agr\u00e9gateurs correspondent \u00e0 une certaine automatisation de ce que nous avions abord\u00e9 plus haut&nbsp;:<strong> la s\u00e9rendipit\u00e9<\/strong>.<\/p>\n<p>Toutefois, nous perdons notre \u00e2me d\u2019explorateur et par la m\u00eame occasion les d\u00e9couvertes fortuites. Avec une telle quantit\u00e9 d\u2019informations actuellement disponible, il semblerait que l\u2019enjeu se porte d\u00e9sormais davantage sur l\u2019organisation.<\/p>\n<blockquote><p>\u00c0 lire aussi&nbsp;: <a href=\"https:\/\/graphiste.com\/blog\/inspiration-illustration-inktober-2019\" target=\"_blank\" rel=\"noopener noreferrer\">Inspiration: 25 superbes illustrations Inktober<\/a><\/p><\/blockquote>\n<h4><strong>Les outils de marque-pages<\/strong><\/h4>\n<p>C\u2019est la raison pour laquelle nous vous pr\u00e9senterons <a href=\"https:\/\/getpocket.com\/\" target=\"_blank\" rel=\"noopener noreferrer\">Pocket<\/a>, un outil de marque-pages vous permettant d\u2019ajouter \u00e0 vos listes de lecture les articles de blog que vous ne pouvez parcourir imm\u00e9diatement. Les articles sont conserv\u00e9s dans votre liste jusqu\u2019\u00e0 ce que vous indiquiez leur lecture. Enfin, vous pouvez ajouter des labels, afin de mieux organiser votre veille en fonction de vos centres d\u2019int\u00e9r\u00eats.<\/p>\n<p><img decoding=\"async\" class=\"aligncenter size-full wp-image-15170\" src=\"https:\/\/graphiste.com\/blog\/wp-content\/uploads\/sites\/4\/2016\/05\/pocket-marque-page-veille-e1575293500272.png\" alt=\"pocher marque page veille\" width=\"650\" height=\"451\" \/><\/p>\n<p>Aussi, puisque notre sujet s\u2019int\u00e9resse essentiellement au webdesign, nous pouvons \u00e9galement classer <a href=\"https:\/\/www.pinterest.com\/\" target=\"_blank\" rel=\"noopener noreferrer\">Pinterest<\/a> dans ces outils de marque-pages. En effet, les \u201cpins\u201d vous permettront de conserver en un seul et m\u00eame endroit les ressources et outils &#8211; mockups, interfaces UI\u2026 &#8211; que vous aurez trouv\u00e9s au gr\u00e9 de vos sessions de veille.<\/p>\n<p><img decoding=\"async\" class=\"aligncenter wp-image-14743\" src=\"https:\/\/graphiste.com\/blog\/wp-content\/uploads\/sites\/4\/2016\/09\/pinterest-finale-e1573634468900.jpg\" alt=\"pinterest tableau\" width=\"479\" height=\"283\" \/><\/p>\n<p>Ainsi, avant m\u00eame de commencer v\u00e9ritablement ce travail de veille, nous avons d\u00e9j\u00e0 r\u00e9alis\u00e9 une part importante du travail&nbsp;: la recherche de nos sources, la r\u00e9flexion sur nos centres d\u2019int\u00e9r\u00eats, notre routine de d\u00e9couverte de nouvelles inspirations ou outils\u2026<\/p>\n<p>Mais qu\u2019en est-il du traitement de ces informations&nbsp;? D\u00e8s lors que nous avons mis en place cette m\u00e9thodologie, est-il r\u00e9aliste de concevoir que nous puissions m\u00e9moriser l\u2019ensemble de ces donn\u00e9es&nbsp;?<\/p>\n<blockquote><p>\u00c0 lire aussi&nbsp;: <a href=\"https:\/\/graphiste.com\/blog\/couverture-livre-moderne-attrayante%e2%80%89\">4 conseils pour cr\u00e9er une couverture de livre moderne et attrayante\u2009<\/a><\/p><\/blockquote>\n<p>&nbsp;<\/p>\n<h2>Que pouvez-vous attendre de vos \u00e9quipes cr\u00e9atives&nbsp;?<\/h2>\n<p>Pour mieux cerner les enjeux de l\u2019encadrement de la veille graphique, nous prendrons l\u2019exemple de l\u2019apprentissage d\u2019une langue.<\/p>\n<p><img decoding=\"async\" class=\"aligncenter wp-image-14038\" src=\"https:\/\/graphiste.com\/blog\/wp-content\/uploads\/sites\/4\/2019\/10\/une-graphiste-craintes-comment-les-surmonter.jpg\" alt=\"\" width=\"653\" height=\"325\" \/><\/p>\n<p>Il vous faudra passer du temps \u00e0 r\u00e9viser votre vocabulaire et lire des textes dans la langue cible pour mieux l\u2019appr\u00e9hender et la comprendre. Toutefois, pour v\u00e9ritablement la ma\u00eetriser, il vous faudra la pratiquer, vous exprimer dans cette langue en utilisant le nouveau vocabulaire.<\/p>\n<p>Il en va de m\u00eame pour ces sessions de veille&nbsp;: la mettre en application consistera \u00e0 cr\u00e9er des occasions pour \u00e9changer sur ces sujets, pour les designers et les agences.<\/p>\n<h4><strong>1 001 fa\u00e7ons de voir le monde<\/strong><\/h4>\n<p>Le 1er argument que nous pouvons soulever porte sur notre sp\u00e9cificit\u00e9 \u00e0 appr\u00e9hender diff\u00e9remment un seul et m\u00eame \u00e9l\u00e9ment. De ce fait, provoquer des r\u00e9unions engendra de nouveaux \u00e9changes sur des probl\u00e9matiques purement cr\u00e9atives, d\u00e9corr\u00e9l\u00e9es des projets.<\/p>\n<p>Ces r\u00e9unions repr\u00e9sentent alors l\u2019occasion de partager sa veille, notamment en pr\u00e9sentant un sujet, un site, une tendance, un outil particuli\u00e8rement int\u00e9ressant. Il s\u2019agit davantage dans ce contexte de pr\u00e9senter \u00e0 la fois le sujet et son point de vue, et ce afin de favoriser la discussion et de confronter les perceptions.<\/p>\n<h4><strong>Mettre \u00e0 jour vos connaissances au contact de vos experts<\/strong><\/h4>\n<p><a href=\"https:\/\/graphiste.com\/blog\/externaliser-equipe-creative\">L\u2019\u00e9quipe cr\u00e9ative constitue votre expertise<\/a> en terme de webdesign. Il para\u00eet alors particuli\u00e8rement opportun de profiter de leurs comp\u00e9tences.<\/p>\n<p>Vos \u00e9quipes, commerciales, projet, marketing\u2026, et d\u2019autant plus celles au contact de vos clients, sont l\u2019image de votre entreprise. Or, vous pouvez attendre d\u2019elles qu\u2019elles se documentent sur le sujet, mais vous conviendrez qu\u2019il leur sera difficile de ma\u00eetriser ce domaine.<\/p>\n<p>Ainsi, en portant la veille \u00e0 un statut de v\u00e9ritable projet, non seulement vous assurez \u00e0 vos \u00e9quipes d\u2019\u00eatre au fait des tendances, mais surtout vous placez au rang d\u2019experts vos webdesigners, en interne. C\u2019est ainsi que vous renforcerez votre \u00e9quipe cr\u00e9ative et ainsi votre positionnement sur le march\u00e9.<\/p>\n<p>&nbsp;<\/p>\n<h2>3 plateformes pour votre veille graphique<\/h2>\n<h3>1. Le blog <a href=\"https:\/\/graphiste.com\/blog\/\" target=\"_blank\" rel=\"noopener noreferrer\">Graphiste.com<\/a><\/h3>\n<p><img decoding=\"async\" class=\"aligncenter size-full wp-image-38197\" src=\"https:\/\/graphiste.com\/blog\/wp-content\/uploads\/sites\/4\/2016\/05\/blog-graphiste.png\" alt=\"Blog Graphiste.com\" width=\"700\" height=\"366\" srcset=\"https:\/\/graphiste.com\/blog\/wp-content\/uploads\/sites\/4\/2016\/05\/blog-graphiste.png 700w, https:\/\/graphiste.com\/blog\/wp-content\/uploads\/sites\/4\/2016\/05\/blog-graphiste-300x157.png 300w, https:\/\/graphiste.com\/blog\/wp-content\/uploads\/sites\/4\/2016\/05\/blog-graphiste-60x31.png 60w, https:\/\/graphiste.com\/blog\/wp-content\/uploads\/sites\/4\/2016\/05\/blog-graphiste-370x193.png 370w, https:\/\/graphiste.com\/blog\/wp-content\/uploads\/sites\/4\/2016\/05\/blog-graphiste-270x141.png 270w, https:\/\/graphiste.com\/blog\/wp-content\/uploads\/sites\/4\/2016\/05\/blog-graphiste-570x298.png 570w\" sizes=\"(max-width: 700px) 100vw, 700px\" \/><\/p>\n<p>Inspirez-vous sur le blog de <a href=\"https:\/\/graphiste.com\/pictures\" target=\"_blank\" rel=\"noopener noreferrer\">Graphiste.com<\/a>, qui aborde de nombreux sujets pour d\u00e9couvrir de nouvelles tendances graphiques, des astuces, des typographies originales. Un blog \u00e0 suivre pour les designers et les agences&nbsp;!<\/p>\n<p>Par exemple, un article d&#8217;inspiration avec les meilleures\u00a0<a href=\"https:\/\/graphiste.com\/blog\/portfolios-creatifs-reussis\" target=\"_blank\" rel=\"noopener noreferrer\">portfolios<\/a>\u00a0cr\u00e9atifs qui permet de d\u00e9couvrir et rechercher des nouveaut\u00e9s int\u00e9ressantes.<\/p>\n<h3>2. <a href=\"https:\/\/www.behance.net\" target=\"_blank\" rel=\"noopener noreferrer\">Behance<\/a><\/h3>\n<p><img decoding=\"async\" class=\"aligncenter wp-image-14344 size-full lazyloaded\" src=\"https:\/\/graphiste.com\/blog\/wp-content\/uploads\/sites\/4\/2019\/10\/behance-inspiration-graphique-creatif-e1572343195220.png\" alt=\"Behance inspiration cr\u00e9atif\" width=\"700\" height=\"368\" data-lazy-src=\"https:\/\/graphiste.com\/blog\/wp-content\/uploads\/sites\/4\/2019\/10\/behance-inspiration-graphique-creatif-e1572343195220.png\" data-was-processed=\"true\" \/>Behance est une plateforme bien connue par les cr\u00e9atifs. Rachet\u00e9e en 2012 par Adobe, elle permet la pr\u00e9sentation de votre portfolio, du process de vos cr\u00e9ations, et de projets collaboratifs entre \u00e9quipes.<\/p>\n<blockquote><p>La page de d\u00e9couverte de Behance permet de s\u2019inspirer et de chercher des id\u00e9es de conception de site web ou de typographie. Les tags sont appr\u00e9ci\u00e9s pour mieux se rep\u00e9rer dans cette communaut\u00e9 tr\u00e8s active&nbsp;!<\/p><\/blockquote>\n<p>Behance est aussi tr\u00e8s pratique pour la recherche de freebies comme des <a href=\"https:\/\/graphiste.com\/blog\/typographie-mode-luxe-telecharger-gratuitement\" target=\"_blank\" rel=\"noopener noreferrer\">typographies originales<\/a>, des patterns, des <a href=\"https:\/\/graphiste.com\/blog\/mockups-packaging-gratuits\" target=\"_blank\" rel=\"noopener noreferrer\">mockups<\/a>\u2026<\/p>\n<h3>3. <a href=\"https:\/\/dribbble.com\" target=\"_blank\" rel=\"noopener noreferrer\">Dribbble<\/a><\/h3>\n<p><img decoding=\"async\" class=\"aligncenter size-full wp-image-14348 lazyloaded\" src=\"https:\/\/graphiste.com\/blog\/wp-content\/uploads\/sites\/4\/2019\/10\/site-inspirant-creatif-inspiration-e1572348004528.png\" alt=\"site inspiration cr\u00e9atif\" width=\"650\" height=\"373\" data-lazy-src=\"https:\/\/graphiste.com\/blog\/wp-content\/uploads\/sites\/4\/2019\/10\/site-inspirant-creatif-inspiration-e1572348004528.png\" data-was-processed=\"true\" \/>Dribbble, bien connu dans l\u2019univers des <a href=\"https:\/\/graphiste.com\/blog\/inspiration-graphistes-talentueux-a-suivre\">graphistes<\/a> et web designers n\u2019est pas qu\u2019une simple plateforme de portfolio cr\u00e9atifs&nbsp;! Le concept de base de la plateforme est de pr\u00e9senter des amorces de son travail cr\u00e9atif pour ensuite rediriger vers un portfolio externe ou une autre plateforme (Behance.net, Graphiste.com\u2026).<\/p>\n<p>Le but est de donner un aper\u00e7u de son style graphique que ce soit pour des concepts d\u2019application web, des ic\u00f4nes, des animations <a href=\"https:\/\/graphiste.com\/blog\/comment-creer-un-site-mobile-first\">mobile-first<\/a>, du branding, des typographies\u2026<\/p>\n<p>Ce site communautaire est la cible privil\u00e9gi\u00e9e des recrutements par des entreprises \u00e0 la recherche de designers, comme Facebook, Slack, ou Google&nbsp;!<\/p>\n<blockquote><p>\u00c0 lire aussi&nbsp;:\u00a0<a href=\"https:\/\/graphiste.com\/blog\/plateforme-trouver-inspiration\">10 plateformes pour trouver l&#8217;inspiration<\/a><\/p><\/blockquote>\n<p>&nbsp;<\/p>\n<h2>Notre astuce<\/h2>\n<p>Bien plus qu\u2019une simple promenade dans un univers virtuel, la veille graphique repr\u00e9sente un pivot dans votre strat\u00e9gie de management. L\u2019automatisation par la mise en place d\u2019un process facilitera la remont\u00e9e d\u2019informations, mais il sera \u00e0 notre sens toujours pertinent de ne pas laisser de c\u00f4t\u00e9 ce qui s\u2019apparente \u00e0 de simples divagations.<\/p>\n<p>Nous le savons que trop bien, les id\u00e9es innovantes ne proviennent pas n\u00e9cessairement de notre propre domaine. Ainsi, apporter de l\u2019impr\u00e9vu dans vos recherches ne pourra qu\u2019optimiser vos chances de cr\u00e9er de la valeur lors de vos s\u00e9ances de brainstorming.<\/p>\n","protected":false},"excerpt":{"rendered":"<p>Lorsqu\u2019il cite Dr Easton, Alex F. Osborn souhaite appuyer son propos concernant le brainstorming, et notamment la th\u00e9orie selon laquelle l\u2019invention ne serait que le produit d\u2019id\u00e9es d\u00e9j\u00e0 existantes, envisag\u00e9es sous d\u2019autres angles. \u201cUn penseur cr\u00e9atif ne d\u00e9veloppe pas d&#8217;id\u00e9es nouvelles, mais simplement de nouvelles combinaisons d&#8217;id\u00e9es qui existaient d\u00e9j\u00e0 dans son subconscient.\u201d &#8211; Dr [&hellip;]<\/p>\n","protected":false},"author":1,"featured_media":38199,"comment_status":"open","ping_status":"open","sticky":false,"template":"","format":"standard","meta":{"_acf_changed":false,"inline_featured_image":false,"footnotes":""},"categories":[103],"tags":[],"class_list":["post-1121","post","type-post","status-publish","format-standard","has-post-thumbnail","hentry","category-graphistes"],"acf":[],"yoast_head":"<!-- This site is optimized with the Yoast SEO plugin v25.9 - https:\/\/yoast.com\/wordpress\/plugins\/seo\/ -->\n<title>Veille graphique\u00a0: v\u00e9ritable outil de performance\u00a0? - Graphiste Blog<\/title>\n<meta name=\"description\" content=\"Lorsqu\u2019il cite Dr Easton, Alex F. Osborn souhaite appuyer son propos concernant le brainstorming, et notamment la th\u00e9orie selon laquelle l\u2019invention ne\" \/>\n<meta name=\"robots\" content=\"index, follow, max-snippet:-1, max-image-preview:large, max-video-preview:-1\" \/>\n<link rel=\"canonical\" href=\"https:\/\/graphiste.com\/blog\/veille-graphique-design-outil-de-performance\/\" \/>\n<meta property=\"og:locale\" content=\"fr_FR\" \/>\n<meta property=\"og:type\" content=\"article\" \/>\n<meta property=\"og:title\" content=\"Veille graphique\u00a0: v\u00e9ritable outil de performance\u00a0? - Graphiste Blog\" \/>\n<meta property=\"og:description\" content=\"Lorsqu\u2019il cite Dr Easton, Alex F. Osborn souhaite appuyer son propos concernant le brainstorming, et notamment la th\u00e9orie selon laquelle l\u2019invention ne\" \/>\n<meta property=\"og:url\" content=\"https:\/\/graphiste.com\/blog\/veille-graphique-design-outil-de-performance\/\" \/>\n<meta property=\"og:site_name\" content=\"Graphiste.com\" \/>\n<meta property=\"article:publisher\" content=\"https:\/\/www.facebook.com\/graphistesfreelances\" \/>\n<meta property=\"article:published_time\" content=\"2022-06-30T23:00:00+00:00\" \/>\n<meta property=\"article:modified_time\" content=\"2022-11-10T12:46:32+00:00\" \/>\n<meta property=\"og:image\" content=\"https:\/\/graphiste.com\/blog\/wp-content\/uploads\/sites\/4\/2016\/05\/veille-graphique-recherche.jpg\" \/>\n\t<meta property=\"og:image:width\" content=\"850\" \/>\n\t<meta property=\"og:image:height\" content=\"423\" \/>\n\t<meta property=\"og:image:type\" content=\"image\/jpeg\" \/>\n<meta name=\"author\" content=\"Laura Michaud\" \/>\n<meta name=\"twitter:card\" content=\"summary_large_image\" \/>\n<meta name=\"twitter:creator\" content=\"@Graphistecom\" \/>\n<meta name=\"twitter:site\" content=\"@Graphistecom\" \/>\n<meta name=\"twitter:label1\" content=\"\u00c9crit par\" \/>\n\t<meta name=\"twitter:data1\" content=\"Laura Michaud\" \/>\n\t<meta name=\"twitter:label2\" content=\"Dur\u00e9e de lecture estim\u00e9e\" \/>\n\t<meta name=\"twitter:data2\" content=\"11 minutes\" \/>\n<script type=\"application\/ld+json\" class=\"yoast-schema-graph\">{\"@context\":\"https:\/\/schema.org\",\"@graph\":[{\"@type\":\"Article\",\"@id\":\"https:\/\/graphiste.com\/blog\/veille-graphique-design-outil-de-performance\/#article\",\"isPartOf\":{\"@id\":\"https:\/\/graphiste.com\/blog\/veille-graphique-design-outil-de-performance\/\"},\"author\":{\"name\":\"Laura Michaud\",\"@id\":\"https:\/\/graphiste.com\/blog\/#\/schema\/person\/33c0ef04707fbe50a096f282050bb5f2\"},\"headline\":\"Veille graphique\u00a0: v\u00e9ritable outil de performance\u00a0?\",\"datePublished\":\"2022-06-30T23:00:00+00:00\",\"dateModified\":\"2022-11-10T12:46:32+00:00\",\"mainEntityOfPage\":{\"@id\":\"https:\/\/graphiste.com\/blog\/veille-graphique-design-outil-de-performance\/\"},\"wordCount\":2112,\"commentCount\":0,\"publisher\":{\"@id\":\"https:\/\/graphiste.com\/blog\/#organization\"},\"image\":{\"@id\":\"https:\/\/graphiste.com\/blog\/veille-graphique-design-outil-de-performance\/#primaryimage\"},\"thumbnailUrl\":\"https:\/\/graphiste.com\/blog\/wp-content\/uploads\/sites\/4\/2016\/05\/veille-graphique-recherche.jpg\",\"articleSection\":[\"Graphistes\"],\"inLanguage\":\"fr-FR\",\"potentialAction\":[{\"@type\":\"CommentAction\",\"name\":\"Comment\",\"target\":[\"https:\/\/graphiste.com\/blog\/veille-graphique-design-outil-de-performance\/#respond\"]}]},{\"@type\":\"WebPage\",\"@id\":\"https:\/\/graphiste.com\/blog\/veille-graphique-design-outil-de-performance\/\",\"url\":\"https:\/\/graphiste.com\/blog\/veille-graphique-design-outil-de-performance\/\",\"name\":\"Veille graphique\u00a0: v\u00e9ritable outil de performance\u00a0? - Graphiste Blog\",\"isPartOf\":{\"@id\":\"https:\/\/graphiste.com\/blog\/#website\"},\"primaryImageOfPage\":{\"@id\":\"https:\/\/graphiste.com\/blog\/veille-graphique-design-outil-de-performance\/#primaryimage\"},\"image\":{\"@id\":\"https:\/\/graphiste.com\/blog\/veille-graphique-design-outil-de-performance\/#primaryimage\"},\"thumbnailUrl\":\"https:\/\/graphiste.com\/blog\/wp-content\/uploads\/sites\/4\/2016\/05\/veille-graphique-recherche.jpg\",\"datePublished\":\"2022-06-30T23:00:00+00:00\",\"dateModified\":\"2022-11-10T12:46:32+00:00\",\"description\":\"Lorsqu\u2019il cite Dr Easton, Alex F. Osborn souhaite appuyer son propos concernant le brainstorming, et notamment la th\u00e9orie selon laquelle l\u2019invention ne\",\"breadcrumb\":{\"@id\":\"https:\/\/graphiste.com\/blog\/veille-graphique-design-outil-de-performance\/#breadcrumb\"},\"inLanguage\":\"fr-FR\",\"potentialAction\":[{\"@type\":\"ReadAction\",\"target\":[\"https:\/\/graphiste.com\/blog\/veille-graphique-design-outil-de-performance\/\"]}]},{\"@type\":\"ImageObject\",\"inLanguage\":\"fr-FR\",\"@id\":\"https:\/\/graphiste.com\/blog\/veille-graphique-design-outil-de-performance\/#primaryimage\",\"url\":\"https:\/\/graphiste.com\/blog\/wp-content\/uploads\/sites\/4\/2016\/05\/veille-graphique-recherche.jpg\",\"contentUrl\":\"https:\/\/graphiste.com\/blog\/wp-content\/uploads\/sites\/4\/2016\/05\/veille-graphique-recherche.jpg\",\"width\":850,\"height\":423,\"caption\":\"Veille graphique designers\"},{\"@type\":\"BreadcrumbList\",\"@id\":\"https:\/\/graphiste.com\/blog\/veille-graphique-design-outil-de-performance\/#breadcrumb\",\"itemListElement\":[{\"@type\":\"ListItem\",\"position\":1,\"name\":\"Blog\",\"item\":\"https:\/\/graphiste.com\/blog\/\"},{\"@type\":\"ListItem\",\"position\":2,\"name\":\"Graphistes\",\"item\":\"https:\/\/graphiste.com\/blog\/graphistes\/\"},{\"@type\":\"ListItem\",\"position\":3,\"name\":\"Veille graphique\u00a0: v\u00e9ritable outil de performance\u00a0?\"}]},{\"@type\":\"WebSite\",\"@id\":\"https:\/\/graphiste.com\/blog\/#website\",\"url\":\"https:\/\/graphiste.com\/blog\/\",\"name\":\"Graphiste.com\",\"description\":\"graphiste\",\"publisher\":{\"@id\":\"https:\/\/graphiste.com\/blog\/#organization\"},\"potentialAction\":[{\"@type\":\"SearchAction\",\"target\":{\"@type\":\"EntryPoint\",\"urlTemplate\":\"https:\/\/graphiste.com\/blog\/?s={search_term_string}\"},\"query-input\":{\"@type\":\"PropertyValueSpecification\",\"valueRequired\":true,\"valueName\":\"search_term_string\"}}],\"inLanguage\":\"fr-FR\"},{\"@type\":\"Organization\",\"@id\":\"https:\/\/graphiste.com\/blog\/#organization\",\"name\":\"Graphiste.com\",\"url\":\"https:\/\/graphiste.com\/blog\/\",\"logo\":{\"@type\":\"ImageObject\",\"inLanguage\":\"fr-FR\",\"@id\":\"https:\/\/graphiste.com\/blog\/#\/schema\/logo\/image\/\",\"url\":\"https:\/\/graphiste.com\/blog\/wp-content\/uploads\/sites\/4\/2022\/07\/logo-blog-graphiste.svg\",\"contentUrl\":\"https:\/\/graphiste.com\/blog\/wp-content\/uploads\/sites\/4\/2022\/07\/logo-blog-graphiste.svg\",\"width\":1,\"height\":1,\"caption\":\"Graphiste.com\"},\"image\":{\"@id\":\"https:\/\/graphiste.com\/blog\/#\/schema\/logo\/image\/\"},\"sameAs\":[\"https:\/\/www.facebook.com\/graphistesfreelances\",\"https:\/\/x.com\/Graphistecom\",\"https:\/\/www.linkedin.com\/company\/graphiste-com\/\",\"https:\/\/fr.pinterest.com\/Graphiste_Com\",\"https:\/\/www.instagram.com\/graphiste_com\/\"]},{\"@type\":\"Person\",\"@id\":\"https:\/\/graphiste.com\/blog\/#\/schema\/person\/33c0ef04707fbe50a096f282050bb5f2\",\"name\":\"Laura Michaud\",\"image\":{\"@type\":\"ImageObject\",\"inLanguage\":\"fr-FR\",\"@id\":\"https:\/\/graphiste.com\/blog\/#\/schema\/person\/image\/\",\"url\":\"https:\/\/secure.gravatar.com\/avatar\/c3328cc0c887f98cec6b2979af3311ab6333fc7cc2d4847514cfec6a56fa08a7?s=96&d=mm&r=g\",\"contentUrl\":\"https:\/\/secure.gravatar.com\/avatar\/c3328cc0c887f98cec6b2979af3311ab6333fc7cc2d4847514cfec6a56fa08a7?s=96&d=mm&r=g\",\"caption\":\"Laura Michaud\"},\"description\":\"Laura connait tous les meilleurs outils pour g\u00e9rer des projets et une entreprise. Cr\u00e9ative, c'est aussi une sp\u00e9cialiste des outils de cr\u00e9ation graphique pour faire briller une entreprise.\",\"sameAs\":[\"https:\/\/www.linkedin.com\/in\/michaudlaura\/\"],\"url\":\"https:\/\/graphiste.com\/blog\/author\/laura\/\"}]}<\/script>\n<!-- \/ Yoast SEO plugin. -->","yoast_head_json":{"title":"Veille graphique\u00a0: v\u00e9ritable outil de performance\u00a0? - Graphiste Blog","description":"Lorsqu\u2019il cite Dr Easton, Alex F. Osborn souhaite appuyer son propos concernant le brainstorming, et notamment la th\u00e9orie selon laquelle l\u2019invention ne","robots":{"index":"index","follow":"follow","max-snippet":"max-snippet:-1","max-image-preview":"max-image-preview:large","max-video-preview":"max-video-preview:-1"},"canonical":"https:\/\/graphiste.com\/blog\/veille-graphique-design-outil-de-performance\/","og_locale":"fr_FR","og_type":"article","og_title":"Veille graphique\u00a0: v\u00e9ritable outil de performance\u00a0? - Graphiste Blog","og_description":"Lorsqu\u2019il cite Dr Easton, Alex F. Osborn souhaite appuyer son propos concernant le brainstorming, et notamment la th\u00e9orie selon laquelle l\u2019invention ne","og_url":"https:\/\/graphiste.com\/blog\/veille-graphique-design-outil-de-performance\/","og_site_name":"Graphiste.com","article_publisher":"https:\/\/www.facebook.com\/graphistesfreelances","article_published_time":"2022-06-30T23:00:00+00:00","article_modified_time":"2022-11-10T12:46:32+00:00","og_image":[{"width":850,"height":423,"url":"https:\/\/graphiste.com\/blog\/wp-content\/uploads\/sites\/4\/2016\/05\/veille-graphique-recherche.jpg","type":"image\/jpeg"}],"author":"Laura Michaud","twitter_card":"summary_large_image","twitter_creator":"@Graphistecom","twitter_site":"@Graphistecom","twitter_misc":{"\u00c9crit par":"Laura Michaud","Dur\u00e9e de lecture estim\u00e9e":"11 minutes"},"schema":{"@context":"https:\/\/schema.org","@graph":[{"@type":"Article","@id":"https:\/\/graphiste.com\/blog\/veille-graphique-design-outil-de-performance\/#article","isPartOf":{"@id":"https:\/\/graphiste.com\/blog\/veille-graphique-design-outil-de-performance\/"},"author":{"name":"Laura Michaud","@id":"https:\/\/graphiste.com\/blog\/#\/schema\/person\/33c0ef04707fbe50a096f282050bb5f2"},"headline":"Veille graphique\u00a0: v\u00e9ritable outil de performance\u00a0?","datePublished":"2022-06-30T23:00:00+00:00","dateModified":"2022-11-10T12:46:32+00:00","mainEntityOfPage":{"@id":"https:\/\/graphiste.com\/blog\/veille-graphique-design-outil-de-performance\/"},"wordCount":2112,"commentCount":0,"publisher":{"@id":"https:\/\/graphiste.com\/blog\/#organization"},"image":{"@id":"https:\/\/graphiste.com\/blog\/veille-graphique-design-outil-de-performance\/#primaryimage"},"thumbnailUrl":"https:\/\/graphiste.com\/blog\/wp-content\/uploads\/sites\/4\/2016\/05\/veille-graphique-recherche.jpg","articleSection":["Graphistes"],"inLanguage":"fr-FR","potentialAction":[{"@type":"CommentAction","name":"Comment","target":["https:\/\/graphiste.com\/blog\/veille-graphique-design-outil-de-performance\/#respond"]}]},{"@type":"WebPage","@id":"https:\/\/graphiste.com\/blog\/veille-graphique-design-outil-de-performance\/","url":"https:\/\/graphiste.com\/blog\/veille-graphique-design-outil-de-performance\/","name":"Veille graphique\u00a0: v\u00e9ritable outil de performance\u00a0? - Graphiste Blog","isPartOf":{"@id":"https:\/\/graphiste.com\/blog\/#website"},"primaryImageOfPage":{"@id":"https:\/\/graphiste.com\/blog\/veille-graphique-design-outil-de-performance\/#primaryimage"},"image":{"@id":"https:\/\/graphiste.com\/blog\/veille-graphique-design-outil-de-performance\/#primaryimage"},"thumbnailUrl":"https:\/\/graphiste.com\/blog\/wp-content\/uploads\/sites\/4\/2016\/05\/veille-graphique-recherche.jpg","datePublished":"2022-06-30T23:00:00+00:00","dateModified":"2022-11-10T12:46:32+00:00","description":"Lorsqu\u2019il cite Dr Easton, Alex F. Osborn souhaite appuyer son propos concernant le brainstorming, et notamment la th\u00e9orie selon laquelle l\u2019invention ne","breadcrumb":{"@id":"https:\/\/graphiste.com\/blog\/veille-graphique-design-outil-de-performance\/#breadcrumb"},"inLanguage":"fr-FR","potentialAction":[{"@type":"ReadAction","target":["https:\/\/graphiste.com\/blog\/veille-graphique-design-outil-de-performance\/"]}]},{"@type":"ImageObject","inLanguage":"fr-FR","@id":"https:\/\/graphiste.com\/blog\/veille-graphique-design-outil-de-performance\/#primaryimage","url":"https:\/\/graphiste.com\/blog\/wp-content\/uploads\/sites\/4\/2016\/05\/veille-graphique-recherche.jpg","contentUrl":"https:\/\/graphiste.com\/blog\/wp-content\/uploads\/sites\/4\/2016\/05\/veille-graphique-recherche.jpg","width":850,"height":423,"caption":"Veille graphique designers"},{"@type":"BreadcrumbList","@id":"https:\/\/graphiste.com\/blog\/veille-graphique-design-outil-de-performance\/#breadcrumb","itemListElement":[{"@type":"ListItem","position":1,"name":"Blog","item":"https:\/\/graphiste.com\/blog\/"},{"@type":"ListItem","position":2,"name":"Graphistes","item":"https:\/\/graphiste.com\/blog\/graphistes\/"},{"@type":"ListItem","position":3,"name":"Veille graphique\u00a0: v\u00e9ritable outil de performance\u00a0?"}]},{"@type":"WebSite","@id":"https:\/\/graphiste.com\/blog\/#website","url":"https:\/\/graphiste.com\/blog\/","name":"Graphiste.com","description":"graphiste","publisher":{"@id":"https:\/\/graphiste.com\/blog\/#organization"},"potentialAction":[{"@type":"SearchAction","target":{"@type":"EntryPoint","urlTemplate":"https:\/\/graphiste.com\/blog\/?s={search_term_string}"},"query-input":{"@type":"PropertyValueSpecification","valueRequired":true,"valueName":"search_term_string"}}],"inLanguage":"fr-FR"},{"@type":"Organization","@id":"https:\/\/graphiste.com\/blog\/#organization","name":"Graphiste.com","url":"https:\/\/graphiste.com\/blog\/","logo":{"@type":"ImageObject","inLanguage":"fr-FR","@id":"https:\/\/graphiste.com\/blog\/#\/schema\/logo\/image\/","url":"https:\/\/graphiste.com\/blog\/wp-content\/uploads\/sites\/4\/2022\/07\/logo-blog-graphiste.svg","contentUrl":"https:\/\/graphiste.com\/blog\/wp-content\/uploads\/sites\/4\/2022\/07\/logo-blog-graphiste.svg","width":1,"height":1,"caption":"Graphiste.com"},"image":{"@id":"https:\/\/graphiste.com\/blog\/#\/schema\/logo\/image\/"},"sameAs":["https:\/\/www.facebook.com\/graphistesfreelances","https:\/\/x.com\/Graphistecom","https:\/\/www.linkedin.com\/company\/graphiste-com\/","https:\/\/fr.pinterest.com\/Graphiste_Com","https:\/\/www.instagram.com\/graphiste_com\/"]},{"@type":"Person","@id":"https:\/\/graphiste.com\/blog\/#\/schema\/person\/33c0ef04707fbe50a096f282050bb5f2","name":"Laura Michaud","image":{"@type":"ImageObject","inLanguage":"fr-FR","@id":"https:\/\/graphiste.com\/blog\/#\/schema\/person\/image\/","url":"https:\/\/secure.gravatar.com\/avatar\/c3328cc0c887f98cec6b2979af3311ab6333fc7cc2d4847514cfec6a56fa08a7?s=96&d=mm&r=g","contentUrl":"https:\/\/secure.gravatar.com\/avatar\/c3328cc0c887f98cec6b2979af3311ab6333fc7cc2d4847514cfec6a56fa08a7?s=96&d=mm&r=g","caption":"Laura Michaud"},"description":"Laura connait tous les meilleurs outils pour g\u00e9rer des projets et une entreprise. Cr\u00e9ative, c'est aussi une sp\u00e9cialiste des outils de cr\u00e9ation graphique pour faire briller une entreprise.","sameAs":["https:\/\/www.linkedin.com\/in\/michaudlaura\/"],"url":"https:\/\/graphiste.com\/blog\/author\/laura\/"}]}},"_links":{"self":[{"href":"https:\/\/graphiste.com\/blog\/wp-json\/wp\/v2\/posts\/1121","targetHints":{"allow":["GET"]}}],"collection":[{"href":"https:\/\/graphiste.com\/blog\/wp-json\/wp\/v2\/posts"}],"about":[{"href":"https:\/\/graphiste.com\/blog\/wp-json\/wp\/v2\/types\/post"}],"author":[{"embeddable":true,"href":"https:\/\/graphiste.com\/blog\/wp-json\/wp\/v2\/users\/1"}],"replies":[{"embeddable":true,"href":"https:\/\/graphiste.com\/blog\/wp-json\/wp\/v2\/comments?post=1121"}],"version-history":[{"count":0,"href":"https:\/\/graphiste.com\/blog\/wp-json\/wp\/v2\/posts\/1121\/revisions"}],"wp:featuredmedia":[{"embeddable":true,"href":"https:\/\/graphiste.com\/blog\/wp-json\/wp\/v2\/media\/38199"}],"wp:attachment":[{"href":"https:\/\/graphiste.com\/blog\/wp-json\/wp\/v2\/media?parent=1121"}],"wp:term":[{"taxonomy":"category","embeddable":true,"href":"https:\/\/graphiste.com\/blog\/wp-json\/wp\/v2\/categories?post=1121"},{"taxonomy":"post_tag","embeddable":true,"href":"https:\/\/graphiste.com\/blog\/wp-json\/wp\/v2\/tags?post=1121"}],"curies":[{"name":"wp","href":"https:\/\/api.w.org\/{rel}","templated":true}]}}