{"id":10230,"date":"2019-03-14T10:30:42","date_gmt":"2019-03-14T09:30:42","guid":{"rendered":"https:\/\/graphiste.com\/blog\/?p=10230"},"modified":"2025-08-20T17:23:33","modified_gmt":"2025-08-20T15:23:33","slug":"comment-ajouter-son-video","status":"publish","type":"post","link":"https:\/\/graphiste.com\/blog\/comment-ajouter-son-video\/","title":{"rendered":"Les bonnes pratiques pour ajouter du son sur une vid\u00e9o"},"content":{"rendered":"<p>M\u00eame si vous devez toujours concevoir vos vid\u00e9os pour qu&#8217;elles puissent se regarder sans le son (surtout pour celles qui seront partag\u00e9es via les r\u00e9seaux sociaux), quelques petites notes de musique peuvent faire une v\u00e9ritable diff\u00e9rence.<\/p>\n<p>Tout l&#8217;effet de vos films peut \u00eatre modifi\u00e9. Raison de plus pour ne pas vous tromper d&#8217;air&nbsp;!<\/p>\n<h2>R\u00e9fl\u00e9chissez \u00e0 la place que prendra la musique<\/h2>\n<p>Dans votre vid\u00e9o, vous aurez peut-\u00eatre des personnes qui parlent. Ou pas.<\/p>\n<p>En fonction de ce choix, la musique ne prendra pas autant d&#8217;importance.<\/p>\n<p>Ce n&#8217;est pas qu&#8217;une question de volume&nbsp;: la musique dit d\u00e9j\u00e0 quelque chose.<\/p>\n<p>Si les protagonistes film\u00e9s s&#8217;expriment aussi, vous n&#8217;obtiendrez qu&#8217;une soupe incompr\u00e9hensible.<\/p>\n<blockquote><p>Privil\u00e9giez des m\u00e9lodies instrumentales quand des paroles seront prononc\u00e9es par dessus peut \u00eatre une solution pour ne pas brouiller les pistes.<\/p><\/blockquote>\n<p style=\"text-align: center\"><span data-mce-type=\"bookmark\" style=\"width: 0px;overflow: hidden;line-height: 0\" class=\"mce_SELRES_start\">\ufeff<\/span><\/p>\n<h2>Laissez s&#8217;exprimer les sentiments<\/h2>\n<p>Allumez la radio. L\u00e0, tout de suite.<\/p>\n<p>Spontan\u00e9ment, vous associerez les chansons qui d\u00e9filent \u00e0 des \u00e9motions, des sentiments. Ce peut \u00eatre la m\u00e9lancolie, l&#8217;\u00e9nergie, la joie\u2026 Voire m\u00eame des images&nbsp;: au coin du feu, une journ\u00e9e au soleil. Il est fort possible que certaines de ces associations soient li\u00e9es \u00e0 vos exp\u00e9riences personnelles (par exemple, tel air entendu lors de vos derni\u00e8res vacances). Mais, dans l&#8217;ensemble, ces ressentis sont \u00e0 peu pr\u00e8s universels.<\/p>\n<p>C&#8217;est eux que vous devrez rechercher au moment de s\u00e9lectionner la bande-son de votre film. Prenez le temps de noter sur un bout de papier les \u00e9motions que vous voulez qu&#8217;il suscite\u2026 et cherchez les musiques qui correspondent \u00e0 ces derniers.<\/p>\n<h2>Respectez les droits des chansons<\/h2>\n<p>Sur ce site, nous vous avons d\u00e9j\u00e0 parl\u00e9 d&#8217;<a href=\"https:\/\/graphiste.com\/blog\/protection-creations-droit-auteur\" target=\"_blank\" rel=\"noopener\">images libres de droits<\/a>, donc vous connaissez un peu le principe.<\/p>\n<p>Il en est de m\u00eame pour la musique&nbsp;: certains airs seront disponibles sur <a href=\"https:\/\/www.codeur.com\/blog\/musique-libre-de-droit-video\/?utm_source=linking-article&amp;utm_medium=ajouter-son-video&amp;utm_campaign=BlogGraphiste\" target=\"_blank\" rel=\"noopener\">des sites libres de droits<\/a>, d&#8217;autres ne pourront \u00eatre utilis\u00e9s que pour des buts non commerciaux, d&#8217;autres enfin seront payants. Et vous pourrez m\u00eame trouver des compositeurs et des interpr\u00e8tes juste pour votre projet, si vous en avez les moyens.<\/p>\n<p><img decoding=\"async\" class=\"aligncenter wp-image-10240 size-full\" src=\"https:\/\/graphiste.com\/blog\/wp-content\/uploads\/sites\/4\/2019\/03\/licence-musique.jpg\" alt=\"Licence musique libre de droit\" width=\"600\" height=\"230\" \/><\/p>\n<p>Vous le savez d\u00e9j\u00e0&nbsp;: parfois, il faut accepter de payer pour obtenir une meilleure qualit\u00e9. Vous n&#8217;avez pas vraiment envie de sons al\u00e9atoires, mal enregistr\u00e9s ou que tout le monde r\u00e9cup\u00e8re pour ses propres vid\u00e9os.<\/p>\n<p>Quoi qu&#8217;il en soit, prenez le temps de vous documenter sur les diff\u00e9rentes options, et de v\u00e9rifier ce que vous permet chacun des sites que vous allez consulter pour trouver vos bandes-son.<\/p>\n<h2>Trouvez facilement des musiques libres de droits<\/h2>\n<p>Trouver les bonnes musiques sans perdre de temps implique de pouvoir s&#8217;appuyer sur des moteurs de recherche correspondant \u00e0 vos attentes. Sinon, vous risquez de passer quelques heures \u00e0 \u00e9couter des bouts de chansons sans plus savoir lesquels vous plaisaient.<\/p>\n<p>Sur <a href=\"https:\/\/www.auboutdufil.com\/\" target=\"_blank\" rel=\"noopener\">Auboutdufil<\/a>, vous pouvez effectuer votre s\u00e9lection en vous basant sur les humeurs (\u00e9pique ou romantique, par exemple). <a href=\"https:\/\/www.jamendo.com\/?language=fr\" target=\"_blank\" rel=\"noopener\">Jamendo<\/a> propose aussi des s\u00e9lections via des ambiances pr\u00e9cises. <a href=\"https:\/\/freesound.org\/\" target=\"_blank\" rel=\"noopener\">Freesound<\/a> vous permet de faire une recherche \u00e0 partir des mots cl\u00e9s dont vous avez besoin (en anglais). Sans n\u00e9gliger la biblioth\u00e8que audio de <a href=\"https:\/\/www.youtube.com\/?gl=FR&amp;hl=fr\" target=\"_blank\" rel=\"noopener\">YouTube<\/a>.<\/p>\n<h2>Soignez votre montage<\/h2>\n<p>Le montage vous \u00e9voque peut-\u00eatre plus la bonne organisation des s\u00e9quences visuelles. Mais le montage sonore est tout aussi important.<\/p>\n<p>D\u00e9marrer la musique au bon moment, faire co\u00efncider les envol\u00e9es des instruments avec les passages les plus \u00e9piques de votre film\u2026 Tout cela concourt de <a href=\"https:\/\/graphiste.com\/blog\/montage-video-erreurs-a-eviter\" target=\"_blank\" rel=\"noopener\">la r\u00e9ussite de celui-ci<\/a>.<\/p>\n<p>La plupart des logiciels de traitement vid\u00e9o vous permettront d&#8217;adjoindre et de caler votre bande-son. Si ce n&#8217;est pas le cas, vous pouvez toujours <a href=\"https:\/\/graphiste.com\" target=\"_blank\" rel=\"noopener\">faire appel \u00e0 un freelance sp\u00e9cialis\u00e9<\/a>.<\/p>\n<p>&nbsp;<\/p>\n<p>Le dernier conseil, et non le moindre, c&#8217;est de faire des essais.<\/p>\n<p>Si vous h\u00e9sitez entre plusieurs musiques, ce qui sera souvent le cas, faites-les \u00e9couter et, plus encore, faites-les \u00e9couter avec votre vid\u00e9o. Oui, cela vous demandera peut-\u00eatre du temps. Mais les retours que vous recevrez vous assureront de remporter la palme de la vid\u00e9o du moment&nbsp;!<\/p>\n","protected":false},"excerpt":{"rendered":"<p>M\u00eame si vous devez toujours concevoir vos vid\u00e9os pour qu&#8217;elles puissent se regarder sans le son (surtout pour celles qui seront partag\u00e9es via les r\u00e9seaux sociaux), quelques petites notes de musique peuvent faire une v\u00e9ritable diff\u00e9rence. Tout l&#8217;effet de vos films peut \u00eatre modifi\u00e9. Raison de plus pour ne pas vous tromper d&#8217;air&nbsp;! R\u00e9fl\u00e9chissez \u00e0 [&hellip;]<\/p>\n","protected":false},"author":1,"featured_media":10234,"comment_status":"closed","ping_status":"closed","sticky":false,"template":"","format":"standard","meta":{"_acf_changed":false,"inline_featured_image":false,"footnotes":""},"categories":[24],"tags":[],"class_list":["post-10230","post","type-post","status-publish","format-standard","has-post-thumbnail","hentry","category-video"],"acf":[],"yoast_head":"<!-- This site is optimized with the Yoast SEO plugin v25.9 - https:\/\/yoast.com\/wordpress\/plugins\/seo\/ -->\n<title>Les bonnes pratiques pour ajouter du son sur une vid\u00e9o - Graphiste Blog<\/title>\n<meta name=\"description\" content=\"M\u00eame si vous devez toujours concevoir vos vid\u00e9os pour qu&#039;elles puissent se regarder sans le son (surtout pour celles qui seront partag\u00e9es via les r\u00e9seaux\" \/>\n<meta name=\"robots\" content=\"index, follow, max-snippet:-1, max-image-preview:large, max-video-preview:-1\" \/>\n<link rel=\"canonical\" href=\"https:\/\/graphiste.com\/blog\/comment-ajouter-son-video\/\" \/>\n<meta property=\"og:locale\" content=\"fr_FR\" \/>\n<meta property=\"og:type\" content=\"article\" \/>\n<meta property=\"og:title\" content=\"Les bonnes pratiques pour ajouter du son sur une vid\u00e9o - Graphiste Blog\" \/>\n<meta property=\"og:description\" content=\"M\u00eame si vous devez toujours concevoir vos vid\u00e9os pour qu&#039;elles puissent se regarder sans le son (surtout pour celles qui seront partag\u00e9es via les r\u00e9seaux\" \/>\n<meta property=\"og:url\" content=\"https:\/\/graphiste.com\/blog\/comment-ajouter-son-video\/\" \/>\n<meta property=\"og:site_name\" content=\"Graphiste.com\" \/>\n<meta property=\"article:publisher\" content=\"https:\/\/www.facebook.com\/graphistesfreelances\" \/>\n<meta property=\"article:published_time\" content=\"2019-03-14T09:30:42+00:00\" \/>\n<meta property=\"article:modified_time\" content=\"2025-08-20T15:23:33+00:00\" \/>\n<meta property=\"og:image\" content=\"https:\/\/graphiste.com\/blog\/wp-content\/uploads\/sites\/4\/2019\/03\/ajouter-son-video-1.jpg\" \/>\n\t<meta property=\"og:image:width\" content=\"850\" \/>\n\t<meta property=\"og:image:height\" content=\"423\" \/>\n\t<meta property=\"og:image:type\" content=\"image\/jpeg\" \/>\n<meta name=\"author\" content=\"Laura Michaud\" \/>\n<meta name=\"twitter:card\" content=\"summary_large_image\" \/>\n<meta name=\"twitter:creator\" content=\"@Graphistecom\" \/>\n<meta name=\"twitter:site\" content=\"@Graphistecom\" \/>\n<meta name=\"twitter:label1\" content=\"\u00c9crit par\" \/>\n\t<meta name=\"twitter:data1\" content=\"Laura Michaud\" \/>\n\t<meta name=\"twitter:label2\" content=\"Dur\u00e9e de lecture estim\u00e9e\" \/>\n\t<meta name=\"twitter:data2\" content=\"3 minutes\" \/>\n<script type=\"application\/ld+json\" class=\"yoast-schema-graph\">{\"@context\":\"https:\/\/schema.org\",\"@graph\":[{\"@type\":\"Article\",\"@id\":\"https:\/\/graphiste.com\/blog\/comment-ajouter-son-video\/#article\",\"isPartOf\":{\"@id\":\"https:\/\/graphiste.com\/blog\/comment-ajouter-son-video\/\"},\"author\":{\"name\":\"Laura Michaud\",\"@id\":\"https:\/\/graphiste.com\/blog\/#\/schema\/person\/33c0ef04707fbe50a096f282050bb5f2\"},\"headline\":\"Les bonnes pratiques pour ajouter du son sur une vid\u00e9o\",\"datePublished\":\"2019-03-14T09:30:42+00:00\",\"dateModified\":\"2025-08-20T15:23:33+00:00\",\"mainEntityOfPage\":{\"@id\":\"https:\/\/graphiste.com\/blog\/comment-ajouter-son-video\/\"},\"wordCount\":715,\"publisher\":{\"@id\":\"https:\/\/graphiste.com\/blog\/#organization\"},\"image\":{\"@id\":\"https:\/\/graphiste.com\/blog\/comment-ajouter-son-video\/#primaryimage\"},\"thumbnailUrl\":\"https:\/\/graphiste.com\/blog\/wp-content\/uploads\/sites\/4\/2019\/03\/ajouter-son-video-1.jpg\",\"articleSection\":[\"Vid\u00e9o\"],\"inLanguage\":\"fr-FR\"},{\"@type\":\"WebPage\",\"@id\":\"https:\/\/graphiste.com\/blog\/comment-ajouter-son-video\/\",\"url\":\"https:\/\/graphiste.com\/blog\/comment-ajouter-son-video\/\",\"name\":\"Les bonnes pratiques pour ajouter du son sur une vid\u00e9o - Graphiste Blog\",\"isPartOf\":{\"@id\":\"https:\/\/graphiste.com\/blog\/#website\"},\"primaryImageOfPage\":{\"@id\":\"https:\/\/graphiste.com\/blog\/comment-ajouter-son-video\/#primaryimage\"},\"image\":{\"@id\":\"https:\/\/graphiste.com\/blog\/comment-ajouter-son-video\/#primaryimage\"},\"thumbnailUrl\":\"https:\/\/graphiste.com\/blog\/wp-content\/uploads\/sites\/4\/2019\/03\/ajouter-son-video-1.jpg\",\"datePublished\":\"2019-03-14T09:30:42+00:00\",\"dateModified\":\"2025-08-20T15:23:33+00:00\",\"description\":\"M\u00eame si vous devez toujours concevoir vos vid\u00e9os pour qu'elles puissent se regarder sans le son (surtout pour celles qui seront partag\u00e9es via les r\u00e9seaux\",\"breadcrumb\":{\"@id\":\"https:\/\/graphiste.com\/blog\/comment-ajouter-son-video\/#breadcrumb\"},\"inLanguage\":\"fr-FR\",\"potentialAction\":[{\"@type\":\"ReadAction\",\"target\":[\"https:\/\/graphiste.com\/blog\/comment-ajouter-son-video\/\"]}]},{\"@type\":\"ImageObject\",\"inLanguage\":\"fr-FR\",\"@id\":\"https:\/\/graphiste.com\/blog\/comment-ajouter-son-video\/#primaryimage\",\"url\":\"https:\/\/graphiste.com\/blog\/wp-content\/uploads\/sites\/4\/2019\/03\/ajouter-son-video-1.jpg\",\"contentUrl\":\"https:\/\/graphiste.com\/blog\/wp-content\/uploads\/sites\/4\/2019\/03\/ajouter-son-video-1.jpg\",\"width\":850,\"height\":423,\"caption\":\"Ajouter son vid\u00e9o\"},{\"@type\":\"BreadcrumbList\",\"@id\":\"https:\/\/graphiste.com\/blog\/comment-ajouter-son-video\/#breadcrumb\",\"itemListElement\":[{\"@type\":\"ListItem\",\"position\":1,\"name\":\"Blog\",\"item\":\"https:\/\/graphiste.com\/blog\/\"},{\"@type\":\"ListItem\",\"position\":2,\"name\":\"Vid\u00e9o\",\"item\":\"https:\/\/graphiste.com\/blog\/video\/\"},{\"@type\":\"ListItem\",\"position\":3,\"name\":\"Les bonnes pratiques pour ajouter du son sur une vid\u00e9o\"}]},{\"@type\":\"WebSite\",\"@id\":\"https:\/\/graphiste.com\/blog\/#website\",\"url\":\"https:\/\/graphiste.com\/blog\/\",\"name\":\"Graphiste.com\",\"description\":\"graphiste\",\"publisher\":{\"@id\":\"https:\/\/graphiste.com\/blog\/#organization\"},\"potentialAction\":[{\"@type\":\"SearchAction\",\"target\":{\"@type\":\"EntryPoint\",\"urlTemplate\":\"https:\/\/graphiste.com\/blog\/?s={search_term_string}\"},\"query-input\":{\"@type\":\"PropertyValueSpecification\",\"valueRequired\":true,\"valueName\":\"search_term_string\"}}],\"inLanguage\":\"fr-FR\"},{\"@type\":\"Organization\",\"@id\":\"https:\/\/graphiste.com\/blog\/#organization\",\"name\":\"Graphiste.com\",\"url\":\"https:\/\/graphiste.com\/blog\/\",\"logo\":{\"@type\":\"ImageObject\",\"inLanguage\":\"fr-FR\",\"@id\":\"https:\/\/graphiste.com\/blog\/#\/schema\/logo\/image\/\",\"url\":\"https:\/\/graphiste.com\/blog\/wp-content\/uploads\/sites\/4\/2022\/07\/logo-blog-graphiste.svg\",\"contentUrl\":\"https:\/\/graphiste.com\/blog\/wp-content\/uploads\/sites\/4\/2022\/07\/logo-blog-graphiste.svg\",\"width\":1,\"height\":1,\"caption\":\"Graphiste.com\"},\"image\":{\"@id\":\"https:\/\/graphiste.com\/blog\/#\/schema\/logo\/image\/\"},\"sameAs\":[\"https:\/\/www.facebook.com\/graphistesfreelances\",\"https:\/\/x.com\/Graphistecom\",\"https:\/\/www.linkedin.com\/company\/graphiste-com\/\",\"https:\/\/fr.pinterest.com\/Graphiste_Com\",\"https:\/\/www.instagram.com\/graphiste_com\/\"]},{\"@type\":\"Person\",\"@id\":\"https:\/\/graphiste.com\/blog\/#\/schema\/person\/33c0ef04707fbe50a096f282050bb5f2\",\"name\":\"Laura Michaud\",\"image\":{\"@type\":\"ImageObject\",\"inLanguage\":\"fr-FR\",\"@id\":\"https:\/\/graphiste.com\/blog\/#\/schema\/person\/image\/\",\"url\":\"https:\/\/secure.gravatar.com\/avatar\/c3328cc0c887f98cec6b2979af3311ab6333fc7cc2d4847514cfec6a56fa08a7?s=96&d=mm&r=g\",\"contentUrl\":\"https:\/\/secure.gravatar.com\/avatar\/c3328cc0c887f98cec6b2979af3311ab6333fc7cc2d4847514cfec6a56fa08a7?s=96&d=mm&r=g\",\"caption\":\"Laura Michaud\"},\"description\":\"Laura connait tous les meilleurs outils pour g\u00e9rer des projets et une entreprise. Cr\u00e9ative, c'est aussi une sp\u00e9cialiste des outils de cr\u00e9ation graphique pour faire briller une entreprise.\",\"sameAs\":[\"https:\/\/www.linkedin.com\/in\/michaudlaura\/\"],\"url\":\"https:\/\/graphiste.com\/blog\/author\/laura\/\"}]}<\/script>\n<!-- \/ Yoast SEO plugin. -->","yoast_head_json":{"title":"Les bonnes pratiques pour ajouter du son sur une vid\u00e9o - Graphiste Blog","description":"M\u00eame si vous devez toujours concevoir vos vid\u00e9os pour qu'elles puissent se regarder sans le son (surtout pour celles qui seront partag\u00e9es via les r\u00e9seaux","robots":{"index":"index","follow":"follow","max-snippet":"max-snippet:-1","max-image-preview":"max-image-preview:large","max-video-preview":"max-video-preview:-1"},"canonical":"https:\/\/graphiste.com\/blog\/comment-ajouter-son-video\/","og_locale":"fr_FR","og_type":"article","og_title":"Les bonnes pratiques pour ajouter du son sur une vid\u00e9o - Graphiste Blog","og_description":"M\u00eame si vous devez toujours concevoir vos vid\u00e9os pour qu'elles puissent se regarder sans le son (surtout pour celles qui seront partag\u00e9es via les r\u00e9seaux","og_url":"https:\/\/graphiste.com\/blog\/comment-ajouter-son-video\/","og_site_name":"Graphiste.com","article_publisher":"https:\/\/www.facebook.com\/graphistesfreelances","article_published_time":"2019-03-14T09:30:42+00:00","article_modified_time":"2025-08-20T15:23:33+00:00","og_image":[{"width":850,"height":423,"url":"https:\/\/graphiste.com\/blog\/wp-content\/uploads\/sites\/4\/2019\/03\/ajouter-son-video-1.jpg","type":"image\/jpeg"}],"author":"Laura Michaud","twitter_card":"summary_large_image","twitter_creator":"@Graphistecom","twitter_site":"@Graphistecom","twitter_misc":{"\u00c9crit par":"Laura Michaud","Dur\u00e9e de lecture estim\u00e9e":"3 minutes"},"schema":{"@context":"https:\/\/schema.org","@graph":[{"@type":"Article","@id":"https:\/\/graphiste.com\/blog\/comment-ajouter-son-video\/#article","isPartOf":{"@id":"https:\/\/graphiste.com\/blog\/comment-ajouter-son-video\/"},"author":{"name":"Laura Michaud","@id":"https:\/\/graphiste.com\/blog\/#\/schema\/person\/33c0ef04707fbe50a096f282050bb5f2"},"headline":"Les bonnes pratiques pour ajouter du son sur une vid\u00e9o","datePublished":"2019-03-14T09:30:42+00:00","dateModified":"2025-08-20T15:23:33+00:00","mainEntityOfPage":{"@id":"https:\/\/graphiste.com\/blog\/comment-ajouter-son-video\/"},"wordCount":715,"publisher":{"@id":"https:\/\/graphiste.com\/blog\/#organization"},"image":{"@id":"https:\/\/graphiste.com\/blog\/comment-ajouter-son-video\/#primaryimage"},"thumbnailUrl":"https:\/\/graphiste.com\/blog\/wp-content\/uploads\/sites\/4\/2019\/03\/ajouter-son-video-1.jpg","articleSection":["Vid\u00e9o"],"inLanguage":"fr-FR"},{"@type":"WebPage","@id":"https:\/\/graphiste.com\/blog\/comment-ajouter-son-video\/","url":"https:\/\/graphiste.com\/blog\/comment-ajouter-son-video\/","name":"Les bonnes pratiques pour ajouter du son sur une vid\u00e9o - Graphiste Blog","isPartOf":{"@id":"https:\/\/graphiste.com\/blog\/#website"},"primaryImageOfPage":{"@id":"https:\/\/graphiste.com\/blog\/comment-ajouter-son-video\/#primaryimage"},"image":{"@id":"https:\/\/graphiste.com\/blog\/comment-ajouter-son-video\/#primaryimage"},"thumbnailUrl":"https:\/\/graphiste.com\/blog\/wp-content\/uploads\/sites\/4\/2019\/03\/ajouter-son-video-1.jpg","datePublished":"2019-03-14T09:30:42+00:00","dateModified":"2025-08-20T15:23:33+00:00","description":"M\u00eame si vous devez toujours concevoir vos vid\u00e9os pour qu'elles puissent se regarder sans le son (surtout pour celles qui seront partag\u00e9es via les r\u00e9seaux","breadcrumb":{"@id":"https:\/\/graphiste.com\/blog\/comment-ajouter-son-video\/#breadcrumb"},"inLanguage":"fr-FR","potentialAction":[{"@type":"ReadAction","target":["https:\/\/graphiste.com\/blog\/comment-ajouter-son-video\/"]}]},{"@type":"ImageObject","inLanguage":"fr-FR","@id":"https:\/\/graphiste.com\/blog\/comment-ajouter-son-video\/#primaryimage","url":"https:\/\/graphiste.com\/blog\/wp-content\/uploads\/sites\/4\/2019\/03\/ajouter-son-video-1.jpg","contentUrl":"https:\/\/graphiste.com\/blog\/wp-content\/uploads\/sites\/4\/2019\/03\/ajouter-son-video-1.jpg","width":850,"height":423,"caption":"Ajouter son vid\u00e9o"},{"@type":"BreadcrumbList","@id":"https:\/\/graphiste.com\/blog\/comment-ajouter-son-video\/#breadcrumb","itemListElement":[{"@type":"ListItem","position":1,"name":"Blog","item":"https:\/\/graphiste.com\/blog\/"},{"@type":"ListItem","position":2,"name":"Vid\u00e9o","item":"https:\/\/graphiste.com\/blog\/video\/"},{"@type":"ListItem","position":3,"name":"Les bonnes pratiques pour ajouter du son sur une vid\u00e9o"}]},{"@type":"WebSite","@id":"https:\/\/graphiste.com\/blog\/#website","url":"https:\/\/graphiste.com\/blog\/","name":"Graphiste.com","description":"graphiste","publisher":{"@id":"https:\/\/graphiste.com\/blog\/#organization"},"potentialAction":[{"@type":"SearchAction","target":{"@type":"EntryPoint","urlTemplate":"https:\/\/graphiste.com\/blog\/?s={search_term_string}"},"query-input":{"@type":"PropertyValueSpecification","valueRequired":true,"valueName":"search_term_string"}}],"inLanguage":"fr-FR"},{"@type":"Organization","@id":"https:\/\/graphiste.com\/blog\/#organization","name":"Graphiste.com","url":"https:\/\/graphiste.com\/blog\/","logo":{"@type":"ImageObject","inLanguage":"fr-FR","@id":"https:\/\/graphiste.com\/blog\/#\/schema\/logo\/image\/","url":"https:\/\/graphiste.com\/blog\/wp-content\/uploads\/sites\/4\/2022\/07\/logo-blog-graphiste.svg","contentUrl":"https:\/\/graphiste.com\/blog\/wp-content\/uploads\/sites\/4\/2022\/07\/logo-blog-graphiste.svg","width":1,"height":1,"caption":"Graphiste.com"},"image":{"@id":"https:\/\/graphiste.com\/blog\/#\/schema\/logo\/image\/"},"sameAs":["https:\/\/www.facebook.com\/graphistesfreelances","https:\/\/x.com\/Graphistecom","https:\/\/www.linkedin.com\/company\/graphiste-com\/","https:\/\/fr.pinterest.com\/Graphiste_Com","https:\/\/www.instagram.com\/graphiste_com\/"]},{"@type":"Person","@id":"https:\/\/graphiste.com\/blog\/#\/schema\/person\/33c0ef04707fbe50a096f282050bb5f2","name":"Laura Michaud","image":{"@type":"ImageObject","inLanguage":"fr-FR","@id":"https:\/\/graphiste.com\/blog\/#\/schema\/person\/image\/","url":"https:\/\/secure.gravatar.com\/avatar\/c3328cc0c887f98cec6b2979af3311ab6333fc7cc2d4847514cfec6a56fa08a7?s=96&d=mm&r=g","contentUrl":"https:\/\/secure.gravatar.com\/avatar\/c3328cc0c887f98cec6b2979af3311ab6333fc7cc2d4847514cfec6a56fa08a7?s=96&d=mm&r=g","caption":"Laura Michaud"},"description":"Laura connait tous les meilleurs outils pour g\u00e9rer des projets et une entreprise. Cr\u00e9ative, c'est aussi une sp\u00e9cialiste des outils de cr\u00e9ation graphique pour faire briller une entreprise.","sameAs":["https:\/\/www.linkedin.com\/in\/michaudlaura\/"],"url":"https:\/\/graphiste.com\/blog\/author\/laura\/"}]}},"_links":{"self":[{"href":"https:\/\/graphiste.com\/blog\/wp-json\/wp\/v2\/posts\/10230","targetHints":{"allow":["GET"]}}],"collection":[{"href":"https:\/\/graphiste.com\/blog\/wp-json\/wp\/v2\/posts"}],"about":[{"href":"https:\/\/graphiste.com\/blog\/wp-json\/wp\/v2\/types\/post"}],"author":[{"embeddable":true,"href":"https:\/\/graphiste.com\/blog\/wp-json\/wp\/v2\/users\/1"}],"replies":[{"embeddable":true,"href":"https:\/\/graphiste.com\/blog\/wp-json\/wp\/v2\/comments?post=10230"}],"version-history":[{"count":0,"href":"https:\/\/graphiste.com\/blog\/wp-json\/wp\/v2\/posts\/10230\/revisions"}],"wp:featuredmedia":[{"embeddable":true,"href":"https:\/\/graphiste.com\/blog\/wp-json\/wp\/v2\/media\/10234"}],"wp:attachment":[{"href":"https:\/\/graphiste.com\/blog\/wp-json\/wp\/v2\/media?parent=10230"}],"wp:term":[{"taxonomy":"category","embeddable":true,"href":"https:\/\/graphiste.com\/blog\/wp-json\/wp\/v2\/categories?post=10230"},{"taxonomy":"post_tag","embeddable":true,"href":"https:\/\/graphiste.com\/blog\/wp-json\/wp\/v2\/tags?post=10230"}],"curies":[{"name":"wp","href":"https:\/\/api.w.org\/{rel}","templated":true}]}}